{"id":22467,"date":"2025-06-16T13:13:34","date_gmt":"2025-06-16T11:13:34","guid":{"rendered":"https:\/\/nandi.info\/?p=22467"},"modified":"2025-06-16T13:26:26","modified_gmt":"2025-06-16T11:26:26","slug":"fin-de-la-psychose-sur-la-ville-de-fana-interpelle-le-sinistre-coupeur-de-tete-aldjouma-djibo-decede-en-detention","status":"publish","type":"post","link":"https:\/\/nandi.info\/?p=22467","title":{"rendered":"Fin de la psychose sur la ville de Fana : Interpell\u00e9, le sinistre coupeur de t\u00eate, Aldjouma Djibo, d\u00e9c\u00e9d\u00e9 en d\u00e9tention"},"content":{"rendered":"\n<figure class=\"wp-block-image alignright size-full is-resized\"><img fetchpriority=\"high\" decoding=\"async\" width=\"870\" height=\"809\" src=\"https:\/\/nandi.info\/wp-content\/uploads\/2025\/06\/commune-urbaine-de-Fana-Abdoulaye-Coulibaly.jpg\" alt=\"\" class=\"wp-image-22468\" style=\"width:369px;height:auto\" srcset=\"https:\/\/nandi.info\/wp-content\/uploads\/2025\/06\/commune-urbaine-de-Fana-Abdoulaye-Coulibaly.jpg 870w, https:\/\/nandi.info\/wp-content\/uploads\/2025\/06\/commune-urbaine-de-Fana-Abdoulaye-Coulibaly-300x279.jpg 300w, https:\/\/nandi.info\/wp-content\/uploads\/2025\/06\/commune-urbaine-de-Fana-Abdoulaye-Coulibaly-768x714.jpg 768w, https:\/\/nandi.info\/wp-content\/uploads\/2025\/06\/commune-urbaine-de-Fana-Abdoulaye-Coulibaly-585x544.jpg 585w\" sizes=\"(max-width: 870px) 100vw, 870px\" \/><\/figure>\n\n\n\n<h2 class=\"wp-block-heading\">\u00c7a y est ! Le doute vient d&rsquo;\u00eatre compl\u00e9ment lev\u00e9 sur le sort du sinistre coupeur de t\u00eate de Fana qui a tant d\u00e9fray\u00e9 la chronique ces derni\u00e8res ann\u00e9es. Fin de la psychose sur la ville de Fana : Interpell\u00e9, le sinistre coupeur de t\u00eate, Aldjouma Djibo, d\u00e9c\u00e9d\u00e9 en d\u00e9tention. \u00c7a y est ! Le doute vient d&rsquo;\u00eatre compl\u00e9ment lev\u00e9 sur le sort du sinistre coupeur de t\u00eate de Fana qui a tant d\u00e9fray\u00e9 la chronique ces derni\u00e8res ann\u00e9es.<\/h2>\n\n\n\n<p class=\"has-drop-cap\">L&rsquo;information sur l&rsquo;interpellation et le lieu de d\u00e9tention de Aldjouma Djibo avait \u00e9t\u00e9 gard\u00e9 secret car les autorit\u00e9s politiques administratives de la localit\u00e9 pour des raisons de s\u00e9curit\u00e9 publique. Car il faut noter que l&rsquo;individu avait cr\u00e9e une v\u00e9ritable psychose au sein de la population avec une s\u00e9rie de meurtres avec pr\u00e9m\u00e9ditation dont le mode op\u00e9ration consistait \u00e0 trancher la t\u00eate de ses victimes. Ainsi, il ressort que parmi ces bourreaux on y retrouve une dame et son enfant, un albinos, le gardien des mat\u00e9riels d&rsquo;une soci\u00e9t\u00e9 de t\u00e9l\u00e9phonie\u2026En tout, ce sont dix cas de meurtres qui sont reproch\u00e9s \u00e0 Aldjouma Djibo. Ces atrocit\u00e9s avaient m\u00eame pouss\u00e9 des associations a d\u00e9nonc\u00e9 ces actes barbares \u00e0 travers des marches. Ainsi son interpellation a \u00e9t\u00e9 per\u00e7ue comme un acte de soulagement par les autorit\u00e9s qui avaient filtr\u00e9 l&rsquo;information. Aussi, il a fallu pr\u00e8s de 6 mois apr\u00e8s son d\u00e9c\u00e8s que son interpellation et sa mort en d\u00e9tention soient rendues publiques par une autorit\u00e9 en l&rsquo;occurrence le maire de Guegneka Abdoulaye Coulibaly qui a r\u00e9v\u00e9l\u00e9 la nouvelle lors de sa pr\u00e9sentation&nbsp;&nbsp;&nbsp;de ses v\u0153ux \u00e0 la population sur la radio Guegneka de de MC Diafari Diarra lors de la f\u00eate de tabaski.\u00a0\u00bbLa chose qui inqui\u00e9tait de plus la population de Fana \u00e9tait les atrocit\u00e9s du coupeur de t\u00eate. Dieu merci, il a \u00e9t\u00e9 interpell\u00e9 par les forces de s\u00e9curit\u00e9s et plac\u00e9 en d\u00e9tention mais il est d\u00e9c\u00e9d\u00e9 en d\u00e9tention.&nbsp;&nbsp;Aujourd&rsquo;hui nous pouvons dire qu&rsquo;il n&rsquo;y a plus de crainte \u00e0 son sujet car certains avaient m\u00eame laiss\u00e9 la ville de Fana \u00e0 cause de lui\u00a0\u00bb, a t\u00e9moign\u00e9 le maire Abdoulaye Coulibaly.&nbsp;&nbsp;&nbsp;<\/p>\n\n\n\n<p><strong>&nbsp;Kassoum Th\u00e9ra<\/strong><\/p>\n\n\n\n<p><\/p>\n","protected":false},"excerpt":{"rendered":"<p>\u00c7a y est ! Le doute vient d&rsquo;\u00eatre compl\u00e9ment lev\u00e9 sur le sort du sinistre coupeur de t\u00eate de Fana qui a tant d\u00e9fray\u00e9 la chronique ces derni\u00e8res ann\u00e9es. Fin&hellip;<\/p>\n","protected":false},"author":1,"featured_media":22468,"comment_status":"open","ping_status":"open","sticky":false,"template":"","format":"standard","meta":{"content-type":"","_lmt_disableupdate":"","_lmt_disable":"","_jetpack_memberships_contains_paid_content":false,"footnotes":"","jetpack_publicize_message":"","jetpack_publicize_feature_enabled":true,"jetpack_social_post_already_shared":true,"jetpack_social_options":{"image_generator_settings":{"template":"highway","default_image_id":0,"font":"","enabled":false},"version":2}},"categories":[19,25],"tags":[],"class_list":["post-22467","post","type-post","status-publish","format-standard","has-post-thumbnail","hentry","category-aujourdhui-mali","category-fait-divers"],"jetpack_publicize_connections":[],"featured_image_urls":{"full":["https:\/\/nandi.info\/wp-content\/uploads\/2025\/06\/commune-urbaine-de-Fana-Abdoulaye-Coulibaly.jpg",870,809,false],"thumbnail":["https:\/\/nandi.info\/wp-content\/uploads\/2025\/06\/commune-urbaine-de-Fana-Abdoulaye-Coulibaly-150x150.jpg",150,150,true],"medium":["https:\/\/nandi.info\/wp-content\/uploads\/2025\/06\/commune-urbaine-de-Fana-Abdoulaye-Coulibaly-300x279.jpg",300,279,true],"medium_large":["https:\/\/nandi.info\/wp-content\/uploads\/2025\/06\/commune-urbaine-de-Fana-Abdoulaye-Coulibaly-768x714.jpg",768,714,true],"large":["https:\/\/nandi.info\/wp-content\/uploads\/2025\/06\/commune-urbaine-de-Fana-Abdoulaye-Coulibaly.jpg",870,809,false],"1536x1536":["https:\/\/nandi.info\/wp-content\/uploads\/2025\/06\/commune-urbaine-de-Fana-Abdoulaye-Coulibaly.jpg",870,809,false],"2048x2048":["https:\/\/nandi.info\/wp-content\/uploads\/2025\/06\/commune-urbaine-de-Fana-Abdoulaye-Coulibaly.jpg",870,809,false],"penci-recipe-1200x1200":["https:\/\/nandi.info\/wp-content\/uploads\/2025\/06\/commune-urbaine-de-Fana-Abdoulaye-Coulibaly.jpg",870,809,false],"penci-recipe-1200x900":["https:\/\/nandi.info\/wp-content\/uploads\/2025\/06\/commune-urbaine-de-Fana-Abdoulaye-Coulibaly.jpg",870,809,false],"penci-recipe-1200x675":["https:\/\/nandi.info\/wp-content\/uploads\/2025\/06\/commune-urbaine-de-Fana-Abdoulaye-Coulibaly-870x675.jpg",870,675,true],"penci-single-full":["https:\/\/nandi.info\/wp-content\/uploads\/2025\/06\/commune-urbaine-de-Fana-Abdoulaye-Coulibaly.jpg",870,809,false],"penci-slider-full-thumb":["https:\/\/nandi.info\/wp-content\/uploads\/2025\/06\/commune-urbaine-de-Fana-Abdoulaye-Coulibaly-870x800.jpg",870,800,true],"penci-full-thumb":["https:\/\/nandi.info\/wp-content\/uploads\/2025\/06\/commune-urbaine-de-Fana-Abdoulaye-Coulibaly.jpg",870,809,false],"penci-slider-thumb":["https:\/\/nandi.info\/wp-content\/uploads\/2025\/06\/commune-urbaine-de-Fana-Abdoulaye-Coulibaly-870x663.jpg",870,663,true],"penci-magazine-slider":["https:\/\/nandi.info\/wp-content\/uploads\/2025\/06\/commune-urbaine-de-Fana-Abdoulaye-Coulibaly-780x516.jpg",780,516,true],"penci-thumb":["https:\/\/nandi.info\/wp-content\/uploads\/2025\/06\/commune-urbaine-de-Fana-Abdoulaye-Coulibaly-585x390.jpg",585,390,true],"penci-masonry-thumb":["https:\/\/nandi.info\/wp-content\/uploads\/2025\/06\/commune-urbaine-de-Fana-Abdoulaye-Coulibaly-585x544.jpg",585,544,true],"penci-thumb-square":["https:\/\/nandi.info\/wp-content\/uploads\/2025\/06\/commune-urbaine-de-Fana-Abdoulaye-Coulibaly-585x585.jpg",585,585,true],"penci-thumb-vertical":["https:\/\/nandi.info\/wp-content\/uploads\/2025\/06\/commune-urbaine-de-Fana-Abdoulaye-Coulibaly-480x650.jpg",480,650,true],"penci-thumb-small":["https:\/\/nandi.info\/wp-content\/uploads\/2025\/06\/commune-urbaine-de-Fana-Abdoulaye-Coulibaly-263x175.jpg",263,175,true]},"author_info":{"display_name":"Nandi","author_link":"https:\/\/nandi.info\/?author=1"},"category_info":"<a href=\"https:\/\/nandi.info\/?cat=19\" rel=\"category\">Aujourd\u2019hui Mali<\/a> <a href=\"https:\/\/nandi.info\/?cat=25\" rel=\"category\">Fait Divers<\/a>","tag_info":"Fait Divers","comment_count":"0","jetpack_featured_media_url":"https:\/\/nandi.info\/wp-content\/uploads\/2025\/06\/commune-urbaine-de-Fana-Abdoulaye-Coulibaly.jpg","jetpack_sharing_enabled":true,"_links":{"self":[{"href":"https:\/\/nandi.info\/index.php?rest_route=\/wp\/v2\/posts\/22467","targetHints":{"allow":["GET"]}}],"collection":[{"href":"https:\/\/nandi.info\/index.php?rest_route=\/wp\/v2\/posts"}],"about":[{"href":"https:\/\/nandi.info\/index.php?rest_route=\/wp\/v2\/types\/post"}],"author":[{"embeddable":true,"href":"https:\/\/nandi.info\/index.php?rest_route=\/wp\/v2\/users\/1"}],"replies":[{"embeddable":true,"href":"https:\/\/nandi.info\/index.php?rest_route=%2Fwp%2Fv2%2Fcomments&post=22467"}],"version-history":[{"count":3,"href":"https:\/\/nandi.info\/index.php?rest_route=\/wp\/v2\/posts\/22467\/revisions"}],"predecessor-version":[{"id":22473,"href":"https:\/\/nandi.info\/index.php?rest_route=\/wp\/v2\/posts\/22467\/revisions\/22473"}],"wp:featuredmedia":[{"embeddable":true,"href":"https:\/\/nandi.info\/index.php?rest_route=\/wp\/v2\/media\/22468"}],"wp:attachment":[{"href":"https:\/\/nandi.info\/index.php?rest_route=%2Fwp%2Fv2%2Fmedia&parent=22467"}],"wp:term":[{"taxonomy":"category","embeddable":true,"href":"https:\/\/nandi.info\/index.php?rest_route=%2Fwp%2Fv2%2Fcategories&post=22467"},{"taxonomy":"post_tag","embeddable":true,"href":"https:\/\/nandi.info\/index.php?rest_route=%2Fwp%2Fv2%2Ftags&post=22467"}],"curies":[{"name":"wp","href":"https:\/\/api.w.org\/{rel}","templated":true}]}}