{"id":22449,"date":"2025-06-12T13:48:39","date_gmt":"2025-06-12T11:48:39","guid":{"rendered":"https:\/\/nandi.info\/?p=22449"},"modified":"2025-06-12T13:48:42","modified_gmt":"2025-06-12T11:48:42","slug":"communique-du-conseil-des-ministres-du-mercredi-11-juin-2025","status":"publish","type":"post","link":"https:\/\/nandi.info\/?p=22449","title":{"rendered":"Communiqu\u00e9 du conseil des ministres du mercredi 11 juin 2025"},"content":{"rendered":"\n<h2 class=\"wp-block-heading\">Le Conseil des Ministres s\u2019est r\u00e9uni en session ordinaire, le mercredi 11 juin 2025, dans sa salle de d\u00e9lib\u00e9rations au Palais de Koulouba, sous la pr\u00e9sidence du G\u00e9n\u00e9ral d\u2019Arm\u00e9e Assimi GOITA, Pr\u00e9sident de la Transition, Chef de l\u2019Etat.<\/h2>\n\n\n\n<figure class=\"wp-block-image size-large\"><img fetchpriority=\"high\" decoding=\"async\" width=\"1024\" height=\"683\" src=\"https:\/\/nandi.info\/wp-content\/uploads\/2025\/06\/Assimi-conseil-des-ministres-1024x683.jpg\" alt=\"\" class=\"wp-image-22450\" srcset=\"https:\/\/nandi.info\/wp-content\/uploads\/2025\/06\/Assimi-conseil-des-ministres-1024x683.jpg 1024w, https:\/\/nandi.info\/wp-content\/uploads\/2025\/06\/Assimi-conseil-des-ministres-300x200.jpg 300w, https:\/\/nandi.info\/wp-content\/uploads\/2025\/06\/Assimi-conseil-des-ministres-768x512.jpg 768w, https:\/\/nandi.info\/wp-content\/uploads\/2025\/06\/Assimi-conseil-des-ministres-1536x1025.jpg 1536w, https:\/\/nandi.info\/wp-content\/uploads\/2025\/06\/Assimi-conseil-des-ministres-1920x1281.jpg 1920w, https:\/\/nandi.info\/wp-content\/uploads\/2025\/06\/Assimi-conseil-des-ministres-1170x780.jpg 1170w, https:\/\/nandi.info\/wp-content\/uploads\/2025\/06\/Assimi-conseil-des-ministres-585x390.jpg 585w, https:\/\/nandi.info\/wp-content\/uploads\/2025\/06\/Assimi-conseil-des-ministres-263x175.jpg 263w, https:\/\/nandi.info\/wp-content\/uploads\/2025\/06\/Assimi-conseil-des-ministres.jpg 2048w\" sizes=\"(max-width: 1024px) 100vw, 1024px\" \/><\/figure>\n\n\n\n<p>I. A l\u2019entame de la session, Son Excellence le G\u00e9n\u00e9ral d\u2019Arm\u00e9e Assimi GOITA, Pr\u00e9sident de la Transition, Chefde l\u2019Etat a pr\u00e9sent\u00e9 ses meilleurs v\u0153ux aux membres du Gouvernement ainsiqu\u2019\u00e0 leurs familles, \u00e0 l\u2019occasion de la F\u00eate de Tabaski.<\/p>\n\n\n\n<p>Le Chef de l\u2019Etat a formul\u00e9 des v\u0153ux de succ\u00e8s \u00e0 l\u2019endroit des Forces Arm\u00e9es et de S\u00e9curit\u00e9 qui se battent au quotidien contre les forces du mal. Il a \u00e9galement souhait\u00e9 prompt r\u00e9tablissement aux bless\u00e9s et fait des pri\u00e8res pour le repos \u00e9ternel de l\u2019\u00e2me des disparus.<\/p>\n\n\n\n<p>Pour terminer, le Pr\u00e9sident de la Transition a exhort\u00e9 les membres du Gouvernement \u00e0 plus d\u2019abn\u00e9gation pour le bonheur de la population \u00e0 travers le respect des principes constitutionnels qui guident l\u2019action publique.<\/p>\n\n\n\n<p>En r\u00e9ponse, le Premier ministre, Chef du Gouvernement a pr\u00e9sent\u00e9 au Pr\u00e9sident de la Transition, Chef de l\u2019Etat ainsi qu\u2019aux membres de sa famille, les meilleurs v\u0153ux des membres du Gouvernement. Il a assur\u00e9 le Chef de l\u2019Etat de l\u2019engagement de l\u2019\u00e9quipe gouvernementale \u00e0 conduire l\u2019action publique pour la satisfaction des besoins vitaux de la population dans le respect des principes \u00e9dict\u00e9s.<\/p>\n\n\n\n<p>II. Apr\u00e8s examen des points inscrits \u00e0 l\u2019ordre du jour, le Conseil a :<\/p>\n\n\n\n<p>&#8211; &nbsp; &nbsp;adopt\u00e9 des projets de texte ;<\/p>\n\n\n\n<p>&#8211; &nbsp; &nbsp;proc\u00e9d\u00e9 \u00e0 une nomination ;<\/p>\n\n\n\n<p>&#8211; &nbsp; &nbsp;et entendu des communications.&nbsp;<br><strong>AU CHAPITRE DES MESURES LEGISLATIVES ET REGLEMENTAIRES<\/strong><\/p>\n\n\n\n<p>1. Sur le rapport du ministre de la R\u00e9conciliation, de la Paix et de la Coh\u00e9sion nationale, le Conseil des Ministres a adopt\u00e9 :<\/p>\n\n\n\n<p>a. un projet de d\u00e9cret portant modification du D\u00e9cret n\u00b02024-0328\/PT-RM du 04 juin 2024 portant cr\u00e9ation, organisation et modalit\u00e9s de fonctionnement de la Commission nationale de D\u00e9sarmement-D\u00e9mobilisation-R\u00e9insertion ;<\/p>\n\n\n\n<p>b. un projet de d\u00e9cret portant modification du D\u00e9cret n\u00b02024-0329\/PT-RM du 04 juin 2024 portant cr\u00e9ation, organisation et modalit\u00e9s de fonctionnement de la Commission nationale d\u2019Int\u00e9gration.<\/p>\n\n\n\n<p>La Commission nationale de D\u00e9sarmement-D\u00e9mobilisation-R\u00e9insertion et la Commission nationale d\u2019Int\u00e9gration ont \u00e9t\u00e9 cr\u00e9\u00e9es respectivement par les D\u00e9crets n\u00b02024-0328\/PT-RM et n\u00b02024-0329\/PT-RM du 04 juin 2024.<\/p>\n\n\n\n<p>L\u2019adoption de ces d\u00e9crets a permis d\u2019\u00e9largir les missions des deux Commissions \u00e0 l\u2019ensemble du territoire national et de prendre en compte l\u2019ensemble des groupes arm\u00e9s dans la mise en \u0153uvre des programmes de D\u00e9sarmement-D\u00e9mobilisation-R\u00e9insertion et d\u2019Int\u00e9gration.<\/p>\n\n\n\n<p>A l\u2019application, il a \u00e9t\u00e9 constat\u00e9 des insuffisances dans le fonctionnement desdites Commissions qu\u2019il convient de corriger.<\/p>\n\n\n\n<p>Les projets de d\u00e9cret, adopt\u00e9s, corrigent ces insuffisances pour une mise en \u0153uvre efficace et efficiente desdits programmes sur l\u2019ensemble du territoire national.<\/p>\n\n\n\n<p>2. Sur le rapport du ministre des Transports et des Infrastructures, le Conseil des Ministres a adopt\u00e9 un projet de d\u00e9cret fixant le cadre organique des Services r\u00e9gionaux et subr\u00e9gionaux des Transports.<\/p>\n\n\n\n<p>La Direction g\u00e9n\u00e9rale des Transports a \u00e9t\u00e9 cr\u00e9\u00e9e par l\u2019Ordonnance n\u00b02022-008\/PT-RM du 11 mars 2022 avec pour mission l\u2019\u00e9laboration des \u00e9l\u00e9ments de la politique nationale en mati\u00e8re de transport routier, ferroviaire, maritime et fluvial, la coordination et le contr\u00f4le technique des services ext\u00e9rieurs, r\u00e9gionaux, subr\u00e9gionaux et rattach\u00e9s ainsi que des organismes publics et priv\u00e9s qui concourent \u00e0 la mise en \u0153uvre de ladite politique.<\/p>\n\n\n\n<p>Le D\u00e9cret n\u00b02022-0142\/PT-RM du 11 mars 2022 qui fixe son organisation et les modalit\u00e9s de son fonctionnement pr\u00e9voit que l\u2019activit\u00e9 de coordination et de contr\u00f4le de la Direction g\u00e9n\u00e9rale des Transports s\u2019exerce sur les services rattach\u00e9s, les services ext\u00e9rieurs, les services r\u00e9gionaux et subr\u00e9gionaux des Transports plac\u00e9s sous l\u2019autorit\u00e9 et la tutelle du ministre charg\u00e9 des Transports.<\/p>\n\n\n\n<p>Le D\u00e9cret n\u00b02023-0085\/PT-RM du 10 f\u00e9vrier 2023 portant cr\u00e9ation des Services r\u00e9gionaux et subr\u00e9gionaux des Transports introduit dans l\u2019organisation de la Direction g\u00e9n\u00e9rale des Transports des Bureaux locaux des Transports charg\u00e9s, notamment de recueillir et d\u2019enregistrer les donn\u00e9es sur le fret et le transit des marchandises maliennes, d\u2019\u00e9tablir les statistiques des compagnies de transports publics et les proc\u00e8s-verbaux pour l\u2019immatriculation des v\u00e9hicules.<\/p>\n\n\n\n<p>Ainsi, la relecture du D\u00e9cret n\u00b02023-0219\/PT-RM du 31 mars 2023 fixant le cadre organique des Services r\u00e9gionaux et subr\u00e9gionaux des Transports est apparue n\u00e9cessaire pour prendre en compte le personnel \u00e0 affecter aux Bureaux locaux des Transports.<\/p>\n\n\n\n<p>C\u2019est dans ce cadre que le projet de d\u00e9cret, adopt\u00e9, pr\u00e9voit pour les cinq prochaines ann\u00e9es, l\u2019effectif du personnel n\u00e9cessaire \u00e0 la mise en \u0153uvre des missions des Services r\u00e9gionaux et subr\u00e9gionaux des Transports.<\/p>\n\n\n\n<p>3. Sur le rapport du ministre d\u00e9l\u00e9gu\u00e9 aupr\u00e8s du Premier ministre, charg\u00e9 des Reformes politiques et du Soutien au Processus \u00e9lectoral, le Conseil des Ministres a adopt\u00e9 un projet de loi portant r\u00e9vision de la Charte de la Transition.<\/p>\n\n\n\n<p>Les Assises Nationales de la Refondation, tenues du 27 au 30 d\u00e9cembre 2021, ont formul\u00e9 517 recommandations devant conduire \u00e0 une refondation totale de l\u2019Etat et surtout \u00e0 la construction d\u2019une nouvelle vision politique, demand\u00e9e par le Peuple malien, \u00e0 savoir : \u00ab Mener des r\u00e9formes politiques et institutionnelles prioritaires, avant d\u2019organiser des \u00e9lections \u00bb.<\/p>\n\n\n\n<p>La mise en \u0153uvre de ces recommandations a permis, entre autres, l\u2019adoption d\u2019une nouvelle Constitution par r\u00e9f\u00e9rendum le 18 juin 2023 et promulgu\u00e9e le 22 juillet 2023 par le Pr\u00e9sident de la Transition, Chef de l\u2019Etat.<\/p>\n\n\n\n<p>Depuis la rectification de la Transition et la lutte pour une souverainet\u00e9 pleine, voulue par le peuple, le Mali est confront\u00e9 \u00e0 des d\u00e9fis dont certains sont soutenus par des sponsors \u00e9trangers.<\/p>\n\n\n\n<p>En plus des efforts nationaux, le Mali a cr\u00e9\u00e9 avec les pays fr\u00e8res du Burkina Faso et du Niger, confront\u00e9s aux m\u00eames difficult\u00e9s, la Conf\u00e9d\u00e9ration des Etats du Sahel, le 06 juillet 2024, apr\u00e8s l\u2019adoption de la Charte du Liptako-Gourma instituant l\u2019Alliance des Etats du Sahel, le 16 septembre 2023.<\/p>\n\n\n\n<p>Malgr\u00e9 l\u2019adoption d\u2019une nouvelle Constitution, le contr\u00f4le de l\u2019ensemble du territoire par les Forces Arm\u00e9es et de S\u00e9curit\u00e9, ainsique les r\u00e9sultats obtenus dans la lutte contre le terrorisme et l\u2019extr\u00e9misme violent, notre pays et les autres pays de l\u2019AES sont toujours confront\u00e9s \u00e0 la menace de la d\u00e9stabilisation internationale et l&rsquo;atteinte aux int\u00e9r\u00eats vitaux des populations.<\/p>\n\n\n\n<p>Ainsi, se pose \u00e0 notre pays, \u00e0 l\u2019instar des autres pays de l\u2019AES, la question cruciale de la n\u00e9cessit\u00e9 de poursuivre la Transition pour parvenir \u00e0 la pacification totale de nos Etats.<\/p>\n\n\n\n<p>Le projet de loi, adopt\u00e9, s\u2019inscrit dans le cadre de la mise en \u0153uvre des recommandations des concertations des Forces vives de la Nation et des Maliens \u00e9tablis \u00e0 l\u2019ext\u00e9rieur pour r\u00e9pondre aux attentes l\u00e9gitimes du Peuple malien, notamment la r\u00e9vision de la Charte de la Transition en accordant au Chef de l&rsquo;Etat, un mandat de 5 ans renouvelable \u00e0 partir de 2025, \u00e0 l\u2019instar de ses pairs de la Conf\u00e9d\u00e9ration AES.<\/p>\n\n\n\n<p><strong>AU CHAPITRE DES MESURES INDIVIDUELLES<\/strong><\/p>\n\n\n\n<p>Le Conseil des Ministres a proc\u00e9d\u00e9 \u00e0 une nomination :<\/p>\n\n\n\n<p><strong>AU TITRE DU MINISTERE DE L\u2019ARTISANAT, DE LA CULTURE, DE L\u2019INDUSTRIE HOTELIERE ET DU TOURISME<\/strong><\/p>\n\n\n\n<p>&#8211; &nbsp; &nbsp;Charg\u00e9 de mission :<br>Monsieur Souleymane OUOLOGUEM, Artiste-peintre.<\/p>\n\n\n\n<p><strong>AU CHAPITRE DES COMMUNICATIONS<\/strong><\/p>\n\n\n\n<p>1. Le ministre des Affaires \u00e9trang\u00e8res et de la Coop\u00e9ration internationale a inform\u00e9 le Conseil des Ministres de l\u2019\u00e9lection de notre compatriote Docteur Modibo SACKO, Magistrat, au poste de Pr\u00e9sident de la Cour africaine des Droits de l\u2019Homme et des Peuples.<\/p>\n\n\n\n<p>Lors de la 77\u00e8me Session ordinaire de la Cour africaine des Droits de l\u2019Homme et des Peuples, le Docteur Modibo SACKO, Magistrat a \u00e9t\u00e9 \u00e9lu au poste de Pr\u00e9sident pour un mandat de deux ans renouvelable.<\/p>\n\n\n\n<p>Pour rappel, Docteur SACKO a occup\u00e9 le poste de Vice-pr\u00e9sident de ladite Cour pendant deux ans sous la pr\u00e9sidence du Tanzanien Imani Daud ABOUD.<\/p>\n\n\n\n<p>Cette \u00e9lection, en plus de la reconnaissance du m\u00e9rite, est un r\u00e9el succ\u00e8s diplomatique.<\/p>\n\n\n\n<p>2. Le ministre de la Jeunesse et des Sports, charg\u00e9 de l\u2019Instruction civique et de la Construction citoyenne a inform\u00e9 le Conseil des Ministres du lancement de la 4\u00e8me \u00e9dition du programme \u00ab A l\u2019Ecole de la Citoyennet\u00e9 \u00bb \u00e0 Bamako et des \u00e9ditions pilotes dans 7 R\u00e9gions.<\/p>\n\n\n\n<p>La 4\u00e8me \u00e9dition du programme \u00ab A l\u2019Ecole de la Citoyennet\u00e9 \u00bb et des \u00e9ditions pilotes des R\u00e9gions est pr\u00e9vue du 10 au 24 juillet 2025 dans le District de Bamako ainsi qu\u2019\u00e0 Kayes, Koulikoro, Sikasso, S\u00e9gou, Mopti, Tombouctou et Gao.<\/p>\n\n\n\n<p>\u00ab A l\u2019Ecole de la Citoyennet\u00e9 \u00bb est un programme de formation et d\u2019\u00e9ducation citoyenne, initi\u00e9 \u00e0 l\u2019intention des jeunes du Mali. Il vise \u00e0 inculquer et d\u00e9velopper chez les jeunes l\u2019esprit patriotique en vue d\u2019en faire des b\u00e2tisseurs et des d\u00e9fenseurs de la Nation.<\/p>\n\n\n\n<p>Le programme est compos\u00e9 de modules sur la citoyennet\u00e9, le civisme, la civilit\u00e9, la paix, la coh\u00e9sion sociale et le vivre-ensemble.<\/p>\n\n\n\n<p>Cette 4\u00e8me \u00e9dition enregistrera 400 participants \u00e0 Bamako et les phases pilotes des R\u00e9gions auront chacune 200 participants pour un total de 1 800 jeunes form\u00e9s. Cette grande rencontre verra la participation des jeunes de l\u2019AES et de la Diaspora.<\/p>\n\n\n\n<p>Les candidats pourront postuler en ligne ou d\u00e9poser leur candidature au niveau des diff\u00e9rents gouvernorats ou \u00e0 la Direction r\u00e9gionale de la Jeunesse et des Sports du District de Bamako et des R\u00e9gions cibl\u00e9es.<\/p>\n\n\n\n<p>3. Le ministre de l\u2019Urbanisme, de l\u2019Habitat, des Domaines, de l\u2019Am\u00e9nagement du Territoire et de la Population a inform\u00e9 le Conseil des Ministres de la participation du Mali \u00e0 la reprise des travaux de la 2\u00e8me Session de l\u2019Assembl\u00e9e du Programme des Nations unies pour les Etablissements humains, \u00e0 Nairobi au Kenya, du 28 au 31 mai 2025.<\/p>\n\n\n\n<p>La 2\u00e8me Session de l\u2019Assembl\u00e9e du Programme des Nations unies pour les Etablissements humains avait pour th\u00e8me : \u00ab Un avenir urbain durable gr\u00e2ce \u00e0 un multilat\u00e9ralisme inclusif et efficace : atteindre les objectifs de d\u00e9veloppement durable en temps de crise mondiale \u00bb.<\/p>\n\n\n\n<p>La session a r\u00e9uni des ministres, des gouverneurs et des maires pour relever l\u2019un des d\u00e9fis les plus urgents et les plus interconnect\u00e9s de notre \u00e9poque : la crise mondiale du logement.<\/p>\n\n\n\n<p>A l\u2019ouverture de l\u2019Assembl\u00e9e, la Directrice ex\u00e9cutive du Programme a soulign\u00e9 l\u2019ampleur et l\u2019urgence de la crise du logement qui touche des milliards de personnes dans le monde et appel\u00e9 \u00e0 une action mondiale coordonn\u00e9e ancr\u00e9e dans les droits de l\u2019Homme, la dignit\u00e9 et la solidarit\u00e9 multilat\u00e9rale.<\/p>\n\n\n\n<p>La rencontre s\u2019est conclue par un engagement mondial renouvel\u00e9 en faveur du d\u00e9veloppement urbain durable et une nouvelle direction audacieuse pour faire face \u00e0 la crise mondiale du logement.<\/p>\n\n\n\n<p>En marge des travaux, une s\u00e9ance de travail a r\u00e9uni, le 29 mai 2025, les d\u00e9l\u00e9gations du Burkina Faso, du Mali et du Niger avec les responsables du D\u00e9partement Afrique du Programme des Nations unies pour les Etablissements humains autour des projets en cours et des perspectives de d\u00e9veloppement pour les trois pays.<\/p>\n\n\n\n<p>4. Le ministre de la Sant\u00e9 et du D\u00e9veloppement social a inform\u00e9 le Conseil des Ministres de la situation \u00e9pid\u00e9miologique du pays marqu\u00e9e, notamment par une diminution du nombre de cas confirm\u00e9s de dengue compar\u00e9 \u00e0 celui de la semaine \u00e9coul\u00e9e.<\/p>\n\n\n\n<p>Le Pr\u00e9sident de la Transition, Chef de l\u2019Etat a, cependant, appel\u00e9 la population au respect strict des mesures de pr\u00e9vention et de lutte contre les maladies.<\/p>\n\n\n\n<p><strong>Bamako, le 11 juin 2025<\/strong><\/p>\n\n\n\n<p><strong>Le Secr\u00e9taire g\u00e9n\u00e9ral du Gouvernement,<\/strong><\/p>\n\n\n\n<p><strong>Birama COULIBALY Chevalier de l\u2019Ordre national<\/strong><\/p>\n\n\n\n<p>maliweb<\/p>\n\n\n\n<p><\/p>\n","protected":false},"excerpt":{"rendered":"<p>Le Conseil des Ministres s\u2019est r\u00e9uni en session ordinaire, le mercredi 11 juin 2025, dans sa salle de d\u00e9lib\u00e9rations au Palais de Koulouba, sous la pr\u00e9sidence du G\u00e9n\u00e9ral d\u2019Arm\u00e9e Assimi&hellip;<\/p>\n","protected":false},"author":1,"featured_media":22450,"comment_status":"open","ping_status":"open","sticky":false,"template":"","format":"standard","meta":{"content-type":"","_lmt_disableupdate":"","_lmt_disable":"","_jetpack_memberships_contains_paid_content":false,"footnotes":"","jetpack_publicize_message":"","jetpack_publicize_feature_enabled":true,"jetpack_social_post_already_shared":true,"jetpack_social_options":{"image_generator_settings":{"template":"highway","default_image_id":0,"font":"","enabled":false},"version":2}},"categories":[28,43,23],"tags":[],"class_list":["post-22449","post","type-post","status-publish","format-standard","has-post-thumbnail","hentry","category-communique-du-conseil-des-ministres","category-nandi-info","category-politique"],"jetpack_publicize_connections":[],"featured_image_urls":{"full":["https:\/\/nandi.info\/wp-content\/uploads\/2025\/06\/Assimi-conseil-des-ministres.jpg",2048,1366,false],"thumbnail":["https:\/\/nandi.info\/wp-content\/uploads\/2025\/06\/Assimi-conseil-des-ministres-150x150.jpg",150,150,true],"medium":["https:\/\/nandi.info\/wp-content\/uploads\/2025\/06\/Assimi-conseil-des-ministres-300x200.jpg",300,200,true],"medium_large":["https:\/\/nandi.info\/wp-content\/uploads\/2025\/06\/Assimi-conseil-des-ministres-768x512.jpg",768,512,true],"large":["https:\/\/nandi.info\/wp-content\/uploads\/2025\/06\/Assimi-conseil-des-ministres-1024x683.jpg",1024,683,true],"1536x1536":["https:\/\/nandi.info\/wp-content\/uploads\/2025\/06\/Assimi-conseil-des-ministres-1536x1025.jpg",1536,1025,true],"2048x2048":["https:\/\/nandi.info\/wp-content\/uploads\/2025\/06\/Assimi-conseil-des-ministres.jpg",2048,1366,false],"penci-recipe-1200x1200":["https:\/\/nandi.info\/wp-content\/uploads\/2025\/06\/Assimi-conseil-des-ministres-1200x1200.jpg",1200,1200,true],"penci-recipe-1200x900":["https:\/\/nandi.info\/wp-content\/uploads\/2025\/06\/Assimi-conseil-des-ministres-1200x900.jpg",1200,900,true],"penci-recipe-1200x675":["https:\/\/nandi.info\/wp-content\/uploads\/2025\/06\/Assimi-conseil-des-ministres-1200x675.jpg",1200,675,true],"penci-single-full":["https:\/\/nandi.info\/wp-content\/uploads\/2025\/06\/Assimi-conseil-des-ministres-1920x1281.jpg",1920,1281,true],"penci-slider-full-thumb":["https:\/\/nandi.info\/wp-content\/uploads\/2025\/06\/Assimi-conseil-des-ministres-1920x800.jpg",1920,800,true],"penci-full-thumb":["https:\/\/nandi.info\/wp-content\/uploads\/2025\/06\/Assimi-conseil-des-ministres-1170x780.jpg",1170,780,true],"penci-slider-thumb":["https:\/\/nandi.info\/wp-content\/uploads\/2025\/06\/Assimi-conseil-des-ministres-1170x663.jpg",1170,663,true],"penci-magazine-slider":["https:\/\/nandi.info\/wp-content\/uploads\/2025\/06\/Assimi-conseil-des-ministres-780x516.jpg",780,516,true],"penci-thumb":["https:\/\/nandi.info\/wp-content\/uploads\/2025\/06\/Assimi-conseil-des-ministres-585x390.jpg",585,390,true],"penci-masonry-thumb":["https:\/\/nandi.info\/wp-content\/uploads\/2025\/06\/Assimi-conseil-des-ministres-585x390.jpg",585,390,true],"penci-thumb-square":["https:\/\/nandi.info\/wp-content\/uploads\/2025\/06\/Assimi-conseil-des-ministres-585x585.jpg",585,585,true],"penci-thumb-vertical":["https:\/\/nandi.info\/wp-content\/uploads\/2025\/06\/Assimi-conseil-des-ministres-480x650.jpg",480,650,true],"penci-thumb-small":["https:\/\/nandi.info\/wp-content\/uploads\/2025\/06\/Assimi-conseil-des-ministres-263x175.jpg",263,175,true]},"author_info":{"display_name":"Nandi","author_link":"https:\/\/nandi.info\/?author=1"},"category_info":"<a href=\"https:\/\/nandi.info\/?cat=28\" rel=\"category\">Communique du conseil des ministres<\/a> <a href=\"https:\/\/nandi.info\/?cat=43\" rel=\"category\">Nandi.info<\/a> <a href=\"https:\/\/nandi.info\/?cat=23\" rel=\"category\">Politique<\/a>","tag_info":"Politique","comment_count":"0","jetpack_featured_media_url":"https:\/\/nandi.info\/wp-content\/uploads\/2025\/06\/Assimi-conseil-des-ministres.jpg","jetpack_sharing_enabled":true,"_links":{"self":[{"href":"https:\/\/nandi.info\/index.php?rest_route=\/wp\/v2\/posts\/22449","targetHints":{"allow":["GET"]}}],"collection":[{"href":"https:\/\/nandi.info\/index.php?rest_route=\/wp\/v2\/posts"}],"about":[{"href":"https:\/\/nandi.info\/index.php?rest_route=\/wp\/v2\/types\/post"}],"author":[{"embeddable":true,"href":"https:\/\/nandi.info\/index.php?rest_route=\/wp\/v2\/users\/1"}],"replies":[{"embeddable":true,"href":"https:\/\/nandi.info\/index.php?rest_route=%2Fwp%2Fv2%2Fcomments&post=22449"}],"version-history":[{"count":1,"href":"https:\/\/nandi.info\/index.php?rest_route=\/wp\/v2\/posts\/22449\/revisions"}],"predecessor-version":[{"id":22451,"href":"https:\/\/nandi.info\/index.php?rest_route=\/wp\/v2\/posts\/22449\/revisions\/22451"}],"wp:featuredmedia":[{"embeddable":true,"href":"https:\/\/nandi.info\/index.php?rest_route=\/wp\/v2\/media\/22450"}],"wp:attachment":[{"href":"https:\/\/nandi.info\/index.php?rest_route=%2Fwp%2Fv2%2Fmedia&parent=22449"}],"wp:term":[{"taxonomy":"category","embeddable":true,"href":"https:\/\/nandi.info\/index.php?rest_route=%2Fwp%2Fv2%2Fcategories&post=22449"},{"taxonomy":"post_tag","embeddable":true,"href":"https:\/\/nandi.info\/index.php?rest_route=%2Fwp%2Fv2%2Ftags&post=22449"}],"curies":[{"name":"wp","href":"https:\/\/api.w.org\/{rel}","templated":true}]}}