{"id":22224,"date":"2025-05-26T11:26:30","date_gmt":"2025-05-26T09:26:30","guid":{"rendered":"https:\/\/nandi.info\/?p=22224"},"modified":"2025-05-26T11:26:34","modified_gmt":"2025-05-26T09:26:34","slug":"plan-daction-gouvernementale-du-pm-maiga-le-chantier-de-la-reconstitution-du-tissu-social-et-de-la-cohesion-nationale","status":"publish","type":"post","link":"https:\/\/nandi.info\/?p=22224","title":{"rendered":"Plan d\u2019action gouvernementale du PM Ma\u00efga\u00a0: Le chantier de la reconstitution du tissu social et de la coh\u00e9sion nationale"},"content":{"rendered":"\n<p><\/p>\n\n\n\n<figure class=\"wp-block-image size-full\"><img fetchpriority=\"high\" decoding=\"async\" width=\"870\" height=\"580\" src=\"https:\/\/nandi.info\/wp-content\/uploads\/2025\/05\/Abdoulaye-Maiga-1.jpg\" alt=\"\" class=\"wp-image-22216\" srcset=\"https:\/\/nandi.info\/wp-content\/uploads\/2025\/05\/Abdoulaye-Maiga-1.jpg 870w, https:\/\/nandi.info\/wp-content\/uploads\/2025\/05\/Abdoulaye-Maiga-1-300x200.jpg 300w, https:\/\/nandi.info\/wp-content\/uploads\/2025\/05\/Abdoulaye-Maiga-1-768x512.jpg 768w, https:\/\/nandi.info\/wp-content\/uploads\/2025\/05\/Abdoulaye-Maiga-1-585x390.jpg 585w, https:\/\/nandi.info\/wp-content\/uploads\/2025\/05\/Abdoulaye-Maiga-1-263x175.jpg 263w\" sizes=\"(max-width: 870px) 100vw, 870px\" \/><\/figure>\n\n\n\n<p><strong><em>Sept mois apr\u00e8s sa nomination comme Premier ministre de la Transition, le G\u00e9n\u00e9ral de Division Abdoulaye Maiga, est apparu convaincant, pos\u00e9 et rassembleur devant le Conseil National de&nbsp;la Transition (CNT), les 16 et 19 mai 2025 pour pr\u00e9senter le Programme d\u2019action du Gouvernement (PAG) 2025-2026. A l\u2019issue des travaux, sans surprise, ce PAG a \u00e9t\u00e9 approuv\u00e9 \u00e0 l\u2019unanimit\u00e9 par les membres du CNT avec 128 pour et 0 contre.<\/em><\/strong><\/p>\n\n\n\n<p class=\"has-drop-cap\">Nomm\u00e9 le 21 novembre 2024 comme Premier ministre de la Transition par le Pr\u00e9sident de la Transition, le General d\u2019Arm\u00e9e Assimi Goita, le General de Division Abdoulaye Maiga \u00e9tait vivement attendu pour pr\u00e9senter son PAG devant le CNT. Cette attente s\u2019explique par l\u2019immensit\u00e9 des d\u00e9fis \u00e9normes auxquels le Mali fait face, notamment sur le plan \u00e9conomique, s\u00e9curitaire et social. Conscient des r\u00e9alit\u00e9s socio-\u00e9conomiques difficiles que les maliens vivent depuis fort longtemps, il \u00e9tait une n\u00e9cessit\u00e9 pour lui de structurer un PAG autour des questions majeures qui r\u00e9pondent aux besoins les plus urgents des maliens. Ce qui a \u00e9t\u00e9 le cas, avec un document qui sera traduit en des actions concr\u00e8tes pour permettre la reconstitution du tissu social et de la coh\u00e9sion nationale.<\/p>\n\n\n\n<p>Son PAG est structur\u00e9 autour de huit grands axes qui r\u00e9pondent parfaitement aux besoins des Maliens et \u00e0 certaines r\u00e9alit\u00e9s dont le pays est confront\u00e9. Il s\u2019agit entre autres du renforcement de la d\u00e9fense et de la s\u00e9curit\u00e9, des r\u00e9formes politiques et institutionnelles, de la satisfaction des besoins fondamentaux de la Population, de l\u2019am\u00e9lioration de la Carte sanitaire, de l\u2019am\u00e9lioration du syst\u00e8me \u00e9ducatif, de l\u2019apaisement du Climat social, du renforcement de la diplomatie et enfin de la pr\u00e9paration des Elections transparentes et apais\u00e9es.<\/p>\n\n\n\n<p>Pour le Premier ministre de la Transition, le G\u00e9n\u00e9ral de Division Abdoulaye Maiga, ces axes prioritaires s\u2019inspirent des pr\u00e9occupations l\u00e9gitimes du peuple malien, exprim\u00e9es lors des grandes concertations des forces vives de la nation. Il dira que ce PAG d\u00e9coule des orientations des documents strat\u00e9giques, notamment la feuille de route de la Transition, les recommandations issues des Assises Nationales de la Refondation (ANR), du Dialogue inter-maliens, la Vision du Mali Horizon 2063 et la Strat\u00e9gie Nationale pour l\u2019Emergence et le D\u00e9veloppement Durable&nbsp;: SNEDD 2024-2033. Que ce nouveau r\u00e9f\u00e9rentiel des politiques et strat\u00e9gies du d\u00e9veloppement d\u00e9finit les voies et les moyens de la relance \u00e9conomique et jette les bases d\u2019un d\u00e9veloppement endog\u00e8ne durable. Aussi, que l\u2019\u00e9laboration de ce Plan d\u2019action tient compte \u00e9galement du contexte actuel marqu\u00e9 par la cr\u00e9ation de la Conf\u00e9d\u00e9ration des Etats du Sahel ( AES).<\/p>\n\n\n\n<p>Au cours de la pr\u00e9sentation de son PAG, le Chef du gouvernement a annonc\u00e9 des projets phares notamment le recrutement de 15.000 militaires et 9000 agents des forces de s\u00e9curit\u00e9 pour renforcer la s\u00e9curit\u00e9 des personnes et de leurs biens sur l\u2019ensemble du territoire. Conscient de la chert\u00e9 de la vie surtout des produits de premi\u00e8re n\u00e9cessit\u00e9, il a donn\u00e9 l\u2019assurance que son gouvernement compte faire de la souverainet\u00e9 alimentaire une r\u00e9alit\u00e9, en mettant en phase les politiques agricoles et commerciales avec les attentes des citoyens, en reconstituant les r\u00e9serves strat\u00e9giques alimentaires \u00e0 hauteur de 84.000 tonnes.<\/p>\n\n\n\n<p>L\u2019une des priorit\u00e9s des Maliens est d\u2019en finir avec la crise \u00e9nerg\u00e9tique dans le pays qui a mis \u00e0 terre l\u2019\u00e9conomie malienne. Sur ce chapitre, \u00e0 travers un franc parler, le PM Ma\u00efga a indiqu\u00e9 que les efforts entrepris dans ce secteur ont permis d\u2019enregistrer une nette am\u00e9lioration de la fourniture d\u2019\u00e9lectricit\u00e9 et que ces efforts vont se poursuivre par l\u2019accroissement des capacit\u00e9s de production et de distribution en \u00e9nergie et en eau potable. Il a aussi annonc\u00e9 la cr\u00e9ation d\u2019emploi pour les jeunes, de la mise en place des strat\u00e9gies pour pr\u00e9venir les inondations, de la construction des \u00e9coles etc.<\/p>\n\n\n\n<p>&nbsp;\u00ab&nbsp;Ce PAG est la preuve d\u2019une d\u00e9mocratie vivante, un socle commun, un pacte r\u00e9publicain qui nous engage tous&nbsp;\u00bb, a-t-il clam\u00e9 devant le CNT.<\/p>\n\n\n\n<p>Apr\u00e8s avoir r\u00e9pondu \u00e0 toutes les questions des membres du CNT, qui tournaient autour des grands axes de ce PAG, le Premier ministre Abdoulaye Maiga a re\u00e7u le feu vert de l\u2019ensemble des membres du CNT pour conduire son PAG avec les membres de son gouvernement. Avec un vote de 128 pour, 0 contre et 0 abstention, des membres du CNT, le Premier ministre Abdoulaye Ma\u00efga, \u00e0 la diff\u00e9rence de ses pr\u00e9d\u00e9cesseurs, b\u00e9n\u00e9ficie d\u00e9sormais d\u2019un soutien de taille pour r\u00e9ussir sa mission, surtout qu\u2019il est nanti \u00e9galement de la confiance totale du Pr\u00e9sident de la Transition, le General d\u2019Arm\u00e9e Assimi Goita.<\/p>\n\n\n\n<p><strong>Adama Tounkara<\/strong><\/p>\n\n\n\n<p><\/p>\n","protected":false},"excerpt":{"rendered":"<p>Sept mois apr\u00e8s sa nomination comme Premier ministre de la Transition, le G\u00e9n\u00e9ral de Division Abdoulaye Maiga, est apparu convaincant, pos\u00e9 et rassembleur devant le Conseil National de&nbsp;la Transition (CNT),&hellip;<\/p>\n","protected":false},"author":1,"featured_media":22216,"comment_status":"open","ping_status":"open","sticky":false,"template":"","format":"standard","meta":{"content-type":"","_lmt_disableupdate":"","_lmt_disable":"","_jetpack_memberships_contains_paid_content":false,"footnotes":"","jetpack_publicize_message":"","jetpack_publicize_feature_enabled":true,"jetpack_social_post_already_shared":true,"jetpack_social_options":{"image_generator_settings":{"template":"highway","default_image_id":0,"font":"","enabled":false},"version":2}},"categories":[67,74],"tags":[],"class_list":["post-22224","post","type-post","status-publish","format-standard","has-post-thumbnail","hentry","category-le-sursaut","category-nation"],"jetpack_publicize_connections":[],"featured_image_urls":{"full":["https:\/\/nandi.info\/wp-content\/uploads\/2025\/05\/Abdoulaye-Maiga-1.jpg",870,580,false],"thumbnail":["https:\/\/nandi.info\/wp-content\/uploads\/2025\/05\/Abdoulaye-Maiga-1-150x150.jpg",150,150,true],"medium":["https:\/\/nandi.info\/wp-content\/uploads\/2025\/05\/Abdoulaye-Maiga-1-300x200.jpg",300,200,true],"medium_large":["https:\/\/nandi.info\/wp-content\/uploads\/2025\/05\/Abdoulaye-Maiga-1-768x512.jpg",768,512,true],"large":["https:\/\/nandi.info\/wp-content\/uploads\/2025\/05\/Abdoulaye-Maiga-1.jpg",870,580,false],"1536x1536":["https:\/\/nandi.info\/wp-content\/uploads\/2025\/05\/Abdoulaye-Maiga-1.jpg",870,580,false],"2048x2048":["https:\/\/nandi.info\/wp-content\/uploads\/2025\/05\/Abdoulaye-Maiga-1.jpg",870,580,false],"penci-recipe-1200x1200":["https:\/\/nandi.info\/wp-content\/uploads\/2025\/05\/Abdoulaye-Maiga-1.jpg",870,580,false],"penci-recipe-1200x900":["https:\/\/nandi.info\/wp-content\/uploads\/2025\/05\/Abdoulaye-Maiga-1.jpg",870,580,false],"penci-recipe-1200x675":["https:\/\/nandi.info\/wp-content\/uploads\/2025\/05\/Abdoulaye-Maiga-1.jpg",870,580,false],"penci-single-full":["https:\/\/nandi.info\/wp-content\/uploads\/2025\/05\/Abdoulaye-Maiga-1.jpg",870,580,false],"penci-slider-full-thumb":["https:\/\/nandi.info\/wp-content\/uploads\/2025\/05\/Abdoulaye-Maiga-1.jpg",870,580,false],"penci-full-thumb":["https:\/\/nandi.info\/wp-content\/uploads\/2025\/05\/Abdoulaye-Maiga-1.jpg",870,580,false],"penci-slider-thumb":["https:\/\/nandi.info\/wp-content\/uploads\/2025\/05\/Abdoulaye-Maiga-1.jpg",870,580,false],"penci-magazine-slider":["https:\/\/nandi.info\/wp-content\/uploads\/2025\/05\/Abdoulaye-Maiga-1-780x516.jpg",780,516,true],"penci-thumb":["https:\/\/nandi.info\/wp-content\/uploads\/2025\/05\/Abdoulaye-Maiga-1-585x390.jpg",585,390,true],"penci-masonry-thumb":["https:\/\/nandi.info\/wp-content\/uploads\/2025\/05\/Abdoulaye-Maiga-1-585x390.jpg",585,390,true],"penci-thumb-square":["https:\/\/nandi.info\/wp-content\/uploads\/2025\/05\/Abdoulaye-Maiga-1-585x580.jpg",585,580,true],"penci-thumb-vertical":["https:\/\/nandi.info\/wp-content\/uploads\/2025\/05\/Abdoulaye-Maiga-1-480x580.jpg",480,580,true],"penci-thumb-small":["https:\/\/nandi.info\/wp-content\/uploads\/2025\/05\/Abdoulaye-Maiga-1-263x175.jpg",263,175,true]},"author_info":{"display_name":"Nandi","author_link":"https:\/\/nandi.info\/?author=1"},"category_info":"<a href=\"https:\/\/nandi.info\/?cat=67\" rel=\"category\">Le Sursaut<\/a> <a href=\"https:\/\/nandi.info\/?cat=74\" rel=\"category\">Nation<\/a>","tag_info":"Nation","comment_count":"0","jetpack_featured_media_url":"https:\/\/nandi.info\/wp-content\/uploads\/2025\/05\/Abdoulaye-Maiga-1.jpg","jetpack_sharing_enabled":true,"_links":{"self":[{"href":"https:\/\/nandi.info\/index.php?rest_route=\/wp\/v2\/posts\/22224","targetHints":{"allow":["GET"]}}],"collection":[{"href":"https:\/\/nandi.info\/index.php?rest_route=\/wp\/v2\/posts"}],"about":[{"href":"https:\/\/nandi.info\/index.php?rest_route=\/wp\/v2\/types\/post"}],"author":[{"embeddable":true,"href":"https:\/\/nandi.info\/index.php?rest_route=\/wp\/v2\/users\/1"}],"replies":[{"embeddable":true,"href":"https:\/\/nandi.info\/index.php?rest_route=%2Fwp%2Fv2%2Fcomments&post=22224"}],"version-history":[{"count":1,"href":"https:\/\/nandi.info\/index.php?rest_route=\/wp\/v2\/posts\/22224\/revisions"}],"predecessor-version":[{"id":22225,"href":"https:\/\/nandi.info\/index.php?rest_route=\/wp\/v2\/posts\/22224\/revisions\/22225"}],"wp:featuredmedia":[{"embeddable":true,"href":"https:\/\/nandi.info\/index.php?rest_route=\/wp\/v2\/media\/22216"}],"wp:attachment":[{"href":"https:\/\/nandi.info\/index.php?rest_route=%2Fwp%2Fv2%2Fmedia&parent=22224"}],"wp:term":[{"taxonomy":"category","embeddable":true,"href":"https:\/\/nandi.info\/index.php?rest_route=%2Fwp%2Fv2%2Fcategories&post=22224"},{"taxonomy":"post_tag","embeddable":true,"href":"https:\/\/nandi.info\/index.php?rest_route=%2Fwp%2Fv2%2Ftags&post=22224"}],"curies":[{"name":"wp","href":"https:\/\/api.w.org\/{rel}","templated":true}]}}