{"id":22223,"date":"2025-05-26T11:50:31","date_gmt":"2025-05-26T09:50:31","guid":{"rendered":"https:\/\/nandi.info\/?p=22223"},"modified":"2025-05-26T12:01:59","modified_gmt":"2025-05-26T10:01:59","slug":"le-ministre-de-leducation-nationale-dr-sy-savane-par-rapport-aux-examens-tout-se-fera-dans-la-plus-grande-transparence","status":"publish","type":"post","link":"https:\/\/nandi.info\/?p=22223","title":{"rendered":"Le Ministre de l\u2019Education nationale, Dr Sy Savan\u00e9, par rapport aux examens\u00a0: \u00ab\u00a0Tout se fera dans la plus grande transparence\u00a0\u00bb"},"content":{"rendered":"\n<figure class=\"wp-block-image alignleft size-large is-resized\"><img fetchpriority=\"high\" decoding=\"async\" width=\"894\" height=\"1024\" src=\"https:\/\/nandi.info\/wp-content\/uploads\/2025\/05\/Dr-Sy-Savane-par-894x1024.jpg\" alt=\"\" class=\"wp-image-22226\" style=\"width:529px;height:auto\" srcset=\"https:\/\/nandi.info\/wp-content\/uploads\/2025\/05\/Dr-Sy-Savane-par-894x1024.jpg 894w, https:\/\/nandi.info\/wp-content\/uploads\/2025\/05\/Dr-Sy-Savane-par-262x300.jpg 262w, https:\/\/nandi.info\/wp-content\/uploads\/2025\/05\/Dr-Sy-Savane-par-768x880.jpg 768w, https:\/\/nandi.info\/wp-content\/uploads\/2025\/05\/Dr-Sy-Savane-par-1341x1536.jpg 1341w, https:\/\/nandi.info\/wp-content\/uploads\/2025\/05\/Dr-Sy-Savane-par-1170x1340.jpg 1170w, https:\/\/nandi.info\/wp-content\/uploads\/2025\/05\/Dr-Sy-Savane-par-585x670.jpg 585w, https:\/\/nandi.info\/wp-content\/uploads\/2025\/05\/Dr-Sy-Savane-par.jpg 1788w\" sizes=\"(max-width: 894px) 100vw, 894px\" \/><\/figure>\n\n\n\n<p><strong><em>A la faveur de son traditionnel d\u00e9jeuner de presse annuel, tenu le jeudi en fin de matin\u00e9e au CICB, le Ministre de l\u2019Education nationale, Dr Amadou Sy Savan\u00e9, a entretenu la presse sur les dispositions prises par son d\u00e9partement et ses services centraux pour la bonne tenue des examens de fin d\u2019ann\u00e9e. De m\u00eame que l\u2019organisation de la rentr\u00e9e prochaine dans les meilleures conditions possibles.<\/em><\/strong><\/p>\n\n\n\n<p class=\"has-drop-cap\">Pour animer ce d\u00e9jeuner de presse, en plus des partenaires de l\u2019\u00e9cole malienne, le ministre de l\u2019Education nationale, Dr Amadou Sy Savan\u00e9, \u00e9tait accompagn\u00e9 respectivement par le Secr\u00e9taire g\u00e9n\u00e9ral de son d\u00e9partement, Boubacar Demb\u00e9l\u00e9, son Chef de cabinet par int\u00e9rim, Mahamadou Camara et le Directeur du Centre National des Examens et Concours de l\u2019Education (CNCE), Zeiny Aguissa Ma\u00efga.<\/p>\n\n\n\n<p>\u00ab&nbsp;Je souhaite la bienvenue \u00e0 tout ce monde autour de ce d\u00e9jeuner de presse, organis\u00e9 dans un esprit d\u2019\u00e9change et de transparence \u00e0 l\u2019approche des examens de fin d\u2019ann\u00e9e scolaire&nbsp;\u00bb tel a \u00e9t\u00e9 le mot de bienvenue du chef du d\u00e9partement de l\u2019Education \u00e0 ses convives du jour. Avant de planter le d\u00e9cor par des messages de f\u00e9licitations \u00e0 l\u2019endroit des partenaires de l\u2019\u00e9cole malienne et de la presse.<\/p>\n\n\n\n<p><strong>Les M\u00e9dias comme partenaires de choix<\/strong><\/p>\n\n\n\n<p>\u00ab&nbsp;Je vous f\u00e9licite pour votre engagement constant en faveur de notre \u00e9cole, de sa r\u00e9ussite, de l\u2019\u00e9panouissement de nos enfants et plus largement du succ\u00e8s de notre pays dans tout ce qu\u2019il entreprend en ces temps-ci. La rencontre de ce jeudi se tient \u00e0 un moment cl\u00e9 du calendrier scolaire. Vous le savez, les examens de fin d\u2019ann\u00e9e repr\u00e9sentent une \u00e9tape tr\u00e8s importante non seulement pour les candidats, pour leurs parents, mais aussi pour le syst\u00e8me \u00e9ducatif dans son ensemble. Ils constituent une p\u00e9riode d\u2019\u00e9valuation, de m\u00e9rite, de justice et d\u2019opportunit\u00e9s&nbsp;\u00bb a-t-il d\u00e9clar\u00e9, dans le but d\u2019exprimer, selon lui-m\u00eame, l\u2019attention toute particuli\u00e8re que le minist\u00e8re de l\u2019Education nationale accorde \u00e0 l\u2019organisation de ces examens. \u00ab&nbsp;Chaque d\u00e9tail compte, chaque action compte et surtout chaque acteur compte, par ce qu\u2019il a un r\u00f4le \u00e0 jouer&nbsp;\u00bb a synth\u00e9tis\u00e9 le Ministre Sy Savan\u00e9. Pour ensuite indiquer qu\u2019en amont, son d\u00e9partement a pris un ensemble de mesures rigoureuses, allant de la s\u00e9curisation de la cha\u00eene de production et de distribution des sujets \u00e0 la mobilisation d\u2019\u00e9quipes comp\u00e9tentes pour la surveillance de la correction. Sans oublier, le renforcement de la logistique et de contr\u00f4le interne, la sensibilisation des acteurs pour pr\u00e9venir toute tentative de fraude ou d\u2019irr\u00e9gularit\u00e9.<\/p>\n\n\n\n<p>\u00ab&nbsp;Ces efforts ne peuvent porter leurs fruits sans l\u2019engagement actif et coordonn\u00e9 de tous les partenaires (services techniques, acad\u00e9mies d\u2019enseignement, forces de s\u00e9curit\u00e9, syndicats, promoteurs d\u2019\u00e9coles priv\u00e9es, parents d\u2019\u00e9l\u00e8ves et bien s\u00fbr les m\u00e9dias&nbsp;\u00bb a d\u00e9clar\u00e9 le ministre de l\u2019Education nationale, sans manquer de signifier aux m\u00e9dias ses l\u00e9gitimes attentes. Cela, dans un langage direct&nbsp;: \u00ab&nbsp;Vous les professionnels des m\u00e9dias, \u00eates, les alli\u00e9s de premier plan, sinon de premier choix. Votre r\u00f4le ne se limite pas \u00e0 informer. Tout le monde le sait, vous sensibiliserez, vous rassurerez, vous alerterez et vous contribuerez \u00e0 instaurer un climat de confiance autour de ces examens. Nous comptons sur votre professionnalisme et votre sens profond de responsabilit\u00e9&nbsp;\u00bb. Pour ce faire, son d\u00e9partement a mis \u00e0 profit ce d\u00e9jeuner de presse, pour partager l\u2019essentiel des dispositifs mis en \u0153uvre et \u00e0 r\u00e9pondre aux \u00e9ventuelles pr\u00e9occupations pour des examens apais\u00e9s, cr\u00e9dibles et r\u00e9ussis.<\/p>\n\n\n\n<p><strong>La transparence comme mot d\u2019ordre<\/strong><\/p>\n\n\n\n<p>Il a par la suite donn\u00e9 l\u2019assurance que les efforts des candidats seront reconnus et prot\u00e9g\u00e9s.&nbsp;&nbsp; \u00ab&nbsp;Il n\u2019y aura pas de magouilles autour des copies, autour des corrections. Tout se fera dans la plus grande transparence. La voie du m\u00e9rite reste la plus s\u00fbre pour b\u00e2tir un avenir durable&nbsp;\u00bb mart\u00e8le-t-il. Avant d\u2019insister sur sa dynamique en ces termes&nbsp;: \u00ab&nbsp;les \u00e9l\u00e8ves admis seront ceux qui m\u00e9ritent d\u2019\u00eatre admis&nbsp;\u00bb.<\/p>\n\n\n\n<p>R\u00e9pondant \u00e0 certaines questions des journalistes sur le bilan de l\u2019ann\u00e9e \u00e9coul\u00e9e, le ministre de l\u2019Education nationale a \u00e9gren\u00e9 le long chapelet des efforts d\u00e9ploy\u00e9s pour sauver l\u2019ann\u00e9e, malgr\u00e9 un mois de retard accus\u00e9 sur la rentr\u00e9e. Selon lui, gr\u00e2ce au concours de tous l\u2019ann\u00e9e s\u2019est tenue sans aucun remous avec le respect total du programme annuel. \u00ab&nbsp;Maintenant tout le monde est pr\u00eat pour la tenue des examens de fin d\u2019ann\u00e9e. La preuve, le certificat d\u2019aptitude professionnel (CAP) a commenc\u00e9 le 19 mai pass\u00e9, les autres examens vont suivre selon le calendrier fix\u00e9&nbsp;\u00bb a soutenu Dr Amadou Sy Savan\u00e9.<\/p>\n\n\n\n<p>Par rapport \u00e0 l\u2019hypoth\u00e8se de certains al\u00e9as, notamment les cas d\u2019inondation et l\u2019ins\u00e9curit\u00e9 pouvant entacher la bonne tenue des examens et m\u00eame la programmation de la rentr\u00e9e des classes de l\u2019ann\u00e9e prochaine, le Ministre Sy Savan\u00e9 s\u2019est montr\u00e9 optimiste. Ce, en affirmant qu\u2019en plus des dispositions prises par son d\u00e9partement, il existe un comit\u00e9 de gestion des crises de haut niveau se r\u00e9unissant chaque semaine aupr\u00e8s du Premier ministre. De ce fait, que les uns et les autres peuvent se rassurer sur le respect du calendrier \u00e9tabli.<\/p>\n\n\n\n<p>A la suite du Ministre Sy Savan\u00e9, le Directeur du Centre des Examens et Concours de l\u2019Education, Zeiny Aguissa Ma\u00efga a aussi donn\u00e9 l\u2019assurance sur la maitrise et la lutte contre les 3F (Fuite-Fraude- Faux sujets) par le d\u00e9partement de l\u2019\u00e9ducation nationale. \u00ab&nbsp;Nous inscrivons nos actions dans le changement dans la continuit\u00e9. Les mesures de codification empreinte nous ont permis d\u2019atteindre de bons r\u00e9sultats en termes de s\u00e9curisation. Nous n\u2019allons pas le changer, mais nous le renforcerons&nbsp;\u00bb a expliqu\u00e9 le Directeur Aguissa, tout en affirmant qu\u2019en plus de ces dispositions et l\u2019arsenal juridique en vigueur en la mati\u00e8re, la vraie s\u00e9curisation ce sont les enseignants.&nbsp; \u00ab&nbsp;Nous comptons sur eux. Par ce que, s\u2019ils s\u2019engagent \u00e0 faire en sorte qu\u2019il n\u2019y est pas de fraudes, de fuites de sujet en salle, il n\u2019y\u2019en aura pas. Donc, la finalit\u00e9 pour r\u00e9ussir la lutte contre les 3F c\u2019est l\u2019enseignant&nbsp;\u00bb a-t-il fait savoir, avant de signifier que dans le nouveau code p\u00e9nal la fraude en examen et concours est s\u00e9v\u00e8rement sanctionn\u00e9e.<\/p>\n\n\n\n<p><strong>M. Diawara&nbsp;&nbsp;&nbsp;&nbsp; <\/strong>&nbsp;&nbsp;&nbsp;&nbsp;&nbsp;&nbsp;&nbsp;&nbsp;&nbsp;&nbsp;&nbsp;&nbsp;<\/p>\n","protected":false},"excerpt":{"rendered":"<p>A la faveur de son traditionnel d\u00e9jeuner de presse annuel, tenu le jeudi en fin de matin\u00e9e au CICB, le Ministre de l\u2019Education nationale, Dr Amadou Sy Savan\u00e9, a entretenu&hellip;<\/p>\n","protected":false},"author":1,"featured_media":22226,"comment_status":"open","ping_status":"open","sticky":false,"template":"","format":"standard","meta":{"content-type":"","_lmt_disableupdate":"","_lmt_disable":"","_jetpack_memberships_contains_paid_content":false,"footnotes":"","jetpack_publicize_message":"","jetpack_publicize_feature_enabled":true,"jetpack_social_post_already_shared":true,"jetpack_social_options":{"image_generator_settings":{"template":"highway","default_image_id":0,"font":"","enabled":false},"version":2}},"categories":[38,67],"tags":[],"class_list":["post-22223","post","type-post","status-publish","format-standard","has-post-thumbnail","hentry","category-education","category-le-sursaut"],"jetpack_publicize_connections":[],"featured_image_urls":{"full":["https:\/\/nandi.info\/wp-content\/uploads\/2025\/05\/Dr-Sy-Savane-par.jpg",1788,2048,false],"thumbnail":["https:\/\/nandi.info\/wp-content\/uploads\/2025\/05\/Dr-Sy-Savane-par-150x150.jpg",150,150,true],"medium":["https:\/\/nandi.info\/wp-content\/uploads\/2025\/05\/Dr-Sy-Savane-par-262x300.jpg",262,300,true],"medium_large":["https:\/\/nandi.info\/wp-content\/uploads\/2025\/05\/Dr-Sy-Savane-par-768x880.jpg",768,880,true],"large":["https:\/\/nandi.info\/wp-content\/uploads\/2025\/05\/Dr-Sy-Savane-par-894x1024.jpg",894,1024,true],"1536x1536":["https:\/\/nandi.info\/wp-content\/uploads\/2025\/05\/Dr-Sy-Savane-par-1341x1536.jpg",1341,1536,true],"2048x2048":["https:\/\/nandi.info\/wp-content\/uploads\/2025\/05\/Dr-Sy-Savane-par.jpg",1788,2048,false],"penci-recipe-1200x1200":["https:\/\/nandi.info\/wp-content\/uploads\/2025\/05\/Dr-Sy-Savane-par-1200x1200.jpg",1200,1200,true],"penci-recipe-1200x900":["https:\/\/nandi.info\/wp-content\/uploads\/2025\/05\/Dr-Sy-Savane-par-1200x900.jpg",1200,900,true],"penci-recipe-1200x675":["https:\/\/nandi.info\/wp-content\/uploads\/2025\/05\/Dr-Sy-Savane-par-1200x675.jpg",1200,675,true],"penci-single-full":["https:\/\/nandi.info\/wp-content\/uploads\/2025\/05\/Dr-Sy-Savane-par.jpg",1788,2048,false],"penci-slider-full-thumb":["https:\/\/nandi.info\/wp-content\/uploads\/2025\/05\/Dr-Sy-Savane-par-1788x800.jpg",1788,800,true],"penci-full-thumb":["https:\/\/nandi.info\/wp-content\/uploads\/2025\/05\/Dr-Sy-Savane-par-1170x1340.jpg",1170,1340,true],"penci-slider-thumb":["https:\/\/nandi.info\/wp-content\/uploads\/2025\/05\/Dr-Sy-Savane-par-1170x663.jpg",1170,663,true],"penci-magazine-slider":["https:\/\/nandi.info\/wp-content\/uploads\/2025\/05\/Dr-Sy-Savane-par-780x516.jpg",780,516,true],"penci-thumb":["https:\/\/nandi.info\/wp-content\/uploads\/2025\/05\/Dr-Sy-Savane-par-585x390.jpg",585,390,true],"penci-masonry-thumb":["https:\/\/nandi.info\/wp-content\/uploads\/2025\/05\/Dr-Sy-Savane-par-585x670.jpg",585,670,true],"penci-thumb-square":["https:\/\/nandi.info\/wp-content\/uploads\/2025\/05\/Dr-Sy-Savane-par-585x585.jpg",585,585,true],"penci-thumb-vertical":["https:\/\/nandi.info\/wp-content\/uploads\/2025\/05\/Dr-Sy-Savane-par-480x650.jpg",480,650,true],"penci-thumb-small":["https:\/\/nandi.info\/wp-content\/uploads\/2025\/05\/Dr-Sy-Savane-par-263x175.jpg",263,175,true]},"author_info":{"display_name":"Nandi","author_link":"https:\/\/nandi.info\/?author=1"},"category_info":"<a href=\"https:\/\/nandi.info\/?cat=38\" rel=\"category\">Education<\/a> <a href=\"https:\/\/nandi.info\/?cat=67\" rel=\"category\">Le Sursaut<\/a>","tag_info":"Le Sursaut","comment_count":"0","jetpack_featured_media_url":"https:\/\/nandi.info\/wp-content\/uploads\/2025\/05\/Dr-Sy-Savane-par.jpg","jetpack_sharing_enabled":true,"_links":{"self":[{"href":"https:\/\/nandi.info\/index.php?rest_route=\/wp\/v2\/posts\/22223","targetHints":{"allow":["GET"]}}],"collection":[{"href":"https:\/\/nandi.info\/index.php?rest_route=\/wp\/v2\/posts"}],"about":[{"href":"https:\/\/nandi.info\/index.php?rest_route=\/wp\/v2\/types\/post"}],"author":[{"embeddable":true,"href":"https:\/\/nandi.info\/index.php?rest_route=\/wp\/v2\/users\/1"}],"replies":[{"embeddable":true,"href":"https:\/\/nandi.info\/index.php?rest_route=%2Fwp%2Fv2%2Fcomments&post=22223"}],"version-history":[{"count":2,"href":"https:\/\/nandi.info\/index.php?rest_route=\/wp\/v2\/posts\/22223\/revisions"}],"predecessor-version":[{"id":22229,"href":"https:\/\/nandi.info\/index.php?rest_route=\/wp\/v2\/posts\/22223\/revisions\/22229"}],"wp:featuredmedia":[{"embeddable":true,"href":"https:\/\/nandi.info\/index.php?rest_route=\/wp\/v2\/media\/22226"}],"wp:attachment":[{"href":"https:\/\/nandi.info\/index.php?rest_route=%2Fwp%2Fv2%2Fmedia&parent=22223"}],"wp:term":[{"taxonomy":"category","embeddable":true,"href":"https:\/\/nandi.info\/index.php?rest_route=%2Fwp%2Fv2%2Fcategories&post=22223"},{"taxonomy":"post_tag","embeddable":true,"href":"https:\/\/nandi.info\/index.php?rest_route=%2Fwp%2Fv2%2Ftags&post=22223"}],"curies":[{"name":"wp","href":"https:\/\/api.w.org\/{rel}","templated":true}]}}