{"id":22215,"date":"2025-05-24T14:14:00","date_gmt":"2025-05-24T12:14:00","guid":{"rendered":"https:\/\/nandi.info\/?p=22215"},"modified":"2025-05-24T15:24:10","modified_gmt":"2025-05-24T13:24:10","slug":"programme-daction-du-gouvernement-2025-2026-jackpot-et-roue-libre-pour-abdoulaye-maiga-une-nouvelle-ere-souvre-pour-le-mali","status":"publish","type":"post","link":"https:\/\/nandi.info\/?p=22215","title":{"rendered":"Programme d&rsquo;action du gouvernement 2025 \u2013 2026 : Jackpot et roue libre pour Abdoulaye Ma\u00efga ! Une nouvelle \u00e8re s&rsquo;ouvre pour le Mali"},"content":{"rendered":"\n<h2 class=\"wp-block-heading has-text-align-center\">Promesse du pur bonheur aux populations et compatriotes ?<\/h2>\n\n\n\n<figure class=\"wp-block-image size-full\"><img fetchpriority=\"high\" decoding=\"async\" width=\"870\" height=\"580\" src=\"https:\/\/nandi.info\/wp-content\/uploads\/2025\/05\/Abdoulaye-Maiga-1.jpg\" alt=\"\" class=\"wp-image-22216\" srcset=\"https:\/\/nandi.info\/wp-content\/uploads\/2025\/05\/Abdoulaye-Maiga-1.jpg 870w, https:\/\/nandi.info\/wp-content\/uploads\/2025\/05\/Abdoulaye-Maiga-1-300x200.jpg 300w, https:\/\/nandi.info\/wp-content\/uploads\/2025\/05\/Abdoulaye-Maiga-1-768x512.jpg 768w, https:\/\/nandi.info\/wp-content\/uploads\/2025\/05\/Abdoulaye-Maiga-1-585x390.jpg 585w, https:\/\/nandi.info\/wp-content\/uploads\/2025\/05\/Abdoulaye-Maiga-1-263x175.jpg 263w\" sizes=\"(max-width: 870px) 100vw, 870px\" \/><\/figure>\n\n\n\n<p><strong>Certes, l&rsquo;opinion globale s&rsquo;attendait, sans le moindre doute, au passage comme d&rsquo;une lettre \u00e0 la poste du Plan d&rsquo;action du gouvernement, mais un peu moins \u00e0 l&rsquo;ampleur du quitus donn\u00e9 au document du Premier ministre G\u00e9n\u00e9ral de division Abdoulaye Ma\u00efga par le Conseil national de Transition-CNT. L&rsquo;organe l\u00e9gislatif a adopt\u00e9 le PAG avec 128 voix Pour, z\u00e9ro Abstention et z\u00e9ro Contre. Unanimit\u00e9 !\u00a0\u00a0Pas in\u00e9dit, ni historique, mais ce blanc-seing marque, tout d&rsquo;abord, la confirmation du leadership de l&rsquo;actuel locataire de la Cit\u00e9 administrative depuis son arriv\u00e9e l\u00e0 en novembre dernier. Ensuite, les \u00ab\u00a0d\u00e9put\u00e9s\u00a0\u00bb ont-ils charm\u00e9s par le contenu du document pr\u00e9sent\u00e9 devant eux le vendredi 16 mai et d\u00e9fendu face \u00e0 eux le lundi 19 mai, jour du pl\u00e9biscite. Absolument s\u00fbr ! La ferveur des d\u00e9bats, l&rsquo;ambiance du vote et le r\u00e9sultat final laissent \u00e0 penser que cette carte blanche donn\u00e9 \u00e0 Abdoulaye Ma\u00efga ouvre un nouveau d\u00e9part heureux pour le Mali pour le bonheur int\u00e9gral des populations. Lors de la pr\u00e9sentation du PAG, le Premier ministre Abdoulaye Ma\u00efga a d\u00e9taill\u00e9 les huit (8) axes majeurs qu&rsquo;il contient. Et au nombre desquels ceux relatifs \u00e0 la d\u00e9fense et \u00e0 la s\u00e9curit\u00e9 ainsi qu&rsquo;aux \u00e9lections occupent une place de choix aux yeux de l&rsquo;opinion. Sans oublier les r\u00e9formes politiques et institutionnelles, la lutte contre la corruption, et la satisfaction des besoins fondamentaux de la population. Texte int\u00e9gral :<\/strong><\/p>\n\n\n\n<p>Par la gr\u00e2ce du Tout Puissant et Mis\u00e9ricordieux, j&rsquo;ai le plaisir de me tenir devant vous, ce matin, pour vous pr\u00e9senter, le Plan d&rsquo;Action du Gouvernement pour la p\u00e9riode 2025-2026.<\/p>\n\n\n\n<p>Je viens accomplir, en toute humilit\u00e9, ce devoir r\u00e9publicain, avec la ferme conviction que chaque acte que nous posons, sera marqu\u00e9, \u00e0 la fois, du sens des priorit\u00e9s et de la pleine conscience de l&rsquo;urgence.<\/p>\n\n\n\n<p>En cette occasion solennelle, je voudrais renouveler ma profonde gratitude \u00e0 Son Excellence, le G\u00e9n\u00e9ral d&rsquo;Arm\u00e9e Assimi Go\u00efta, Pr\u00e9sident de la Transition, Chef de l&rsquo;Etat, pour la confiance qu&rsquo;il a bien voulu placer en ma modeste personne, le 21 novembre 2024, pour conduire l&rsquo;action gouvernementale qui repose sur des femmes et des hommes engag\u00e9s, enfants de ce pays, ou verts \u00e0 la critique constructive, \u00e0 l&rsquo;\u00e9coute de la population et qui demandent les b\u00e9n\u00e9dictions de cette derni\u00e8re.<\/p>\n\n\n\n<p>Distingu\u00e9s Invit\u00e9s ;<\/p>\n\n\n\n<p>Mesdames, Messieurs,<\/p>\n\n\n\n<p>Au regard des diff\u00e9rents enjeux de la crise multidimensionnelle, de laquelle notre pays est en train de se remettre, je voudrais rendre un vibrant hommage au vaillant peuple malien pour sa r\u00e9silience et son sens \u00e9lev\u00e9 de discernement en cette p\u00e9riode cruciale de l&rsquo;histoire de notre pays.<\/p>\n\n\n\n<p>Au nom des membres du Gouvernement et au mien propre, permettez-moi,<\/p>\n\n\n\n<p>Monsieur le Pr\u00e9sident, Mesdames, Messieurs les membres du Conseil national de Transition, de vous adresser nos sinc\u00e8res remerciements pour l&rsquo;accueil chaleureux r\u00e9serv\u00e9 \u00e0 ma d\u00e9l\u00e9gation ainsi qu&rsquo;aux hommes et femmes de bonne volont\u00e9 qui ont voulu \u00eatre t\u00e9moins de ce moment d\u00e9cisif de l&rsquo;histoire de notre pays.<\/p>\n\n\n\n<p>Honorable Pr\u00e9sident du Conseil National de Transition ;<\/p>\n\n\n\n<p>Honorables membres du Conseil National de Transition,<\/p>\n\n\n\n<p>Le Plan d&rsquo;Action du Gouvernement, que j&rsquo;ai l&rsquo;insigne honneur de vous pr\u00e9senter, ce matin, est b\u00e2ti autour des 8 axes de la lettre de cadrage du G\u00e9n\u00e9ral d&rsquo;Arm\u00e9e Assimi GOITA, Pr\u00e9sident de la Transition, Chef de l&rsquo;Etat, adress\u00e9e au Gouvernement, lors du Conseil des Ministres inaugural du 27 novembre 2024, \u00e0 savoir :<\/p>\n\n\n\n<p>&#8211; le renforcement de la d\u00e9fense et de la s\u00e9curit\u00e9 ;&nbsp;<\/p>\n\n\n\n<p>&#8211; les r\u00e9formes politiques et institutionnelles ;&nbsp;<\/p>\n\n\n\n<p>&#8211; la satisfaction des besoins fondamentaux de la population ;<\/p>\n\n\n\n<p>&#8211; l&rsquo;am\u00e9lioration de la carte sanitaire ;&nbsp;<\/p>\n\n\n\n<p>&#8211; l&rsquo;am\u00e9lioration du syst\u00e8me \u00e9ducatif ;&nbsp;<\/p>\n\n\n\n<p>&#8211; l&rsquo;apaisement du climat social ;<\/p>\n\n\n\n<p>&#8211; le renforcement de notre diplomatie ;<\/p>\n\n\n\n<p>&#8211; la cr\u00e9ation de conditions pour des \u00e9lections transparentes et apais\u00e9es.<\/p>\n\n\n\n<p>Ces axes prioritaires s&rsquo;inspirent des pr\u00e9occupations l\u00e9gitimes du peuple malien, exprim\u00e9es lors des grandes concertations des forces vives de la Nation.<\/p>\n\n\n\n<p>Pour l&rsquo;essentiel, le Plan d&rsquo;Action du Gouvernement d\u00e9coule des orientations des documents strat\u00e9giques, notamment la feuille de route de la Transition, les recommandations issues des Assises nationales de la Refondation, le Dialogue inter-Maliens, la Vision \u00ab\u00a0Mali Kura 2063\u00a0\u00bb et la Strat\u00e9gie Nationale pour l&rsquo;\u00c9mergence et le D\u00e9veloppement Durable : SNEDD 2024-2033.<\/p>\n\n\n\n<p>Ce nouveau r\u00e9f\u00e9rentiel des politiques et strat\u00e9gies de d\u00e9veloppement d\u00e9finit les voies et les moyens de la relance \u00e9conomique et jette les bases d&rsquo;un d\u00e9veloppement endog\u00e8ne durable.&nbsp;&nbsp;L&rsquo;\u00e9laboration de ce Plan d&rsquo;Action tient compte, \u00e9galement, de l&rsquo;\u00e9volution du contexte actuel marqu\u00e9 par la cr\u00e9ation de la Conf\u00e9d\u00e9ration des Etats du Sahel : AES.<\/p>\n\n\n\n<p>En prenant la d\u00e9cision historique, le 6 juillet 2024, \u00e0 Niamey, de cr\u00e9er la Conf\u00e9d\u00e9ration AES, les Chefs d&rsquo;Etat du Niger, du Burkina et du Mali, nous ont offert un \u00ab\u00a0espace commun\u00a0\u00bb afin de lutter efficacement contre le terrorisme, faciliter la libre circulation des personnes et des biens, mettre en place un cadre harmonis\u00e9 des politiques publiques, r\u00e9aliser des projets structurants en commun et parler d&rsquo;une seule voix sur la sc\u00e8ne internationale.<\/p>\n\n\n\n<p>Honorable Pr\u00e9sident du Conseil National de Transition ;<\/p>\n\n\n\n<p>Honorables membres du Conseil National de Transition,<\/p>\n\n\n\n<p>La d\u00e9fense et la s\u00e9curit\u00e9, AXE 1 du Plan d&rsquo;Action, s&rsquo;\u00e9rigent au premier plan des priorit\u00e9s du Gouvernement.<\/p>\n\n\n\n<figure class=\"wp-block-image alignright is-resized\"><img decoding=\"async\" src=\"https:\/\/www.maliweb.net\/uploads\/images\/202505\/image_870x_682a0504c2ba1.jpg\" alt=\"\" style=\"width:543px;height:auto\"\/><\/figure>\n\n\n\n<p>Face aux multiples d\u00e9fis se traduisant par des manifestations terroristes et la criminalit\u00e9 transnationale, le Gouvernement reste engag\u00e9 pour assurer l&rsquo;int\u00e9grit\u00e9 du territoire et la s\u00e9curit\u00e9 des personnes et de leurs biens.<\/p>\n\n\n\n<p>Au regard des nombreux exploits de nos vaillantes Forces Arm\u00e9es et de S\u00e9curit\u00e9, dans la reprise de certaines zones strat\u00e9giques, la neutralisation des bases de plusieurs groupes terroristes et la s\u00e9curisation des espaces reconquis, les efforts se poursuivront dans le cadre du renforcement de leur capacit\u00e9 op\u00e9rationnelle.<\/p>\n\n\n\n<p>Pour soutenir les actions salvatrices de nos vaillantes forces de d\u00e9fense et de s\u00e9curit\u00e9, il sera proc\u00e9d\u00e9 \u00e0 l&rsquo;acquisition de nouveaux mat\u00e9riels et \u00e9quipements majeurs, la construction de camps militaires, notamment \u00e0 Bougouni, Koutiala, San, Kita, Di\u00e9ma et Nioro du Sahel et le m\u00e9morial dont la construction a d\u00e9j\u00e0 commenc\u00e9 pour immortaliser nos h\u00e9ros tomb\u00e9s sur le th\u00e9\u00e2tre d&rsquo;op\u00e9ration, la construction et l&rsquo;\u00e9quipement de l&rsquo;h\u00f4pital militaire de Banakoroni, le recrutement et la formation de 15 000 hommes suppl\u00e9mentaires et la mise en place \u00e0 travers l&rsquo;op\u00e9ration \u00ab\u00a0dougoukoloko\u00a0\u00bb de plateformes op\u00e9rationnelles.<\/p>\n\n\n\n<p>La pr\u00e9sence de l&rsquo;Etat sera renforc\u00e9e sur l&rsquo;ensemble du territoire national, surtout au niveau des zones de grande ins\u00e9curit\u00e9.<\/p>\n\n\n\n<p>Ainsi, nos FAMa b\u00e9n\u00e9ficieront, \u00e0 la fois, des moyens appropri\u00e9s pour accomplir leur mission et d&rsquo;un environnent propice \u00e0 leur \u00e9panouissement professionnel.&nbsp;<\/p>\n\n\n\n<p>S&rsquo;agissant de la libre circulation des personnes et de leurs biens, le Gouvernement renforcera la s\u00e9curisation des axes routiers et proc\u00e8dera \u00e0 l&rsquo;organisation de patrouilles de grande envergure sur tout le territoire national avec le recrutement de 9 000 agents des forces de s\u00e9curit\u00e9.&nbsp;<\/p>\n\n\n\n<p>Qu&rsquo;il me soit permis de rendre un vibrant hommage \u00e0 nos Forces arm\u00e9es et de s\u00e9curit\u00e9 pour l&rsquo;h\u00e9ro\u00efsme et le patriotisme dont elles font preuve dans la pr\u00e9servation de l&rsquo;int\u00e9grit\u00e9 de notre pays.<\/p>\n\n\n\n<p>Honorable Pr\u00e9sident du Conseil National de Transition, \u00ab\u00a0la libert\u00e9 et l&rsquo;ind\u00e9pendance ont un prix, et nous en payons d\u00e9j\u00e0 un lourd tribut, avec le sang de nos dignes fils et filles\u00a0\u00bb.<\/p>\n\n\n\n<p>A la m\u00e9moire de toutes les victimes civiles comme militaires, maliennes comme \u00e9trang\u00e8res tomb\u00e9es au champ d&rsquo;honneur au Mali, je voudrais que nous observions une minute de silence.<\/p>\n\n\n\n<p>Honorable Pr\u00e9sident du Conseil National de Transition ;<\/p>\n\n\n\n<p>Honorables membres du Conseil National de Transition,<\/p>\n\n\n\n<p>Face aux menaces existentielles de notre pays, Son Excellence, le G\u00e9n\u00e9ral d&rsquo;Arm\u00e9e Assimi Go\u00efta, Pr\u00e9sident de la Transition, Chef de l&rsquo;Etat, a engag\u00e9 le Gouvernement dans une \u0153uvre de refondation, en vue d&rsquo;instaurer une gouvernance vertueuse, de b\u00e2tir des institutions l\u00e9gitimes et construire l&rsquo;homme malien de type nouveau incarnant les valeurs r\u00e9publicaines.<\/p>\n\n\n\n<p>C&rsquo;est ainsi, qu&rsquo;au titre de l&rsquo;Axe 2, des r\u00e9formes politiques et institutionnelles majeures ont \u00e9t\u00e9 entam\u00e9es suivant une approche inclusive. Apr\u00e8s l&rsquo;adoption de la Constitution du 22 juillet 2023, le Gouvernement s&rsquo;est attel\u00e9 \u00e0 poursuivre les r\u00e9formes n\u00e9cessaires allant dans le sens du renforcement du cadre institutionnel.<\/p>\n\n\n\n<p>Au plan des r\u00e9formes structurelles, l&rsquo;op\u00e9rationnalisation du Syst\u00e8me Int\u00e9gr\u00e9 de Gestion des Ressources Humaines de l&rsquo;Etat et des collectivit\u00e9s territoriales (SIGRH) permettra \u00e0 l&rsquo;Etat de disposer d&rsquo;un fichier unifi\u00e9 et d&rsquo;avoir une plus grande ma\u00eetrise des effectifs et de la masse salariale des fonctions publiques.<\/p>\n\n\n\n<p>Dans le cadre de l&rsquo;assainissement de l&rsquo;\u00e9cosyst\u00e8me associatif, il sera proc\u00e9d\u00e9 \u00e0 la relecture de la loi r\u00e9gissant les associations et la d\u00e9finition des conditions d&rsquo;exercice de la mission de veille citoyenne par les organisations de la soci\u00e9t\u00e9 civile.<\/p>\n\n\n\n<p>Les dossiers transmis par les structures de contr\u00f4le, dans le cadre de la lutte contre la corruption et les atteintes aux biens publics, seront instruits syst\u00e9matiquement et des enqu\u00eates seront diligent\u00e9es.<\/p>\n\n\n\n<p>Tous les biens saisis ou confisqu\u00e9s en lien avec la d\u00e9linquance \u00e9conomique et financi\u00e8re, le financement du terrorisme, l&rsquo;enrichissement illicite et la criminalit\u00e9 transnationale organis\u00e9e, seront gel\u00e9s.<\/p>\n\n\n\n<p>Honorable Pr\u00e9sident du Conseil National de Transition ;<\/p>\n\n\n\n<p>Honorables membres du Conseil National de Transition,<\/p>\n\n\n\n<p>La satisfaction des besoins fondamentaux de la population, objet de l&rsquo;Axe 3 du Plan d&rsquo;Action est au c\u0153ur des priorit\u00e9s du Pr\u00e9sident de la Transition, Chef de l&rsquo;Etat.<\/p>\n\n\n\n<p>Face \u00e0 la chert\u00e9 de la vie due \u00e0 la flamb\u00e9e des prix des produits de premi\u00e8re n\u00e9cessit\u00e9 et aux difficult\u00e9s de leur acc\u00e8s, il appara\u00eet n\u00e9cessaire d&rsquo;y apporter des r\u00e9ponses appropri\u00e9es.<\/p>\n\n\n\n<p>A cet \u00e9gard, le Gouvernement compte faire de la souverainet\u00e9 alimentaire une r\u00e9alit\u00e9, en mettant en phase nos politiques agricoles et commerciales avec les attentes des citoyens, en reconstituant les r\u00e9serves strat\u00e9giques alimentaires \u00e0 hauteur de 84 000 tonnes. Dans la m\u00eame dynamique 380 exploitants agricoles seront \u00e9quip\u00e9s en tracteurs, motoculteurs et motopompes. Il sera mis \u00e0 la disposition des exploitants agricoles pr\u00e8s de 261 406 tonnes d&rsquo;intrants agricoles de qualit\u00e9 et 28 400 tonnes de semences am\u00e9lior\u00e9es.<\/p>\n\n\n\n<p>A cet effet, il est attendu de la campagne agricole 2025-2026 une production d&rsquo;environ 11 millions de tonnes, toutes c\u00e9r\u00e9ales confondues.<\/p>\n\n\n\n<p>Une distribution alimentaire gratuite de 17 666 tonnes de c\u00e9r\u00e9ales sera effectu\u00e9e au niveau de 1 115 000 personnes vuln\u00e9rables.<\/p>\n\n\n\n<p>Notre pays dispose du cheptel le plus important dans le Sahel.<\/p>\n\n\n\n<p>L&rsquo;accroissement des productions animales et halieutiques pour l&rsquo;atteinte de la s\u00e9curit\u00e9 alimentaire et nutritionnelle reste une priorit\u00e9 pour le Gouvernement.<\/p>\n\n\n\n<p>Ainsi, sur la p\u00e9riode indiqu\u00e9e du Plan d&rsquo;Action du Gouvernement, il projette l&rsquo;ins\u00e9mination de 20 000 vaches et 800 ch\u00e8vres, l&rsquo;am\u00e9lioration de la sant\u00e9 publique v\u00e9t\u00e9rinaire et celle des productions halieutiques et aquacoles avec le renforcement des capacit\u00e9s de 30 000 productrices et producteurs en aviculture.<\/p>\n\n\n\n<p>On d\u00e9nombre \u00e9galement 22 550 000 de t\u00eates de bovins qui seront vaccin\u00e9es.<\/p>\n\n\n\n<p>Des march\u00e9s \u00e0 poisson seront \u00e9galement construits.<\/p>\n\n\n\n<p>Dans le cadre de l&rsquo;approvisionnement r\u00e9gulier du pays en produits de premi\u00e8re n\u00e9cessit\u00e9, le Gouvernement entend importer un contingent de 300 000 tonnes de riz, 200 000 tonnes de sucre et 30 000 tonnes de graine de coton.<\/p>\n\n\n\n<p>Pour la ma\u00eetrise des prix, les missions d&rsquo;enqu\u00eates et de contr\u00f4le sur les cahiers de charges et le suivi des march\u00e9s des produits seront renforc\u00e9s. Il sera administr\u00e9 les prix pour le riz, le sucre et l&rsquo;aliment b\u00e9tail.<\/p>\n\n\n\n<p>Par ailleurs, une attention particuli\u00e8re sera accord\u00e9e \u00e0 l&rsquo;am\u00e9lioration de la qualit\u00e9 des dispositifs de contr\u00f4le des aliments.<\/p>\n\n\n\n<p>Les efforts entrepris dans le secteur \u00e9nerg\u00e9tique, qui ont permis d&rsquo;enregistrer une nette am\u00e9lioration de la fourniture d&rsquo;\u00e9lectricit\u00e9 vont se poursuivre par l&rsquo;accroissement des capacit\u00e9s de production et de distribution en \u00e9nergie et en eau potable.<\/p>\n\n\n\n<p>Dans ce cadre, il est pr\u00e9vu la construction de 4 centrales solaires photovolta\u00efques et hydro\u00e9lectriques sur le r\u00e9seau interconnect\u00e9, la r\u00e9alisation de 2 588 km de ligne de transport et 1 378 km de ligne de distribution d&rsquo;\u00e9lectricit\u00e9.<\/p>\n\n\n\n<p>Le nombre d&rsquo;heures de fourniture d&rsquo;\u00e9lectricit\u00e9 passera de 6 \u00e0 19 heures par jour. Des travaux de raccordement des forages et la construction de deux stations de traitement d&rsquo;eau avec chacune la capacit\u00e9 de 76 000 m\u00e8tres cubes par jour seront effectifs.<\/p>\n\n\n\n<p>Honorable Pr\u00e9sident du Conseil National de Transition ;<\/p>\n\n\n\n<p>Honorables membres du Conseil National de Transition,<\/p>\n\n\n\n<p>Le d\u00e9senclavement int\u00e9rieur et ext\u00e9rieur du pays, en mati\u00e8re de transports et d&rsquo;infrastructures s\u00e9curis\u00e9es et de qualit\u00e9, constitue une pr\u00e9occupation du Gouvernement.<\/p>\n\n\n\n<p>A ce titre, les efforts porteront, entre autres, sur :<\/p>\n\n\n\n<p>&#8211; la r\u00e9alisation des travaux d&rsquo;am\u00e9nagement et d&rsquo;\u00e9largissement des routes urbaines \u00e0 Bamako, Kati et Mopti ;<\/p>\n\n\n\n<p>&#8211; la r\u00e9alisation des travaux d&rsquo;am\u00e9nagement du tron\u00e7on Sandar\u00e9- Kayes sur 138 km du corridor Bamako-Dakar par le Nord ;<\/p>\n\n\n\n<p>&#8211; la r\u00e9alisation des \u00e9tudes d&rsquo;avant-projet d\u00e9taill\u00e9 pour la r\u00e9habilitation du chemin de fer Bamako-Diboli ;<\/p>\n\n\n\n<p>&#8211; la r\u00e9alisation d&rsquo;une \u00e9tude sur la ligne ferroviaire Bamako-Bougouni-Fronti\u00e8re Burkina-Faso ;<\/p>\n\n\n\n<p>&#8211; le renforcement des capacit\u00e9s de la Compagnie Malienne pour la Navigation Fluviale ;<\/p>\n\n\n\n<p>&#8211; l&rsquo;op\u00e9rationnalisation de la soci\u00e9t\u00e9 Mali Airlines S.A ;<\/p>\n\n\n\n<p>&#8211; la mise en place d&rsquo;un dispositif digitalis\u00e9 de gestion des postes de p\u00e9age et la surveillance des v\u00e9hicules.<\/p>\n\n\n\n<p>Par ailleurs, des plateformes logistiques, des logiciels d&rsquo;\u00e9valuation des charges d&rsquo;exploitation des v\u00e9hicules, l&rsquo;am\u00e9nagement des aires de repos le long des corridors ainsi que la mise en place de dispositifs int\u00e9gr\u00e9s de vid\u00e9osurveillance des feux tricolores seront aussi effectifs.<\/p>\n\n\n\n<p>Honorable Pr\u00e9sident du Conseil National de Transition ;<\/p>\n\n\n\n<p>Honorables membres du Conseil National de Transition,<\/p>\n\n\n\n<p>Dans le contexte des avanc\u00e9es technologiques, il est imp\u00e9rieux pour notre administration de s&rsquo;adapter aux nouvelles exigences de la transformation num\u00e9rique.<\/p>\n\n\n\n<p>Pour ce faire, le Gouvernement compte disposer d&rsquo;une administration moderne et performante aux services des usagers. Ainsi, les prestations des services publics seront digitalis\u00e9es. L&rsquo;accessibilit\u00e9 des services \u00e0 partir du portail des d\u00e9marches administratives sera effective.<\/p>\n\n\n\n<p>La professionnalisation des ressources humaines et l&rsquo;appui aux collectivit\u00e9s territoriales dans la r\u00e9alisation des investissements seront r\u00e9alis\u00e9s.<\/p>\n\n\n\n<p>Le rapprochement de l&rsquo;Administration des usagers et l&rsquo;am\u00e9lioration de la gouvernance administrative feront l&rsquo;objet d&rsquo;une attention soutenue.<\/p>\n\n\n\n<p>A cet effet, les repr\u00e9sentants de l&rsquo;Etat seront install\u00e9s dans toutes les circonscriptions administratives.<\/p>\n\n\n\n<p>&nbsp;Notre pays regorge de jeunes dynamiques qui constituent l&rsquo;avenir de notre pays. Cependant, ils sont confront\u00e9s au fl\u00e9au du ch\u00f4mage et du sous-emploi. Certes, l&rsquo;Etat n&rsquo;est pas le seul pourvoyeur d&#8217;emplois, mais il cr\u00e9era toutes les conditions n\u00e9cessaires pour am\u00e9liorer leur employabilit\u00e9.<\/p>\n\n\n\n<p>Ainsi, sur la p\u00e9riode du plan d&rsquo;Action 2025-2026, 5 000 jeunes b\u00e9n\u00e9ficieront de stages de formation professionnelle et 1 200 jeunes de stage de qualification.<\/p>\n\n\n\n<p>4 160 projets cr\u00e9dibles seront renforc\u00e9s. 269 emplois seront consolid\u00e9s en faveur des personnes en situation de handicap.<\/p>\n\n\n\n<p>Un symposium sur l&rsquo;accroissement des opportunit\u00e9s d&#8217;emploi sera organis\u00e9 ainsi que 15 390 journ\u00e9es de travail dans le cadre des activit\u00e9s \u00e0 haute intensit\u00e9 de main d&rsquo;\u0153uvre.<\/p>\n\n\n\n<p>Honorable Pr\u00e9sident du Conseil National de Transition ;<\/p>\n\n\n\n<p>Honorables membres du Conseil National de Transition,<\/p>\n\n\n\n<p>Les contraintes \u00e9conomiques actuelles nous imposent la n\u00e9cessit\u00e9 d&rsquo;une optimisation des ressources internes et la rationalisation de nos d\u00e9penses.<\/p>\n\n\n\n<p>Sur la p\u00e9riode de mise en \u0153uvre du Plan d&rsquo;Action 2025-2026, le Gouvernement mettra tout en \u0153uvre pour emp\u00eacher la dilapidation des ressources et ma\u00eetriser le niveau d&rsquo;endettement de notre pays.<\/p>\n\n\n\n<p>Un contr\u00f4le strict sera exerc\u00e9 sur l&rsquo;ensemble des d\u00e9penses de l&rsquo;Etat.<\/p>\n\n\n\n<p>La digitalisation des prestations de service amorc\u00e9 sur instruction du Pr\u00e9sident de la Transition, Chef de l&rsquo;Etat, l&rsquo;\u00e9largissement des t\u00e9l\u00e9-services aux contribuables, l&rsquo;op\u00e9rationnalisation de la \u00ab\u00a0douane intelligente\u00a0\u00bb et du \u00ab\u00a0TRESOR-PAY\u00a0\u00bb ainsi que d&rsquo;autres r\u00e9formes fiscales seront effectives, pour \u00e9viter la corruption \u00e0 tous les niveaux et rentabiliser nos ressources financi\u00e8res.<\/p>\n\n\n\n<p>Dans la dynamique d&rsquo;un secteur minier rentable, capable d&rsquo;accro\u00eetre les ressources internes et attirer de nombreux investissements, l&rsquo;Etat s&rsquo;est dot\u00e9 d&rsquo;un nouveau Code minier et d&rsquo;une soci\u00e9t\u00e9 de recherche mini\u00e8re.<\/p>\n\n\n\n<p>L&rsquo;op\u00e9rationnalisation des fonds, la mise en \u0153uvre du d\u00e9cret d&rsquo;application de la loi relative au contenu local, permettront d&rsquo;impliquer davantage les entreprises locales et le personnel malien, aux appels d&rsquo;offres et aux contrats des soci\u00e9t\u00e9s mini\u00e8res.<\/p>\n\n\n\n<p>L&rsquo;investissement minier sera promu par la r\u00e9alisation de campagnes de cartographie mini\u00e8re et de forages p\u00e9troliers et la mise \u00e0 jour du cadastre minier.<\/p>\n\n\n\n<p>La gouvernance dans le secteur sera renforc\u00e9e \u00e0 travers l&rsquo;encadrement et la surveillance des exploitations mini\u00e8res artisanales, pour \u00e9viter certains sinistres \u00e0 l&rsquo;image de ce que le pays a v\u00e9cu tout r\u00e9cemment.<\/p>\n\n\n\n<p>Dans le souci d&rsquo;apporter des solutions adapt\u00e9es aux litiges fonciers persistants et aux difficult\u00e9s d&rsquo;acc\u00e8s \u00e0 un logement d\u00e9cent, les actions du Gouvernement consisteront \u00e0 mettre en place un cadre s\u00e9curis\u00e9 du foncier, par l&rsquo;immatriculation syst\u00e9matique de 810 000 parcelles et l&rsquo;op\u00e9rationnalisation du guichet unique du foncier.<\/p>\n\n\n\n<p>Une r\u00e9serve fonci\u00e8re de 429 hectares sera constitu\u00e9e pour la r\u00e9alisation de logements sociaux. Aussi, 2 789 logements sociaux seront achev\u00e9s et mis \u00e0 la disposition des populations.<\/p>\n\n\n\n<p>Dans le cadre de l&rsquo;am\u00e9lioration du cadre de vie des populations, nos actions s&rsquo;inscriront dans la r\u00e9alisation de 35 d\u00e9p\u00f4ts de transit, l&rsquo;am\u00e9nagement de 40 000 m\u00e8tres lin\u00e9aires de collecteurs naturels, le curage de 677 656 m\u00e8tres lin\u00e9aires de caniveaux et la r\u00e9alisation de 5 stations de traitement de boue de vidange \u00e0 Tienfala, Kayes, Nioro et S\u00e9gou.<\/p>\n\n\n\n<p>Les activit\u00e9s de reboisement des grandes surfaces ainsi que la restauration des terres d\u00e9grad\u00e9es seront effectives.<\/p>\n\n\n\n<p>Parall\u00e8lement \u00e0 cela, le plan d&rsquo;action pour la gestion des inondations, \u00e9labor\u00e9 \u00e0 la suite de la r\u00e9cente catastrophe, sera aussi mis en \u0153uvre, afin d&rsquo;\u00e9viter d&rsquo;autres sinistres.<\/p>\n\n\n\n<p>Par ailleurs, la sensibilisation pour la non occupation des berges et lits des cours d&rsquo;eau ainsi que l&rsquo;obstruction de nos caniveaux par des comportements quotidiens sera aussi men\u00e9e. Cela m&rsquo;am\u00e8ne \u00e0 l&rsquo;axe 4 consacr\u00e9 \u00e0 l&rsquo;am\u00e9lioration de la Couverture sanitaire dans notre pays.<\/p>\n\n\n\n<p>Le Gouvernement s&#8217;emploiera \u00e0 l&rsquo;am\u00e9lioration du plateau technique des structures de sant\u00e9 avec l&rsquo;acquisition de mat\u00e9riels et d&rsquo;\u00e9quipements modernes, la construction de centres de sant\u00e9 et le renforcement des dispositifs de prise en charge des patients et du contr\u00f4le sanitaire. Ainsi, il sera mis en place 7 cliniques modulaires, un laboratoire m\u00e9dical de type P2, 3 centrales de production d&rsquo;oxyg\u00e8ne, des incin\u00e9rateurs dans des CSCOM de 102 communes, un gamma camera et des syst\u00e8mes solaires pour le fonctionnement des Genxper.<\/p>\n\n\n\n<p>Nos valeurs d&rsquo;entraide et de vivre ensemble, seront mises en avant.<\/p>\n\n\n\n<p>Cela afin d&rsquo;am\u00e9liorer le syst\u00e8me de solidarit\u00e9 nationale et l&rsquo;inclusion sociale, \u00e0 travers l&rsquo;immatriculation des cibles de l&rsquo;Assurance Maladie Obligatoire, du r\u00e9gime assistance m\u00e9dicale des indigents et la prise en charge d&rsquo;autres couches vuln\u00e9rables.<\/p>\n\n\n\n<p>Honorable Pr\u00e9sident du Conseil National de Transition ;<\/p>\n\n\n\n<p>Honorables membres du Conseil National de Transition,<\/p>\n\n\n\n<p>Le Gouvernement s&rsquo;est fix\u00e9 comme objectif d&rsquo;assurer \u00e0 notre pays un capital humain de qualit\u00e9. Pour y parvenir, des programmes de formation adapt\u00e9s aux diff\u00e9rents niveaux d&rsquo;ordre d&rsquo;enseignement seront mis en place.<\/p>\n\n\n\n<p>5 188 apprenants seront pris en charge dans les fili\u00e8res porteuses.<\/p>\n\n\n\n<p>Au niveau de l&rsquo;enseignement sup\u00e9rieur, la mise en \u0153uvre du programme de formation des formateurs \u00e0 l&rsquo;ing\u00e9nierie de la formation se poursuivra afin de permettre aux enseignants-chercheurs d&rsquo;assumer convenablement leurs t\u00e2ches. Une plateforme de ressources num\u00e9riques sera accessible \u00e0 tous. Des biblioth\u00e8ques virtuelles seront cr\u00e9\u00e9es.<\/p>\n\n\n\n<p>Par ailleurs, les capacit\u00e9s d&rsquo;accueil et d&rsquo;\u00e9tudes des \u00e9tablissements d&rsquo;enseignement seront renforc\u00e9es par la construction et l&rsquo;\u00e9quipement de 85 \u00e9coles fondamentales et de 11 lyc\u00e9es dont 2 d&rsquo;excellence.<\/p>\n\n\n\n<p>Des laboratoires p\u00e9dagogiques dans les institutions d&rsquo;enseignement sup\u00e9rieur aux Universit\u00e9s de S\u00e9gou et Sikasso seront r\u00e9habilit\u00e9s.<\/p>\n\n\n\n<p>De mani\u00e8re permanente, le Gouvernement veillera au contr\u00f4le de la qualit\u00e9 \u00e9tablissements d&rsquo;enseignement priv\u00e9, \u00e0 travers l&rsquo;\u00e9valuation de 1 144 d&rsquo;entre eux.<\/p>\n\n\n\n<p>L&rsquo;apaisement du climat social, la disponibilit\u00e9 de ressources humaines de qualit\u00e9 au sein de l&rsquo;administration publique et l&rsquo;am\u00e9lioration des conditions de vie des travailleurs constituent le socle de l&rsquo;Axe 6 du plan d&rsquo;action.Pour pr\u00e9server et consolider la paix, le Gouvernement entend renforcer le dialogue social.<\/p>\n\n\n\n<p>Dans cette perspective, il sera proc\u00e9d\u00e9 \u00e0 l&rsquo;op\u00e9rationnalisation du Conseil National du Dialogue social : le CNDS, \u00e0 la dynamisation de 200 cadres de dialogue aussi bien dans les administrations publiques que dans les entreprises priv\u00e9es, et \u00e0 la poursuite de la mise en \u0153uvre de 60 accords syndicaux non \u00e9teints.<\/p>\n\n\n\n<p>Par ailleurs, dans le cadre de la mise en \u0153uvre du pacte de stabilit\u00e9 sociale et de croissance, les \u00e9lections professionnelles des repr\u00e9sentants des organisations syndicales seront organis\u00e9es sur toute l&rsquo;\u00e9tendue du territoire.<\/p>\n\n\n\n<p>De mani\u00e8re particuli\u00e8re, le Gouvernement s&rsquo;attellera \u00e0 am\u00e9liorer les conditions de vie et de travail des agents de l&rsquo;Etat, \u00e0 travers le suivi de la mise en \u0153uvre du cadre juridique des r\u00e9mun\u00e9rations et \u00e0 la promotion de l&rsquo;\u00e9quit\u00e9 genre dans la fonction publique, \u00e0 travers le recrutement de 90 personnes en situation de handicap.<\/p>\n\n\n\n<p>La crise multidimensionnelle a fortement \u00e9branl\u00e9 notre pays dans ses diff\u00e9rentes composantes. Elle a affect\u00e9 notre tissu social, impos\u00e9 des affrontements entre communaut\u00e9s qui ont toujours v\u00e9cu dans la plus grande harmonie et caus\u00e9 des d\u00e9placements massifs de nos populations. Elle a \u00e9t\u00e9 la source de maux et souffrances qui ont affect\u00e9 la vie quotidienne des dignes filles et fils de notre pays.<\/p>\n\n\n\n<p>C&rsquo;est pourquoi, une importance capitale est accord\u00e9e \u00e0 la reconstruction de notre tissu social, \u00e0 travers l&rsquo;organisation de dialogues inter et intracommunautaires, la r\u00e9insertion socio-\u00e9conomique de 600 jeunes des zones impact\u00e9es par les conflits, la poursuite du processus d&rsquo;int\u00e9gration de 34 000 ex-combattants, l&rsquo;am\u00e9nagement de lieux de m\u00e9moire et l&rsquo;assistance de 2 000 victimes des violations graves des droits de l&rsquo;homme.<\/p>\n\n\n\n<p>La religion, le culte et les coutumes occupent une place de choix au sein de notre soci\u00e9t\u00e9. Pour renforcer la coh\u00e9sion entre les courants confessionnels, des dispositions seront prises pour l&rsquo;organisation des dialogues inter et intra religieux, le suivi de la mise en \u0153uvre de 1 000 pr\u00eaches et sermons respectant les protocoles et la mise en place de base de donn\u00e9es sur les \u00e9difices de culte.<\/p>\n\n\n\n<p>Une attention particuli\u00e8re sera port\u00e9e \u00e0 l&rsquo;am\u00e9lioration et \u00e0 la modernisation du processus des p\u00e8lerinages aux diff\u00e9rents lieux saints de l&rsquo;islam et de la chr\u00e9tient\u00e9.<\/p>\n\n\n\n<p>La construction d&rsquo;un centre national de d\u00e9sendoctrinement et l&rsquo;op\u00e9rationnalisation des centres de d\u00e9radicalisation de Gao, S\u00e9gou, San et Mopti viendront renforcer les efforts du Gouvernement dans la lutte contre le terrorisme et l&rsquo;extr\u00e9misme violent.<\/p>\n\n\n\n<p>&nbsp;&nbsp;Notre pays a la chance de disposer d&rsquo;une jeunesse dynamique, constituant la majeure partie de notre population.<\/p>\n\n\n\n<p>Cette m\u00eame jeunesse reste fid\u00e8le \u00e0 son engagement de soutenir les actions de reconstruction de notre patrie.<\/p>\n\n\n\n<p>C&rsquo;est dans cette perspective, que le Pr\u00e9sident de la Transition, Chef de l&rsquo;Etat, sans aucun m\u00e9nagement, met l&rsquo;accent sur la participation des jeunes au d\u00e9veloppement socio-\u00e9conomique de la nation avec le recrutement et la formation de 20 000 jeunes volontaires, au renforcement de l&rsquo;engagement citoyen et patriotique d&rsquo;un million de jeunes, \u00e0 la formation d&rsquo;un nouveau malien ancr\u00e9 dans nos valeurs intrins\u00e8ques et au d\u00e9veloppement des activit\u00e9s sportives et de jeunesse.<\/p>\n\n\n\n<p>Dans l&rsquo;optique de consolider et d&rsquo;\u00e9largir les r\u00e9sultats d\u00e9j\u00e0 engrang\u00e9s dans le domaine sportif, la Biennale du Sport sera organis\u00e9e et la vision olympiade 2024-2028 pour 30 sportifs d&rsquo;\u00e9lite et de hauts niveaux sera op\u00e9rationnelle.<\/p>\n\n\n\n<p>L&rsquo;art et la culture constituent des leviers importants du d\u00e9veloppement \u00e9conomique social et identitaire de notre pays.<\/p>\n\n\n\n<p>En d\u00e9cr\u00e9tant, 2025, Ann\u00e9e de la culture, Son Excellence Le G\u00e9n\u00e9ral d&rsquo;Arm\u00e9e Assimi Go\u00efta, Pr\u00e9sident de la Transition, Chef de l&rsquo;Etat, nous invite, justement, \u00e0 relancer la dynamique culturelle et renforcer le sentiment d&rsquo;identit\u00e9 nationale. Dans ce cadre, le Gouvernement s&#8217;emploiera \u00e0 la promotion des richesses culturelles du pays, favorisera les \u00e9changes artistiques et soutiendra les acteurs culturels \u00e0 travers une s\u00e9rie d&rsquo;\u00e9v\u00e9nements et de festivals embl\u00e9matiques dont la Biennale artistique et culturelle pr\u00e9vue, cette ann\u00e9e, \u00e0 Tombouctou.<\/p>\n\n\n\n<p>Dans un monde caract\u00e9ris\u00e9 par des enjeux g\u00e9opolitiques aussi importants que complexes, qui d\u00e9passent largement nos fronti\u00e8res, la diplomatie malienne continuera de jouer le r\u00f4le crucial qui est le sien dans la d\u00e9fense des int\u00e9r\u00eats strat\u00e9giques de notre pays.<\/p>\n\n\n\n<p>Port\u00e9 par l&rsquo;Axe 7 du Plan d&rsquo;Action 2025-2026, elle poursuivra ses efforts pour d\u00e9construire les narratifs erron\u00e9s et les st\u00e9r\u00e9otypes hostiles \u00e0 notre pays. En parall\u00e8le, la diplomatie malienne s&#8217;emploiera activement \u00e0 renforcer et diversifier nos relations de partenariat dans le strict respect de l&rsquo;article 34 de la Constitution du 22 Juillet 2023, aux termes duquel \u00ab\u00a0L&rsquo;action publique est guid\u00e9e par les principes fond\u00e9s sur le respect de la souverainet\u00e9 de l&rsquo;Etat, les choix souverains du Peuple et la d\u00e9fense de ses int\u00e9r\u00eats\u00a0\u00bb.<\/p>\n\n\n\n<p>Sous l&rsquo;impulsion de Son Excellence le G\u00e9n\u00e9ral Assimi Go\u00efta, Pr\u00e9sident de la Transition, Chef de l&rsquo;Etat, le Gouvernement s&rsquo;attellera au rayonnement continu du Mali dans la sous-r\u00e9gion et sur la sc\u00e8ne internationale.<\/p>\n\n\n\n<p>Aujourd&rsquo;hui, l&rsquo;av\u00e8nement de la Conf\u00e9d\u00e9ration des Etats du Sahel (AES) et la formulation par nos trois pays, d&rsquo;une position commune sur les grandes questions r\u00e9gionales et mondiales constituent un motif d&rsquo;esp\u00e9rance pour les Peuples du Sahel.<\/p>\n\n\n\n<p>A cet effet, notre diplomatie s&rsquo;attellera \u00e0 maintenir et \u00e0 impulser cette dynamique dans le cadre de la mise en \u0153uvre de la feuille de route de la Conf\u00e9d\u00e9ration, conform\u00e9ment aux aspirations profondes des peuples de notre espace commun. Elle entend fortement contribuer au renforcement du m\u00e9canisme de coordination, afin de mieux porter les voix de notre pays et de l&rsquo;AES.<\/p>\n\n\n\n<p>Par ailleurs, l&rsquo;outil diplomatique redoublera d&rsquo;efforts dans le cadre de la mobilisation des ressources financi\u00e8res \u00e0 travers les conventions et accords de partenariat, pour le financement des projets prioritaires. De m\u00eame, il assurera le suivi de la promotion et du placement des cadres maliens dans les organisations internationales.<\/p>\n\n\n\n<p>Du haut de cette tribune, il me pla\u00eet de saluer les Maliens \u00e9tablis \u00e0 l&rsquo;ext\u00e9rieur qui contribuent substantiellement au d\u00e9veloppement socio\u00e9conomique de notre pays. Cela se mat\u00e9rialise \u00e0 travers leurs nombreuses contributions mat\u00e9rielles, financi\u00e8res et acad\u00e9miques pour notre pays.<\/p>\n\n\n\n<p>En 2023, les transferts d&rsquo;argent de notre diaspora \u00e9taient estim\u00e9s \u00e0 700 milliards de francs CFA, soit 5,6% du PIB.<\/p>\n\n\n\n<p>A cet \u00e9gard, le Gouvernement poursuivra, dans le plan d&rsquo;action 2025-2026, ses efforts, dans la mobilisation et la valorisation de leur apport, la promotion du cod\u00e9veloppement et l&rsquo;investissement productif, la mise en place d&rsquo;un m\u00e9canisme d&rsquo;accompagnement des projets porteurs, l&rsquo;am\u00e9lioration de leur condition de vie, \u00e0 travers l&rsquo;acc\u00e8s rapide aux documents administratifs et le renforcement de l&rsquo;assistance \u00e0 leur endroit.<\/p>\n\n\n\n<p>La cr\u00e9ation de conditions pour des \u00e9lections transparentes et apais\u00e9es occupera une place importante dans l&rsquo;action gouvernementale. Dans un pays qui se remet d&rsquo;une d\u00e9cennie de crise multidimensionnelle, nous ne m\u00e9nagerons aucun effort pour \u00e9viter \u00e0 notre pays une crise \u00e9lectorale. Cette pr\u00e9occupation nous oblige \u00e0 prendre de mani\u00e8re rigoureuse, avant toute \u00e9lection, les dispositions politiques, s\u00e9curitaires et techniques idoines. C&rsquo;est pourquoi, le Gouvernement compte accorder une attention particuli\u00e8re \u00e0 l&rsquo;\u00e9laboration et la consolidation de l&rsquo;arsenal juridique y aff\u00e9rent.<\/p>\n\n\n\n<p>A cet effet, le processus d&rsquo;\u00e9laboration et de mise \u00e0 jour des projets de textes de lois et instruments relatifs aux questions \u00e9lectorales se poursuivra, en collaboration \u00e9troite avec l&rsquo;Autorit\u00e9 Ind\u00e9pendante de Gestion des Elections (AIGE).<\/p>\n\n\n\n<p>Honorable Pr\u00e9sident du Conseil National de Transition ;<\/p>\n\n\n\n<p>Honorables membres du Conseil National de Transition,<\/p>\n\n\n\n<p>&nbsp;Nous voil\u00e0 aux termes de la pr\u00e9sentation du Plan d&rsquo;Action \u00e9labor\u00e9 par le Gouvernement sur la p\u00e9riode 2025-2026.<\/p>\n\n\n\n<p>Ce plan, sans \u00eatre exhaustif, car limit\u00e9 dans le temps, recense la majeure partie des pr\u00e9occupations l\u00e9gitimes soulev\u00e9es par le peuple malien.&nbsp;&nbsp;Au-del\u00e0 des obstacles financiers, mat\u00e9riels et s\u00e9curitaires qui se dresseront sur notre chemin, je voudrais vous assurer, sans aucune ambigu\u00eft\u00e9, Monsieur le Pr\u00e9sident du Conseil National de Transition, que mes actions et celles des membres du Gouvernement s&rsquo;inscriront, sous le leadership \u00e9clair\u00e9 du Pr\u00e9sident de la Transition, Chef de l&rsquo;Etat, dans la mise en \u0153uvre, \u00e0 un bon niveau des actions retenues, et cela, en tenant compte de 3 principes fondamentaux : la responsabilit\u00e9, la redevabilit\u00e9 et l&rsquo;exemplarit\u00e9, et en formulant un v\u0153u.<\/p>\n\n\n\n<p>La responsabilit\u00e9 requiert des membres du Gouvernement de ne pas prendre des engagements qu&rsquo;on ne peut tenir mais aussi de continuer \u00e0 respecter les engagements d\u00e9j\u00e0 souscrits. Elle nous exhorte \u00e0 faire pr\u00e9valoir la transparence et convaincre les Maliens et les Maliennes de la pertinence des choix du Gouvernement.<\/p>\n\n\n\n<p>La redevabilit\u00e9 exige des membres du Gouvernement de rendre compte des actions r\u00e9alis\u00e9es. Dans ce cadre, des rapports issus des diff\u00e9rentes \u00e9valuations du Plan d&rsquo;Action du Gouvernement, conform\u00e9ment \u00e0 l&rsquo;article 16 de la Charte de la Transition, feront l&rsquo;objet de transmission au Conseil National de Transition. Les citoyennes et citoyens seront r\u00e9guli\u00e8rement inform\u00e9s \u00e0 travers une communication active, sur l&rsquo;\u00e9tat d&rsquo;avancement du Plan d&rsquo;Action du Gouvernement. L&rsquo;exemplarit\u00e9 oblige le Gouvernement au respect des vertus de rigueur, d&rsquo;humilit\u00e9, du travail bien fait et \u00e0 avoir le souci constant de la rationalit\u00e9 et de l&rsquo;efficience dans la gestion des fonds publics.<\/p>\n\n\n\n<p>Quel que soit la pertinence d&rsquo;un plan, aucune r\u00e9ussite ne sera possible dans la haine destructrice et la division, c&rsquo;est tout le sens de la phrase par laquelle, Son Excellence le G\u00e9n\u00e9ral d&rsquo;Arm\u00e9e Assimi Go\u00efta, Pr\u00e9sident de la Transition, Chef de l&rsquo;Etat termine ses allocutions \u00ab\u00a0Ensemble, nous ferons le Malikura. Que Dieu fasse que la coh\u00e9sion et l&rsquo;entente nationales soient renforc\u00e9es dans notre pays\u00bb.<\/p>\n\n\n\n<p>Honorable Pr\u00e9sident du Conseil National de Transition ;<\/p>\n\n\n\n<p>Honorables membres du Conseil National de Transition,<\/p>\n\n\n\n<p>&nbsp;Telle est, en substance, l&rsquo;\u00e9conomie des grandes lignes du Plan d&rsquo;Action du Gouvernement pour la p\u00e9riode 2025-2026 que je vous soumets, au nom de l&rsquo;ensemble des membres du Gouvernement, et pour lequel je sollicite votre approbation. Que Dieu b\u00e9nisse le Mali et pr\u00e9serve les Maliens\u00a0\u00bb.<\/p>\n\n\n\n<p><strong>&nbsp;XXxxx<\/strong><\/p>\n\n\n\n<p><strong>Le Programme d&rsquo;Action du Gouvernement approuv\u00e9<\/strong><\/p>\n\n\n\n<p>Le Programme d&rsquo;Action du Gouvernement a \u00e9t\u00e9 approuv\u00e9 le lundi soir, 19 mai 2025 \u00e0 l&rsquo;unanimit\u00e9, avec 128 voix pour, 0 contre et 0 abstention.<\/p>\n\n\n\n<p>Le Premier ministre, le G\u00e9n\u00e9ral de Division Abdoulaye Ma\u00efga, s&rsquo;est soumis aux questions des membres du Conseil National de Transition ce jour-l\u00e0 au CICB. Pendant plus de huit heures, le Premier ministre a tenu en haleine les honorables membres du CNT sur plus de 300 questions relatives aux huit axes de la lettre de cadrage, sur lesquels sont structur\u00e9s les domaines d&rsquo;intervention du Programme d&rsquo;Action du Gouvernement pr\u00e9sent\u00e9 le vendredi 16 mai 2025.<\/p>\n\n\n\n<p>Des risques d&rsquo;inondations \u00e0 l&#8217;emploi des jeunes, en passant par la s\u00e9curisation des personnes et de leurs biens ainsi que le financement du PAG, les membres du CNT ont soulev\u00e9 des pr\u00e9occupations d&rsquo;envergure nationale, avec comme objectif principal la satisfaction des besoins des populations, dans un contexte marqu\u00e9 par une place importante occup\u00e9e par le Mali sur les plans r\u00e9gional et international.<\/p>\n\n\n\n<p>Le Premier ministre, dans ses \u00e9l\u00e9ments de r\u00e9ponse, a apport\u00e9 des \u00e9claircissements satisfaisants aux inqui\u00e9tudes formul\u00e9es, selon le Pr\u00e9sident du Conseil National de Transition, Malick Diaw, sous les acclamations des membres du CNT.<\/p>\n\n\n\n<p>Le Chef du gouvernement a rendu un vibrant hommage aux membres du CNT pour leur sens \u00e9lev\u00e9 du devoir, reflet de la vitalit\u00e9 du processus de transition. Il a salu\u00e9 le courage et la r\u00e9silience du peuple malien et a invit\u00e9 l&rsquo;ensemble des Maliens \u00e0 faire l&rsquo;union sacr\u00e9e autour de nos forces de d\u00e9fense et de s\u00e9curit\u00e9. \u00ab\u00a0Ce PAG est la preuve d&rsquo;une d\u00e9mocratie vivante, un socle commun, un pacte r\u00e9publicain qui nous engage tous\u00a0\u00bb, a conclu le G\u00e9n\u00e9ral de Division avec son tout nouveau Programme d&rsquo;Action du Gouvernement, qu&rsquo;il ne lui reste plus qu&rsquo;\u00e0 mettre en \u0153uvre.&nbsp;&nbsp;&nbsp;&nbsp;&nbsp;&nbsp;&nbsp;&nbsp;&nbsp;&nbsp;&nbsp;&nbsp;&nbsp;&nbsp;&nbsp;&nbsp;&nbsp;&nbsp;&nbsp;&nbsp;&nbsp;&nbsp;&nbsp;&nbsp;&nbsp;&nbsp;&nbsp;&nbsp;&nbsp;&nbsp;&nbsp;&nbsp;&nbsp;&nbsp;&nbsp;&nbsp;&nbsp;&nbsp;&nbsp;&nbsp;&nbsp;&nbsp;&nbsp;&nbsp;&nbsp;&nbsp;&nbsp;&nbsp;&nbsp;&nbsp;&nbsp;&nbsp;&nbsp;&nbsp;&nbsp;&nbsp;&nbsp;&nbsp;&nbsp;&nbsp;&nbsp;&nbsp;&nbsp;&nbsp;&nbsp;&nbsp;&nbsp;&nbsp;&nbsp;&nbsp;&nbsp;&nbsp;&nbsp;&nbsp;&nbsp;&nbsp;&nbsp;&nbsp;&nbsp;&nbsp;&nbsp;&nbsp;&nbsp;&nbsp;&nbsp;&nbsp;&nbsp;&nbsp;&nbsp;&nbsp;&nbsp;&nbsp;&nbsp;&nbsp;&nbsp;&nbsp;&nbsp;&nbsp;&nbsp;&nbsp;&nbsp;&nbsp;&nbsp;&nbsp;&nbsp;&nbsp;&nbsp;&nbsp;&nbsp;&nbsp;&nbsp;&nbsp;&nbsp;&nbsp;&nbsp;&nbsp;&nbsp;&nbsp;&nbsp;&nbsp;&nbsp;&nbsp;&nbsp;&nbsp;&nbsp;&nbsp;&nbsp;&nbsp;&nbsp;&nbsp;&nbsp;&nbsp;<\/p>\n\n\n\n<p><strong>&nbsp;&nbsp;CCRP<\/strong><\/p>\n","protected":false},"excerpt":{"rendered":"<p>Promesse du pur bonheur aux populations et compatriotes ? Certes, l&rsquo;opinion globale s&rsquo;attendait, sans le moindre doute, au passage comme d&rsquo;une lettre \u00e0 la poste du Plan d&rsquo;action du gouvernement,&hellip;<\/p>\n","protected":false},"author":1,"featured_media":22216,"comment_status":"open","ping_status":"open","sticky":false,"template":"","format":"standard","meta":{"content-type":"","_lmt_disableupdate":"","_lmt_disable":"","_jetpack_memberships_contains_paid_content":false,"footnotes":"","jetpack_publicize_message":"","jetpack_publicize_feature_enabled":true,"jetpack_social_post_already_shared":true,"jetpack_social_options":{"image_generator_settings":{"template":"highway","default_image_id":0,"font":"","enabled":false},"version":2}},"categories":[19,74],"tags":[],"class_list":["post-22215","post","type-post","status-publish","format-standard","has-post-thumbnail","hentry","category-aujourdhui-mali","category-nation"],"jetpack_publicize_connections":[],"featured_image_urls":{"full":["https:\/\/nandi.info\/wp-content\/uploads\/2025\/05\/Abdoulaye-Maiga-1.jpg",870,580,false],"thumbnail":["https:\/\/nandi.info\/wp-content\/uploads\/2025\/05\/Abdoulaye-Maiga-1-150x150.jpg",150,150,true],"medium":["https:\/\/nandi.info\/wp-content\/uploads\/2025\/05\/Abdoulaye-Maiga-1-300x200.jpg",300,200,true],"medium_large":["https:\/\/nandi.info\/wp-content\/uploads\/2025\/05\/Abdoulaye-Maiga-1-768x512.jpg",768,512,true],"large":["https:\/\/nandi.info\/wp-content\/uploads\/2025\/05\/Abdoulaye-Maiga-1.jpg",870,580,false],"1536x1536":["https:\/\/nandi.info\/wp-content\/uploads\/2025\/05\/Abdoulaye-Maiga-1.jpg",870,580,false],"2048x2048":["https:\/\/nandi.info\/wp-content\/uploads\/2025\/05\/Abdoulaye-Maiga-1.jpg",870,580,false],"penci-recipe-1200x1200":["https:\/\/nandi.info\/wp-content\/uploads\/2025\/05\/Abdoulaye-Maiga-1.jpg",870,580,false],"penci-recipe-1200x900":["https:\/\/nandi.info\/wp-content\/uploads\/2025\/05\/Abdoulaye-Maiga-1.jpg",870,580,false],"penci-recipe-1200x675":["https:\/\/nandi.info\/wp-content\/uploads\/2025\/05\/Abdoulaye-Maiga-1.jpg",870,580,false],"penci-single-full":["https:\/\/nandi.info\/wp-content\/uploads\/2025\/05\/Abdoulaye-Maiga-1.jpg",870,580,false],"penci-slider-full-thumb":["https:\/\/nandi.info\/wp-content\/uploads\/2025\/05\/Abdoulaye-Maiga-1.jpg",870,580,false],"penci-full-thumb":["https:\/\/nandi.info\/wp-content\/uploads\/2025\/05\/Abdoulaye-Maiga-1.jpg",870,580,false],"penci-slider-thumb":["https:\/\/nandi.info\/wp-content\/uploads\/2025\/05\/Abdoulaye-Maiga-1.jpg",870,580,false],"penci-magazine-slider":["https:\/\/nandi.info\/wp-content\/uploads\/2025\/05\/Abdoulaye-Maiga-1-780x516.jpg",780,516,true],"penci-thumb":["https:\/\/nandi.info\/wp-content\/uploads\/2025\/05\/Abdoulaye-Maiga-1-585x390.jpg",585,390,true],"penci-masonry-thumb":["https:\/\/nandi.info\/wp-content\/uploads\/2025\/05\/Abdoulaye-Maiga-1-585x390.jpg",585,390,true],"penci-thumb-square":["https:\/\/nandi.info\/wp-content\/uploads\/2025\/05\/Abdoulaye-Maiga-1-585x580.jpg",585,580,true],"penci-thumb-vertical":["https:\/\/nandi.info\/wp-content\/uploads\/2025\/05\/Abdoulaye-Maiga-1-480x580.jpg",480,580,true],"penci-thumb-small":["https:\/\/nandi.info\/wp-content\/uploads\/2025\/05\/Abdoulaye-Maiga-1-263x175.jpg",263,175,true]},"author_info":{"display_name":"Nandi","author_link":"https:\/\/nandi.info\/?author=1"},"category_info":"<a href=\"https:\/\/nandi.info\/?cat=19\" rel=\"category\">Aujourd\u2019hui Mali<\/a> <a href=\"https:\/\/nandi.info\/?cat=74\" rel=\"category\">Nation<\/a>","tag_info":"Nation","comment_count":"0","jetpack_featured_media_url":"https:\/\/nandi.info\/wp-content\/uploads\/2025\/05\/Abdoulaye-Maiga-1.jpg","jetpack_sharing_enabled":true,"_links":{"self":[{"href":"https:\/\/nandi.info\/index.php?rest_route=\/wp\/v2\/posts\/22215","targetHints":{"allow":["GET"]}}],"collection":[{"href":"https:\/\/nandi.info\/index.php?rest_route=\/wp\/v2\/posts"}],"about":[{"href":"https:\/\/nandi.info\/index.php?rest_route=\/wp\/v2\/types\/post"}],"author":[{"embeddable":true,"href":"https:\/\/nandi.info\/index.php?rest_route=\/wp\/v2\/users\/1"}],"replies":[{"embeddable":true,"href":"https:\/\/nandi.info\/index.php?rest_route=%2Fwp%2Fv2%2Fcomments&post=22215"}],"version-history":[{"count":2,"href":"https:\/\/nandi.info\/index.php?rest_route=\/wp\/v2\/posts\/22215\/revisions"}],"predecessor-version":[{"id":22219,"href":"https:\/\/nandi.info\/index.php?rest_route=\/wp\/v2\/posts\/22215\/revisions\/22219"}],"wp:featuredmedia":[{"embeddable":true,"href":"https:\/\/nandi.info\/index.php?rest_route=\/wp\/v2\/media\/22216"}],"wp:attachment":[{"href":"https:\/\/nandi.info\/index.php?rest_route=%2Fwp%2Fv2%2Fmedia&parent=22215"}],"wp:term":[{"taxonomy":"category","embeddable":true,"href":"https:\/\/nandi.info\/index.php?rest_route=%2Fwp%2Fv2%2Fcategories&post=22215"},{"taxonomy":"post_tag","embeddable":true,"href":"https:\/\/nandi.info\/index.php?rest_route=%2Fwp%2Fv2%2Ftags&post=22215"}],"curies":[{"name":"wp","href":"https:\/\/api.w.org\/{rel}","templated":true}]}}