{"id":22212,"date":"2025-05-24T15:05:52","date_gmt":"2025-05-24T13:05:52","guid":{"rendered":"https:\/\/nandi.info\/?p=22212"},"modified":"2025-05-30T15:44:20","modified_gmt":"2025-05-30T13:44:20","slug":"nomination-abdoul-aziz-aguissa-un-pilier-de-ladministration-malienne-a-la-tete-du-bureau-du-verificateur-general","status":"publish","type":"post","link":"https:\/\/nandi.info\/?p=22212","title":{"rendered":"Nomination\u00a0: Abdoul Aziz AGUISSA, un pilier de l\u2019administration malienne \u00e0 la t\u00eate du bureau du v\u00e9rificateur g\u00e9n\u00e9ral"},"content":{"rendered":"\n<h2 class=\"wp-block-heading\"><strong>Haut fonctionnaire de l\u2019Administration malienne, homme rompu \u00e0 la t\u00e2che, M. AGUISSA prend les rennes du Bureau du V\u00e9rificateur G\u00e9n\u00e9ral pour un mandat de 7 ans avec la redoutable mission de surveiller la gestion des fonds publics.<\/strong><\/h2>\n\n\n\n<figure class=\"wp-block-image alignright size-large is-resized\"><img fetchpriority=\"high\" decoding=\"async\" width=\"1024\" height=\"731\" src=\"https:\/\/nandi.info\/wp-content\/uploads\/2025\/05\/Abdoul-Aziz-AGUISSA-1024x731.jpg\" alt=\"\" class=\"wp-image-22213\" style=\"width:424px;height:auto\" srcset=\"https:\/\/nandi.info\/wp-content\/uploads\/2025\/05\/Abdoul-Aziz-AGUISSA-1024x731.jpg 1024w, https:\/\/nandi.info\/wp-content\/uploads\/2025\/05\/Abdoul-Aziz-AGUISSA-300x214.jpg 300w, https:\/\/nandi.info\/wp-content\/uploads\/2025\/05\/Abdoul-Aziz-AGUISSA-768x548.jpg 768w, https:\/\/nandi.info\/wp-content\/uploads\/2025\/05\/Abdoul-Aziz-AGUISSA-585x418.jpg 585w, https:\/\/nandi.info\/wp-content\/uploads\/2025\/05\/Abdoul-Aziz-AGUISSA.jpg 1034w\" sizes=\"(max-width: 1024px) 100vw, 1024px\" \/><\/figure>\n\n\n\n<p><strong>Le nouveau V\u00e9rificateur G\u00e9n\u00e9ral du Mali, Monsieur Abdoul Aziz AGUISSA, a \u00e9t\u00e9 nomm\u00e9 le 16 mai 2025 par le G\u00e9n\u00e9ral d\u2019arm\u00e9e Assimi GOITA, Pr\u00e9sident de la Transition, Chef de l\u2019Etat, <\/strong><strong>a pr\u00eat\u00e9 serment ce vendredi 23 mai devant la Cour.<\/strong><\/p>\n\n\n\n<h2 class=\"wp-block-heading has-text-align-center\"><strong>Biographie de M. Abdoul Aziz AGUISSA<\/strong><\/h2>\n\n\n\n<p>Administrateur civil et membre du Corps pr\u00e9fectoral, M. AGUISSA n\u2019est pas un inconnu au sein du Bureau du V\u00e9rificateur G\u00e9n\u00e9ral (BVG). Avant sa nomination, il occupait le poste de Secr\u00e9taire G\u00e9n\u00e9ral du BVG, ce qui lui a conf\u00e9r\u00e9 une connaissance approfondie des m\u00e9canismes de contr\u00f4le et des enjeux li\u00e9s \u00e0 la gestion des ressources publiques au Mali. Son exp\u00e9rience au sein du BVG et sa connaissance des rouages de l\u2019administration malienne seront des atouts majeurs pour lui permettre de contribuer \u00e0 renforcer la transparence et l\u2019int\u00e9grit\u00e9 dans la gestion des finances publiques. Sa nomination \u00e0 ce poste prestigieux, suite \u00e0 un appel \u00e0 candidatures, intervient dans un contexte de lutte acharn\u00e9e engag\u00e9e par les plus hautes autorit\u00e9s de notre Pays contre la corruption et la d\u00e9linquance \u00e9conomique et financi\u00e8re.<\/p>\n\n\n\n<p>Le nouveau V\u00e9rificateur G\u00e9n\u00e9ral est titulaire d\u2019un Doctorat en droit public obtenu en 2014 \u00e0 l\u2019Universit\u00e9 de Grenoble Alpes de Grenoble en France qu\u2019il a soutenu sur le Th\u00e8me : \u00ab Les r\u00e9formes institutionnelles maliennes face aux enjeux de la bonne gouvernance. De la gouvernance d\u2019identification \u00e0 la gouvernance d\u2019appropriation \u00bb. Auparavant, Monsieur AGUISSA a obtenu&nbsp;en 2002, un Dipl\u00f4me en Administration et Institutions du Cycle International d\u2019Administration Publique de l\u2019\u00c9cole Nationale d\u2019Administration (ENA) de Paris&nbsp;; un Dipl\u00f4me d\u2019Etudes Sup\u00e9rieures Sp\u00e9cialis\u00e9es (DESS) en Administration et Gestion Publique \u00e0 l\u2019Universit\u00e9 Paris I \u2013 Panth\u00e9on \u2013 Sorbonne en France. Il est aussi titulaire d\u2019un Dipl\u00f4me de Ma\u00eetrise de l\u2019\u00c9cole Nationale d\u2019Administration (ENA) du Mali &#8211; s\u00e9rie Administration Publique, obtenu en 1992.<\/p>\n\n\n\n<p>Monsieur Abdoul Aziz AGUISSA est un homme d\u2019exp\u00e9rience qui a fait son int\u00e9gration dans la fonction publique malienne en octobre 1994 en tant qu\u2019Administrateur Civil \u00e0 la Direction Nationale de l\u2019Administration Territoriale, charg\u00e9 de traiter les dossiers relatifs \u00e0 l\u2019organisation g\u00e9n\u00e9rale du territoire, aux conflits fonciers, \u00e0 la vie associative, aux probl\u00e8mes frontaliers, \u00e0 la d\u00e9centralisation, \u00e0 l\u2019\u00e9tat civil, \u00e0 la valeur juridique des actes administratifs et au contentieux administratif. &nbsp;Il est ensuite nomm\u00e9 en mars 1997 comme Chef d\u2019Arrondissement de Kons\u00e9guela (Cercle de Koutiala-Sikasso, Mali), charg\u00e9 de repr\u00e9senter l\u2019\u00c9tat et de concevoir des strat\u00e9gies appropri\u00e9es de participation active des populations aux objectifs de d\u00e9veloppement de l\u2019Arrondissement. De novembre 2000 \u00e0 septembre 2001, il est D\u00e9l\u00e9gu\u00e9 du Gouvernement (Deuxi\u00e8me Adjoint au Pr\u00e9fet et Sous-pr\u00e9fet central) dans les Communes de Kolokani, Guilhoyo, Sebecoro I et Tioribougou (Cercle de Kolokani \u2013 R\u00e9gion de Koulikoro, Mali) charg\u00e9 de repr\u00e9senter l\u2019Etat et d\u2019apporter l\u2019appui conseil aux Communes dans les domaines administratif et budg\u00e9taire ainsi qu\u2019en mati\u00e8re de mobilisation des populations autour des objectifs de d\u00e9veloppement.<\/p>\n\n\n\n<p>En f\u00e9vrier 2003, M. Abdoul Aziz AGUISSA int\u00e8gre le Commissariat au D\u00e9veloppement Institutionnel (CDI) comme cadre charg\u00e9 de contribuer \u00e0 am\u00e9liorer les techniques de d\u00e9centralisation et de d\u00e9concentration, \u00e0 travers des actions normatives et d\u2019\u00e9laboration d\u2019outils d\u2019aide \u00e0 la d\u00e9cision et d\u2019appuyer les d\u00e9partements minist\u00e9riels dans la rationalisation des proc\u00e9dures administratives et des structures publiques, objet des r\u00e9formes institutionnelles. C\u2019est en mars 2005 qu\u2019il est promu Responsable de l\u2019Unit\u00e9 Gouvernance du CDI avant d\u2019\u00eatre nomm\u00e9 Commissaire Adjoint au D\u00e9veloppement Institutionnel en janvier 2009, charg\u00e9 d\u2019assurer l\u2019\u00e9laboration et le suivi de la mise en \u0153uvre des programmes d\u2019activit\u00e9s du service et des notes conceptuelles et d\u2019assurer la coordination des activit\u00e9s des d\u00e9partements du CDI. Comme Commissaire Adjoint, il a su contribuer \u00e0 la mise en \u0153uvre des activit\u00e9s du Plan Op\u00e9rationnel du Programme de D\u00e9veloppement Institutionnel (PDI).<\/p>\n\n\n\n<p>De f\u00e9vrier 2012 \u00e0 sa nomination comme V\u00e9rificateur G\u00e9n\u00e9ral, M AGUISSA a occup\u00e9 le poste de Secr\u00e9taire G\u00e9n\u00e9ral du Bureau du V\u00e9rificateur G\u00e9n\u00e9ral. Sous l\u2019autorit\u00e9 des V\u00e9rificateurs G\u00e9n\u00e9raux M. Amadou Ousmane TOURE et M. Samba Alhamdou BABY, il a assur\u00e9 la coordination et le suivi des activit\u00e9s administratives du Bureau du V\u00e9rificateur G\u00e9n\u00e9ral, particip\u00e9 \u00e0 la finalisation de rapports sectoriels de v\u00e9rification financi\u00e8re et de conformit\u00e9, de performance, de suivi des recommandations et d\u2019\u00e9valuation de politiques publiques. Il a aussi dirig\u00e9 et de coordonn\u00e9 les travaux de r\u00e9daction et de finalisation de plusieurs rapports annuels, les travaux de r\u00e9daction et de finalisation des rapports bilans 2011-2018 et 2018-2025 de ces deux V\u00e9rificateurs G\u00e9n\u00e9raux.<\/p>\n\n\n\n<p>C&rsquo;est \u00e0 ce grand commis de l\u2019Etat que le Chef de l\u2019Etat a confi\u00e9 le destin du Bureau du V\u00e9rificateur G\u00e9n\u00e9ral pour les 7 ann\u00e9es \u00e0 venir.<\/p>\n\n\n\n<p>Nous lui souhaitons plein succ\u00e8s&nbsp;!<\/p>\n\n\n\n<p><\/p>\n\n\n\n<p><\/p>\n\n\n\n<p><\/p>\n\n\n\n<p><\/p>\n\n\n\n<p><\/p>\n\n\n\n<p><\/p>\n\n\n\n<p><\/p>\n\n\n\n<p><\/p>\n\n\n\n<p><\/p>\n\n\n\n<p><\/p>\n\n\n\n<p><\/p>\n\n\n\n<p><strong>BVG<\/strong><\/p>\n\n\n\n<p><\/p>\n","protected":false},"excerpt":{"rendered":"<p>Haut fonctionnaire de l\u2019Administration malienne, homme rompu \u00e0 la t\u00e2che, M. AGUISSA prend les rennes du Bureau du V\u00e9rificateur G\u00e9n\u00e9ral pour un mandat de 7 ans avec la redoutable mission&hellip;<\/p>\n","protected":false},"author":1,"featured_media":22213,"comment_status":"open","ping_status":"open","sticky":false,"template":"","format":"standard","meta":{"content-type":"","_lmt_disableupdate":"","_lmt_disable":"","_jetpack_memberships_contains_paid_content":false,"footnotes":"","jetpack_publicize_message":"","jetpack_publicize_feature_enabled":true,"jetpack_social_post_already_shared":true,"jetpack_social_options":{"image_generator_settings":{"template":"highway","default_image_id":0,"font":"","enabled":false},"version":2}},"categories":[43,54,23,82],"tags":[],"class_list":["post-22212","post","type-post","status-publish","format-standard","has-post-thumbnail","hentry","category-nandi-info","category-nominations","category-politique","category-verificateur-general"],"jetpack_publicize_connections":[],"featured_image_urls":{"full":["https:\/\/nandi.info\/wp-content\/uploads\/2025\/05\/Abdoul-Aziz-AGUISSA.jpg",1034,738,false],"thumbnail":["https:\/\/nandi.info\/wp-content\/uploads\/2025\/05\/Abdoul-Aziz-AGUISSA-150x150.jpg",150,150,true],"medium":["https:\/\/nandi.info\/wp-content\/uploads\/2025\/05\/Abdoul-Aziz-AGUISSA-300x214.jpg",300,214,true],"medium_large":["https:\/\/nandi.info\/wp-content\/uploads\/2025\/05\/Abdoul-Aziz-AGUISSA-768x548.jpg",768,548,true],"large":["https:\/\/nandi.info\/wp-content\/uploads\/2025\/05\/Abdoul-Aziz-AGUISSA-1024x731.jpg",1024,731,true],"1536x1536":["https:\/\/nandi.info\/wp-content\/uploads\/2025\/05\/Abdoul-Aziz-AGUISSA.jpg",1034,738,false],"2048x2048":["https:\/\/nandi.info\/wp-content\/uploads\/2025\/05\/Abdoul-Aziz-AGUISSA.jpg",1034,738,false],"penci-recipe-1200x1200":["https:\/\/nandi.info\/wp-content\/uploads\/2025\/05\/Abdoul-Aziz-AGUISSA.jpg",1034,738,false],"penci-recipe-1200x900":["https:\/\/nandi.info\/wp-content\/uploads\/2025\/05\/Abdoul-Aziz-AGUISSA.jpg",1034,738,false],"penci-recipe-1200x675":["https:\/\/nandi.info\/wp-content\/uploads\/2025\/05\/Abdoul-Aziz-AGUISSA-1034x675.jpg",1034,675,true],"penci-single-full":["https:\/\/nandi.info\/wp-content\/uploads\/2025\/05\/Abdoul-Aziz-AGUISSA.jpg",1034,738,false],"penci-slider-full-thumb":["https:\/\/nandi.info\/wp-content\/uploads\/2025\/05\/Abdoul-Aziz-AGUISSA.jpg",1034,738,false],"penci-full-thumb":["https:\/\/nandi.info\/wp-content\/uploads\/2025\/05\/Abdoul-Aziz-AGUISSA.jpg",1034,738,false],"penci-slider-thumb":["https:\/\/nandi.info\/wp-content\/uploads\/2025\/05\/Abdoul-Aziz-AGUISSA-1034x663.jpg",1034,663,true],"penci-magazine-slider":["https:\/\/nandi.info\/wp-content\/uploads\/2025\/05\/Abdoul-Aziz-AGUISSA-780x516.jpg",780,516,true],"penci-thumb":["https:\/\/nandi.info\/wp-content\/uploads\/2025\/05\/Abdoul-Aziz-AGUISSA-585x390.jpg",585,390,true],"penci-masonry-thumb":["https:\/\/nandi.info\/wp-content\/uploads\/2025\/05\/Abdoul-Aziz-AGUISSA-585x418.jpg",585,418,true],"penci-thumb-square":["https:\/\/nandi.info\/wp-content\/uploads\/2025\/05\/Abdoul-Aziz-AGUISSA-585x585.jpg",585,585,true],"penci-thumb-vertical":["https:\/\/nandi.info\/wp-content\/uploads\/2025\/05\/Abdoul-Aziz-AGUISSA-480x650.jpg",480,650,true],"penci-thumb-small":["https:\/\/nandi.info\/wp-content\/uploads\/2025\/05\/Abdoul-Aziz-AGUISSA-263x175.jpg",263,175,true]},"author_info":{"display_name":"Nandi","author_link":"https:\/\/nandi.info\/?author=1"},"category_info":"<a href=\"https:\/\/nandi.info\/?cat=43\" rel=\"category\">Nandi.info<\/a> <a href=\"https:\/\/nandi.info\/?cat=54\" rel=\"category\">Nominations<\/a> <a href=\"https:\/\/nandi.info\/?cat=23\" rel=\"category\">Politique<\/a> <a href=\"https:\/\/nandi.info\/?cat=82\" rel=\"category\">V\u00e9rificateur G\u00e9n\u00e9ral<\/a>","tag_info":"V\u00e9rificateur G\u00e9n\u00e9ral","comment_count":"0","jetpack_featured_media_url":"https:\/\/nandi.info\/wp-content\/uploads\/2025\/05\/Abdoul-Aziz-AGUISSA.jpg","jetpack_sharing_enabled":true,"_links":{"self":[{"href":"https:\/\/nandi.info\/index.php?rest_route=\/wp\/v2\/posts\/22212","targetHints":{"allow":["GET"]}}],"collection":[{"href":"https:\/\/nandi.info\/index.php?rest_route=\/wp\/v2\/posts"}],"about":[{"href":"https:\/\/nandi.info\/index.php?rest_route=\/wp\/v2\/types\/post"}],"author":[{"embeddable":true,"href":"https:\/\/nandi.info\/index.php?rest_route=\/wp\/v2\/users\/1"}],"replies":[{"embeddable":true,"href":"https:\/\/nandi.info\/index.php?rest_route=%2Fwp%2Fv2%2Fcomments&post=22212"}],"version-history":[{"count":2,"href":"https:\/\/nandi.info\/index.php?rest_route=\/wp\/v2\/posts\/22212\/revisions"}],"predecessor-version":[{"id":22218,"href":"https:\/\/nandi.info\/index.php?rest_route=\/wp\/v2\/posts\/22212\/revisions\/22218"}],"wp:featuredmedia":[{"embeddable":true,"href":"https:\/\/nandi.info\/index.php?rest_route=\/wp\/v2\/media\/22213"}],"wp:attachment":[{"href":"https:\/\/nandi.info\/index.php?rest_route=%2Fwp%2Fv2%2Fmedia&parent=22212"}],"wp:term":[{"taxonomy":"category","embeddable":true,"href":"https:\/\/nandi.info\/index.php?rest_route=%2Fwp%2Fv2%2Fcategories&post=22212"},{"taxonomy":"post_tag","embeddable":true,"href":"https:\/\/nandi.info\/index.php?rest_route=%2Fwp%2Fv2%2Ftags&post=22212"}],"curies":[{"name":"wp","href":"https:\/\/api.w.org\/{rel}","templated":true}]}}