{"id":22205,"date":"2025-05-23T12:13:00","date_gmt":"2025-05-23T10:13:00","guid":{"rendered":"https:\/\/nandi.info\/?p=22205"},"modified":"2025-05-23T17:21:20","modified_gmt":"2025-05-23T15:21:20","slug":"drepanocytose-lamlud-reaffirme-son-engagement-pour-une-prise-en-charge-de-proximite","status":"publish","type":"post","link":"https:\/\/nandi.info\/?p=22205","title":{"rendered":"Dr\u00e9panocytose : L\u2019AMLUD R\u00e9affirme son engagement pour une prise en charge de proximit\u00e9"},"content":{"rendered":"\n<h2 class=\"wp-block-heading has-text-align-center\">L\u2019AMLUD Appelle \u00e0 la d\u00e9centralisation des soins pour les malades dr\u00e9panocytaires<\/h2>\n\n\n\n<figure class=\"wp-block-image alignright size-large is-resized\"><img fetchpriority=\"high\" decoding=\"async\" width=\"1024\" height=\"768\" src=\"https:\/\/nandi.info\/wp-content\/uploads\/2025\/05\/AMLUD-1024x768.jpg\" alt=\"\" class=\"wp-image-22208\" style=\"width:475px;height:auto\" srcset=\"https:\/\/nandi.info\/wp-content\/uploads\/2025\/05\/AMLUD-1024x768.jpg 1024w, https:\/\/nandi.info\/wp-content\/uploads\/2025\/05\/AMLUD-300x225.jpg 300w, https:\/\/nandi.info\/wp-content\/uploads\/2025\/05\/AMLUD-768x576.jpg 768w, https:\/\/nandi.info\/wp-content\/uploads\/2025\/05\/AMLUD-585x439.jpg 585w, https:\/\/nandi.info\/wp-content\/uploads\/2025\/05\/AMLUD.jpg 1080w\" sizes=\"(max-width: 1024px) 100vw, 1024px\" \/><\/figure>\n\n\n\n<p><strong>Dans le cadre de la Journ\u00e9e Africaine de Lutte contre la Dr\u00e9panocytose, instaur\u00e9e en 1996 par la FALDA (F\u00e9d\u00e9ration des Associations de Lutte contre la Dr\u00e9panocytose en Afrique), l\u2019AMLUD a comm\u00e9mor\u00e9 cette journ\u00e9e le 10 mai 2025 au <\/strong><strong>centre Awa Ke\u00efta, r\u00e9affirmant son engagement dans la lutte contre cette maladie encore trop peu connue du grand public, <\/strong><strong>Plac\u00e9e sous le th\u00e8me&nbsp;:&nbsp;\u00ab&nbsp;Que faut il pour une prise en charge rapproch\u00e9e et adapt\u00e9e au Mali&nbsp;\u00bb.<\/strong><\/p>\n\n\n\n<p class=\"has-drop-cap\"><strong>La dr\u00e9panocytose<\/strong> <strong>est une maladie redoutable, qui continue de faire des ravages silencieux.<\/strong><\/p>\n\n\n\n<p><strong>\u00a0<\/strong>\u00a0Affectant plus de 20 millions de personnes \u00e0 travers le monde<strong>, e<\/strong>lle inflige une douleur chronique et d\u00e9vastatrice \u00e0 ceux qui en souffrent. Cette pathologie impacte chaque aspect de la vie du malade : elle vole l\u2019enfance, affaiblit l\u2019organisme, perturbe la scolarit\u00e9, isole dans la famille, marginalise dans la soci\u00e9t\u00e9, et alt\u00e8re la vie professionnelle. Aucun organe n\u2019est \u00e9pargn\u00e9 a affirm\u00e9 Aguibou Sylla, pr\u00e9sident de AMLUD.<\/p>\n\n\n\n<p>Mme Fatoumata Togola, charg\u00e9e de communication de l\u2019AMLUD, s\u2019exprime sur le th\u00e8me de cette ann\u00e9e consacr\u00e9 \u00e0 la dr\u00e9panocytose :&nbsp; \u00ab&nbsp; Que faut-il pour une prise en charge rapproch\u00e9e et adapt\u00e9e au Mali &nbsp;\u00bb Elle souligne que, bien que certains Centres de Sant\u00e9 de R\u00e9f\u00e9rence (CSREF) assurent d\u00e9j\u00e0 le traitement de cette maladie, celui-ci reste souvent centralis\u00e9. Or, de nombreux patients vivent dans des zones \u00e9loign\u00e9es et n&rsquo;ont pas un acc\u00e8s facile aux soins sp\u00e9cialis\u00e9s. Face \u00e0 cette situation, ils lancent un v\u00e9ritable cri du c\u0153ur pour une meilleure accessibilit\u00e9 et une d\u00e9centralisation effective de la prise en charge de la dr\u00e9panocytose \u00e0 travers le pays.<\/p>\n\n\n\n<h3 class=\"wp-block-heading\" style=\"font-size:16px\"><strong>L\u2019association est engag\u00e9e depuis plus de 30 ans<\/strong><\/h3>\n\n\n\n<p>Fond\u00e9e en 1991 par des personnes directement touch\u00e9es par la maladie, l\u2019AMLUD \u0153uvre depuis plus de 30 ans pour informer, sensibiliser et accompagner les patients atteints de dr\u00e9panocytose au Mali. L\u2019association s\u2019est fix\u00e9e plusieurs objectifs majeurs :<\/p>\n\n\n\n<p>\u2022 Faire sortir la dr\u00e9panocytose de l&rsquo;ombre, pour un Changement de comportement vis-\u00e0-vis des malades dr\u00e9panocytaires et parents afin d` am\u00e9liorer les conditions de vie des dits malades et familles<\/p>\n\n\n\n<p>\u2022 D\u00e9mystifier la dr\u00e9panocytose pour qu`afin les malades soient mieux entretenus.<\/p>\n\n\n\n<p>\u2022 Favoriser la cr\u00e9ation des antennes dans toutes les r\u00e9gions, cercles et communes du Mali et donner la parole aux malades.<\/p>\n\n\n\n<p>\u2022 Informer et former les agents de sant\u00e9 sur la dr\u00e9panocytose et comment g\u00e9rer une crise dr\u00e9panocytaire sur toute l&rsquo;\u00e9tendue du territoire.<\/p>\n\n\n\n<h3 class=\"wp-block-heading\"><strong>Un appel pour une meilleure prise en charge<\/strong><\/h3>\n\n\n\n<p>L\u2019AMLUD plaide pour la d\u00e9centralisation ou, \u00e0 d\u00e9faut, la d\u00e9concentration de la prise en charge m\u00e9dicale des patients dr\u00e9panocytaires, en l\u2019int\u00e9grant aux centres de sant\u00e9 de r\u00e9f\u00e9rence (CSRef), \u00e0 l\u2019image de ce qui est fait pour les diab\u00e9tiques. Cette mesure permettrait une prise en charge rapide, de proximit\u00e9 et \u00e0 moindre co\u00fbt, essentielle pour \u00e9viter des complications graves.<\/p>\n\n\n\n<p>Ainsi, un patient de Kayes, Mopti, Koutiala, M\u00e9naka ou Kidal pourrait b\u00e9n\u00e9ficier des m\u00eames soins que celui de Bamako, contribuant \u00e0 une \u00e9galit\u00e9 d\u2019acc\u00e8s aux soins pour tous les malades, sur l\u2019ensemble du territoire malien.<\/p>\n\n\n\n<p><strong>Oumou Kan\u00e9<\/strong><\/p>\n\n\n\n<p><\/p>\n","protected":false},"excerpt":{"rendered":"<p>L\u2019AMLUD Appelle \u00e0 la d\u00e9centralisation des soins pour les malades dr\u00e9panocytaires Dans le cadre de la Journ\u00e9e Africaine de Lutte contre la Dr\u00e9panocytose, instaur\u00e9e en 1996 par la FALDA (F\u00e9d\u00e9ration&hellip;<\/p>\n","protected":false},"author":1,"featured_media":22208,"comment_status":"open","ping_status":"open","sticky":false,"template":"","format":"standard","meta":{"content-type":"","_lmt_disableupdate":"","_lmt_disable":"","_jetpack_memberships_contains_paid_content":false,"footnotes":"","jetpack_publicize_message":"","jetpack_publicize_feature_enabled":true,"jetpack_social_post_already_shared":true,"jetpack_social_options":{"image_generator_settings":{"template":"highway","default_image_id":0,"font":"","enabled":false},"version":2}},"categories":[43,24],"tags":[],"class_list":["post-22205","post","type-post","status-publish","format-standard","has-post-thumbnail","hentry","category-nandi-info","category-sante"],"jetpack_publicize_connections":[],"featured_image_urls":{"full":["https:\/\/nandi.info\/wp-content\/uploads\/2025\/05\/AMLUD.jpg",1080,810,false],"thumbnail":["https:\/\/nandi.info\/wp-content\/uploads\/2025\/05\/AMLUD-150x150.jpg",150,150,true],"medium":["https:\/\/nandi.info\/wp-content\/uploads\/2025\/05\/AMLUD-300x225.jpg",300,225,true],"medium_large":["https:\/\/nandi.info\/wp-content\/uploads\/2025\/05\/AMLUD-768x576.jpg",768,576,true],"large":["https:\/\/nandi.info\/wp-content\/uploads\/2025\/05\/AMLUD-1024x768.jpg",1024,768,true],"1536x1536":["https:\/\/nandi.info\/wp-content\/uploads\/2025\/05\/AMLUD.jpg",1080,810,false],"2048x2048":["https:\/\/nandi.info\/wp-content\/uploads\/2025\/05\/AMLUD.jpg",1080,810,false],"penci-recipe-1200x1200":["https:\/\/nandi.info\/wp-content\/uploads\/2025\/05\/AMLUD.jpg",1080,810,false],"penci-recipe-1200x900":["https:\/\/nandi.info\/wp-content\/uploads\/2025\/05\/AMLUD.jpg",1080,810,false],"penci-recipe-1200x675":["https:\/\/nandi.info\/wp-content\/uploads\/2025\/05\/AMLUD-1080x675.jpg",1080,675,true],"penci-single-full":["https:\/\/nandi.info\/wp-content\/uploads\/2025\/05\/AMLUD.jpg",1080,810,false],"penci-slider-full-thumb":["https:\/\/nandi.info\/wp-content\/uploads\/2025\/05\/AMLUD-1080x800.jpg",1080,800,true],"penci-full-thumb":["https:\/\/nandi.info\/wp-content\/uploads\/2025\/05\/AMLUD.jpg",1080,810,false],"penci-slider-thumb":["https:\/\/nandi.info\/wp-content\/uploads\/2025\/05\/AMLUD-1080x663.jpg",1080,663,true],"penci-magazine-slider":["https:\/\/nandi.info\/wp-content\/uploads\/2025\/05\/AMLUD-780x516.jpg",780,516,true],"penci-thumb":["https:\/\/nandi.info\/wp-content\/uploads\/2025\/05\/AMLUD-585x390.jpg",585,390,true],"penci-masonry-thumb":["https:\/\/nandi.info\/wp-content\/uploads\/2025\/05\/AMLUD-585x439.jpg",585,439,true],"penci-thumb-square":["https:\/\/nandi.info\/wp-content\/uploads\/2025\/05\/AMLUD-585x585.jpg",585,585,true],"penci-thumb-vertical":["https:\/\/nandi.info\/wp-content\/uploads\/2025\/05\/AMLUD-480x650.jpg",480,650,true],"penci-thumb-small":["https:\/\/nandi.info\/wp-content\/uploads\/2025\/05\/AMLUD-263x175.jpg",263,175,true]},"author_info":{"display_name":"Nandi","author_link":"https:\/\/nandi.info\/?author=1"},"category_info":"<a href=\"https:\/\/nandi.info\/?cat=43\" rel=\"category\">Nandi.info<\/a> <a href=\"https:\/\/nandi.info\/?cat=24\" rel=\"category\">Sant\u00e9<\/a>","tag_info":"Sant\u00e9","comment_count":"0","jetpack_featured_media_url":"https:\/\/nandi.info\/wp-content\/uploads\/2025\/05\/AMLUD.jpg","jetpack_sharing_enabled":true,"_links":{"self":[{"href":"https:\/\/nandi.info\/index.php?rest_route=\/wp\/v2\/posts\/22205","targetHints":{"allow":["GET"]}}],"collection":[{"href":"https:\/\/nandi.info\/index.php?rest_route=\/wp\/v2\/posts"}],"about":[{"href":"https:\/\/nandi.info\/index.php?rest_route=\/wp\/v2\/types\/post"}],"author":[{"embeddable":true,"href":"https:\/\/nandi.info\/index.php?rest_route=\/wp\/v2\/users\/1"}],"replies":[{"embeddable":true,"href":"https:\/\/nandi.info\/index.php?rest_route=%2Fwp%2Fv2%2Fcomments&post=22205"}],"version-history":[{"count":2,"href":"https:\/\/nandi.info\/index.php?rest_route=\/wp\/v2\/posts\/22205\/revisions"}],"predecessor-version":[{"id":22210,"href":"https:\/\/nandi.info\/index.php?rest_route=\/wp\/v2\/posts\/22205\/revisions\/22210"}],"wp:featuredmedia":[{"embeddable":true,"href":"https:\/\/nandi.info\/index.php?rest_route=\/wp\/v2\/media\/22208"}],"wp:attachment":[{"href":"https:\/\/nandi.info\/index.php?rest_route=%2Fwp%2Fv2%2Fmedia&parent=22205"}],"wp:term":[{"taxonomy":"category","embeddable":true,"href":"https:\/\/nandi.info\/index.php?rest_route=%2Fwp%2Fv2%2Fcategories&post=22205"},{"taxonomy":"post_tag","embeddable":true,"href":"https:\/\/nandi.info\/index.php?rest_route=%2Fwp%2Fv2%2Ftags&post=22205"}],"curies":[{"name":"wp","href":"https:\/\/api.w.org\/{rel}","templated":true}]}}