{"id":22171,"date":"2025-05-21T17:39:49","date_gmt":"2025-05-21T15:39:49","guid":{"rendered":"https:\/\/nandi.info\/?p=22171"},"modified":"2025-05-21T17:42:29","modified_gmt":"2025-05-21T15:42:29","slug":"mamou-daffe-former-avec-faso-sifinso-un-nouveau-malien","status":"publish","type":"post","link":"https:\/\/nandi.info\/?p=22171","title":{"rendered":"Mamou Daff\u00e9 : \u00ab Former, avec faso sifinso, un nouveau malien \u00bb"},"content":{"rendered":"\n<figure class=\"wp-block-image size-full\"><img fetchpriority=\"high\" decoding=\"async\" width=\"870\" height=\"634\" src=\"https:\/\/nandi.info\/wp-content\/uploads\/2025\/05\/Mamou-Daffe.jpg\" alt=\"\" class=\"wp-image-22172\" srcset=\"https:\/\/nandi.info\/wp-content\/uploads\/2025\/05\/Mamou-Daffe.jpg 870w, https:\/\/nandi.info\/wp-content\/uploads\/2025\/05\/Mamou-Daffe-300x219.jpg 300w, https:\/\/nandi.info\/wp-content\/uploads\/2025\/05\/Mamou-Daffe-768x560.jpg 768w, https:\/\/nandi.info\/wp-content\/uploads\/2025\/05\/Mamou-Daffe-585x426.jpg 585w\" sizes=\"(max-width: 870px) 100vw, 870px\" \/><figcaption class=\"wp-element-caption\">Cr\u00e9dit DR<\/figcaption><\/figure>\n\n\n\n<h2 class=\"wp-block-heading\">Le Ministre de l\u2019Artisanat, de la Culture, de l\u2019Industrie h\u00f4teli\u00e8re et du Tourisme, Mamou Daff\u00e9, affirme que le programme \u00ab\u00a0Faso Sifinso\u00a0\u00bb est un concept int\u00e9gral destin\u00e9 \u00e0 renforcer la fibre patriotique de la jeunesse \u00e0 travers une \u00e9ducation enracin\u00e9e dans les valeurs culturelles.<\/h2>\n\n\n\n<p class=\"has-drop-cap\">Pour le ministre Mamou Daff\u00e9, l\u2019espace Faso Sifinso dont la conf\u00e9rence inaugurale a eu lieu le jeudi dernier \u00e0 l&rsquo;Ensup, est une initiative inscrite dans le cadre de l\u2019ann\u00e9e de la Culture. Le th\u00e8me, \u00ab Y\u00e8r\u00e8don, rep\u00e8res fondamentaux pour la jeunesse malienne \u00bb, a \u00e9t\u00e9 d\u00e9velopp\u00e9 par Mamady Keita, professeur de N\u2019Ko et \u00e9crivain engag\u00e9 pour la promotion de nos langues nationales.<\/p>\n\n\n\n<p>Le ministre Daff\u00e9 a soulign\u00e9 que ce programme socio-\u00e9ducatif et d\u2019animation scolaire au niveau des groupes scolaires, des lyc\u00e9es et au niveau universitaire, est \u00ab un concept int\u00e9gral destin\u00e9 \u00e0 renforcer la fibre patriotique de la jeunesse \u00e0 travers une \u00e9ducation enracin\u00e9e dans les valeurs culturelles. Nous voulons former un nouveau type de citoyen malien, le Maliden Kura, profond\u00e9ment ancr\u00e9 dans le Maaya, notre humanit\u00e9 partag\u00e9e, mais ouvert au monde \u00bb.<\/p>\n\n\n\n<p>A ses dires, le programme va se d\u00e9rouler dans l\u2019ensemble des r\u00e9gions du Mali. Il constituera \u00e0 travailler sur la production et la diffusion d\u2019outils d\u2019art social, mais aussi, il cr\u00e9era des clubs d\u2019adolescents qui seront d\u00e9nomm\u00e9s Damb\u00e8so.<\/p>\n\n\n\n<p>A cette conf\u00e9rence inaugurale, le ministre \u00e9tait accompagn\u00e9 par ses homologues de l\u2019enseignement sup\u00e9rieur et de la recherche scientifique, Pr. Bourema Kansaye, de l\u2019\u00c9ducation nationale, Dr. Amadou Sy Savan\u00e9 et un large public compos\u00e9 d\u2019\u00e9tudiants, d\u2019enseignants, d\u2019acteurs culturels, de leaders traditionnels et de personnalit\u00e9s du monde acad\u00e9mique et cultuel.<\/p>\n\n\n\n<p><\/p>\n\n\n\n<p><strong>Ibrahima Ndiaye<\/strong><\/p>\n","protected":false},"excerpt":{"rendered":"<p>Le Ministre de l\u2019Artisanat, de la Culture, de l\u2019Industrie h\u00f4teli\u00e8re et du Tourisme, Mamou Daff\u00e9, affirme que le programme \u00ab\u00a0Faso Sifinso\u00a0\u00bb est un concept int\u00e9gral destin\u00e9 \u00e0 renforcer la fibre&hellip;<\/p>\n","protected":false},"author":1,"featured_media":22172,"comment_status":"open","ping_status":"open","sticky":false,"template":"","format":"standard","meta":{"content-type":"","_lmt_disableupdate":"","_lmt_disable":"","_jetpack_memberships_contains_paid_content":false,"footnotes":"","jetpack_publicize_message":"","jetpack_publicize_feature_enabled":true,"jetpack_social_post_already_shared":true,"jetpack_social_options":{"image_generator_settings":{"template":"highway","default_image_id":0,"font":"","enabled":false},"version":2}},"categories":[33,32],"tags":[],"class_list":["post-22171","post","type-post","status-publish","format-standard","has-post-thumbnail","hentry","category-mali-tribune","category-musique-art-et-culture"],"jetpack_publicize_connections":[],"featured_image_urls":{"full":["https:\/\/nandi.info\/wp-content\/uploads\/2025\/05\/Mamou-Daffe.jpg",870,634,false],"thumbnail":["https:\/\/nandi.info\/wp-content\/uploads\/2025\/05\/Mamou-Daffe-150x150.jpg",150,150,true],"medium":["https:\/\/nandi.info\/wp-content\/uploads\/2025\/05\/Mamou-Daffe-300x219.jpg",300,219,true],"medium_large":["https:\/\/nandi.info\/wp-content\/uploads\/2025\/05\/Mamou-Daffe-768x560.jpg",768,560,true],"large":["https:\/\/nandi.info\/wp-content\/uploads\/2025\/05\/Mamou-Daffe.jpg",870,634,false],"1536x1536":["https:\/\/nandi.info\/wp-content\/uploads\/2025\/05\/Mamou-Daffe.jpg",870,634,false],"2048x2048":["https:\/\/nandi.info\/wp-content\/uploads\/2025\/05\/Mamou-Daffe.jpg",870,634,false],"penci-recipe-1200x1200":["https:\/\/nandi.info\/wp-content\/uploads\/2025\/05\/Mamou-Daffe.jpg",870,634,false],"penci-recipe-1200x900":["https:\/\/nandi.info\/wp-content\/uploads\/2025\/05\/Mamou-Daffe.jpg",870,634,false],"penci-recipe-1200x675":["https:\/\/nandi.info\/wp-content\/uploads\/2025\/05\/Mamou-Daffe.jpg",870,634,false],"penci-single-full":["https:\/\/nandi.info\/wp-content\/uploads\/2025\/05\/Mamou-Daffe.jpg",870,634,false],"penci-slider-full-thumb":["https:\/\/nandi.info\/wp-content\/uploads\/2025\/05\/Mamou-Daffe.jpg",870,634,false],"penci-full-thumb":["https:\/\/nandi.info\/wp-content\/uploads\/2025\/05\/Mamou-Daffe.jpg",870,634,false],"penci-slider-thumb":["https:\/\/nandi.info\/wp-content\/uploads\/2025\/05\/Mamou-Daffe.jpg",870,634,false],"penci-magazine-slider":["https:\/\/nandi.info\/wp-content\/uploads\/2025\/05\/Mamou-Daffe-780x516.jpg",780,516,true],"penci-thumb":["https:\/\/nandi.info\/wp-content\/uploads\/2025\/05\/Mamou-Daffe-585x390.jpg",585,390,true],"penci-masonry-thumb":["https:\/\/nandi.info\/wp-content\/uploads\/2025\/05\/Mamou-Daffe-585x426.jpg",585,426,true],"penci-thumb-square":["https:\/\/nandi.info\/wp-content\/uploads\/2025\/05\/Mamou-Daffe-585x585.jpg",585,585,true],"penci-thumb-vertical":["https:\/\/nandi.info\/wp-content\/uploads\/2025\/05\/Mamou-Daffe-480x634.jpg",480,634,true],"penci-thumb-small":["https:\/\/nandi.info\/wp-content\/uploads\/2025\/05\/Mamou-Daffe-263x175.jpg",263,175,true]},"author_info":{"display_name":"Nandi","author_link":"https:\/\/nandi.info\/?author=1"},"category_info":"<a href=\"https:\/\/nandi.info\/?cat=33\" rel=\"category\">Mali Tribune<\/a> <a href=\"https:\/\/nandi.info\/?cat=32\" rel=\"category\">Musique Art et Culture<\/a>","tag_info":"Musique Art et Culture","comment_count":"0","jetpack_featured_media_url":"https:\/\/nandi.info\/wp-content\/uploads\/2025\/05\/Mamou-Daffe.jpg","jetpack_sharing_enabled":true,"_links":{"self":[{"href":"https:\/\/nandi.info\/index.php?rest_route=\/wp\/v2\/posts\/22171","targetHints":{"allow":["GET"]}}],"collection":[{"href":"https:\/\/nandi.info\/index.php?rest_route=\/wp\/v2\/posts"}],"about":[{"href":"https:\/\/nandi.info\/index.php?rest_route=\/wp\/v2\/types\/post"}],"author":[{"embeddable":true,"href":"https:\/\/nandi.info\/index.php?rest_route=\/wp\/v2\/users\/1"}],"replies":[{"embeddable":true,"href":"https:\/\/nandi.info\/index.php?rest_route=%2Fwp%2Fv2%2Fcomments&post=22171"}],"version-history":[{"count":2,"href":"https:\/\/nandi.info\/index.php?rest_route=\/wp\/v2\/posts\/22171\/revisions"}],"predecessor-version":[{"id":22174,"href":"https:\/\/nandi.info\/index.php?rest_route=\/wp\/v2\/posts\/22171\/revisions\/22174"}],"wp:featuredmedia":[{"embeddable":true,"href":"https:\/\/nandi.info\/index.php?rest_route=\/wp\/v2\/media\/22172"}],"wp:attachment":[{"href":"https:\/\/nandi.info\/index.php?rest_route=%2Fwp%2Fv2%2Fmedia&parent=22171"}],"wp:term":[{"taxonomy":"category","embeddable":true,"href":"https:\/\/nandi.info\/index.php?rest_route=%2Fwp%2Fv2%2Fcategories&post=22171"},{"taxonomy":"post_tag","embeddable":true,"href":"https:\/\/nandi.info\/index.php?rest_route=%2Fwp%2Fv2%2Ftags&post=22171"}],"curies":[{"name":"wp","href":"https:\/\/api.w.org\/{rel}","templated":true}]}}