{"id":22153,"date":"2025-05-20T13:34:54","date_gmt":"2025-05-20T11:34:54","guid":{"rendered":"https:\/\/nandi.info\/?p=22153"},"modified":"2025-05-20T13:39:08","modified_gmt":"2025-05-20T11:39:08","slug":"leducation-au-coeur-de-la-resilience-204-000-enfants-cibles-par-le-nouveau-programme-myrp","status":"publish","type":"post","link":"https:\/\/nandi.info\/?p=22153","title":{"rendered":"L\u2019\u00e9ducation au c\u0153ur de la r\u00e9silience : 204 000 enfants cibl\u00e9s par le nouveau programme MYRP"},"content":{"rendered":"\n<figure class=\"wp-block-image alignleft size-full is-resized\"><img fetchpriority=\"high\" decoding=\"async\" width=\"600\" height=\"400\" src=\"https:\/\/nandi.info\/wp-content\/uploads\/2025\/05\/les-enfants.jpg\" alt=\"\" class=\"wp-image-22156\" style=\"width:545px;height:auto\" srcset=\"https:\/\/nandi.info\/wp-content\/uploads\/2025\/05\/les-enfants.jpg 600w, https:\/\/nandi.info\/wp-content\/uploads\/2025\/05\/les-enfants-300x200.jpg 300w, https:\/\/nandi.info\/wp-content\/uploads\/2025\/05\/les-enfants-585x390.jpg 585w, https:\/\/nandi.info\/wp-content\/uploads\/2025\/05\/les-enfants-263x175.jpg 263w\" sizes=\"(max-width: 600px) 100vw, 600px\" \/><\/figure>\n\n\n\n<p><strong>Pour offrir un acc\u00e8s \u00e9largi \u00e0 une \u00e9ducation inclusive et de qualit\u00e9 \u00e0 plus de 200 000 enfants issus des r\u00e9gions les plus affect\u00e9es par la crise c\u2019est dans ce contexte que le gouvernement malien, en partenariat avec l\u2019UNICEF et financ\u00e9 par \u00c9ducation sans d\u00e9lai, lance la deuxi\u00e8me phase du Programme de R\u00e9silience Pluriannuel (MYRP II).<\/strong><\/p>\n\n\n\n<p><strong>Ce programme vise \u00e0 renforcer le syst\u00e8me \u00e9ducatif face aux d\u00e9fis s\u00e9curitaires, climatiques et sociaux, en mettant l\u2019accent sur l\u2019inclusion, la r\u00e9silience communautaire et la r\u00e9ponse rapide aux situations d\u2019urgence. Il repr\u00e9sente \u00e9galement aussi un espoir pour la reconstruction \u00e9ducative au Mali, en r\u00e9ponse aux perturbations li\u00e9es aux conflits, au climat et aux crises prolong\u00e9es, en assurant que chaque enfant puisse b\u00e9n\u00e9ficier d\u2019un environnement d\u2019apprentissage s\u00fbr et adapt\u00e9.<\/strong><\/p>\n\n\n\n<p style=\"font-size:20px\"><strong>Communiqu\u00e9 de presse<\/strong><\/p>\n\n\n\n<figure class=\"wp-block-image alignright size-full is-resized\"><img decoding=\"async\" width=\"600\" height=\"400\" src=\"https:\/\/nandi.info\/wp-content\/uploads\/2025\/05\/UNICEF-2.jpg\" alt=\"\" class=\"wp-image-22157\" style=\"width:410px;height:auto\" srcset=\"https:\/\/nandi.info\/wp-content\/uploads\/2025\/05\/UNICEF-2.jpg 600w, https:\/\/nandi.info\/wp-content\/uploads\/2025\/05\/UNICEF-2-300x200.jpg 300w, https:\/\/nandi.info\/wp-content\/uploads\/2025\/05\/UNICEF-2-585x390.jpg 585w, https:\/\/nandi.info\/wp-content\/uploads\/2025\/05\/UNICEF-2-263x175.jpg 263w\" sizes=\"(max-width: 600px) 100vw, 600px\" \/><\/figure>\n\n\n\n<p><strong>BAMAKO\/MALI, le 15\u00a0mai\u00a02025<\/strong> \u2013\u00a0Le Minist\u00e8re de l\u2019\u00c9ducation nationale, en collaboration avec l&rsquo;UNICEF Mali, a officiellement lanc\u00e9 aujourd\u2019hui la deuxi\u00e8me phase du Programme de R\u00e9silience Pluriannuel (MYRP II). Ce programme vise \u00e0 garantir un acc\u00e8s \u00e9quitable \u00e0 une \u00e9ducation de qualit\u00e9 pour 204 496 enfants \u00e2g\u00e9s de 3 \u00e0 18 ans dans certaines des r\u00e9gions les plus touch\u00e9es par la crise au Mali, notamment Gao, Kidal, M\u00e9naka, Mopti, Taoud\u00e9nit et Tombouctou.<\/p>\n\n\n\n<p>Cette initiative est rendue possible gr\u00e2ce \u00e0 une g\u00e9n\u00e9reuse contribution de 22 millions de dollars d\u2019\u00c9ducation sans d\u00e9lai (ECW), le fonds mondial pour l\u2019\u00e9ducation en situation d\u2019urgence et de crise prolong\u00e9e. \u00ab Le MYRP2 repr\u00e9sente un vrai espoir pour nos enfants, en particulier les plus vuln\u00e9rables, \u00bb a d\u00e9clar\u00e9 Amadou Sy Savan\u00e9, Ministre de l\u2019\u00c9ducation nationale du Mali.<\/p>\n\n\n\n<p>Environ un tiers des enfants en \u00e2ge scolaire \u2013 soit plus de deux millions \u2013 ne sont pas scolaris\u00e9s, en particulier dans les zones touch\u00e9es par l\u2019ins\u00e9curit\u00e9 (Analyse de la situation des enfants au Mali, 2024). Plus de la moiti\u00e9 des m\u00e9nages (56 %) d\u00e9clarent que les services \u00e9ducatifs ne r\u00e9pondent pas \u00e0 leurs besoins, notamment en mati\u00e8re d\u2019acc\u00e8s \u00e0 un apprentissage inclusif et de qualit\u00e9, selon l\u2019Analyse des besoins multisectorielle (MSNA) r\u00e9alis\u00e9e dans le cadre de la planification 2025. Ces difficult\u00e9s sont principalement li\u00e9es \u00e0 l\u2019environnement s\u00e9curitaire.<\/p>\n\n\n\n<p>Les crises en cours ont gravement perturb\u00e9 l\u2019\u00e9ducation \u00e0 travers le pays, entra\u00eenant la fermeture de 2\u202f006 \u00e9coles, selon le rapport du cluster \u00c9ducation du Mali de mars 2025. Cette situation affecte 601\u202f800 enfants et 12\u202f036 enseignants. Les enfants non scolaris\u00e9s sont particuli\u00e8rement expos\u00e9s \u00e0 des risques accrus, tels que le travail des enfants, les mariages pr\u00e9coces, le recrutement par des groupes arm\u00e9s et les troubles psychosociaux \u00e0 long terme.<\/p>\n\n\n\n<p>Le plan strat\u00e9gique pour le secteur de l\u2019\u00e9ducation 2022\u20132026 identifie les groupes marginalis\u00e9s \u2013 notamment les enfants handicap\u00e9s, les r\u00e9fugi\u00e9s et les personnes d\u00e9plac\u00e9es internes (PDI) \u2013 comme \u00e9tant touch\u00e9s de mani\u00e8re disproportionn\u00e9e par les catastrophes environnementales et les conflits li\u00e9s au climat.<\/p>\n\n\n\n<p>Tirant parti des enseignements de la Phase I, le MYRP II mettra en \u0153uvre des interventions structur\u00e9es autour de trois r\u00e9sultats cl\u00e9s :<\/p>\n\n\n\n<ul class=\"wp-block-list\">\n<li>Acc\u00e8s \u00e0 l\u2019\u00e9ducation : Les filles et les gar\u00e7ons \u00e2g\u00e9s de 3 \u00e0 18 ans auront acc\u00e8s \u00e0 une \u00e9ducation formelle et non formelle dans des environnements d\u2019apprentissage inclusifs et protecteurs.<\/li>\n\n\n\n<li>\u00c9ducation de qualit\u00e9 : Les enfants b\u00e9n\u00e9ficieront d\u2019un enseignement continu, inclusif et de qualit\u00e9, adapt\u00e9 \u00e0 leurs besoins.<\/li>\n\n\n\n<li>Capacit\u00e9 de r\u00e9ponse aux crises : Le syst\u00e8me \u00e9ducatif sera renforc\u00e9 pour fournir des r\u00e9ponses \u00e9ducatives rapides, coordonn\u00e9es et inclusives en situation de crise.<\/li>\n<\/ul>\n\n\n\n<p>La premi\u00e8re phase du MYRP, soutenue par un financement de 16,1 millions de dollars, a permis d\u2019\u00e9largir l\u2019acc\u00e8s aux espaces d\u2019apprentissage et de garantir la continuit\u00e9 de l\u2019\u00e9ducation pour 191 616 enfants \u2013 dont 50 % de filles. Elle a couvert les frais de scolarit\u00e9 pour les enfants issus de familles vuln\u00e9rables, notamment les filles, et a mobilis\u00e9 les communaut\u00e9s pour renforcer les opportunit\u00e9s d\u2019apprentissage dans les zones affect\u00e9es par la crise. Le programme a port\u00e9 une attention particuli\u00e8re aux filles et aux enfants en situation de handicap gr\u00e2ce \u00e0 une approche holistique prenant en compte leurs besoins physiques, mentaux et psychosociaux.<\/p>\n\n\n\n<p>\u00ab L&rsquo;inclusion, c&rsquo;est quand chaque enfant, peu importe ses diff\u00e9rences, a la chance d&rsquo;apprendre et de jouer avec ses camarades. Imaginez une classe o\u00f9 tout le monde se sent bienvenu, \u00bb a d\u00e9clar\u00e9 Mama, 16 ans, enfant parlementaire et jeune d\u00e9fenseur des droits de l\u2019enfant. \u00ab Je crois que si nous travaillons tous ensemble, nous pouvons b\u00e2tir des \u00e9coles o\u00f9 la gentillesse et le respect r\u00e8gnent. Chaque enfant m\u00e9rite de se sentir aim\u00e9 et respect\u00e9, et l&rsquo;inclusion scolaire est un pas important vers cela. \u00bb<\/p>\n\n\n\n<p>\u00ab Cette nouvelle subvention d\u2019\u00c9ducation sans d\u00e9lai constitue une v\u00e9ritable bou\u00e9e de sauvetage pour les filles et les gar\u00e7ons les plus vuln\u00e9rables au Mali, qui subissent les effets d\u00e9vastateurs des conflits, des changements climatiques et des d\u00e9placements forc\u00e9s \u00bb, a d\u00e9clar\u00e9 Yasmine Sherif, Directrice Ex\u00e9cutive d\u2019\u00c9ducation sans d\u00e9lai, le fonds mondial pour l\u2019\u00e9ducation en situation d\u2019urgence et de crise prolong\u00e9e, h\u00e9berg\u00e9 par les Nations Unies. \u00ab Ces enfants, leurs enseignants et nos partenaires sur le terrain ont un besoin urgent de financements durables pour reconstruire leur vie gr\u00e2ce \u00e0 une \u00e9ducation inclusive et continue de qualit\u00e9. \u00bb<\/p>\n\n\n\n<p>\u00ab Le t\u00e9moignage d\u2019Arya, 15 ans, r\u00e9sonne encore : malgr\u00e9 des conditions difficiles et un d\u00e9but tardif \u00e0 l\u2019\u00e9cole, elle a retrouv\u00e9 espoir gr\u00e2ce \u00e0 la construction de nouvelles salles de classe dans son \u00e9tablissement. Cette transformation est une illustration concr\u00e8te de ce que nous pouvons accomplir par une action collective et d\u00e9termin\u00e9e, \u00bb a d\u00e9clar\u00e9 Pierre Ngom, Repr\u00e9sentant de l\u2019UNICEF au Mali.<\/p>\n\n\n\n<p>L\u2019UNICEF Mali a \u00e9t\u00e9 d\u00e9sign\u00e9 comme principal b\u00e9n\u00e9ficiaire, charg\u00e9 de la mise en \u0153uvre technique du programme et de sa supervision financi\u00e8re. L\u2019initiative sera mise en \u0153uvre en partenariat avec sept organisations non gouvernementales locales et internationales.<\/p>\n\n\n\n<p>La durabilit\u00e9 et la localisation sont au c\u0153ur du MYRP II. En \u00e9laborant des strat\u00e9gies de mise en \u0153uvre avec des acteurs locaux, notamment des organisations dirig\u00e9es par des femmes, le programme vise \u00e0 renforcer les capacit\u00e9s communautaires et \u00e0 garantir une r\u00e9silience \u00e9ducative durable.<\/p>\n\n\n\n<figure class=\"wp-block-image alignleft size-full is-resized\"><img decoding=\"async\" width=\"600\" height=\"400\" src=\"https:\/\/nandi.info\/wp-content\/uploads\/2025\/05\/UNICEF-ENFANTS.jpg\" alt=\"\" class=\"wp-image-22158\" style=\"width:410px;height:auto\" srcset=\"https:\/\/nandi.info\/wp-content\/uploads\/2025\/05\/UNICEF-ENFANTS.jpg 600w, https:\/\/nandi.info\/wp-content\/uploads\/2025\/05\/UNICEF-ENFANTS-300x200.jpg 300w, https:\/\/nandi.info\/wp-content\/uploads\/2025\/05\/UNICEF-ENFANTS-585x390.jpg 585w, https:\/\/nandi.info\/wp-content\/uploads\/2025\/05\/UNICEF-ENFANTS-263x175.jpg 263w\" sizes=\"(max-width: 600px) 100vw, 600px\" \/><\/figure>\n\n\n\n<p>L\u2019UNICEF demeure fermement engag\u00e9 \u00e0 aligner ses efforts sur les objectifs du PRODEC2 (Programme D\u00e9cennal de D\u00e9veloppement de l\u2019\u00c9ducation et de la Formation Professionnelle \u2013 deuxi\u00e8me g\u00e9n\u00e9ration), et \u00e0 collaborer \u00e9troitement avec les acteurs du secteur \u00e9ducatif pour renforcer le syst\u00e8me \u00e9ducatif national, notamment sa r\u00e9silience et sa capacit\u00e9 \u00e0 r\u00e9pondre aux chocs \u00e9mergents ainsi qu\u2019aux effets prolong\u00e9s des crises multidimensionnelles.<\/p>\n\n\n\n<p>#####&nbsp;<br><br><strong>Note aux r\u00e9dactions&nbsp;: &nbsp;<\/strong><br>T\u00e9l\u00e9chargez les <a href=\"https:\/\/weshare.unicef.org\/asset-management\/2AM4086ZVAY3?Flat=y&amp;WS=AssetManagement\" target=\"_blank\" rel=\"noreferrer noopener\">photos<\/a><br><br><strong>Pour plus d\u2019informations, veuillez contacter&nbsp;: &nbsp;<br><\/strong>Stephanie Joy Raison, Cheffe de la Communication et du Plaidoyer, UNICEF Mali, <a href=\"mailto:sraison@unicef.org\">sraison@unicef.org<\/a> &nbsp;<br>Fatou Diagne, Sp\u00e9cialiste de la Communication et du Plaidoyer, UNICEF Mali, <a href=\"mailto:fdiagne@unicef.org\">fdiagne@unicef.org<\/a> &nbsp;&nbsp;&nbsp;<br>Issoufi Arbert B\u00e9dari Tour\u00e9, Directeur national de l\u2019Enseignement Fondamental, Mali, <a href=\"mailto:nsamie@unicef.org\" target=\"_blank\" rel=\"noreferrer noopener\">issoufiarber@aol.fr<\/a>&nbsp;<\/p>\n\n\n\n<p><strong>\u00c0 propos de l\u2019UNICEF&nbsp;<br><\/strong>L\u2019UNICEF, le Fonds des Nations Unies pour l\u2019enfance, \u0153uvre \u00e0 la protection des droits de chaque enfant, o\u00f9 qu\u2019il soit, en particulier ceux des plus d\u00e9favoris\u00e9s et des plus difficiles \u00e0 atteindre. Dans plus de 190&nbsp;pays et territoires, nous mettons tout en \u0153uvre pour aider les enfants \u00e0 vivre, \u00e0 s\u2019\u00e9panouir et \u00e0 r\u00e9aliser leur potentiel.&nbsp;<\/p>\n\n\n\n<p>Pour en savoir davantage sur l\u2019UNICEF MALI et son action, veuillez consulter le site\u00a0: <a href=\"https:\/\/www.unicef.org\/mali\/\">https:\/\/www.unicef.org\/mali\/<\/a>.<br>Suivez l\u2019UNICEF MALI sur <a href=\"https:\/\/x.com\/unicefmali\" target=\"_blank\" rel=\"noreferrer noopener\">X (Twitter)<\/a><a href=\"https:\/\/www.facebook.com\/unicefenfran\u00e7ais\" target=\"_blank\" rel=\"noreferrer noopener\">, <\/a><a href=\"https:\/\/www.facebook.com\/unicefmali\/\" target=\"_blank\" rel=\"noreferrer noopener\">Facebook<\/a><a href=\"https:\/\/www.youtube.com\/user\/unicefenfrancais\" target=\"_blank\" rel=\"noreferrer noopener\">, <\/a><a href=\"https:\/\/www.instagram.com\/unicef_mali_fr_en\/\">Instagram<\/a> et <a href=\"https:\/\/www.youtube.com\/@UNICEFMali\">YouTube<\/a>.\u00a0<\/p>\n\n\n\n<p><\/p>\n\n\n\n<p><strong>UNICEF\/Nandi.info<br><\/strong><br><\/p>\n","protected":false},"excerpt":{"rendered":"<p>Pour offrir un acc\u00e8s \u00e9largi \u00e0 une \u00e9ducation inclusive et de qualit\u00e9 \u00e0 plus de 200 000 enfants issus des r\u00e9gions les plus affect\u00e9es par la crise c\u2019est dans ce&hellip;<\/p>\n","protected":false},"author":1,"featured_media":22155,"comment_status":"open","ping_status":"open","sticky":false,"template":"","format":"standard","meta":{"content-type":"","_lmt_disableupdate":"","_lmt_disable":"","_jetpack_memberships_contains_paid_content":false,"footnotes":"","jetpack_publicize_message":"","jetpack_publicize_feature_enabled":true,"jetpack_social_post_already_shared":true,"jetpack_social_options":{"image_generator_settings":{"template":"highway","default_image_id":0,"font":"","enabled":false},"version":2}},"categories":[43,21],"tags":[],"class_list":["post-22153","post","type-post","status-publish","format-standard","has-post-thumbnail","hentry","category-nandi-info","category-societe"],"jetpack_publicize_connections":[],"featured_image_urls":{"full":["https:\/\/nandi.info\/wp-content\/uploads\/2025\/05\/les-enfants-2.jpg",600,400,false],"thumbnail":["https:\/\/nandi.info\/wp-content\/uploads\/2025\/05\/les-enfants-2-150x150.jpg",150,150,true],"medium":["https:\/\/nandi.info\/wp-content\/uploads\/2025\/05\/les-enfants-2-300x200.jpg",300,200,true],"medium_large":["https:\/\/nandi.info\/wp-content\/uploads\/2025\/05\/les-enfants-2.jpg",600,400,false],"large":["https:\/\/nandi.info\/wp-content\/uploads\/2025\/05\/les-enfants-2.jpg",600,400,false],"1536x1536":["https:\/\/nandi.info\/wp-content\/uploads\/2025\/05\/les-enfants-2.jpg",600,400,false],"2048x2048":["https:\/\/nandi.info\/wp-content\/uploads\/2025\/05\/les-enfants-2.jpg",600,400,false],"penci-recipe-1200x1200":["https:\/\/nandi.info\/wp-content\/uploads\/2025\/05\/les-enfants-2.jpg",600,400,false],"penci-recipe-1200x900":["https:\/\/nandi.info\/wp-content\/uploads\/2025\/05\/les-enfants-2.jpg",600,400,false],"penci-recipe-1200x675":["https:\/\/nandi.info\/wp-content\/uploads\/2025\/05\/les-enfants-2.jpg",600,400,false],"penci-single-full":["https:\/\/nandi.info\/wp-content\/uploads\/2025\/05\/les-enfants-2.jpg",600,400,false],"penci-slider-full-thumb":["https:\/\/nandi.info\/wp-content\/uploads\/2025\/05\/les-enfants-2.jpg",600,400,false],"penci-full-thumb":["https:\/\/nandi.info\/wp-content\/uploads\/2025\/05\/les-enfants-2.jpg",600,400,false],"penci-slider-thumb":["https:\/\/nandi.info\/wp-content\/uploads\/2025\/05\/les-enfants-2.jpg",600,400,false],"penci-magazine-slider":["https:\/\/nandi.info\/wp-content\/uploads\/2025\/05\/les-enfants-2.jpg",600,400,false],"penci-thumb":["https:\/\/nandi.info\/wp-content\/uploads\/2025\/05\/les-enfants-2-585x390.jpg",585,390,true],"penci-masonry-thumb":["https:\/\/nandi.info\/wp-content\/uploads\/2025\/05\/les-enfants-2-585x390.jpg",585,390,true],"penci-thumb-square":["https:\/\/nandi.info\/wp-content\/uploads\/2025\/05\/les-enfants-2-585x400.jpg",585,400,true],"penci-thumb-vertical":["https:\/\/nandi.info\/wp-content\/uploads\/2025\/05\/les-enfants-2-480x400.jpg",480,400,true],"penci-thumb-small":["https:\/\/nandi.info\/wp-content\/uploads\/2025\/05\/les-enfants-2-263x175.jpg",263,175,true]},"author_info":{"display_name":"Nandi","author_link":"https:\/\/nandi.info\/?author=1"},"category_info":"<a href=\"https:\/\/nandi.info\/?cat=43\" rel=\"category\">Nandi.info<\/a> <a href=\"https:\/\/nandi.info\/?cat=21\" rel=\"category\">Soci\u00e9t\u00e9<\/a>","tag_info":"Soci\u00e9t\u00e9","comment_count":"0","jetpack_featured_media_url":"https:\/\/nandi.info\/wp-content\/uploads\/2025\/05\/les-enfants-2.jpg","jetpack_sharing_enabled":true,"_links":{"self":[{"href":"https:\/\/nandi.info\/index.php?rest_route=\/wp\/v2\/posts\/22153","targetHints":{"allow":["GET"]}}],"collection":[{"href":"https:\/\/nandi.info\/index.php?rest_route=\/wp\/v2\/posts"}],"about":[{"href":"https:\/\/nandi.info\/index.php?rest_route=\/wp\/v2\/types\/post"}],"author":[{"embeddable":true,"href":"https:\/\/nandi.info\/index.php?rest_route=\/wp\/v2\/users\/1"}],"replies":[{"embeddable":true,"href":"https:\/\/nandi.info\/index.php?rest_route=%2Fwp%2Fv2%2Fcomments&post=22153"}],"version-history":[{"count":2,"href":"https:\/\/nandi.info\/index.php?rest_route=\/wp\/v2\/posts\/22153\/revisions"}],"predecessor-version":[{"id":22160,"href":"https:\/\/nandi.info\/index.php?rest_route=\/wp\/v2\/posts\/22153\/revisions\/22160"}],"wp:featuredmedia":[{"embeddable":true,"href":"https:\/\/nandi.info\/index.php?rest_route=\/wp\/v2\/media\/22155"}],"wp:attachment":[{"href":"https:\/\/nandi.info\/index.php?rest_route=%2Fwp%2Fv2%2Fmedia&parent=22153"}],"wp:term":[{"taxonomy":"category","embeddable":true,"href":"https:\/\/nandi.info\/index.php?rest_route=%2Fwp%2Fv2%2Fcategories&post=22153"},{"taxonomy":"post_tag","embeddable":true,"href":"https:\/\/nandi.info\/index.php?rest_route=%2Fwp%2Fv2%2Ftags&post=22153"}],"curies":[{"name":"wp","href":"https:\/\/api.w.org\/{rel}","templated":true}]}}