{"id":21942,"date":"2025-04-28T11:26:00","date_gmt":"2025-04-28T09:26:00","guid":{"rendered":"https:\/\/nandi.info\/?p=21942"},"modified":"2025-04-28T17:34:42","modified_gmt":"2025-04-28T15:34:42","slug":"le-parti-de-la-poignee-des-mains-se-desolidarise-de-la-dynamique-de-combat-pour-la-democratie-lurd-est-il-pris-en-otage-par-des-interets-economiques-et-financiers-et-des-plans-de-carriere-i","status":"publish","type":"post","link":"https:\/\/nandi.info\/?p=21942","title":{"rendered":"Le parti de la poign\u00e9e des mains se d\u00e9solidarise de la dynamique de combat pour la d\u00e9mocratie : L\u2019URD est-il pris en otage par des int\u00e9r\u00eats \u00e9conomiques et financiers et des plans de carri\u00e8re illusoires ?"},"content":{"rendered":"\n<figure class=\"wp-block-image size-full\"><img fetchpriority=\"high\" decoding=\"async\" width=\"650\" height=\"434\" src=\"https:\/\/nandi.info\/wp-content\/uploads\/2025\/04\/URD.jpg\" alt=\"\" class=\"wp-image-21943\" srcset=\"https:\/\/nandi.info\/wp-content\/uploads\/2025\/04\/URD.jpg 650w, https:\/\/nandi.info\/wp-content\/uploads\/2025\/04\/URD-300x200.jpg 300w, https:\/\/nandi.info\/wp-content\/uploads\/2025\/04\/URD-585x391.jpg 585w, https:\/\/nandi.info\/wp-content\/uploads\/2025\/04\/URD-263x175.jpg 263w\" sizes=\"(max-width: 650px) 100vw, 650px\" \/><\/figure>\n\n\n\n<h2 class=\"wp-block-heading\">L\u2019URD est-il pris en otage par des int\u00e9r\u00eats \u00e9conomiques et financiers et des plans de carri\u00e8re illusoires ? <strong><em>C\u2019est par un communiqu\u00e9 \u00e0 la fois laconique et confus que le parti de feu Souma\u00efla Ciss\u00e9, \u00e0 savoir l\u2019Union pour la R\u00e9publique et la D\u00e9mocratie, URD, s\u2019est d\u00e9solidaris\u00e9 de la dynamique de combat pour la sauvegarde de la R\u00e9publique et de la d\u00e9mocratie. Apr\u00e8s avoir particip\u00e9 aux rencontres pour la relecture de la charte, apr\u00e8s son adh\u00e9sion pleine et enti\u00e8re \u00e0 l\u2019 Initiative des Partis politiques sur la relecture de la Charte, IPAC et apr\u00e8s avoir pris part \u00e0 la conf\u00e9rence tenue \u00e0 la Maison de la presse par les deux regroupements, \u00e0 savoir l\u2019IPAC et le FPMP, entendez par le Forum des partis et Mouvements politiques,&nbsp;&nbsp;pour mettre en garde les autorit\u00e9s de la transition par rapport \u00e0 leur projet de dissolution des partis politiques, c\u2019est apr\u00e8s toutes ces activit\u00e9s que l\u2019URD, pr\u00e9textant l\u2019environnement politico-s\u00e9curitaire actuel et la pr\u00e9servation de l\u2019int\u00e9r\u00eat sup\u00e9rieur de la Nation, d\u00e9cide de&nbsp;&nbsp;se d\u00e9solidariser de ce mouvement dont le but ultime est de dire non \u00e0 la dissolution des partis politiques. Une d\u00e9cision qui a laiss\u00e9 pantois beaucoup de cadres et militants de ce grand parti avant- gardiste qui a toujours \u00e9t\u00e9 au rendez-vous du combat pour la d\u00e9mocratie et la R\u00e9publique. Les arguments avanc\u00e9s dans le communiqu\u00e9 de l\u2019URD justifient-ils cette sortie tonitruante et qui isole davantage le parti&nbsp;? Le Secr\u00e9tariat Ex\u00e9cutif, SE du Parti n\u2019a-t-il pas privil\u00e9gi\u00e9 les int\u00e9r\u00eats d\u2019une minorit\u00e9 de cadres du parti au d\u00e9triment de la grande majorit\u00e9&nbsp;?<\/em><\/strong><\/h2>\n\n\n\n<p class=\"has-drop-cap\">La mort brutale du leader charismatique de l\u2019URD, l\u2019honorable Souma\u00efla Ciss\u00e9, a laiss\u00e9 un vide id\u00e9ologique qui n\u2019a pas \u00e9t\u00e9 jusqu\u2019\u00e0 pr\u00e9sent combl\u00e9 par ses h\u00e9ritiers. Ces derniers, \u00e0 hue et \u00e0 dia, ont fini par s\u2019\u00e9clater en deux morceaux, l\u2019un a gard\u00e9 le label URD et l\u2019autre a cr\u00e9\u00e9 un autre parti, EDR, mais tous ont failli \u00e0 leur mission de pr\u00e9servation des acquis engrang\u00e9s par plusieurs ann\u00e9es de luttes men\u00e9es par Souma\u00efla Ciss\u00e9 et ses camarades. Souma\u00efla Ciss\u00e9, qu\u2019on l\u2019aime ou qu\u2019on le d\u00e9teste, a toujours refus\u00e9 toute compromission et s\u2019est battu jusqu\u2019\u00e0 son dernier souffle pour la d\u00e9fense de la d\u00e9mocratie et la R\u00e9publique. Qui ne se rappelle pas de la travers\u00e9e du d\u00e9sert qu\u2019il a connue pour s\u2019\u00eatre oppos\u00e9 au coup d\u2019Etat perp\u00e9tr\u00e9 par le Capitaine Amadou Haya Sanogo en 2012. Il a m\u00eame failli&nbsp;&nbsp;laisser sa vie&nbsp;&nbsp;dans ces douloureux \u00e9v\u00e9nements apr\u00e8s la sanglante et l\u00e2che attaque de son domicile par les commandos de la mort des putschistes.&nbsp;&nbsp;Gravement bless\u00e9 il n\u2019a eu la vie sauve que gr\u00e2ce au tout puissant mais a d\u00fb rester clou\u00e9 sur un lit pendant huit longs mois. Souma\u00efla Ciss\u00e9 n\u2019a-t-il pas refus\u00e9 d\u2019\u00eatre le premier ministre d\u2019IBK quand ce dernier \u00e9tait dos au mur&nbsp;? Cet homme d\u2019honneur et de dignit\u00e9 s\u2019est battu jusqu\u2019\u00e0 la fin de sa vie pour la d\u00e9mocratie et la R\u00e9publique. Ses h\u00e9ritiers, surtout ceux qui conservent encore le label URD, m\u00e8nent-ils toujours le m\u00eame combat&nbsp;? La r\u00e9ponse est sans nul doute non au regard des actes qu\u2019ils posent. Soutien ind\u00e9fectible aux auteurs du coup d\u2019Etat, incapables de d\u00e9noncer la moindre violation de la Constitution et des principes d\u00e9mocratiques, bref les h\u00e9ritiers politiques de l\u2019URD de Souma\u00efla Ciss\u00e9 sont en train de malmener ce bel h\u00e9ritage laiss\u00e9 par son pr\u00e9sident fondateur<\/p>\n\n\n\n<p><strong><em>Les arguments avanc\u00e9s dans le communiqu\u00e9 de l\u2019URD justifient-ils cette sortie tonitruante et qui isole davantage le parti&nbsp;?&nbsp;<\/em><\/strong>&nbsp;<\/p>\n\n\n\n<p>Tous les grands analystes de la sc\u00e8ne politique malienne s\u2019accordent \u00e0 dire que cette d\u00e9cision inopportune et intempestive prise par le SE de l\u2019URD ne fait pas l\u2019unanimit\u00e9 au sein du parti de la poign\u00e9e des mains et ne pr\u00e9serve pas les int\u00e9r\u00eats collectifs des militants et cadres du parti. Alors elle ne pourrait \u00eatre l\u2019\u0153uvre que d\u2019une minorit\u00e9 mue par ses seuls int\u00e9r\u00eats. Cette d\u00e9cision au-del\u00e0 de ne point pr\u00e9server les int\u00e9r\u00eats collectifs, ne pr\u00e9sage pas d\u2019un lendemain radieux pour le parti qui est en train de s\u2019isoler. Que pense l\u2019opinion des revirements spectaculaires de l\u2019URD&nbsp;? Elle porte un jugement s\u00e9v\u00e8re et pense \u00e0 tort ou \u00e0 raison que les leaders du parti sont en train de trahir les id\u00e9aux du Pr\u00e9sident fondateur de l\u2019URD, Souma\u00efla Ciss\u00e9. Sinon comment comprendre qu\u2019apr\u00e8s avoir pris part \u00e0 toutes les activit\u00e9s, l\u2019URD n\u2019a trouv\u00e9 d\u2019autre pr\u00e9texte que d\u2019\u00e9voquer \u00ab&nbsp;l\u2019environnement politico-s\u00e9curitaire actuel&nbsp;\u00bb pour l\u00e2cher en plein vol les autres partis, qui ont scell\u00e9 une union au-del\u00e0 de leurs divergences, de leurs antagonismes, parce qu\u2019ils sont tous&nbsp;&nbsp;menac\u00e9 dans leur existence. Le parti de Souma\u00efla Ciss\u00e9 aurait d\u00fb \u00eatre la t\u00eate de proue du combat pour la sauvegarde de la d\u00e9mocratie et la R\u00e9publique et cela par fid\u00e9lit\u00e9 \u00e0 son sigle. Aucun autre calcul n\u2019aurait pas d\u00fb d\u00e9vier l\u2019URD de cette trajectoire de parti r\u00e9publicain et d\u00e9mocratique qui lui ressemble beaucoup.<\/p>\n\n\n\n<p>&nbsp;<strong><em>Le Secr\u00e9tariat Ex\u00e9cutif, SE du Parti n\u2019a-t-il pas privil\u00e9gi\u00e9 les int\u00e9r\u00eats d\u2019une minorit\u00e9 de cadres du parti au d\u00e9triment de la grande majorit\u00e9&nbsp;?&nbsp;<\/em><\/strong>&nbsp;<\/p>\n\n\n\n<p class=\"has-drop-cap\">Cette question m\u00e9rite d\u2019\u00eatre pos\u00e9e quand on sait que la d\u00e9cision de quitter le regroupement n\u2019a pas fait&nbsp;&nbsp;l\u2019objet de d\u00e9bat au sein du Bureau Ex\u00e9cutif National, BEN, elle n\u2019a \u00e9t\u00e9 prise qu\u2019en r\u00e9union du Secr\u00e9tariat Ex\u00e9cutif, SE. Cet organe bien que statutaire ne saurait avoir&nbsp;&nbsp;plus de l\u00e9gitimit\u00e9 que le BEN. En plus, rien qu\u2019en faisant un petit sondage et \u00e0 en juger par les r\u00e9actions sur les r\u00e9seaux sociaux, nombreux sont les cadres et militants qui expriment leur d\u00e9saccord vis \u00e0 vis de la d\u00e9cision de retrait du parti de la dynamique de lutte contre la dissolution des partis politiques. Tout porte \u00e0 croire que c\u2019est un petit groupe connu de tous qui est entrain de&nbsp;&nbsp;sacrifier l\u2019avenir de la nouvelle g\u00e9n\u00e9ration sur l\u2019autel de ses int\u00e9r\u00eats et ceux de quelques cadres en fin de carri\u00e8re politique, et qui semblent faire de la transition leur ultime occasion de pouvoir jouir d\u2019une promotion et enfin acc\u00e9der \u00e0 l\u2019Olympe. Quid des grands op\u00e9rateurs \u00e9conomiques du parti qui sont \u00e0 la recherche de march\u00e9s&nbsp;? Bref la d\u00e9cision de se retirer de tous les groupements politiques est \u00e0 la fois inopportune, inconstante, maladroite et isolerait davantage le parti sur l\u2019\u00e9chiquier politique.&nbsp;&nbsp;En somme la question qui est sur toutes les l\u00e8vres est celle de savoir si Les responsables de l\u2019URD ne sont pas en train de sacrifier l\u2019avenir du parti sur l\u2019autel de leurs int\u00e9r\u00eats personnels&nbsp;?<\/p>\n\n\n\n<p><strong><em>Youssouf Sissoko<\/em><\/strong><\/p>\n\n\n\n<h4 class=\"wp-block-heading\"><\/h4>\n","protected":false},"excerpt":{"rendered":"<p>L\u2019URD est-il pris en otage par des int\u00e9r\u00eats \u00e9conomiques et financiers et des plans de carri\u00e8re illusoires ? C\u2019est par un communiqu\u00e9 \u00e0 la fois laconique et confus que le&hellip;<\/p>\n","protected":false},"author":1,"featured_media":21943,"comment_status":"open","ping_status":"open","sticky":false,"template":"","format":"standard","meta":{"content-type":"","_lmt_disableupdate":"","_lmt_disable":"","_jetpack_memberships_contains_paid_content":false,"footnotes":"","jetpack_publicize_message":"","jetpack_publicize_feature_enabled":true,"jetpack_social_post_already_shared":true,"jetpack_social_options":{"image_generator_settings":{"template":"highway","default_image_id":0,"font":"","enabled":false},"version":2}},"categories":[68,23],"tags":[],"class_list":["post-21942","post","type-post","status-publish","format-standard","has-post-thumbnail","hentry","category-lalternance","category-politique"],"jetpack_publicize_connections":[],"featured_image_urls":{"full":["https:\/\/nandi.info\/wp-content\/uploads\/2025\/04\/URD.jpg",650,434,false],"thumbnail":["https:\/\/nandi.info\/wp-content\/uploads\/2025\/04\/URD-150x150.jpg",150,150,true],"medium":["https:\/\/nandi.info\/wp-content\/uploads\/2025\/04\/URD-300x200.jpg",300,200,true],"medium_large":["https:\/\/nandi.info\/wp-content\/uploads\/2025\/04\/URD.jpg",650,434,false],"large":["https:\/\/nandi.info\/wp-content\/uploads\/2025\/04\/URD.jpg",650,434,false],"1536x1536":["https:\/\/nandi.info\/wp-content\/uploads\/2025\/04\/URD.jpg",650,434,false],"2048x2048":["https:\/\/nandi.info\/wp-content\/uploads\/2025\/04\/URD.jpg",650,434,false],"penci-recipe-1200x1200":["https:\/\/nandi.info\/wp-content\/uploads\/2025\/04\/URD.jpg",650,434,false],"penci-recipe-1200x900":["https:\/\/nandi.info\/wp-content\/uploads\/2025\/04\/URD.jpg",650,434,false],"penci-recipe-1200x675":["https:\/\/nandi.info\/wp-content\/uploads\/2025\/04\/URD.jpg",650,434,false],"penci-single-full":["https:\/\/nandi.info\/wp-content\/uploads\/2025\/04\/URD.jpg",650,434,false],"penci-slider-full-thumb":["https:\/\/nandi.info\/wp-content\/uploads\/2025\/04\/URD.jpg",650,434,false],"penci-full-thumb":["https:\/\/nandi.info\/wp-content\/uploads\/2025\/04\/URD.jpg",650,434,false],"penci-slider-thumb":["https:\/\/nandi.info\/wp-content\/uploads\/2025\/04\/URD.jpg",650,434,false],"penci-magazine-slider":["https:\/\/nandi.info\/wp-content\/uploads\/2025\/04\/URD.jpg",650,434,false],"penci-thumb":["https:\/\/nandi.info\/wp-content\/uploads\/2025\/04\/URD-585x390.jpg",585,390,true],"penci-masonry-thumb":["https:\/\/nandi.info\/wp-content\/uploads\/2025\/04\/URD-585x391.jpg",585,391,true],"penci-thumb-square":["https:\/\/nandi.info\/wp-content\/uploads\/2025\/04\/URD-585x434.jpg",585,434,true],"penci-thumb-vertical":["https:\/\/nandi.info\/wp-content\/uploads\/2025\/04\/URD-480x434.jpg",480,434,true],"penci-thumb-small":["https:\/\/nandi.info\/wp-content\/uploads\/2025\/04\/URD-263x175.jpg",263,175,true]},"author_info":{"display_name":"Nandi","author_link":"https:\/\/nandi.info\/?author=1"},"category_info":"<a href=\"https:\/\/nandi.info\/?cat=68\" rel=\"category\">L'alternance<\/a> <a href=\"https:\/\/nandi.info\/?cat=23\" rel=\"category\">Politique<\/a>","tag_info":"Politique","comment_count":"0","jetpack_featured_media_url":"https:\/\/nandi.info\/wp-content\/uploads\/2025\/04\/URD.jpg","jetpack_sharing_enabled":true,"_links":{"self":[{"href":"https:\/\/nandi.info\/index.php?rest_route=\/wp\/v2\/posts\/21942","targetHints":{"allow":["GET"]}}],"collection":[{"href":"https:\/\/nandi.info\/index.php?rest_route=\/wp\/v2\/posts"}],"about":[{"href":"https:\/\/nandi.info\/index.php?rest_route=\/wp\/v2\/types\/post"}],"author":[{"embeddable":true,"href":"https:\/\/nandi.info\/index.php?rest_route=\/wp\/v2\/users\/1"}],"replies":[{"embeddable":true,"href":"https:\/\/nandi.info\/index.php?rest_route=%2Fwp%2Fv2%2Fcomments&post=21942"}],"version-history":[{"count":3,"href":"https:\/\/nandi.info\/index.php?rest_route=\/wp\/v2\/posts\/21942\/revisions"}],"predecessor-version":[{"id":21947,"href":"https:\/\/nandi.info\/index.php?rest_route=\/wp\/v2\/posts\/21942\/revisions\/21947"}],"wp:featuredmedia":[{"embeddable":true,"href":"https:\/\/nandi.info\/index.php?rest_route=\/wp\/v2\/media\/21943"}],"wp:attachment":[{"href":"https:\/\/nandi.info\/index.php?rest_route=%2Fwp%2Fv2%2Fmedia&parent=21942"}],"wp:term":[{"taxonomy":"category","embeddable":true,"href":"https:\/\/nandi.info\/index.php?rest_route=%2Fwp%2Fv2%2Fcategories&post=21942"},{"taxonomy":"post_tag","embeddable":true,"href":"https:\/\/nandi.info\/index.php?rest_route=%2Fwp%2Fv2%2Ftags&post=21942"}],"curies":[{"name":"wp","href":"https:\/\/api.w.org\/{rel}","templated":true}]}}