{"id":21940,"date":"2025-04-28T11:21:00","date_gmt":"2025-04-28T09:21:00","guid":{"rendered":"https:\/\/nandi.info\/?p=21940"},"modified":"2025-04-28T17:24:52","modified_gmt":"2025-04-28T15:24:52","slug":"au-mali-un-climat-sous-tension-entre-rechauffement-et-dereglement-un-peril-meconnu-et-neglige","status":"publish","type":"post","link":"https:\/\/nandi.info\/?p=21940","title":{"rendered":"Au Mali, un climat sous tension, entre r\u00e9chauffement et d\u00e9r\u00e8glement : Un p\u00e9ril m\u00e9connu et n\u00e9glig\u00e9"},"content":{"rendered":"\n<figure class=\"wp-block-image size-large\"><img fetchpriority=\"high\" decoding=\"async\" width=\"1024\" height=\"640\" src=\"https:\/\/nandi.info\/wp-content\/uploads\/2024\/04\/Changement-climatique-le-Mali-indexe-parmi-les-pays-les-plus-vulnerables-1024x640.jpg\" alt=\"\" class=\"wp-image-18075\" srcset=\"https:\/\/nandi.info\/wp-content\/uploads\/2024\/04\/Changement-climatique-le-Mali-indexe-parmi-les-pays-les-plus-vulnerables-1024x640.jpg 1024w, https:\/\/nandi.info\/wp-content\/uploads\/2024\/04\/Changement-climatique-le-Mali-indexe-parmi-les-pays-les-plus-vulnerables-300x188.jpg 300w, https:\/\/nandi.info\/wp-content\/uploads\/2024\/04\/Changement-climatique-le-Mali-indexe-parmi-les-pays-les-plus-vulnerables-768x480.jpg 768w, https:\/\/nandi.info\/wp-content\/uploads\/2024\/04\/Changement-climatique-le-Mali-indexe-parmi-les-pays-les-plus-vulnerables-800x500.jpg 800w, https:\/\/nandi.info\/wp-content\/uploads\/2024\/04\/Changement-climatique-le-Mali-indexe-parmi-les-pays-les-plus-vulnerables-400x250.jpg 400w, https:\/\/nandi.info\/wp-content\/uploads\/2024\/04\/Changement-climatique-le-Mali-indexe-parmi-les-pays-les-plus-vulnerables.jpg 1200w\" sizes=\"(max-width: 1024px) 100vw, 1024px\" \/><figcaption class=\"wp-element-caption\">Image d&rsquo;illustration<\/figcaption><\/figure>\n\n\n\n<h2 class=\"wp-block-heading\">Alors que les yeux des Maliens sont riv\u00e9s sur des sujets comme la politique et la s\u00e9curit\u00e9, l\u2019environnement de mani\u00e8re g\u00e9n\u00e9rale fait l\u2019objet d\u2019un oubli coupable. Aujourd\u2019hui, les vagues de chaleur se font de plus en plus incessantes  \u00e0 cause notamment de l\u2019avanc\u00e9e du d\u00e9sert et de l\u2019absence d\u2019une politique de reboisement active. Le p\u00e9ril environnemental est pourtant bien r\u00e9el. Peut-\u00eatre m\u00eame plus important que les autres p\u00e9rils qui ont marqu\u00e9 et qui continuent de marquer l\u2019esprit des gens.<\/h2>\n\n\n\n<p>Depuis quelques ann\u00e9es, la chaleur au Mali n&rsquo;est plus seulement accablante : elle est anormale. Les Maliens, qu&rsquo;ils soient citadins ou ruraux, constatent un changement tangible : les saisons ne respectent plus leur calendrier traditionnel, et les vagues de chaleur s\u2019intensifient. Le d\u00e9r\u00e8glement climatique n&rsquo;est plus un concept lointain, mais une r\u00e9alit\u00e9 quotidienne dont les cons\u00e9quences s&rsquo;\u00e9tendent sur l\u2019agriculture, la sant\u00e9, l\u2019\u00e9conomie et la stabilit\u00e9 sociale du pays.<\/p>\n\n\n\n<p><strong>Une hausse alarmante des temp\u00e9ratures<\/strong><\/p>\n\n\n\n<p>Selon les donn\u00e9es de l\u2019<strong>Organisation m\u00e9t\u00e9orologique mondiale (OMM)<\/strong>, la temp\u00e9rature moyenne au Mali a augment\u00e9 de&nbsp;<strong>1,2 \u00e0 1,5 \u00b0C<\/strong>&nbsp;depuis 1960. Une \u00e9tude du&nbsp;<strong>Groupe d&rsquo;experts intergouvernemental sur l&rsquo;\u00e9volution du climat (GIEC)<\/strong>&nbsp;pr\u00e9voit une augmentation suppl\u00e9mentaire de&nbsp;<strong>2 \u00e0 4 \u00b0C d&rsquo;ici 2100<\/strong>&nbsp;si les \u00e9missions mondiales de gaz \u00e0 effet de serre ne sont pas r\u00e9duites. Pour un pays sah\u00e9lien d\u00e9j\u00e0 confront\u00e9 \u00e0 des temp\u00e9ratures extr\u00eames, chaque dixi\u00e8me de degr\u00e9 suppl\u00e9mentaire signifie une aggravation de la s\u00e9cheresse, une rar\u00e9faction des ressources en eau et une pression accrue sur les terres cultivables.<\/p>\n\n\n\n<p>Les mois d\u2019avril et mai, traditionnellement chauds, sont d\u00e9sormais marqu\u00e9s par des pics de chaleur record. \u00c0&nbsp;<strong>Kayes<\/strong>, ville connue comme l&rsquo;une des plus chaudes d&rsquo;Afrique de l&rsquo;Ouest, des temp\u00e9ratures d\u00e9passant les&nbsp;<strong>47 \u00b0C<\/strong>&nbsp;ont \u00e9t\u00e9 enregistr\u00e9es en 2024, selon l\u2019<strong>Agence malienne de m\u00e9t\u00e9orologie<\/strong>. \u00c0 Bamako, la capitale, le thermom\u00e8tre grimpe d\u00e9sormais r\u00e9guli\u00e8rement au-dessus de&nbsp;<strong>42 \u00b0C<\/strong>&nbsp;en d\u00e9but de saison s\u00e8che, mettant \u00e0 rude \u00e9preuve les populations urbaines, souvent sans acc\u00e8s \u00e0 une climatisation fiable.<\/p>\n\n\n\n<p><strong>Des saisons de plus en plus impr\u00e9visibles<\/strong><\/p>\n\n\n\n<p>Traditionnellement, le Mali conna\u00eet deux grandes saisons : une saison s\u00e8che de novembre \u00e0 mai, et une saison des pluies de juin \u00e0 octobre. Mais depuis quelques ann\u00e9es, ce sch\u00e9ma s&rsquo;effrite. Les pluies arrivent parfois tardivement ou cessent pr\u00e9matur\u00e9ment, rendant la planification agricole extr\u00eamement difficile.<\/p>\n\n\n\n<p>En 2023, la saison des pluies a d\u00e9but\u00e9 avec un mois de retard dans plusieurs r\u00e9gions, compromettant les semis et les r\u00e9coltes de cultures vivri\u00e8res comme le mil, le sorgho et le ma\u00efs. Dans d&rsquo;autres localit\u00e9s, des pluies intenses et br\u00e8ves provoquent des inondations destructrices, suivies de longues p\u00e9riodes de s\u00e9cheresse. Selon le&nbsp;<strong>Minist\u00e8re malien de l\u2019Environnement, de l\u2019Assainissement et du D\u00e9veloppement Durable<\/strong>, ces anomalies climatiques ont affect\u00e9&nbsp;<strong>plus de 2,3 millions de personnes<\/strong>&nbsp;entre 2021 et 2024.<\/p>\n\n\n\n<p><strong>Impacts sociaux et \u00e9conomiques<\/strong><\/p>\n\n\n\n<p>Le secteur agricole, qui emploie plus de&nbsp;<strong>70 %<\/strong>&nbsp;de la population, est le premier touch\u00e9. L&rsquo;irr\u00e9gularit\u00e9 des saisons et l&rsquo;augmentation des temp\u00e9ratures r\u00e9duisent les rendements agricoles, accroissent l&rsquo;ins\u00e9curit\u00e9 alimentaire et provoquent des d\u00e9placements de populations rurales vers les villes.<\/p>\n\n\n\n<p>Par ailleurs, la rar\u00e9faction des ressources naturelles, notamment l&rsquo;eau et les p\u00e2turages, intensifie les conflits communautaires, notamment entre agriculteurs et \u00e9leveurs. Ces tensions s\u2019ajoutent \u00e0 un contexte s\u00e9curitaire d\u00e9j\u00e0 fragilis\u00e9 par les violences arm\u00e9es.<\/p>\n\n\n\n<p>En milieu urbain, la chaleur extr\u00eame augmente les risques sanitaires. Selon un rapport de l\u2019<strong>Organisation mondiale de la sant\u00e9 (OMS)<\/strong>, les cas de maladies hydriques, d\u2019insolations, de d\u00e9shydratation et de maladies respiratoires ont connu une hausse de&nbsp;<strong>18 %<\/strong>&nbsp;\u00e0 Bamako entre 2020 et 2023.<\/p>\n\n\n\n<p><strong>Face au d\u00e9fi : entre adaptation et r\u00e9silience<\/strong><\/p>\n\n\n\n<p>Conscient de l\u2019urgence, le gouvernement malien a adopt\u00e9 plusieurs initiatives, notamment la&nbsp;<strong>Contribution D\u00e9termin\u00e9e au niveau National (CDN)<\/strong>&nbsp;dans le cadre de l\u2019Accord de Paris. Le Mali s\u2019est engag\u00e9 \u00e0 r\u00e9duire ses \u00e9missions de gaz \u00e0 effet de serre de&nbsp;<strong>31 %<\/strong>&nbsp;d&rsquo;ici 2030, principalement \u00e0 travers des actions d\u2019adaptation dans les secteurs de l\u2019agriculture, de l\u2019eau, de l\u2019\u00e9nergie et de la foresterie.<\/p>\n\n\n\n<p>Des projets communautaires de reboisement, tels que ceux soutenus par l\u2019<strong>Agence Nationale de la Grande Muraille Verte<\/strong>, visent \u00e0 restaurer les terres d\u00e9grad\u00e9es et \u00e0 freiner la d\u00e9sertification. Toutefois, le financement international reste insuffisant pour couvrir l\u2019ensemble des besoins. Selon la Banque mondiale, le Mali aurait besoin de plus de&nbsp;<strong>1,6 milliard de dollars<\/strong>&nbsp;d\u2019investissements climatiques sur les 10 prochaines ann\u00e9es pour esp\u00e9rer une r\u00e9silience significative.<\/p>\n\n\n\n<p><strong>Une faible conscience \u00e9cologique dans la soci\u00e9t\u00e9 malienne<\/strong><\/p>\n\n\n\n<p>Malgr\u00e9 l&rsquo;urgence climatique, la conscience collective autour de la protection de l&rsquo;environnement reste relativement faible au Mali. Dans de nombreuses r\u00e9gions, la d\u00e9forestation pour le bois de chauffe le bois d\u2019exportation vers la Chine, la mauvaise gestion des d\u00e9chets, et la surexploitation des ressources naturelles continuent sans r\u00e9elle prise de conscience des impacts \u00e0 long terme. L&rsquo;environnement est souvent per\u00e7u comme une ressource in\u00e9puisable, et les pr\u00e9occupations \u00e9cologiques passent au second plan face aux d\u00e9fis imm\u00e9diats de pauvret\u00e9, de s\u00e9curit\u00e9 alimentaire et d&rsquo;instabilit\u00e9 politique. Cette situation complique la mise en \u0153uvre des politiques climatiques nationales, car sans un changement profond des mentalit\u00e9s et des comportements, les efforts institutionnels risquent de produire peu d&rsquo;effets durables.<\/p>\n\n\n\n<p>Le climat malien est en pleine mutation. Plus que jamais, la r\u00e9silience du pays d\u00e9pendra de la capacit\u00e9 collective, institutions publiques, organisations de la soci\u00e9t\u00e9 civile, citoyens, \u00e0 agir de mani\u00e8re concert\u00e9e et urgente pour s\u2019adapter \u00e0 ce nouveau visage du Sahel.<strong><\/strong><\/p>\n\n\n\n<p><strong>Ahmed M. Thiam<\/strong><\/p>\n","protected":false},"excerpt":{"rendered":"<p>Alors que les yeux des Maliens sont riv\u00e9s sur des sujets comme la politique et la s\u00e9curit\u00e9, l\u2019environnement de mani\u00e8re g\u00e9n\u00e9rale fait l\u2019objet d\u2019un oubli coupable. Aujourd\u2019hui, les vagues de&hellip;<\/p>\n","protected":false},"author":1,"featured_media":18075,"comment_status":"open","ping_status":"open","sticky":false,"template":"","format":"standard","meta":{"content-type":"","_lmt_disableupdate":"","_lmt_disable":"","_jetpack_memberships_contains_paid_content":false,"footnotes":"","jetpack_publicize_message":"","jetpack_publicize_feature_enabled":true,"jetpack_social_post_already_shared":true,"jetpack_social_options":{"image_generator_settings":{"template":"highway","default_image_id":0,"font":"","enabled":false},"version":2}},"categories":[68,21],"tags":[],"class_list":["post-21940","post","type-post","status-publish","format-standard","has-post-thumbnail","hentry","category-lalternance","category-societe"],"jetpack_publicize_connections":[],"featured_image_urls":{"full":["https:\/\/nandi.info\/wp-content\/uploads\/2024\/04\/Changement-climatique-le-Mali-indexe-parmi-les-pays-les-plus-vulnerables.jpg",1200,750,false],"thumbnail":["https:\/\/nandi.info\/wp-content\/uploads\/2024\/04\/Changement-climatique-le-Mali-indexe-parmi-les-pays-les-plus-vulnerables-150x150.jpg",150,150,true],"medium":["https:\/\/nandi.info\/wp-content\/uploads\/2024\/04\/Changement-climatique-le-Mali-indexe-parmi-les-pays-les-plus-vulnerables-300x188.jpg",300,188,true],"medium_large":["https:\/\/nandi.info\/wp-content\/uploads\/2024\/04\/Changement-climatique-le-Mali-indexe-parmi-les-pays-les-plus-vulnerables-768x480.jpg",768,480,true],"large":["https:\/\/nandi.info\/wp-content\/uploads\/2024\/04\/Changement-climatique-le-Mali-indexe-parmi-les-pays-les-plus-vulnerables-1024x640.jpg",1024,640,true],"1536x1536":["https:\/\/nandi.info\/wp-content\/uploads\/2024\/04\/Changement-climatique-le-Mali-indexe-parmi-les-pays-les-plus-vulnerables.jpg",1200,750,false],"2048x2048":["https:\/\/nandi.info\/wp-content\/uploads\/2024\/04\/Changement-climatique-le-Mali-indexe-parmi-les-pays-les-plus-vulnerables.jpg",1200,750,false],"penci-recipe-1200x1200":["https:\/\/nandi.info\/wp-content\/uploads\/2024\/04\/Changement-climatique-le-Mali-indexe-parmi-les-pays-les-plus-vulnerables.jpg",1200,750,false],"penci-recipe-1200x900":["https:\/\/nandi.info\/wp-content\/uploads\/2024\/04\/Changement-climatique-le-Mali-indexe-parmi-les-pays-les-plus-vulnerables.jpg",1200,750,false],"penci-recipe-1200x675":["https:\/\/nandi.info\/wp-content\/uploads\/2024\/04\/Changement-climatique-le-Mali-indexe-parmi-les-pays-les-plus-vulnerables.jpg",1080,675,false],"penci-single-full":["https:\/\/nandi.info\/wp-content\/uploads\/2024\/04\/Changement-climatique-le-Mali-indexe-parmi-les-pays-les-plus-vulnerables.jpg",1200,750,false],"penci-slider-full-thumb":["https:\/\/nandi.info\/wp-content\/uploads\/2024\/04\/Changement-climatique-le-Mali-indexe-parmi-les-pays-les-plus-vulnerables.jpg",1200,750,false],"penci-full-thumb":["https:\/\/nandi.info\/wp-content\/uploads\/2024\/04\/Changement-climatique-le-Mali-indexe-parmi-les-pays-les-plus-vulnerables.jpg",1170,731,false],"penci-slider-thumb":["https:\/\/nandi.info\/wp-content\/uploads\/2024\/04\/Changement-climatique-le-Mali-indexe-parmi-les-pays-les-plus-vulnerables.jpg",1061,663,false],"penci-magazine-slider":["https:\/\/nandi.info\/wp-content\/uploads\/2024\/04\/Changement-climatique-le-Mali-indexe-parmi-les-pays-les-plus-vulnerables.jpg",780,488,false],"penci-thumb":["https:\/\/nandi.info\/wp-content\/uploads\/2024\/04\/Changement-climatique-le-Mali-indexe-parmi-les-pays-les-plus-vulnerables.jpg",585,366,false],"penci-masonry-thumb":["https:\/\/nandi.info\/wp-content\/uploads\/2024\/04\/Changement-climatique-le-Mali-indexe-parmi-les-pays-les-plus-vulnerables.jpg",585,366,false],"penci-thumb-square":["https:\/\/nandi.info\/wp-content\/uploads\/2024\/04\/Changement-climatique-le-Mali-indexe-parmi-les-pays-les-plus-vulnerables.jpg",585,366,false],"penci-thumb-vertical":["https:\/\/nandi.info\/wp-content\/uploads\/2024\/04\/Changement-climatique-le-Mali-indexe-parmi-les-pays-les-plus-vulnerables.jpg",480,300,false],"penci-thumb-small":["https:\/\/nandi.info\/wp-content\/uploads\/2024\/04\/Changement-climatique-le-Mali-indexe-parmi-les-pays-les-plus-vulnerables.jpg",263,164,false]},"author_info":{"display_name":"Nandi","author_link":"https:\/\/nandi.info\/?author=1"},"category_info":"<a href=\"https:\/\/nandi.info\/?cat=68\" rel=\"category\">L'alternance<\/a> <a href=\"https:\/\/nandi.info\/?cat=21\" rel=\"category\">Soci\u00e9t\u00e9<\/a>","tag_info":"Soci\u00e9t\u00e9","comment_count":"0","jetpack_featured_media_url":"https:\/\/nandi.info\/wp-content\/uploads\/2024\/04\/Changement-climatique-le-Mali-indexe-parmi-les-pays-les-plus-vulnerables.jpg","jetpack_sharing_enabled":true,"_links":{"self":[{"href":"https:\/\/nandi.info\/index.php?rest_route=\/wp\/v2\/posts\/21940","targetHints":{"allow":["GET"]}}],"collection":[{"href":"https:\/\/nandi.info\/index.php?rest_route=\/wp\/v2\/posts"}],"about":[{"href":"https:\/\/nandi.info\/index.php?rest_route=\/wp\/v2\/types\/post"}],"author":[{"embeddable":true,"href":"https:\/\/nandi.info\/index.php?rest_route=\/wp\/v2\/users\/1"}],"replies":[{"embeddable":true,"href":"https:\/\/nandi.info\/index.php?rest_route=%2Fwp%2Fv2%2Fcomments&post=21940"}],"version-history":[{"count":1,"href":"https:\/\/nandi.info\/index.php?rest_route=\/wp\/v2\/posts\/21940\/revisions"}],"predecessor-version":[{"id":21941,"href":"https:\/\/nandi.info\/index.php?rest_route=\/wp\/v2\/posts\/21940\/revisions\/21941"}],"wp:featuredmedia":[{"embeddable":true,"href":"https:\/\/nandi.info\/index.php?rest_route=\/wp\/v2\/media\/18075"}],"wp:attachment":[{"href":"https:\/\/nandi.info\/index.php?rest_route=%2Fwp%2Fv2%2Fmedia&parent=21940"}],"wp:term":[{"taxonomy":"category","embeddable":true,"href":"https:\/\/nandi.info\/index.php?rest_route=%2Fwp%2Fv2%2Fcategories&post=21940"},{"taxonomy":"post_tag","embeddable":true,"href":"https:\/\/nandi.info\/index.php?rest_route=%2Fwp%2Fv2%2Ftags&post=21940"}],"curies":[{"name":"wp","href":"https:\/\/api.w.org\/{rel}","templated":true}]}}