{"id":21936,"date":"2025-04-28T17:15:20","date_gmt":"2025-04-28T15:15:20","guid":{"rendered":"https:\/\/nandi.info\/?p=21936"},"modified":"2025-04-28T17:15:23","modified_gmt":"2025-04-28T15:15:23","slug":"rentree-culturelle-2025-2026-le-groupe-kore-des-arts-et-de-la-culture-lance-une-nouvelle-dynamique-culturelle-a-segou","status":"publish","type":"post","link":"https:\/\/nandi.info\/?p=21936","title":{"rendered":"Rentr\u00e9e Culturelle 2025-2026 : Le groupe kor\u00e8 des arts et de la culture lance une nouvelle dynamique culturelle \u00e0 S\u00e9gou"},"content":{"rendered":"\n<figure class=\"wp-block-image size-large\"><img fetchpriority=\"high\" decoding=\"async\" width=\"1024\" height=\"655\" src=\"https:\/\/nandi.info\/wp-content\/uploads\/2025\/04\/Groupe-Kore-des-Arts-et-de-la-Culture-GKAC-2-1024x655.jpg\" alt=\"\" class=\"wp-image-21938\" srcset=\"https:\/\/nandi.info\/wp-content\/uploads\/2025\/04\/Groupe-Kore-des-Arts-et-de-la-Culture-GKAC-2-1024x655.jpg 1024w, https:\/\/nandi.info\/wp-content\/uploads\/2025\/04\/Groupe-Kore-des-Arts-et-de-la-Culture-GKAC-2-300x192.jpg 300w, https:\/\/nandi.info\/wp-content\/uploads\/2025\/04\/Groupe-Kore-des-Arts-et-de-la-Culture-GKAC-2-768x491.jpg 768w, https:\/\/nandi.info\/wp-content\/uploads\/2025\/04\/Groupe-Kore-des-Arts-et-de-la-Culture-GKAC-2-585x374.jpg 585w, https:\/\/nandi.info\/wp-content\/uploads\/2025\/04\/Groupe-Kore-des-Arts-et-de-la-Culture-GKAC-2.jpg 1080w\" sizes=\"(max-width: 1024px) 100vw, 1024px\" \/><\/figure>\n\n\n\n<p><strong>Plac\u00e9e sous le th\u00e8me : <em>\u00ab <\/em><\/strong><em><strong>D\u00e9veloppement et gestion des territoires : d\u00e9fis et perspectives au Mali<\/strong><\/em><strong><em> \u00bb<\/em><\/strong><strong><em>,<\/em><\/strong><strong> le samedi 12 avril 2025, le centre culturel kor\u00e8 de S\u00e9gou a accueilli la rentr\u00e9e culturelle du Groupe Kor\u00e8 des Arts et de la Culture (GKAC), marquant le coup d\u2019envoi d\u2019une nouvelle saison plac\u00e9e sous le signe du renouveau culturel et du d\u00e9veloppement durable.<\/strong><strong> Cet <\/strong><strong>\u00e9v\u00e9nement s\u2019est d\u00e9roul\u00e9 en pr\u00e9sence de, repr\u00e9sentant du chef de l\u2019\u00c9tat, Aguibou Demb\u00e9l\u00e9, secr\u00e9taire g\u00e9n\u00e9ral de la fondation festival sur le Niger, Alamouta Danioko et repr\u00e9sentant du ministre de la Culture Attaher Ma\u00efga, ainsi que le directeur national de l\u2019Action culturelle et d\u2019autres personnalit\u00e9s du monde culturel.<\/strong><strong><\/strong><\/p>\n\n\n\n<p class=\"has-drop-cap\">Le programme 2025-2026, est le fruit d\u2019un partenariat entre la fondation festival sur le Niger, le centre culturel kor\u00e8 et l\u2019institut kor\u00e8 des arts et m\u00e9tiers.<\/p>\n\n\n\n<p>Dans son discours, Alamouta Danioko a salu\u00e9 le r\u00f4le moteur du GKAC, soulignant son engagement pour des initiatives fond\u00e9es sur les valeurs du Maaya, un principe \u00e9thique essentiel \u00e0 la transformation sociale et \u00e9conomique du Mali. Il a rappel\u00e9 l\u2019importance de la culture comme vecteur de paix, d\u2019unit\u00e9 et de progr\u00e8s.<\/p>\n\n\n\n<p>Quant \u00e0 Attaher Ma\u00efga, il a rappel\u00e9 que cette rentr\u00e9e culturelle intervient dans un contexte fort : la proclamation de 2025 comme ann\u00e9e de la culture au Mali par le Pr\u00e9sident de la Transition. une d\u00e9cision, selon lui, qui reconna\u00eet enfin la culture comme pilier du d\u00e9veloppement national. \u00ab Cette initiative nous honore et nous oblige \u00e0 redoubler d\u2019efforts pour une r\u00e9ussite collectif \u00bb, a-t-il d\u00e9clar\u00e9.<\/p>\n\n\n\n<p><strong>Kadiatou Traor\u00e9<\/strong><\/p>\n\n\n\n<p><\/p>\n","protected":false},"excerpt":{"rendered":"<p>Plac\u00e9e sous le th\u00e8me : \u00ab D\u00e9veloppement et gestion des territoires : d\u00e9fis et perspectives au Mali \u00bb, le samedi 12 avril 2025, le centre culturel kor\u00e8 de S\u00e9gou a&hellip;<\/p>\n","protected":false},"author":1,"featured_media":21937,"comment_status":"open","ping_status":"open","sticky":false,"template":"","format":"standard","meta":{"content-type":"","_lmt_disableupdate":"","_lmt_disable":"","_jetpack_memberships_contains_paid_content":false,"footnotes":"","jetpack_publicize_message":"","jetpack_publicize_feature_enabled":true,"jetpack_social_post_already_shared":true,"jetpack_social_options":{"image_generator_settings":{"template":"highway","default_image_id":0,"font":"","enabled":false},"version":2}},"categories":[32,43],"tags":[],"class_list":["post-21936","post","type-post","status-publish","format-standard","has-post-thumbnail","hentry","category-musique-art-et-culture","category-nandi-info"],"jetpack_publicize_connections":[],"featured_image_urls":{"full":["https:\/\/nandi.info\/wp-content\/uploads\/2025\/04\/Groupe-Kore-des-Arts-et-de-la-Culture-GKAC-1.jpg",821,468,false],"thumbnail":["https:\/\/nandi.info\/wp-content\/uploads\/2025\/04\/Groupe-Kore-des-Arts-et-de-la-Culture-GKAC-1-150x150.jpg",150,150,true],"medium":["https:\/\/nandi.info\/wp-content\/uploads\/2025\/04\/Groupe-Kore-des-Arts-et-de-la-Culture-GKAC-1-300x171.jpg",300,171,true],"medium_large":["https:\/\/nandi.info\/wp-content\/uploads\/2025\/04\/Groupe-Kore-des-Arts-et-de-la-Culture-GKAC-1-768x438.jpg",768,438,true],"large":["https:\/\/nandi.info\/wp-content\/uploads\/2025\/04\/Groupe-Kore-des-Arts-et-de-la-Culture-GKAC-1.jpg",821,468,false],"1536x1536":["https:\/\/nandi.info\/wp-content\/uploads\/2025\/04\/Groupe-Kore-des-Arts-et-de-la-Culture-GKAC-1.jpg",821,468,false],"2048x2048":["https:\/\/nandi.info\/wp-content\/uploads\/2025\/04\/Groupe-Kore-des-Arts-et-de-la-Culture-GKAC-1.jpg",821,468,false],"penci-recipe-1200x1200":["https:\/\/nandi.info\/wp-content\/uploads\/2025\/04\/Groupe-Kore-des-Arts-et-de-la-Culture-GKAC-1.jpg",821,468,false],"penci-recipe-1200x900":["https:\/\/nandi.info\/wp-content\/uploads\/2025\/04\/Groupe-Kore-des-Arts-et-de-la-Culture-GKAC-1.jpg",821,468,false],"penci-recipe-1200x675":["https:\/\/nandi.info\/wp-content\/uploads\/2025\/04\/Groupe-Kore-des-Arts-et-de-la-Culture-GKAC-1.jpg",821,468,false],"penci-single-full":["https:\/\/nandi.info\/wp-content\/uploads\/2025\/04\/Groupe-Kore-des-Arts-et-de-la-Culture-GKAC-1.jpg",821,468,false],"penci-slider-full-thumb":["https:\/\/nandi.info\/wp-content\/uploads\/2025\/04\/Groupe-Kore-des-Arts-et-de-la-Culture-GKAC-1.jpg",821,468,false],"penci-full-thumb":["https:\/\/nandi.info\/wp-content\/uploads\/2025\/04\/Groupe-Kore-des-Arts-et-de-la-Culture-GKAC-1.jpg",821,468,false],"penci-slider-thumb":["https:\/\/nandi.info\/wp-content\/uploads\/2025\/04\/Groupe-Kore-des-Arts-et-de-la-Culture-GKAC-1.jpg",821,468,false],"penci-magazine-slider":["https:\/\/nandi.info\/wp-content\/uploads\/2025\/04\/Groupe-Kore-des-Arts-et-de-la-Culture-GKAC-1-780x468.jpg",780,468,true],"penci-thumb":["https:\/\/nandi.info\/wp-content\/uploads\/2025\/04\/Groupe-Kore-des-Arts-et-de-la-Culture-GKAC-1-585x390.jpg",585,390,true],"penci-masonry-thumb":["https:\/\/nandi.info\/wp-content\/uploads\/2025\/04\/Groupe-Kore-des-Arts-et-de-la-Culture-GKAC-1-585x333.jpg",585,333,true],"penci-thumb-square":["https:\/\/nandi.info\/wp-content\/uploads\/2025\/04\/Groupe-Kore-des-Arts-et-de-la-Culture-GKAC-1-585x468.jpg",585,468,true],"penci-thumb-vertical":["https:\/\/nandi.info\/wp-content\/uploads\/2025\/04\/Groupe-Kore-des-Arts-et-de-la-Culture-GKAC-1-480x468.jpg",480,468,true],"penci-thumb-small":["https:\/\/nandi.info\/wp-content\/uploads\/2025\/04\/Groupe-Kore-des-Arts-et-de-la-Culture-GKAC-1-263x175.jpg",263,175,true]},"author_info":{"display_name":"Nandi","author_link":"https:\/\/nandi.info\/?author=1"},"category_info":"<a href=\"https:\/\/nandi.info\/?cat=32\" rel=\"category\">Musique Art et Culture<\/a> <a href=\"https:\/\/nandi.info\/?cat=43\" rel=\"category\">Nandi.info<\/a>","tag_info":"Nandi.info","comment_count":"0","jetpack_featured_media_url":"https:\/\/nandi.info\/wp-content\/uploads\/2025\/04\/Groupe-Kore-des-Arts-et-de-la-Culture-GKAC-1.jpg","jetpack_sharing_enabled":true,"_links":{"self":[{"href":"https:\/\/nandi.info\/index.php?rest_route=\/wp\/v2\/posts\/21936","targetHints":{"allow":["GET"]}}],"collection":[{"href":"https:\/\/nandi.info\/index.php?rest_route=\/wp\/v2\/posts"}],"about":[{"href":"https:\/\/nandi.info\/index.php?rest_route=\/wp\/v2\/types\/post"}],"author":[{"embeddable":true,"href":"https:\/\/nandi.info\/index.php?rest_route=\/wp\/v2\/users\/1"}],"replies":[{"embeddable":true,"href":"https:\/\/nandi.info\/index.php?rest_route=%2Fwp%2Fv2%2Fcomments&post=21936"}],"version-history":[{"count":1,"href":"https:\/\/nandi.info\/index.php?rest_route=\/wp\/v2\/posts\/21936\/revisions"}],"predecessor-version":[{"id":21939,"href":"https:\/\/nandi.info\/index.php?rest_route=\/wp\/v2\/posts\/21936\/revisions\/21939"}],"wp:featuredmedia":[{"embeddable":true,"href":"https:\/\/nandi.info\/index.php?rest_route=\/wp\/v2\/media\/21937"}],"wp:attachment":[{"href":"https:\/\/nandi.info\/index.php?rest_route=%2Fwp%2Fv2%2Fmedia&parent=21936"}],"wp:term":[{"taxonomy":"category","embeddable":true,"href":"https:\/\/nandi.info\/index.php?rest_route=%2Fwp%2Fv2%2Fcategories&post=21936"},{"taxonomy":"post_tag","embeddable":true,"href":"https:\/\/nandi.info\/index.php?rest_route=%2Fwp%2Fv2%2Ftags&post=21936"}],"curies":[{"name":"wp","href":"https:\/\/api.w.org\/{rel}","templated":true}]}}