{"id":21892,"date":"2025-04-24T15:09:05","date_gmt":"2025-04-24T13:09:05","guid":{"rendered":"https:\/\/nandi.info\/?p=21892"},"modified":"2025-04-24T15:23:18","modified_gmt":"2025-04-24T13:23:18","slug":"une-transition-qui-seternise-devient-le-nid-des-crises-a-quand-le-bout-du-tunnel","status":"publish","type":"post","link":"https:\/\/nandi.info\/?p=21892","title":{"rendered":"Une transition qui s\u2019\u00e9ternise devient le nid des crises : A quand le bout du tunnel ?"},"content":{"rendered":"\n<figure class=\"wp-block-image alignleft size-full is-resized\"><img fetchpriority=\"high\" decoding=\"async\" width=\"709\" height=\"472\" src=\"https:\/\/nandi.info\/wp-content\/uploads\/2025\/04\/CONFERENCE-PRESSE-CNSP-UNE.jpg\" alt=\"\" class=\"wp-image-21893\" style=\"width:512px;height:auto\" srcset=\"https:\/\/nandi.info\/wp-content\/uploads\/2025\/04\/CONFERENCE-PRESSE-CNSP-UNE.jpg 709w, https:\/\/nandi.info\/wp-content\/uploads\/2025\/04\/CONFERENCE-PRESSE-CNSP-UNE-300x200.jpg 300w, https:\/\/nandi.info\/wp-content\/uploads\/2025\/04\/CONFERENCE-PRESSE-CNSP-UNE-585x389.jpg 585w, https:\/\/nandi.info\/wp-content\/uploads\/2025\/04\/CONFERENCE-PRESSE-CNSP-UNE-263x175.jpg 263w\" sizes=\"(max-width: 709px) 100vw, 709px\" \/><\/figure>\n\n\n\n<p><strong><em>C\u2019est dans une tr\u00e8s grande euphorie et dans l\u2019espoir de voir les diff\u00e9rentes crises que traversent le Mali, connaitre leur \u00e9pilogue, qu\u2019une \u00e9crasante majorit\u00e9 des maliens avait accueilli la nouvelle de la chute du r\u00e9gime IBK apr\u00e8s pr\u00e8s de deux ans de lutte acharn\u00e9e men\u00e9e par le M5 RFP. Le d\u00e9part du r\u00e9gime IBK avait \u00e9t\u00e9 applaudi dans le but d\u2019op\u00e9rer les changements escompt\u00e9s par le peuple&nbsp; et pour qu\u2019il y ait&nbsp; plus de vertu dans la gouvernance du pays. En effet, cinq ans apr\u00e8s cette liesse populaire, la lueur d\u2019espoir est sur le point de s\u2019estomper au grand dam du peuple. La bonne gouvernance qui aurait d\u00fb caract\u00e9riser la gestion&nbsp; des affaires est devenue une illusion. L\u2019am\u00e9lioration des conditions de vie des citoyens tant d\u00e9sir\u00e9e est en train de produire l\u2019effet contraire, car le peuple broie du noir, pire il porte&nbsp;&nbsp; sur ses&nbsp; \u00e9paules un \u00e9norme fardeau celui de l\u2019extr\u00eame pauvret\u00e9. Les causes profondes&nbsp; \u00e9tant connues, quelles pourraient \u00eatre les solutions envisageables pour r\u00e9soudre les diff\u00e9rentes crises&nbsp;? Les autorit\u00e9s de la transition ont- elles la volont\u00e9 de sortir le Mali de cette situation&nbsp;?<\/em><\/strong><\/p>\n\n\n\n<p class=\"has-drop-cap\">En effet, apr\u00e8s cinq ans de gouvernance, non seulement les fruits n\u2019ont pas tenu la promesse&nbsp; des fleurs, mais aussi et surtout les crises qui ont \u00e9t\u00e9 la cause principale du soul\u00e8vement populaire se sont exacerb\u00e9es laissant pantois le r\u00e9silient peuple malien, qui ne sait plus \u00e0 quel saint se vouer. A-t-on besoin de rappeler aujourd\u2019hui que le Mali traverse une s\u00e9rie de crises&nbsp;: Crise \u00e9conomique, crise financi\u00e8re, crise diplomatique,&nbsp; crise sociopolitique, crise s\u00e9curitaire, la liste est loin d\u2019\u00eatre exhaustive. Toutes ces crises trouvent leur explication dans l\u2019interminable p\u00e9riode transitoire. Il ne fait l\u2019ombre d\u2019aucun doute que les crises se sont v\u00e9ritablement exacerb\u00e9es \u00e0 cause d\u2019une longue dur\u00e9e de la transition ce qui a engendr\u00e9 une&nbsp; crise de confiance entre gouvern\u00e9s et gouvernants et une m\u00e9fiance des investisseurs. Cette crise de confiance semble d\u00e9sormais s\u2019inviter dans tous les d\u00e9bats.<strong><em>&nbsp;&nbsp;<\/em><\/strong>Il est tr\u00e8s rare aujourd\u2019hui de trouver un superlatif appropri\u00e9 pour d\u00e9crire, voire qualifier la gravissime situation dans laquelle le Mali est plong\u00e9. Tous les secteurs sont en \u00e9bullition, l\u2019\u00e9ducation, la sant\u00e9, les finances, l\u2019\u00e9conomie, la diplomatie, la s\u00e9curit\u00e9,&nbsp; jamais notre pays ne s\u2019est retrouv\u00e9 dans un imbroglio \u00e0 la fois indescriptible et \u00e9pouvantable que sous la transition.<\/p>\n\n\n\n<p><strong><em>Les causes profondes&nbsp; \u00e9tant connues, quelles pourraient \u00eatre les solutions envisageables pour r\u00e9soudre les diff\u00e9rentes crises&nbsp;?<\/em><\/strong><\/p>\n\n\n\n<p><strong><em>Si l<\/em><\/strong>es causes lointaines sont li\u00e9es \u00e0 la crise institutionnelle, cons\u00e9cutive au coup d\u2019Etat, les causes imm\u00e9diates sont celles qui sont li\u00e9es au statu quo ante dans lequel les autorit\u00e9s ont bien voulu maintenir le pays. Sinon comment comprendre qu\u2019apr\u00e8s cinq ans de transition, qu\u2019elles ne soient pas dans les bonnes pr\u00e9dispositions \u00e0 sortir de la transition pour signer le retour \u00e0 l\u2019ordre constitutionnel, gage d\u2019une certaine normalit\u00e9 diplomatique avec les pays qui n\u2019entendent pas collaborer avec ceux qui sont en rupture constitutionnelle. Donc la premi\u00e8re solution pour r\u00e9soudre les diff\u00e9rentes crises, serait le retour \u00e0 l\u2019ordre constitutionnel. Viendraient les autres solutions, celles-ci ne pourraient \u00eatre envisag\u00e9es que par un gouvernement l\u00e9gitime et l\u00e9gal, celui qui a la caution du peuple. Ce gouvernement&nbsp; serait sans nul doute un autre gouvernement de transition, celui qui cherchera \u00e0 r\u00e9parer toutes les erreurs commises par le pr\u00e9c\u00e9dent. Il aura trois priorit\u00e9s, la premi\u00e8re serait de rapprocher sur le plan diplomatique le Mali de tous les pays du monde en g\u00e9n\u00e9ral et ceux qui sont les plus proches en particulier.&nbsp; La deuxi\u00e8me, priorit\u00e9 serait de r\u00e9int\u00e9grer toutes les organisations dont le Mali s\u2019est retir\u00e9, \u00e0 commencer par la CEDEAO. La troisi\u00e8me priorit\u00e9 serait de donner une lueur d\u2019espoir au peuple malien en apportant une th\u00e9rapie de choc \u00e0 la crise socio s\u00e9curitaire. Cette p\u00e9riode transitoire pourrait durer deux ans, c\u2019est apr\u00e8s cette phase qu\u2019il faut planifier des v\u00e9ritables&nbsp; strat\u00e9gies de d\u00e9veloppement en pr\u00f4nant au prime abord la bonne gouvernance, \u00e0 travers une lutte implacable contre la corruption et en r\u00e9formant la justice&nbsp;. Ces deux actions seront des garanties auxquelles les grands investisseurs restent accroch\u00e9s avant de d\u00e9cider de venir investir dans le pays. La mobilisation des fonds se fera sur la base de la cr\u00e9dibilit\u00e9 des institutions, de la qualit\u00e9 de la gouvernance et surtout de l\u2019aura des autorit\u00e9s sur la sc\u00e8ne internationale.<\/p>\n\n\n\n<p><strong><em>Les autorit\u00e9s de la transition ont- elles la volont\u00e9 de sortir le Mali de cette situation&nbsp;?<\/em><\/strong><\/p>\n\n\n\n<p>La question m\u00e9rite d\u2019\u00eatre pos\u00e9e, surtout quand on sait qu\u2019il n y a aucun signe tangible qui prouve le contraire. Le Gouvernement transitoire du Mali, en lan\u00e7ant les concertations nationales afin que les forces vives de la nation se prononcent sur le mod\u00e8le de d\u00e9mocratie que nous voulons au Mali suscite d\u00e9j\u00e0 un grand toll\u00e9, car les &nbsp;leaders des partis politiques dans leur \u00e9crasante majorit\u00e9 rejettent ces concertations dont le but ultime serait&nbsp; la dissolution des partis politiques. Ils soup\u00e7onnent le gouvernement d\u2019ourdir un complot contre les partis politiques, dont le sort serait scell\u00e9 lors des concertations nationales. Pour rappel les concertations locales ont dans leur grande majorit\u00e9 adopt\u00e9 deux grandes recommandations, celle relative \u00e0 la dissolution pure et simple des partis politiques et la deuxi\u00e8me recommandation est relative \u00e0 la suppression et du financement public des partis politiques et de la suppression du chef de file de l\u2019opposition. Donc un nouveau bras de fer en perspective entre le gouvernement et la classe politique, ce qui n\u2019augure rien de bon pour un pays en proie \u00e0 des multiples crises. Ce sont ces \u00e9l\u00e9ments d\u2019appr\u00e9ciation qui nous fondent \u00e0 dire que les autorit\u00e9s n\u2019ont pas la volont\u00e9 de sortir le Mali de cette crise multidimensionnelle aux cons\u00e9quences gravissimes. Mais comme dirait cet adage bien connu, qui s\u00e8me le vent r\u00e9coltera inexorablement la temp\u00eate.<\/p>\n\n\n\n<p><strong>Youssouf Sissoko<\/strong><\/p>\n","protected":false},"excerpt":{"rendered":"<p>C\u2019est dans une tr\u00e8s grande euphorie et dans l\u2019espoir de voir les diff\u00e9rentes crises que traversent le Mali, connaitre leur \u00e9pilogue, qu\u2019une \u00e9crasante majorit\u00e9 des maliens avait accueilli la nouvelle&hellip;<\/p>\n","protected":false},"author":1,"featured_media":21893,"comment_status":"open","ping_status":"open","sticky":false,"template":"","format":"standard","meta":{"content-type":"","_lmt_disableupdate":"","_lmt_disable":"","_jetpack_memberships_contains_paid_content":false,"footnotes":"","jetpack_publicize_message":"","jetpack_publicize_feature_enabled":true,"jetpack_social_post_already_shared":true,"jetpack_social_options":{"image_generator_settings":{"template":"highway","default_image_id":0,"font":"","enabled":false},"version":2}},"categories":[68,23],"tags":[],"class_list":["post-21892","post","type-post","status-publish","format-standard","has-post-thumbnail","hentry","category-lalternance","category-politique"],"jetpack_publicize_connections":[],"featured_image_urls":{"full":["https:\/\/nandi.info\/wp-content\/uploads\/2025\/04\/CONFERENCE-PRESSE-CNSP-UNE.jpg",709,472,false],"thumbnail":["https:\/\/nandi.info\/wp-content\/uploads\/2025\/04\/CONFERENCE-PRESSE-CNSP-UNE-150x150.jpg",150,150,true],"medium":["https:\/\/nandi.info\/wp-content\/uploads\/2025\/04\/CONFERENCE-PRESSE-CNSP-UNE-300x200.jpg",300,200,true],"medium_large":["https:\/\/nandi.info\/wp-content\/uploads\/2025\/04\/CONFERENCE-PRESSE-CNSP-UNE.jpg",709,472,false],"large":["https:\/\/nandi.info\/wp-content\/uploads\/2025\/04\/CONFERENCE-PRESSE-CNSP-UNE.jpg",709,472,false],"1536x1536":["https:\/\/nandi.info\/wp-content\/uploads\/2025\/04\/CONFERENCE-PRESSE-CNSP-UNE.jpg",709,472,false],"2048x2048":["https:\/\/nandi.info\/wp-content\/uploads\/2025\/04\/CONFERENCE-PRESSE-CNSP-UNE.jpg",709,472,false],"penci-recipe-1200x1200":["https:\/\/nandi.info\/wp-content\/uploads\/2025\/04\/CONFERENCE-PRESSE-CNSP-UNE.jpg",709,472,false],"penci-recipe-1200x900":["https:\/\/nandi.info\/wp-content\/uploads\/2025\/04\/CONFERENCE-PRESSE-CNSP-UNE.jpg",709,472,false],"penci-recipe-1200x675":["https:\/\/nandi.info\/wp-content\/uploads\/2025\/04\/CONFERENCE-PRESSE-CNSP-UNE.jpg",709,472,false],"penci-single-full":["https:\/\/nandi.info\/wp-content\/uploads\/2025\/04\/CONFERENCE-PRESSE-CNSP-UNE.jpg",709,472,false],"penci-slider-full-thumb":["https:\/\/nandi.info\/wp-content\/uploads\/2025\/04\/CONFERENCE-PRESSE-CNSP-UNE.jpg",709,472,false],"penci-full-thumb":["https:\/\/nandi.info\/wp-content\/uploads\/2025\/04\/CONFERENCE-PRESSE-CNSP-UNE.jpg",709,472,false],"penci-slider-thumb":["https:\/\/nandi.info\/wp-content\/uploads\/2025\/04\/CONFERENCE-PRESSE-CNSP-UNE.jpg",709,472,false],"penci-magazine-slider":["https:\/\/nandi.info\/wp-content\/uploads\/2025\/04\/CONFERENCE-PRESSE-CNSP-UNE.jpg",709,472,false],"penci-thumb":["https:\/\/nandi.info\/wp-content\/uploads\/2025\/04\/CONFERENCE-PRESSE-CNSP-UNE-585x390.jpg",585,390,true],"penci-masonry-thumb":["https:\/\/nandi.info\/wp-content\/uploads\/2025\/04\/CONFERENCE-PRESSE-CNSP-UNE-585x389.jpg",585,389,true],"penci-thumb-square":["https:\/\/nandi.info\/wp-content\/uploads\/2025\/04\/CONFERENCE-PRESSE-CNSP-UNE-585x472.jpg",585,472,true],"penci-thumb-vertical":["https:\/\/nandi.info\/wp-content\/uploads\/2025\/04\/CONFERENCE-PRESSE-CNSP-UNE-480x472.jpg",480,472,true],"penci-thumb-small":["https:\/\/nandi.info\/wp-content\/uploads\/2025\/04\/CONFERENCE-PRESSE-CNSP-UNE-263x175.jpg",263,175,true]},"author_info":{"display_name":"Nandi","author_link":"https:\/\/nandi.info\/?author=1"},"category_info":"<a href=\"https:\/\/nandi.info\/?cat=68\" rel=\"category\">L'alternance<\/a> <a href=\"https:\/\/nandi.info\/?cat=23\" rel=\"category\">Politique<\/a>","tag_info":"Politique","comment_count":"0","jetpack_featured_media_url":"https:\/\/nandi.info\/wp-content\/uploads\/2025\/04\/CONFERENCE-PRESSE-CNSP-UNE.jpg","jetpack_sharing_enabled":true,"_links":{"self":[{"href":"https:\/\/nandi.info\/index.php?rest_route=\/wp\/v2\/posts\/21892","targetHints":{"allow":["GET"]}}],"collection":[{"href":"https:\/\/nandi.info\/index.php?rest_route=\/wp\/v2\/posts"}],"about":[{"href":"https:\/\/nandi.info\/index.php?rest_route=\/wp\/v2\/types\/post"}],"author":[{"embeddable":true,"href":"https:\/\/nandi.info\/index.php?rest_route=\/wp\/v2\/users\/1"}],"replies":[{"embeddable":true,"href":"https:\/\/nandi.info\/index.php?rest_route=%2Fwp%2Fv2%2Fcomments&post=21892"}],"version-history":[{"count":2,"href":"https:\/\/nandi.info\/index.php?rest_route=\/wp\/v2\/posts\/21892\/revisions"}],"predecessor-version":[{"id":21896,"href":"https:\/\/nandi.info\/index.php?rest_route=\/wp\/v2\/posts\/21892\/revisions\/21896"}],"wp:featuredmedia":[{"embeddable":true,"href":"https:\/\/nandi.info\/index.php?rest_route=\/wp\/v2\/media\/21893"}],"wp:attachment":[{"href":"https:\/\/nandi.info\/index.php?rest_route=%2Fwp%2Fv2%2Fmedia&parent=21892"}],"wp:term":[{"taxonomy":"category","embeddable":true,"href":"https:\/\/nandi.info\/index.php?rest_route=%2Fwp%2Fv2%2Fcategories&post=21892"},{"taxonomy":"post_tag","embeddable":true,"href":"https:\/\/nandi.info\/index.php?rest_route=%2Fwp%2Fv2%2Ftags&post=21892"}],"curies":[{"name":"wp","href":"https:\/\/api.w.org\/{rel}","templated":true}]}}