{"id":21882,"date":"2025-04-22T13:20:15","date_gmt":"2025-04-22T11:20:15","guid":{"rendered":"https:\/\/nandi.info\/?p=21882"},"modified":"2025-04-22T13:20:18","modified_gmt":"2025-04-22T11:20:18","slug":"journee-internationale-du-travail-1er-mai-luntm-appelle-a-la-vigilance-a-lunite-et-a-la-mobilisation-citoyenne","status":"publish","type":"post","link":"https:\/\/nandi.info\/?p=21882","title":{"rendered":"Journ\u00e9e internationale du travail (1er mai)\u00a0: L\u2019UNTM appelle \u00e0 la vigilance, \u00e0 l\u2019unit\u00e9 et \u00e0 la mobilisation citoyenne"},"content":{"rendered":"\n<figure class=\"wp-block-image size-large\"><img fetchpriority=\"high\" decoding=\"async\" width=\"1024\" height=\"793\" src=\"https:\/\/nandi.info\/wp-content\/uploads\/2022\/05\/UNTM2-2-scaled-1-1024x793.jpg\" alt=\"\" class=\"wp-image-5311\" srcset=\"https:\/\/nandi.info\/wp-content\/uploads\/2022\/05\/UNTM2-2-scaled-1-1024x793.jpg 1024w, https:\/\/nandi.info\/wp-content\/uploads\/2022\/05\/UNTM2-2-scaled-1-300x232.jpg 300w, https:\/\/nandi.info\/wp-content\/uploads\/2022\/05\/UNTM2-2-scaled-1-768x595.jpg 768w, https:\/\/nandi.info\/wp-content\/uploads\/2022\/05\/UNTM2-2-scaled-1-1536x1189.jpg 1536w, https:\/\/nandi.info\/wp-content\/uploads\/2022\/05\/UNTM2-2-scaled-1-2048x1586.jpg 2048w\" sizes=\"(max-width: 1024px) 100vw, 1024px\" \/><\/figure>\n\n\n\n<p><strong><em>Chaque 1<sup>er<\/sup> mai est c\u00e9l\u00e9br\u00e9 la journ\u00e9e internationale du Travail. A quelques semaines de l\u2019\u00e9v\u00e8nement, le Secr\u00e9taire G\u00e9n\u00e9ral de l\u2019Union Nationale des Travailleurs du Mali (UNTM), la grande centrale syndicale des travailleurs, Yacouba Katil\u00e9 s\u2019est adress\u00e9 aux travailleuses et travailleurs du Mali \u00e0 travers une lettre circulaire. Dans laquelle, il a appel\u00e9 \u00e0 la vigilance, \u00e0 l\u2019unit\u00e9 et \u00e0 la mobilisation citoyenne.<\/em><\/strong><\/p>\n\n\n\n<p class=\"has-drop-cap\">L\u2019\u00e9dition 2025 de la journ\u00e9e internationale du travail (1<sup>er<\/sup> mai) est plac\u00e9e sous le th\u00e8me&nbsp;:&nbsp;\u00ab&nbsp;Travailler dans la dignit\u00e9, d\u00e9fendre la justice sociale, pr\u00e9server la Nation&nbsp;\u00bb. Dans ses mots, le SG Katil\u00e9 a estim\u00e9 que cette journ\u00e9e est bien plus qu\u2019une date dans le calendrier syndical. Car c\u2019est une journ\u00e9e de m\u00e9moire, de lutte et d\u2019esp\u00e9rance.<\/p>\n\n\n\n<p>&nbsp;M\u00e9moire des sacrifices de celles et ceux qui, dit-il, depuis plus d\u2019un si\u00e8cle, se sont battus pour la dignit\u00e9, la justice sociale, la libert\u00e9 syndicale et l\u2019am\u00e9lioration des conditions de travail. \u00ab&nbsp;Esp\u00e9rance pour les g\u00e9n\u00e9rations actuelles et futures que la force collective des travailleurs puisse b\u00e2tir une soci\u00e9t\u00e9 plus \u00e9quitable&nbsp;\u00bb a d\u00e9clar\u00e9 M. Katil\u00e9.<\/p>\n\n\n\n<p>Selon lui, au Mali, ladite Journ\u00e9e prend une r\u00e9sonance particuli\u00e8re surtout dans un pays engag\u00e9 sur la voie d\u2019une refondation politique, \u00e9conomique et sociale. Que le 1er mai est l\u2019occasion pour les travailleuses et travailleurs de rappeler leur r\u00f4le central dans la construction de la Nation, comme ils l\u2019ont toujours fait aux heures d\u00e9cisives de l\u2019histoire du Mali, y compris pendant la lutte anticoloniale.<\/p>\n\n\n\n<p>Dans la m\u00eame circulaire, le SG Katil\u00e9 pr\u00e9cise qu\u2019aujourd\u2019hui encore, dans un contexte marqu\u00e9 par des crises multiples s\u00e9curitaire, \u00e9conomique, institutionnelle, les travailleuses et les travailleurs font preuve d\u2019un patriotisme admirable, souvent dans l\u2019ombre, au prix de nombreux sacrifices. Et&nbsp; l\u2019UNTM, fid\u00e8le \u00e0 sa mission, n\u2019a cess\u00e9 d\u2019interpeller les pouvoirs publics sur la n\u00e9cessit\u00e9 de mettre en \u0153uvre les accords sign\u00e9s, de garantir les droits syndicaux fondamentaux, et d\u2019\u0153uvrer \u00e0 une justice sociale inclusive.<\/p>\n\n\n\n<p>\u00ab&nbsp;Depuis plusieurs ann\u00e9es, notre Centrale a choisi la voie de la responsabilit\u00e9 patriotique, en suspendant m\u00eame ses mots d\u2019ordre de gr\u00e8ve au nom de l\u2019int\u00e9r\u00eat sup\u00e9rieur de la Nation. Mais cette responsabilit\u00e9 ne saurait \u00eatre synonyme de r\u00e9signation ou de renoncement. Le 1er Mai 2025 doit donc \u00eatre un moment de v\u00e9rit\u00e9, de mobilisation et de mise en garde. V\u00e9rit\u00e9 sur l\u2019injustice persistante que subissent de nombreux travailleurs. Mobilisation pour la relance d\u2019un dialogue social sinc\u00e8re et productif. Mise en garde contre toute tentative de remise en cause des acquis sociaux&nbsp;\u00bb a-t-il laiss\u00e9 entendre.<\/p>\n\n\n\n<p>Il a \u00e9galement indiqu\u00e9 qu\u2019ils doivent r\u00e9affirmer que la refondation du Mali ne se fera pas sans les travailleuses et les travailleurs. \u00ab&nbsp;Notre engagement pour la paix, la justice sociale, la solidarit\u00e9 et la d\u00e9mocratie ne faiblira pas. Nous restons vigilants, unis et mobilis\u00e9s pour que l\u2019avenir du Mali soit construit sur la base d\u2019un travail digne, respect\u00e9 et prot\u00e9g\u00e9&nbsp;\u00bb a clarifi\u00e9 le SG de l\u2019UNTM.<\/p>\n\n\n\n<p><strong>Mariam Sissoko<\/strong><strong><\/strong><\/p>\n","protected":false},"excerpt":{"rendered":"<p>Chaque 1er mai est c\u00e9l\u00e9br\u00e9 la journ\u00e9e internationale du Travail. A quelques semaines de l\u2019\u00e9v\u00e8nement, le Secr\u00e9taire G\u00e9n\u00e9ral de l\u2019Union Nationale des Travailleurs du Mali (UNTM), la grande centrale syndicale&hellip;<\/p>\n","protected":false},"author":1,"featured_media":5311,"comment_status":"open","ping_status":"open","sticky":false,"template":"","format":"standard","meta":{"content-type":"","_lmt_disableupdate":"","_lmt_disable":"","_jetpack_memberships_contains_paid_content":false,"footnotes":"","jetpack_publicize_message":"","jetpack_publicize_feature_enabled":true,"jetpack_social_post_already_shared":true,"jetpack_social_options":{"image_generator_settings":{"template":"highway","default_image_id":0,"font":"","enabled":false},"version":2}},"categories":[67,21],"tags":[],"class_list":["post-21882","post","type-post","status-publish","format-standard","has-post-thumbnail","hentry","category-le-sursaut","category-societe"],"jetpack_publicize_connections":[],"featured_image_urls":{"full":["https:\/\/nandi.info\/wp-content\/uploads\/2022\/05\/UNTM2-2-scaled-1.jpg",2560,1982,false],"thumbnail":["https:\/\/nandi.info\/wp-content\/uploads\/2022\/05\/UNTM2-2-scaled-1-150x150.jpg",150,150,true],"medium":["https:\/\/nandi.info\/wp-content\/uploads\/2022\/05\/UNTM2-2-scaled-1-300x232.jpg",300,232,true],"medium_large":["https:\/\/nandi.info\/wp-content\/uploads\/2022\/05\/UNTM2-2-scaled-1-768x595.jpg",768,595,true],"large":["https:\/\/nandi.info\/wp-content\/uploads\/2022\/05\/UNTM2-2-scaled-1-1024x793.jpg",1024,793,true],"1536x1536":["https:\/\/nandi.info\/wp-content\/uploads\/2022\/05\/UNTM2-2-scaled-1-1536x1189.jpg",1536,1189,true],"2048x2048":["https:\/\/nandi.info\/wp-content\/uploads\/2022\/05\/UNTM2-2-scaled-1-2048x1586.jpg",2048,1586,true],"penci-recipe-1200x1200":["https:\/\/nandi.info\/wp-content\/uploads\/2022\/05\/UNTM2-2-scaled-1.jpg",1200,929,false],"penci-recipe-1200x900":["https:\/\/nandi.info\/wp-content\/uploads\/2022\/05\/UNTM2-2-scaled-1.jpg",1162,900,false],"penci-recipe-1200x675":["https:\/\/nandi.info\/wp-content\/uploads\/2022\/05\/UNTM2-2-scaled-1.jpg",872,675,false],"penci-single-full":["https:\/\/nandi.info\/wp-content\/uploads\/2022\/05\/UNTM2-2-scaled-1.jpg",1920,1487,false],"penci-slider-full-thumb":["https:\/\/nandi.info\/wp-content\/uploads\/2022\/05\/UNTM2-2-scaled-1.jpg",1033,800,false],"penci-full-thumb":["https:\/\/nandi.info\/wp-content\/uploads\/2022\/05\/UNTM2-2-scaled-1.jpg",1170,906,false],"penci-slider-thumb":["https:\/\/nandi.info\/wp-content\/uploads\/2022\/05\/UNTM2-2-scaled-1.jpg",856,663,false],"penci-magazine-slider":["https:\/\/nandi.info\/wp-content\/uploads\/2022\/05\/UNTM2-2-scaled-1.jpg",666,516,false],"penci-thumb":["https:\/\/nandi.info\/wp-content\/uploads\/2022\/05\/UNTM2-2-scaled-1.jpg",504,390,false],"penci-masonry-thumb":["https:\/\/nandi.info\/wp-content\/uploads\/2022\/05\/UNTM2-2-scaled-1.jpg",585,453,false],"penci-thumb-square":["https:\/\/nandi.info\/wp-content\/uploads\/2022\/05\/UNTM2-2-scaled-1.jpg",585,453,false],"penci-thumb-vertical":["https:\/\/nandi.info\/wp-content\/uploads\/2022\/05\/UNTM2-2-scaled-1.jpg",480,372,false],"penci-thumb-small":["https:\/\/nandi.info\/wp-content\/uploads\/2022\/05\/UNTM2-2-scaled-1.jpg",226,175,false]},"author_info":{"display_name":"Nandi","author_link":"https:\/\/nandi.info\/?author=1"},"category_info":"<a href=\"https:\/\/nandi.info\/?cat=67\" rel=\"category\">Le Sursaut<\/a> <a href=\"https:\/\/nandi.info\/?cat=21\" rel=\"category\">Soci\u00e9t\u00e9<\/a>","tag_info":"Soci\u00e9t\u00e9","comment_count":"0","jetpack_featured_media_url":"https:\/\/nandi.info\/wp-content\/uploads\/2022\/05\/UNTM2-2-scaled-1.jpg","jetpack_sharing_enabled":true,"_links":{"self":[{"href":"https:\/\/nandi.info\/index.php?rest_route=\/wp\/v2\/posts\/21882","targetHints":{"allow":["GET"]}}],"collection":[{"href":"https:\/\/nandi.info\/index.php?rest_route=\/wp\/v2\/posts"}],"about":[{"href":"https:\/\/nandi.info\/index.php?rest_route=\/wp\/v2\/types\/post"}],"author":[{"embeddable":true,"href":"https:\/\/nandi.info\/index.php?rest_route=\/wp\/v2\/users\/1"}],"replies":[{"embeddable":true,"href":"https:\/\/nandi.info\/index.php?rest_route=%2Fwp%2Fv2%2Fcomments&post=21882"}],"version-history":[{"count":1,"href":"https:\/\/nandi.info\/index.php?rest_route=\/wp\/v2\/posts\/21882\/revisions"}],"predecessor-version":[{"id":21883,"href":"https:\/\/nandi.info\/index.php?rest_route=\/wp\/v2\/posts\/21882\/revisions\/21883"}],"wp:featuredmedia":[{"embeddable":true,"href":"https:\/\/nandi.info\/index.php?rest_route=\/wp\/v2\/media\/5311"}],"wp:attachment":[{"href":"https:\/\/nandi.info\/index.php?rest_route=%2Fwp%2Fv2%2Fmedia&parent=21882"}],"wp:term":[{"taxonomy":"category","embeddable":true,"href":"https:\/\/nandi.info\/index.php?rest_route=%2Fwp%2Fv2%2Fcategories&post=21882"},{"taxonomy":"post_tag","embeddable":true,"href":"https:\/\/nandi.info\/index.php?rest_route=%2Fwp%2Fv2%2Ftags&post=21882"}],"curies":[{"name":"wp","href":"https:\/\/api.w.org\/{rel}","templated":true}]}}