{"id":21845,"date":"2025-04-16T17:43:12","date_gmt":"2025-04-16T15:43:12","guid":{"rendered":"https:\/\/nandi.info\/?p=21845"},"modified":"2025-04-16T17:43:15","modified_gmt":"2025-04-16T15:43:15","slug":"oumou-sall-seck-ministre-en-charge-de-lemploi-sur-les-168-activites-planifiees-60-ont-ete-entierement-realisees","status":"publish","type":"post","link":"https:\/\/nandi.info\/?p=21845","title":{"rendered":"Oumou Sall Seck, ministre en charge de l\u2019emploi : \u201cSur les 168 activit\u00e9s planifi\u00e9es, 60 % ont \u00e9t\u00e9 enti\u00e8rement r\u00e9alis\u00e9es\u201d"},"content":{"rendered":"\n<figure class=\"wp-block-image size-full\"><img fetchpriority=\"high\" decoding=\"async\" width=\"650\" height=\"432\" src=\"https:\/\/nandi.info\/wp-content\/uploads\/2025\/04\/Oumou-Sall-Seck.jpg\" alt=\"\" class=\"wp-image-21846\" srcset=\"https:\/\/nandi.info\/wp-content\/uploads\/2025\/04\/Oumou-Sall-Seck.jpg 650w, https:\/\/nandi.info\/wp-content\/uploads\/2025\/04\/Oumou-Sall-Seck-300x199.jpg 300w, https:\/\/nandi.info\/wp-content\/uploads\/2025\/04\/Oumou-Sall-Seck-585x389.jpg 585w, https:\/\/nandi.info\/wp-content\/uploads\/2025\/04\/Oumou-Sall-Seck-263x175.jpg 263w\" sizes=\"(max-width: 650px) 100vw, 650px\" \/><\/figure>\n\n\n\n<p><strong><em>Dans le cadre de la concr\u00e9tisation d\u2019une promesse faite d\u00e8s sa prise de fonction, Mme Oumou Sall Seck, ministre de l\u2019Entrepreneuriat national, de l\u2019Emploi et de la Formation professionnelle, a, \u00e0 la faveur d\u2019une conf\u00e9rence de presse, pr\u00e9sent\u00e9 aux m\u00e9dias un bilan des principales r\u00e9alisations effectu\u00e9es au cours du 1er trimestre de l\u2019ann\u00e9e. \u201cSur les 168 activit\u00e9s planifi\u00e9es par les structures de son minist\u00e8re pour le 1er trimestre, 60 % ont \u00e9t\u00e9 enti\u00e8rement r\u00e9alis\u00e9es, 25 % sont en cours de mise en \u0153uvre, tandis que 15 % restent \u00e0 lancer, essentiellement en raison de contraintes logistiques\u201d, a expliqu\u00e9 la cheffe du d\u00e9partement.<\/em><\/strong><\/p>\n\n\n\n<p class=\"has-drop-cap\">Mme le ministre de l\u2019Entrepreneuriat national, de l\u2019Emploi et de la Formation professionnelle a anim\u00e9, le jeudi 10 avril 2025, la conf\u00e9rence de presse trimestrielle de son d\u00e9partement \u00e0 la Maison de la presse, en pr\u00e9sence de la pr\u00e9sidente de la Commission en charge de l\u2019emploi du Conseil national de transition (CNT), du pr\u00e9sident de la Maison de la Presse, des membres du cabinet et du secr\u00e9tariat g\u00e9n\u00e9ral, des chefs de service du minist\u00e8re, ainsi que d\u2019une cinquantaine de journalistes issus de la presse \u00e9crite, audiovisuelle et en ligne.<\/p>\n\n\n\n<p>Cet exercice est un engagement pris par Mme le ministre d\u2019instaurer cette dynamique de communication r\u00e9guli\u00e8re avec les m\u00e9dias visant \u00e0 \u00e9tablir un dialogue franc, transparent et r\u00e9gulier avec les professionnels de l\u2019information.<\/p>\n\n\n\n<p>Malgr\u00e9 un contexte national marqu\u00e9 par de nombreux d\u00e9fis, notamment s\u00e9curitaires et \u00e9conomiques, elle a r\u00e9affirm\u00e9 la d\u00e9termination de son minist\u00e8re \u00e0 intensifier l\u2019accompagnement des jeunes, \u00e0 am\u00e9liorer l\u2019acc\u00e8s \u00e0 des formations qualifiantes et \u00e0 promouvoir une culture entrepreneuriale forte, inclusive et durable.<\/p>\n\n\n\n<p>En termes de bilan du premier trimestre 2025, Mme Oumou Sall Seck dira que parmi les principales r\u00e9alisations, on peut citer : l\u2019\u00e9laboration d\u2019un programme \u00e0 impact rapide, en phase avec la vision du pr\u00e9sident de la Transition et les orientations du Premier ministre.<\/p>\n\n\n\n<p>Ce programme vise \u00e0 promouvoir les activit\u00e9s g\u00e9n\u00e9ratrices de revenus et \u00e0 cr\u00e9er des opportunit\u00e9s d\u2019emploi dans toutes les r\u00e9gions, afin de lutter efficacement contre la pauvret\u00e9, l\u2019ouverture et l\u2019op\u00e9rationnalisation de nouveaux centres de formation professionnelle \u00e0 Sikasso et Markala, la mise en place d\u2019\u00e9coles de soutien \u00e0 l\u2019insertion des femmes rurales et des personnes en situation de vuln\u00e9rabilit\u00e9 dans les localit\u00e9s de Siby, Gao, Bourem, Ansongo, Tacharane, Bentia, Koulikoro et Bamako.<\/p>\n\n\n\n<p>L\u2019op\u00e9rationnalisation du projet Fier II, avec l\u2019appui du Fida, pour la formation, l\u2019insertion professionnelle et l\u2019appui \u00e0 l\u2019entrepreneuriat des jeunes ruraux dans les r\u00e9gions de Kayes, Koulikoro, Sikasso et S\u00e9gou. Ce projet b\u00e9n\u00e9ficie d\u2019un financement de 100 millions de dollars US (soit 59,5 milliards F CFA).<\/p>\n\n\n\n<p>La cr\u00e9ation d\u2019opportunit\u00e9s de formation en Chine pour l\u2019ann\u00e9e acad\u00e9mique 2025\u20132026, dans le cadre de la coop\u00e9ration strat\u00e9gique avec la R\u00e9publique Populaire de Chine. Les inscriptions sont actuellement en cours. Le renforcement de l\u2019employabilit\u00e9 de 5 000 jeunes dipl\u00f4m\u00e9s \u00e0 travers leur immersion dans les services publics et parapublics, dans le cadre des 13e et 14e programmes de stage de formation professionnelle de l\u2019Apej, une mission de terrain \u00e0 Gao (du 27 f\u00e9vrier au 1er mars 2025) ayant permis : l\u2019inauguration d\u2019un b\u00e2timent pour la direction r\u00e9gionale de l\u2019emploi et de la formation professionnelle, financ\u00e9 \u00e0 hauteur de 160 millions F CFA sur le budget national, la cr\u00e9ation de trois Espaces d\u2019orientation jeunesse, r\u00e9alis\u00e9s par l\u2019Apej avec l\u2019appui de la Coop\u00e9ration luxembourgeoise (pour un montant total de 72,232 millions F CFA), le lancement de l\u2019op\u00e9ration permis de conduire pour 20 jeunes de la Commune urbaine de Gao (sur un objectif total de 150 jeunes dans la r\u00e9gion), l\u2019octroi d\u2019une enveloppe de 10 millions FCFA par l\u2019ANPE, au profit des associations de femmes commer\u00e7antes et entrepreneures, des jeunes artisans (tailleurs, soudeurs, \u00e9leveurs, etc.) et des personnes en situation de handicap, impact\u00e9es par la crise \u00e9nerg\u00e9tique et le retrait des forces \u00e9trang\u00e8res, la distribution de 25 tonnes de riz aux populations vuln\u00e9rables des localit\u00e9s de Gao, Ansongo, Bourem, Bentia et Tacharane.<\/p>\n\n\n\n<p>Mme Oumou Sall Seck a r\u00e9affirm\u00e9 que toutes ces actions s\u2019inscrivent dans le cadre des hautes instructions du pr\u00e9sident de la Transition, en faveur de l\u2019employabilit\u00e9 des jeunes et des femmes, du renforcement de la formation professionnelle et technique, et du d\u00e9veloppement d\u2019un \u00e9cosyst\u00e8me entrepreneurial dynamique au Mali.<\/p>\n\n\n\n<p><strong>Ibrahima Ndiaye<\/strong><\/p>\n","protected":false},"excerpt":{"rendered":"<p>Dans le cadre de la concr\u00e9tisation d\u2019une promesse faite d\u00e8s sa prise de fonction, Mme Oumou Sall Seck, ministre de l\u2019Entrepreneuriat national, de l\u2019Emploi et de la Formation professionnelle, a,&hellip;<\/p>\n","protected":false},"author":1,"featured_media":21846,"comment_status":"open","ping_status":"open","sticky":false,"template":"","format":"standard","meta":{"content-type":"","_lmt_disableupdate":"","_lmt_disable":"","_jetpack_memberships_contains_paid_content":false,"footnotes":"","jetpack_publicize_message":"","jetpack_publicize_feature_enabled":true,"jetpack_social_post_already_shared":true,"jetpack_social_options":{"image_generator_settings":{"template":"highway","default_image_id":0,"font":"","enabled":false},"version":2}},"categories":[39,33],"tags":[],"class_list":["post-21845","post","type-post","status-publish","format-standard","has-post-thumbnail","hentry","category-formation-professionnelle","category-mali-tribune"],"jetpack_publicize_connections":[],"featured_image_urls":{"full":["https:\/\/nandi.info\/wp-content\/uploads\/2025\/04\/Oumou-Sall-Seck.jpg",650,432,false],"thumbnail":["https:\/\/nandi.info\/wp-content\/uploads\/2025\/04\/Oumou-Sall-Seck-150x150.jpg",150,150,true],"medium":["https:\/\/nandi.info\/wp-content\/uploads\/2025\/04\/Oumou-Sall-Seck-300x199.jpg",300,199,true],"medium_large":["https:\/\/nandi.info\/wp-content\/uploads\/2025\/04\/Oumou-Sall-Seck.jpg",650,432,false],"large":["https:\/\/nandi.info\/wp-content\/uploads\/2025\/04\/Oumou-Sall-Seck.jpg",650,432,false],"1536x1536":["https:\/\/nandi.info\/wp-content\/uploads\/2025\/04\/Oumou-Sall-Seck.jpg",650,432,false],"2048x2048":["https:\/\/nandi.info\/wp-content\/uploads\/2025\/04\/Oumou-Sall-Seck.jpg",650,432,false],"penci-recipe-1200x1200":["https:\/\/nandi.info\/wp-content\/uploads\/2025\/04\/Oumou-Sall-Seck.jpg",650,432,false],"penci-recipe-1200x900":["https:\/\/nandi.info\/wp-content\/uploads\/2025\/04\/Oumou-Sall-Seck.jpg",650,432,false],"penci-recipe-1200x675":["https:\/\/nandi.info\/wp-content\/uploads\/2025\/04\/Oumou-Sall-Seck.jpg",650,432,false],"penci-single-full":["https:\/\/nandi.info\/wp-content\/uploads\/2025\/04\/Oumou-Sall-Seck.jpg",650,432,false],"penci-slider-full-thumb":["https:\/\/nandi.info\/wp-content\/uploads\/2025\/04\/Oumou-Sall-Seck.jpg",650,432,false],"penci-full-thumb":["https:\/\/nandi.info\/wp-content\/uploads\/2025\/04\/Oumou-Sall-Seck.jpg",650,432,false],"penci-slider-thumb":["https:\/\/nandi.info\/wp-content\/uploads\/2025\/04\/Oumou-Sall-Seck.jpg",650,432,false],"penci-magazine-slider":["https:\/\/nandi.info\/wp-content\/uploads\/2025\/04\/Oumou-Sall-Seck.jpg",650,432,false],"penci-thumb":["https:\/\/nandi.info\/wp-content\/uploads\/2025\/04\/Oumou-Sall-Seck-585x390.jpg",585,390,true],"penci-masonry-thumb":["https:\/\/nandi.info\/wp-content\/uploads\/2025\/04\/Oumou-Sall-Seck-585x389.jpg",585,389,true],"penci-thumb-square":["https:\/\/nandi.info\/wp-content\/uploads\/2025\/04\/Oumou-Sall-Seck-585x432.jpg",585,432,true],"penci-thumb-vertical":["https:\/\/nandi.info\/wp-content\/uploads\/2025\/04\/Oumou-Sall-Seck-480x432.jpg",480,432,true],"penci-thumb-small":["https:\/\/nandi.info\/wp-content\/uploads\/2025\/04\/Oumou-Sall-Seck-263x175.jpg",263,175,true]},"author_info":{"display_name":"Nandi","author_link":"https:\/\/nandi.info\/?author=1"},"category_info":"<a href=\"https:\/\/nandi.info\/?cat=39\" rel=\"category\">Formation Professionnelle<\/a> <a href=\"https:\/\/nandi.info\/?cat=33\" rel=\"category\">Mali Tribune<\/a>","tag_info":"Mali Tribune","comment_count":"0","jetpack_featured_media_url":"https:\/\/nandi.info\/wp-content\/uploads\/2025\/04\/Oumou-Sall-Seck.jpg","jetpack_sharing_enabled":true,"_links":{"self":[{"href":"https:\/\/nandi.info\/index.php?rest_route=\/wp\/v2\/posts\/21845","targetHints":{"allow":["GET"]}}],"collection":[{"href":"https:\/\/nandi.info\/index.php?rest_route=\/wp\/v2\/posts"}],"about":[{"href":"https:\/\/nandi.info\/index.php?rest_route=\/wp\/v2\/types\/post"}],"author":[{"embeddable":true,"href":"https:\/\/nandi.info\/index.php?rest_route=\/wp\/v2\/users\/1"}],"replies":[{"embeddable":true,"href":"https:\/\/nandi.info\/index.php?rest_route=%2Fwp%2Fv2%2Fcomments&post=21845"}],"version-history":[{"count":1,"href":"https:\/\/nandi.info\/index.php?rest_route=\/wp\/v2\/posts\/21845\/revisions"}],"predecessor-version":[{"id":21847,"href":"https:\/\/nandi.info\/index.php?rest_route=\/wp\/v2\/posts\/21845\/revisions\/21847"}],"wp:featuredmedia":[{"embeddable":true,"href":"https:\/\/nandi.info\/index.php?rest_route=\/wp\/v2\/media\/21846"}],"wp:attachment":[{"href":"https:\/\/nandi.info\/index.php?rest_route=%2Fwp%2Fv2%2Fmedia&parent=21845"}],"wp:term":[{"taxonomy":"category","embeddable":true,"href":"https:\/\/nandi.info\/index.php?rest_route=%2Fwp%2Fv2%2Fcategories&post=21845"},{"taxonomy":"post_tag","embeddable":true,"href":"https:\/\/nandi.info\/index.php?rest_route=%2Fwp%2Fv2%2Ftags&post=21845"}],"curies":[{"name":"wp","href":"https:\/\/api.w.org\/{rel}","templated":true}]}}