{"id":21593,"date":"2025-03-25T16:16:42","date_gmt":"2025-03-25T15:16:42","guid":{"rendered":"https:\/\/nandi.info\/?p=21593"},"modified":"2025-03-25T16:16:44","modified_gmt":"2025-03-25T15:16:44","slug":"periode-caniculaire-au-mali-une-menace-grandissante-pour-lenvironnement-et-la-sante","status":"publish","type":"post","link":"https:\/\/nandi.info\/?p=21593","title":{"rendered":"P\u00e9riode caniculaire au Mali\u00a0: Une menace grandissante pour l\u2019environnement et la sant\u00e9"},"content":{"rendered":"\n<figure class=\"wp-block-image size-large\"><img fetchpriority=\"high\" decoding=\"async\" width=\"1024\" height=\"805\" src=\"https:\/\/nandi.info\/wp-content\/uploads\/2025\/03\/Le-Mali-en-alerte-canicule-1-1024x805.png\" alt=\"\" class=\"wp-image-21595\" srcset=\"https:\/\/nandi.info\/wp-content\/uploads\/2025\/03\/Le-Mali-en-alerte-canicule-1-1024x805.png 1024w, https:\/\/nandi.info\/wp-content\/uploads\/2025\/03\/Le-Mali-en-alerte-canicule-1-300x236.png 300w, https:\/\/nandi.info\/wp-content\/uploads\/2025\/03\/Le-Mali-en-alerte-canicule-1-768x604.png 768w, https:\/\/nandi.info\/wp-content\/uploads\/2025\/03\/Le-Mali-en-alerte-canicule-1-1170x919.png 1170w, https:\/\/nandi.info\/wp-content\/uploads\/2025\/03\/Le-Mali-en-alerte-canicule-1-585x460.png 585w, https:\/\/nandi.info\/wp-content\/uploads\/2025\/03\/Le-Mali-en-alerte-canicule-1.png 1200w\" sizes=\"(max-width: 1024px) 100vw, 1024px\" \/><figcaption class=\"wp-element-caption\">Plage \u00e0 Missabougou, vers le 3\u00e8me pont de Bamako, le 27 mars 2024 \ud83d\udcf7 Studio Tamani\/Fondation Hirondelle<\/figcaption><\/figure>\n\n\n\n<p><strong><em>Depuis plusieurs jours, le Mali est frapp\u00e9 par une vague de forte chaleur avec des temp\u00e9ratures d\u00e9passant les 40 degr\u00e9s dans certaines r\u00e9gions. Entre d\u00e9gradation de l\u2019environnement et risque sanitaire, les sp\u00e9cialistes alertent sur&nbsp; les cons\u00e9quences de cette chaleur de plus en plus bouillonnante.<\/em><\/strong><\/p>\n\n\n\n<p>Comme chaque ann\u00e9e, la p\u00e9riode de mars \u00e0 mai est marqu\u00e9e par une grande chaleur au Mali. Cette p\u00e9riode connue pour \u00eatre une menace grandissante sur l\u2019environnement reste inqui\u00e9tante pour la population, surtout qu\u2019elle co\u00efncide (depuis plusieurs ann\u00e9es maintenant) avec le ramadan musulman et le car\u00eame chr\u00e9tien.<\/p>\n\n\n\n<p>&nbsp;Pour mieux comprendre l\u2019impact des activit\u00e9s humaines sur ces ph\u00e9nom\u00e8nes climatiques et les solutions envisageables nous avons recueilli l\u2019avis d\u2019un sp\u00e9cialiste, Adama Sambou Sissoko, Dr en g\u00e9ographie de l\u2019environnement.<\/p>\n\n\n\n<p>Selon lui, les pr\u00e9visions faites par l\u2019Agence canadienne de M\u00e9t\u00e9orologie et Mali m\u00e9t\u00e9o sont loin d\u2019\u00eates rassurantes, estimant que les vagues de chaleur deviendront plus fr\u00e9quentes et plus longues au fil du temps. \u00ab&nbsp;Ils disent qu\u2019au fur et \u00e0 mesure que le mois progresse, les temp\u00e9ratures ont tendance \u00e0 augmenter l\u00e9g\u00e8rement, donc la temp\u00e9rature va atteindre environ 41\u00b0C \u00e0 la fin du mois d\u2019avril \u00bb a-t-il pr\u00e9venu avant de mettre en garde contre les nombreux impacts de cette canicule qui touchent aussi bien la population que l\u2019environnement.<\/p>\n\n\n\n<p>Il a plaid\u00e9 pour les personnes vuln\u00e9rables comme les enfants, les personnes \u00e2g\u00e9es et malades qui sont les plus affect\u00e9es durant cette p\u00e9riode de forte chaleur. S\u2019ajoutent \u00e0 cette situation alarmante, la probl\u00e9matique d\u2019acc\u00e8s \u00e0 l\u2019eau potable et la distribution ad\u00e9quate du courant qui deviennent un d\u00e9fi majeur. Que dans la ville de Bamako et environ, les temp\u00e9ratures maximales pourraient r\u00e9guli\u00e8rement d\u00e9passer les 40\u00b0C environ.<\/p>\n\n\n\n<p>Aux dires de l\u2019environnementaliste, face \u00e0 l\u2019intensit\u00e9 croissante des vagues de chaleur, des solutions simples mais efficaces doivent \u00eatre mises en place pour prot\u00e9ger les populations les plus vuln\u00e9rables. Il a ainsi recommand\u00e9 une surveillance accrue des personnes \u00e2g\u00e9es, les enfants et les personnes atteintes d\u2019albinisme particuli\u00e8rement expos\u00e9es aux risques de d\u00e9shydratation et de coups de chaleur. De plus, il a insist\u00e9 sur la n\u00e9cessit\u00e9 de construire des hangars, et une autre mesure essentielle notamment l\u2019arrosage r\u00e9gulier des paillotes et des abris afin de rafra\u00eechir l\u2019air et de limiter les effets de chaleur. \u00ab&nbsp;A la population d\u2019\u00e9viter les d\u00e9placements inutiles durant les heures les plus chaudes de la journ\u00e9e ( \u00e0 partir de 10h-11h jusqu\u2019\u00e0 16h environ), c\u2019est la p\u00e9riode ou la chaleur est vraiment forte. Je l\u2019invite aussi (la population) \u00e0 respecter les consignes qui seront donn\u00e9es par les sp\u00e9cialistes&nbsp;\u00bb conseille Dr Sissoko.<\/p>\n\n\n\n<p><strong>P\u00e9riode de grande chaleur, l\u2019exposition \u00e0 toutes sortes de maladie&nbsp;<\/strong><\/p>\n\n\n\n<p>Alors que Dr Sissoko met en lumi\u00e8re les impacts environnementaux et climatiques de cette canicule, les cons\u00e9quences sur la sant\u00e9 publique sont toutes aussi alarmantes.&nbsp; Dans les centres de sant\u00e9 de Bamako, le nombre de consultations pour d\u00e9shydratation, coup de chaleur et autres maladies a fortement augment\u00e9. Dr Lassine Kan\u00e9 m\u00e9decin g\u00e9n\u00e9raliste au CSREF de Kati met en \u00e9veil sur la situation. &nbsp;<\/p>\n\n\n\n<p>\u00ab&nbsp;Par canicule, on attend d\u00e9j\u00e0 les temp\u00e9ratures extr\u00eames et qui dit temp\u00e9ratures extr\u00eames dit d\u00e9shydratation. Surtout chez les personnes \u00e2g\u00e9es et les plus jeunes le risque est beaucoup plus \u00e9lev\u00e9. C\u2019est surtout les plus \u00e2g\u00e9es d\u2019ailleurs qui sont consid\u00e9rablement touch\u00e9es&nbsp;\u00bb a-t-il inform\u00e9.<\/p>\n\n\n\n<p>D\u2019apr\u00e8s lui, l\u2019ann\u00e9e derni\u00e8re, 60% des d\u00e9c\u00e8s survenus \u00e0 l\u2019h\u00f4pital Gabriel Tour\u00e9 \u00e9taient les personnes \u00e2g\u00e9es et c\u2019\u00e9tait d\u00fb \u00e0 la d\u00e9shydratation. Il rench\u00e9rit que la d\u00e9shydratation a pour cons\u00e9quence le bouleversement du fonctionnement de l\u2019organisme surtout au niveau r\u00e9nal.&nbsp; Les reins sont des organes beaucoup plus gourmands en eau, pr\u00e9cise-t-il, donc avec la d\u00e9shydratation, l\u2019individu produit moins d\u2019urine. Qu\u2019\u00e0 un certain niveau la d\u00e9shydratation peut m\u00eame conduire \u00e0 des agitations.<\/p>\n\n\n\n<p>Pour conseil, Dr Kan\u00e9 a recommand\u00e9 de bien s\u2019hydrater en buvant beaucoup d\u2019eau, m\u00eame en l\u2019absence de sensation de soif et invite la population surtout dans les familles de bien privil\u00e9gier les personnes vuln\u00e9rables durant cette dure p\u00e9riode en limitant les efforts physiques et d\u2019assurer une bonne ventilation \u00e0 l\u2019int\u00e9rieur des habitations.<\/p>\n\n\n\n<p>&nbsp;\u00ab&nbsp;On doit vraiment apporter \u00e0 boire aux personnes \u00e2g\u00e9es et surtout aux tout-petits, il est maintenant du devoir de la famille de surveiller ces personnes vuln\u00e9rables qui sont avec nous \u00e0 la maison ensuite, cr\u00e9er un environnement vraiment commode pour faire face \u00e0 cette forte chaleur&nbsp;\u00bb ajoute- t-il.<\/p>\n\n\n\n<p>De son avis, il ne suffit pas seulement de se prot\u00e9ger contre la chaleur, il faut aussi vaincre le mal \u00e0 sa racine. \u00ab&nbsp;La multiplication de ces canicules est en grande partie due au changement climatique. Plantons des arbres, pr\u00e9servons la for\u00eat et adoptons un comportement respectueux de l\u2019environnement, afin de cr\u00e9er des solutions durables pour r\u00e9duire l\u2019impact des vagues de chaleur sur notre sant\u00e9&nbsp;\u00bb a-t-il sugg\u00e9r\u00e9.<\/p>\n\n\n\n<p><strong>Fatoumata Yayi Sangar\u00e9, stagiaire UCAO<\/strong><\/p>\n","protected":false},"excerpt":{"rendered":"<p>Depuis plusieurs jours, le Mali est frapp\u00e9 par une vague de forte chaleur avec des temp\u00e9ratures d\u00e9passant les 40 degr\u00e9s dans certaines r\u00e9gions. Entre d\u00e9gradation de l\u2019environnement et risque sanitaire,&hellip;<\/p>\n","protected":false},"author":1,"featured_media":21595,"comment_status":"open","ping_status":"open","sticky":false,"template":"","format":"standard","meta":{"content-type":"","_lmt_disableupdate":"","_lmt_disable":"","_jetpack_memberships_contains_paid_content":false,"footnotes":"","jetpack_publicize_message":"","jetpack_publicize_feature_enabled":true,"jetpack_social_post_already_shared":true,"jetpack_social_options":{"image_generator_settings":{"template":"highway","default_image_id":0,"font":"","enabled":false},"version":2}},"categories":[131,67],"tags":[],"class_list":["post-21593","post","type-post","status-publish","format-standard","has-post-thumbnail","hentry","category-environment","category-le-sursaut"],"jetpack_publicize_connections":[],"featured_image_urls":{"full":["https:\/\/nandi.info\/wp-content\/uploads\/2025\/03\/Le-Mali-en-alerte-canicule-1.png",1200,943,false],"thumbnail":["https:\/\/nandi.info\/wp-content\/uploads\/2025\/03\/Le-Mali-en-alerte-canicule-1-150x150.png",150,150,true],"medium":["https:\/\/nandi.info\/wp-content\/uploads\/2025\/03\/Le-Mali-en-alerte-canicule-1-300x236.png",300,236,true],"medium_large":["https:\/\/nandi.info\/wp-content\/uploads\/2025\/03\/Le-Mali-en-alerte-canicule-1-768x604.png",768,604,true],"large":["https:\/\/nandi.info\/wp-content\/uploads\/2025\/03\/Le-Mali-en-alerte-canicule-1-1024x805.png",1024,805,true],"1536x1536":["https:\/\/nandi.info\/wp-content\/uploads\/2025\/03\/Le-Mali-en-alerte-canicule-1.png",1200,943,false],"2048x2048":["https:\/\/nandi.info\/wp-content\/uploads\/2025\/03\/Le-Mali-en-alerte-canicule-1.png",1200,943,false],"penci-recipe-1200x1200":["https:\/\/nandi.info\/wp-content\/uploads\/2025\/03\/Le-Mali-en-alerte-canicule-1.png",1200,943,false],"penci-recipe-1200x900":["https:\/\/nandi.info\/wp-content\/uploads\/2025\/03\/Le-Mali-en-alerte-canicule-1-1200x900.png",1200,900,true],"penci-recipe-1200x675":["https:\/\/nandi.info\/wp-content\/uploads\/2025\/03\/Le-Mali-en-alerte-canicule-1-1200x675.png",1200,675,true],"penci-single-full":["https:\/\/nandi.info\/wp-content\/uploads\/2025\/03\/Le-Mali-en-alerte-canicule-1.png",1200,943,false],"penci-slider-full-thumb":["https:\/\/nandi.info\/wp-content\/uploads\/2025\/03\/Le-Mali-en-alerte-canicule-1-1200x800.png",1200,800,true],"penci-full-thumb":["https:\/\/nandi.info\/wp-content\/uploads\/2025\/03\/Le-Mali-en-alerte-canicule-1-1170x919.png",1170,919,true],"penci-slider-thumb":["https:\/\/nandi.info\/wp-content\/uploads\/2025\/03\/Le-Mali-en-alerte-canicule-1-1170x663.png",1170,663,true],"penci-magazine-slider":["https:\/\/nandi.info\/wp-content\/uploads\/2025\/03\/Le-Mali-en-alerte-canicule-1-780x516.png",780,516,true],"penci-thumb":["https:\/\/nandi.info\/wp-content\/uploads\/2025\/03\/Le-Mali-en-alerte-canicule-1-585x390.png",585,390,true],"penci-masonry-thumb":["https:\/\/nandi.info\/wp-content\/uploads\/2025\/03\/Le-Mali-en-alerte-canicule-1-585x460.png",585,460,true],"penci-thumb-square":["https:\/\/nandi.info\/wp-content\/uploads\/2025\/03\/Le-Mali-en-alerte-canicule-1-585x585.png",585,585,true],"penci-thumb-vertical":["https:\/\/nandi.info\/wp-content\/uploads\/2025\/03\/Le-Mali-en-alerte-canicule-1-480x650.png",480,650,true],"penci-thumb-small":["https:\/\/nandi.info\/wp-content\/uploads\/2025\/03\/Le-Mali-en-alerte-canicule-1-263x175.png",263,175,true]},"author_info":{"display_name":"Nandi","author_link":"https:\/\/nandi.info\/?author=1"},"category_info":"<a href=\"https:\/\/nandi.info\/?cat=131\" rel=\"category\">Environment<\/a> <a href=\"https:\/\/nandi.info\/?cat=67\" rel=\"category\">Le Sursaut<\/a>","tag_info":"Le Sursaut","comment_count":"0","jetpack_featured_media_url":"https:\/\/nandi.info\/wp-content\/uploads\/2025\/03\/Le-Mali-en-alerte-canicule-1.png","jetpack_sharing_enabled":true,"_links":{"self":[{"href":"https:\/\/nandi.info\/index.php?rest_route=\/wp\/v2\/posts\/21593","targetHints":{"allow":["GET"]}}],"collection":[{"href":"https:\/\/nandi.info\/index.php?rest_route=\/wp\/v2\/posts"}],"about":[{"href":"https:\/\/nandi.info\/index.php?rest_route=\/wp\/v2\/types\/post"}],"author":[{"embeddable":true,"href":"https:\/\/nandi.info\/index.php?rest_route=\/wp\/v2\/users\/1"}],"replies":[{"embeddable":true,"href":"https:\/\/nandi.info\/index.php?rest_route=%2Fwp%2Fv2%2Fcomments&post=21593"}],"version-history":[{"count":1,"href":"https:\/\/nandi.info\/index.php?rest_route=\/wp\/v2\/posts\/21593\/revisions"}],"predecessor-version":[{"id":21596,"href":"https:\/\/nandi.info\/index.php?rest_route=\/wp\/v2\/posts\/21593\/revisions\/21596"}],"wp:featuredmedia":[{"embeddable":true,"href":"https:\/\/nandi.info\/index.php?rest_route=\/wp\/v2\/media\/21595"}],"wp:attachment":[{"href":"https:\/\/nandi.info\/index.php?rest_route=%2Fwp%2Fv2%2Fmedia&parent=21593"}],"wp:term":[{"taxonomy":"category","embeddable":true,"href":"https:\/\/nandi.info\/index.php?rest_route=%2Fwp%2Fv2%2Fcategories&post=21593"},{"taxonomy":"post_tag","embeddable":true,"href":"https:\/\/nandi.info\/index.php?rest_route=%2Fwp%2Fv2%2Ftags&post=21593"}],"curies":[{"name":"wp","href":"https:\/\/api.w.org\/{rel}","templated":true}]}}