{"id":21410,"date":"2025-03-08T23:19:44","date_gmt":"2025-03-08T22:19:44","guid":{"rendered":"https:\/\/nandi.info\/?p=21410"},"modified":"2025-03-08T23:19:46","modified_gmt":"2025-03-08T22:19:46","slug":"complexe-agro-industriel-seydou-diogo-awa-sda-de-lancien-footballeur-seydou-keita-offrir-aux-populations-une-huile-de-qualite","status":"publish","type":"post","link":"https:\/\/nandi.info\/?p=21410","title":{"rendered":"Complexe agro-industriel Seydou Diogo Awa (SDA) de l\u2019ancien footballeur Seydou Ke\u00efta : Offrir aux populations une huile de qualit\u00e9 !"},"content":{"rendered":"\n<h2 class=\"wp-block-heading has-text-align-center\"><strong>Et contribuer \u00e0 la souverainet\u00e9 alimentaire<\/strong><\/h2>\n\n\n\n<p class=\"has-text-align-center\"><\/p>\n\n\n\n<figure class=\"wp-block-image alignleft size-full is-resized\"><img fetchpriority=\"high\" decoding=\"async\" width=\"650\" height=\"475\" src=\"https:\/\/nandi.info\/wp-content\/uploads\/2025\/03\/Usine-SDA-Seydou-Keita.jpg\" alt=\"\" class=\"wp-image-21411\" style=\"width:555px;height:auto\" srcset=\"https:\/\/nandi.info\/wp-content\/uploads\/2025\/03\/Usine-SDA-Seydou-Keita.jpg 650w, https:\/\/nandi.info\/wp-content\/uploads\/2025\/03\/Usine-SDA-Seydou-Keita-300x219.jpg 300w, https:\/\/nandi.info\/wp-content\/uploads\/2025\/03\/Usine-SDA-Seydou-Keita-585x428.jpg 585w\" sizes=\"(max-width: 650px) 100vw, 650px\" \/><\/figure>\n\n\n\n<p><strong><em>Les dates du 2 juillet 2024 et 27 f\u00e9vrier 2025 resteront grav\u00e9es en lettres d\u2019or dans les annales de l\u2019agro-industrie au Mali. La premi\u00e8re marque l\u2019inauguration par le pr\u00e9sident de la Transition, le g\u00e9n\u00e9ral d\u2019arm\u00e9e Assimi Go\u00efta du Complexe agro-industriel Seydou Diogo Awa (SDA) de l\u2019ancien footballeur international Seydou K\u00e9ita dit Seydoublen dans la Commune rurale de Sanankoroba, cercle de Kati. La deuxi\u00e8me consacre le lancement officiel de la phase de production de l\u2019usine, sans conteste la plus moderne du pays et l\u2019une des plus conformes aux normes requises dans la sous-r\u00e9gion, voire au-del\u00e0. Le top production des produits a \u00e9t\u00e9 donn\u00e9 par le promoteur\/fondateur et PDG Seydoublen soi-m\u00eame \u00e0 travers une immersion dans l\u2019univers du Complexe agro-industriel \u201cSeydou Diogo Awa (SDA)\u201d avec les hommes de m\u00e9dias, des professionnels du m\u00e9tier, incluant la presse priv\u00e9e (journaux, radios et t\u00e9l\u00e9s), les m\u00e9dias publics et les m\u00e9dias sociaux avec les influenceurs les plus respect\u00e9s et suivis de la place. La visite guid\u00e9e du gigantesque ouvrage et un entretien de presse ont meubl\u00e9 cette apr\u00e8s-midi tr\u00e8s studieuse. Au cours de l\u2019entrevue, Seydou K\u00e9ita est rest\u00e9 positif de bout en bout, affirmant notamment que sa fiert\u00e9 r\u00e9side dans sa participation \u00e0 la reconstruction du pays et sa contribution \u00e0 la souverainet\u00e9 alimentaire. C\u2019est pourquoi, son ambition est d\u2019offrir aux m\u00e9nages une&nbsp;<a href=\"https:\/\/www.maliweb.net\/economie\/industries\/complexe-agro-industriel-seydou-diogo-awa-sda-de-lancien-footballeur-seydou-keita-offrir-aux-populations-une-huile-de-qualite-3098565.html#\">&nbsp;huile<\/a>&nbsp;de qualit\u00e9 (pour pr\u00e9server la sant\u00e9 des populations) et (pour lutter contre la vie ch\u00e8re). Pour cela, l\u2019Etat malien l\u2019accompagne au plus haut niveau, du chef supr\u00eame aux services techniques. Alors, il ne reste plus que ses compatriotes, acteurs dans l\u2019agro-industrie, pour consolider la dynamique en lui fournissant les mati\u00e8res premi\u00e8res n\u00e9cessaires \u00e0 la production de l\u2019huile. Pour l\u2019honneur du Mali et pour le bonheur des Maliens.<\/em><\/strong><\/p>\n\n\n\n<p class=\"has-drop-cap\">\u00e7a y est ! Le Complexe agro-industriel Seydou Diogo Awa (SDA) a d\u00e9marr\u00e9 officiellement sa production le jeudi 27 f\u00e9vrier dernier, soit six mois apr\u00e8s son inauguration, le 2 juillet 2024, par le pr\u00e9sident de la Transition, chef de l\u2019Etat, le g\u00e9n\u00e9ral d\u2019arm\u00e9e Assimi Go\u00efta. C\u2019est le promoteur et non moins PDG de la soci\u00e9t\u00e9, Seydou K\u00e9ita dit Seydoublen, qui a proc\u00e9d\u00e9 au lancement de cette phase d\u00e9terminante dans la vie de l\u2019entreprise. Les invit\u00e9s \u00e9taient constitu\u00e9s exclusivement de journalistes de la presse malienne, toutes cat\u00e9gories confondues.<\/p>\n\n\n\n<p>Point de formule protocolaire, la randonn\u00e9e a commenc\u00e9 par la visite guid\u00e9e des diff\u00e9rents compartiments de l\u2019usine sous la conduite de Seydoublen et les explications d\u2019experts et techniciens indiens qui ont en charge la bonne marche des machines.<\/p>\n\n\n\n<p>Les visiteurs du jour ont vu des stocks d\u2019arachide et d\u2019autres mati\u00e8res premi\u00e8res, des bidons d\u2019huile import\u00e9s et confectionn\u00e9s sur place, des machines en marche broyant et transformant des produits, une raffinerie et des panneaux solaires pour la fourniture d\u2019\u00e9lectricit\u00e9. Bref, une vraie et v\u00e9ritable unit\u00e9 industrielle remplissant toutes les conditions des normes internationales requises.<\/p>\n\n\n\n<p>Maousse, gigantesque, fabuleux\u2026 les superlatifs peuvent s\u2019aligner pour qualifier l\u2019investissement consenti par notre compatriote dans sa volont\u00e9 d\u2019aider son pays, ses fr\u00e8res et s\u0153urs maliens, ses m\u00e8res et p\u00e8res. Seydou K\u00e9\u00efta le dira \u00e0 ses invit\u00e9s hommes de m\u00e9dias \u00e0 la fin de la visite.<\/p>\n\n\n\n<p>Au cours de cet entretien avec les journalistes, le promoteur de SDA a d\u00e9clin\u00e9 les raisons de son initiative d\u2019investir dans son pays natal au lieu d\u2019ailleurs, sa vision pour le Mali et son ambition pour les populations maliennes, ce qu\u2019il attend de l\u2019Etat et des acteurs de la fili\u00e8re de l\u2019agro-industrie.<\/p>\n\n\n\n<p>Tout le long des d\u00e9bats, Seydou K\u00e9\u00efta ne s\u2019est pas appesanti sur les difficult\u00e9s qu\u2019il rencontre, ni ses rapports, jug\u00e9s tendus, avec les paysans et les commer\u00e7ants des mati\u00e8res premi\u00e8res. Il est rest\u00e9 positif jusqu\u2019au bout, parce que, selon lui, les obstacles sont faits pour \u00eatre surmont\u00e9s.<\/p>\n\n\n\n<figure class=\"wp-block-image alignright\"><a href=\"https:\/\/www.maliweb.net\/wp-content\/news\/images\/2025\/03\/huile-SDA.jpg\" data-rel=\"penci-gallery-image-content\" ><img decoding=\"async\" src=\"https:\/\/www.maliweb.net\/wp-content\/news\/images\/2025\/03\/huile-SDA.jpg\" alt=\"\" class=\"wp-image-3098538\"\/><\/a><\/figure>\n\n\n\n<p>Sa vision pour le Mali et son v\u0153u pour ses concitoyens, c\u2019est de participer \u00e0 la reconstruction du pays endur\u00e9 par plus d\u2019une d\u00e9cennie de crise multidimensionnelle ; c\u2019est de contribuer \u00e0 la souverainet\u00e9 alimentaire ; c\u2019est de pr\u00e9server la sant\u00e9 des populations en mettant sur le march\u00e9 local de l\u2019huile de qualit\u00e9 ; c\u2019est de lutter contre la vie ch\u00e8re en offrant les produits \u00e0 bas prix conforme \u00e0 la bourse du Malien moyen.<\/p>\n\n\n\n<p><strong><em>\u201cPour moi, c\u2019est le plus important\u201d,<\/em><\/strong>&nbsp;n\u2019a-t-il cess\u00e9 de r\u00e9p\u00e9ter, esquivant toute vell\u00e9it\u00e9 de le mener en bateau. Seydou n\u2019a vers\u00e9 ni dans la pol\u00e9mique, ni dans les justifications ; il n\u2019a index\u00e9, ni accus\u00e9 quelqu\u2019un. Et l\u2019homme est convaincu que le malentendu entre les intervenants du secteur et lui est passager parce que tous visent un m\u00eame objectif : l\u2019int\u00e9r\u00eat du Mali. Donc, le patron de la soci\u00e9t\u00e9 SDA demeure optimiste en l\u2019avenir.<\/p>\n\n\n\n<p><strong>Oui \u00e0 l\u2019appel du pr\u00e9sident du Mali<\/strong><\/p>\n\n\n\n<p>L\u2019initiative de Seydou K\u00e9ita a une histoire. En effet, \u00e0 sa prise du pouvoir (25 mai 2021), le pr\u00e9sident Assimi Go\u00efta a lanc\u00e9 un appel \u00e0 l\u2019ensemble des Maliennes et des Maliens, \u00e9tablis singuli\u00e8rement \u00e0 l\u2019ext\u00e9rieur, en les invitant \u00e0 venir contribuer \u00e0 la construction nationale, \u00e0 investir dans des projets porteurs de croissance et de d\u00e9veloppement, \u00e0 contribuer \u00e0 la cr\u00e9ation d\u2019emplois pour absorber le ch\u00f4mage notamment celui des jeunes. Il les a assur\u00e9s de la disponibilit\u00e9 des autorit\u00e9s maliennes \u00e0 les accompagner dans le strict respect des int\u00e9r\u00eats du peuple malien.<\/p>\n\n\n\n<p>Seydou K\u00e9\u00efta a entendu cet appel et a r\u00e9pondu \u00e0 ce cri de c\u0153ur du g\u00e9n\u00e9ral d\u2019arm\u00e9e Assimi Go\u00efta. Il a entendu cet appel en cr\u00e9ant la soci\u00e9t\u00e9 Seydou Diogo Awa (SDA). Voil\u00e0 d\u2019o\u00f9 est partie l\u2019id\u00e9e. Le capital de la soci\u00e9t\u00e9, les investissements consentis, les chiffres annonc\u00e9s et l\u2019impact attendu en termes de production, de cr\u00e9ation d\u2019emplois sont fortement appr\u00e9ciables et contribueront \u00e0 r\u00e9duire la d\u00e9pendance du pays par rapport \u00e0 l\u2019ext\u00e9rieur pour l\u2019approvisionnement du march\u00e9 malien en&nbsp;<a href=\"https:\/\/www.maliweb.net\/economie\/industries\/complexe-agro-industriel-seydou-diogo-awa-sda-de-lancien-footballeur-seydou-keita-offrir-aux-populations-une-huile-de-qualite-3098565.html#\">&nbsp;huile<\/a>.<\/p>\n\n\n\n<p>L\u2019innovation la plus importante, c\u2019est que Seydou a su int\u00e9grer son autonomie \u00e9nerg\u00e9tique dans ce projet. Il y a des plaques solaires qui assurent, 24 h sur 24, le fonctionnement de l\u2019usine. C\u2019est un investissement \u00e0 la fois rentable et le retour sur investissement est garanti. C\u2019est un message tr\u00e8s fort \u00e0 l\u2019endroit de la jeunesse, pour dire, qu\u2019apr\u00e8s le football aussi, il y a une vie, qui peut \u00eatre bas\u00e9e sur des unit\u00e9s industrielles et sur d\u2019autres activit\u00e9s productives pour le Mali afin que l\u2019ensemble de nos compatriotes puissent contribuer \u00e0 la reconstruction du Mali.<\/p>\n\n\n\n<p><strong>Seydou d\u00e9caisse,&nbsp;<\/strong><strong>Assimi aux anges<\/strong><\/p>\n\n\n\n<p>Comme nous l\u2019avons \u00e9crit plus haut, c\u2019est le g\u00e9n\u00e9ral d\u2019arm\u00e9e Assimi Go\u00efta qui a inaugur\u00e9 le gigantesque ouvrage au cours d\u2019une c\u00e9r\u00e9monie protocolaire ponctu\u00e9e d\u2019une longue visite guid\u00e9e de l\u2019usine.<\/p>\n\n\n\n<p>A l\u2019issue de cette visite, le pr\u00e9sident de la Transition a accord\u00e9 une interview \u00e0 la presse dans laquelle il a soulign\u00e9 l\u2019importance strat\u00e9gique de ce complexe industriel pour l\u2019\u00e9conomie nationale. Il a \u00e9galement mis en avant les nombreux avantages que ce complexe apportera \u00e0 la Commune rurale de Sanankoroba, particuli\u00e8rement et au Mali en g\u00e9n\u00e9ral, notamment la cr\u00e9ation d\u2019emplois, la formation professionnelle et la stimulation de l\u2019\u00e9conomie locale.<\/p>\n\n\n\n<p>Le pr\u00e9sident de la Transition a \u00e9galement insist\u00e9 sur l\u2019importance de la collaboration entre le secteur public et le secteur priv\u00e9 pour assurer le succ\u00e8s de ce projet ambitieux. Assimi Go\u00efta a surtout exprim\u00e9 sa gratitude envers l\u2019ex-capitaine des Aigles du Mali, pour cet acte patriotique qui, selon lui, doit inspirer la jeunesse malienne.<\/p>\n\n\n\n<p>Seydoublen a fait ses preuves au double plan national et international en mati\u00e8re de football, a rappel\u00e9 le chef de l\u2019Etat, qui a salu\u00e9 sa reconversion de capitaine du ballon rond \u00e0 capitaine d\u2019industrie.<\/p>\n\n\n\n<p>Pour le pr\u00e9sident Go\u00efta, dans la vie, il y a deux choses qu\u2019on ne peut arr\u00eater : le temps et le changement. D\u2019o\u00f9 son remerciement \u00e0 l\u2019endroit de Seydou K\u00e9ita pour avoir eu la vision de se projeter dans le temps et dans l\u2019espace, faisant preuve d\u2019un engagement patriotique.<\/p>\n\n\n\n<p>Pour lui, la r\u00e9alisation de cette usine est conforme \u00e0 la vision de la Transition qui vise \u00e0 promouvoir le d\u00e9veloppement endog\u00e8ne du pays, c\u2019est-\u00e0-dire la production et la transformation sur place ainsi que la consommation. Assimi a ensuite encourag\u00e9 Seydou K\u00e9ita \u00e0 pers\u00e9v\u00e9rer dans ce sens. Car, le Complexe agro-industriel SDA va impacter positivement le quotidien de ses concitoyens et r\u00e9duire le taux de ch\u00f4mage dans nos pays avec ses 400 emplois directs et plus de 10 000 emplois indirects.&nbsp;<strong><em>\u201cJe pense qu\u2019aujourd\u2019hui, la r\u00e9alisation de cette usine est un pas vers notre souverainet\u00e9 alimentaire avec la production de l\u2019huile v\u00e9g\u00e9tale alimentaire, la production d\u2019aliments pour b\u00e9tail et de tourteaux, celle de beurre de karit\u00e9. Ce qui va nous permettre de d\u00e9velopper cette souverainet\u00e9 que nous devons renforcer dans tous les secteurs, notamment ceux s\u00e9curitaire, alimentaire, \u00e9conomique et industriel\u201d,<\/em><\/strong>&nbsp;avait d\u00e9clar\u00e9 le chef de l\u2019Etat.<\/p>\n\n\n\n<p>Le g\u00e9n\u00e9ral d\u2019arm\u00e9e Assimi Go\u00efta a r\u00e9it\u00e9r\u00e9 au PDG du complexe agro-industriel la disponibilit\u00e9 du gouvernement \u00e0 l\u2019accompagner dans la mesure du possible pour la r\u00e9ussite de ce projet gigantesque. Il a \u00e9galement profit\u00e9 de l\u2019occasion pour lancer \u00e0 nouveau son appel vibrant \u00e0 toutes les Maliennes et \u00e0 tous les Maliens de la diaspora de venir investir dans leur pays. Pour lui, le Mali Kura passera forc\u00e9ment par l\u2019industrialisation.<\/p>\n\n\n\n<p>Seydou n\u2019est pas le premier \u00e0 r\u00e9agir au cri de c\u0153ur pr\u00e9sidentiel. Le jeudi 2 juin 2022, le g\u00e9n\u00e9ral d\u2019arm\u00e9e Assimi Go\u00efta proc\u00e9dait \u00e0 la pose de la premi\u00e8re pierre de l\u2019usine de cimenterie Atlas \u00e0 Dio-Gare, dans le cercle de Kati. Une initiative de deux jeunes Maliens, Papa Oumar Samak\u00e9 et Amadou Sow, promoteurs de la soci\u00e9t\u00e9 S&amp;S Industrie qui avaient d\u00e9cid\u00e9 de r\u00e9pondre \u00e0 l\u2019appel \u00e0 l\u2019investissement du chef de l\u2019Etat afin d\u2019aider le Mali \u00e0 prendre son envol. A Dio, il avait r\u00e9it\u00e9r\u00e9 le m\u00eame appel.<\/p>\n\n\n\n<p><strong>Une usine de haut standing, des chiffres parlants<\/strong><\/p>\n\n\n\n<p>Pour un investissement de plus de 14 milliards de F CFA, le Complexe agro-industriel SDA est compos\u00e9 de six unit\u00e9s de production int\u00e9gr\u00e9es, \u00e0 savoir une unit\u00e9 de production de karit\u00e9 de 100 tonnes par jour, une unit\u00e9 de production d\u2019<a href=\"https:\/\/www.maliweb.net\/economie\/industries\/complexe-agro-industriel-seydou-diogo-awa-sda-de-lancien-footballeur-seydou-keita-offrir-aux-populations-une-huile-de-qualite-3098565.html#\">&nbsp;huile<\/a>&nbsp;de soja, d\u2019arachide et de coton de 200 tonnes\/jour. Aussi, une unit\u00e9 de production d\u2019aliments b\u00e9tail et d\u2019aliments volaille de 120 tonnes par jour et une unit\u00e9 de production de bidons de 6 000 pi\u00e8ces\/jour et une autre unit\u00e9 de production de savon. Il y a enfin une raffinerie de 30 000 litres par jour. Cet ensemble est aliment\u00e9 par une centrale solaire photovolta\u00efque de 2 m\u00e9gawatts qui couvre largement les besoins en \u00e9lectricit\u00e9 de l\u2019usine. Cette centrale peut m\u00eame d\u00e9gager un exc\u00e9dent commercialisable.<\/p>\n\n\n\n<p>B\u00e2ti sur une superficie de 7 ha, le Complexe agro-industriel est une soci\u00e9t\u00e9 anonyme au capital social de 3 milliards de F CFA. D\u00e9j\u00e0, la SDA a cr\u00e9\u00e9 400 emplois permanents et plus de 10 000 emplois indirects.<\/p>\n\n\n\n<p>La r\u00e9alisation de cette usine est l\u2019aboutissement d\u2019un long processus de recherche, d\u2019investigations, de n\u00e9gociations et de concertations entre le promoteur et ses diff\u00e9rents partenaires.<\/p>\n\n\n\n<p>Dans une approche int\u00e9gr\u00e9e, le Complexe agro-industriel entend d\u00e9velopper, en amont comme sources d\u2019approvisionnement en mati\u00e8res premi\u00e8res de l\u2019usine, des cultures de diversification comme le soja, le s\u00e9same et l\u2019arachide. Ce qui permettra de cr\u00e9er une agropole et d\u2019\u00e9tablir un lien \u00e9conomique entre les producteurs de la zone et SDA.<\/p>\n\n\n\n<p>La flamb\u00e9e des cours des produits agricoles et alimentaires sur le plan mondial en 2023 appelait l\u2019imp\u00e9rieuse n\u00e9cessit\u00e9 d\u2019accorder la priorit\u00e9 au d\u00e9veloppement endog\u00e8ne de notre pays \u00e0 travers la promotion des produits agricoles locaux.<\/p>\n\n\n\n<p><strong>\u201cMon ambition pour le Mali\u201d<\/strong><\/p>\n\n\n\n<p>Le soutien des plus hautes autorit\u00e9s a renforc\u00e9 Seydou K\u00e9\u00efta dans son projet tr\u00e8s ambitieux savamment nourri et entam\u00e9 en 2021.&nbsp;<strong><em>\u201cC\u2019est une fiert\u00e9. Avec le ministre de l\u2019Industrie et du Commerce, on se parle beaucoup. Il m\u2019a accompagn\u00e9 tout au long de la r\u00e9alisation du projet. Je suis surtout heureux de r\u00e9aliser un tel projet au Mali parce que j\u2019avais la possibilit\u00e9 de le faire \u00e0 Duba\u00ef o\u00f9 je vis. Mais, ma volont\u00e9, c\u2019\u00e9tait de le faire chez moi au Mali, cr\u00e9er de l\u2019emploi chez moi au Mali, pour participer \u00e0 la reconstruction de notre pays.<\/em><\/strong><\/p>\n\n\n\n<p><strong><em>C\u2019est vraiment l\u2019objectif. J\u2019ai fait un investissement de haut standing pour que les autres qui viendront investir fassent autant, sinon plus. Les gens qui rentrent dans l\u2019usine s\u2019interrogent s\u2019ils sont r\u00e9ellement au Mali. Ma plus grande fiert\u00e9, c\u2019est de m\u2019imaginer moi, ce jeune gar\u00e7on qui est parti \u00e0 Marseille en 1996 retourner au bercail pour cr\u00e9er un ouvrage industriel pareil. Je souhaiterais que ce soit une visibilit\u00e9 pour le Mali et que \u00e7a fasse des \u00e9mules au sein des Maliens de la diaspora, footballeurs ou pas. Le pays traverse des moments difficiles, il est donc important que les Maliens, tous les enfants du Mali, se donnent la main pour faire en sorte que le Mali retrouve toute son aura d\u2019antan\u201d,<\/em><\/strong>&nbsp;avait confi\u00e9 Seydou K\u00e9\u00efta \u00e0 la presse au terme d\u2019une visite du ministre de l\u2019Industrie et du Commerce, Moussa Alassane Diallo, en pr\u00e9lude \u00e0 l\u2019inauguration de l\u2019usine par le chef de l\u2019Etat.<\/p>\n\n\n\n<p>Fruit de plusieurs ann\u00e9es de dur labeur, le Complexe agro-industriel SDA est l\u00e0 pour le bonheur des employ\u00e9s, mais aussi de l\u2019\u00e9conomie malienne.<\/p>\n\n\n\n<p><strong>&nbsp;&nbsp;&nbsp;&nbsp;&nbsp;&nbsp;&nbsp;&nbsp;&nbsp;&nbsp;&nbsp;&nbsp;&nbsp;&nbsp;&nbsp;&nbsp;&nbsp; El Hadj A.B. HAIDARA<\/strong><\/p>\n\n\n\n<p><\/p>\n","protected":false},"excerpt":{"rendered":"<p>Et contribuer \u00e0 la souverainet\u00e9 alimentaire Les dates du 2 juillet 2024 et 27 f\u00e9vrier 2025 resteront grav\u00e9es en lettres d\u2019or dans les annales de l\u2019agro-industrie au Mali. La premi\u00e8re&hellip;<\/p>\n","protected":false},"author":1,"featured_media":21411,"comment_status":"open","ping_status":"open","sticky":false,"template":"","format":"standard","meta":{"content-type":"","_lmt_disableupdate":"","_lmt_disable":"","_jetpack_memberships_contains_paid_content":false,"footnotes":"","jetpack_publicize_message":"","jetpack_publicize_feature_enabled":true,"jetpack_social_post_already_shared":true,"jetpack_social_options":{"image_generator_settings":{"template":"highway","default_image_id":0,"font":"","enabled":false},"version":2}},"categories":[19,30,115],"tags":[],"class_list":["post-21410","post","type-post","status-publish","format-standard","has-post-thumbnail","hentry","category-aujourdhui-mali","category-economie","category-industrie"],"jetpack_publicize_connections":[],"featured_image_urls":{"full":["https:\/\/nandi.info\/wp-content\/uploads\/2025\/03\/Usine-SDA-Seydou-Keita.jpg",650,475,false],"thumbnail":["https:\/\/nandi.info\/wp-content\/uploads\/2025\/03\/Usine-SDA-Seydou-Keita-150x150.jpg",150,150,true],"medium":["https:\/\/nandi.info\/wp-content\/uploads\/2025\/03\/Usine-SDA-Seydou-Keita-300x219.jpg",300,219,true],"medium_large":["https:\/\/nandi.info\/wp-content\/uploads\/2025\/03\/Usine-SDA-Seydou-Keita.jpg",650,475,false],"large":["https:\/\/nandi.info\/wp-content\/uploads\/2025\/03\/Usine-SDA-Seydou-Keita.jpg",650,475,false],"1536x1536":["https:\/\/nandi.info\/wp-content\/uploads\/2025\/03\/Usine-SDA-Seydou-Keita.jpg",650,475,false],"2048x2048":["https:\/\/nandi.info\/wp-content\/uploads\/2025\/03\/Usine-SDA-Seydou-Keita.jpg",650,475,false],"penci-recipe-1200x1200":["https:\/\/nandi.info\/wp-content\/uploads\/2025\/03\/Usine-SDA-Seydou-Keita.jpg",650,475,false],"penci-recipe-1200x900":["https:\/\/nandi.info\/wp-content\/uploads\/2025\/03\/Usine-SDA-Seydou-Keita.jpg",650,475,false],"penci-recipe-1200x675":["https:\/\/nandi.info\/wp-content\/uploads\/2025\/03\/Usine-SDA-Seydou-Keita.jpg",650,475,false],"penci-single-full":["https:\/\/nandi.info\/wp-content\/uploads\/2025\/03\/Usine-SDA-Seydou-Keita.jpg",650,475,false],"penci-slider-full-thumb":["https:\/\/nandi.info\/wp-content\/uploads\/2025\/03\/Usine-SDA-Seydou-Keita.jpg",650,475,false],"penci-full-thumb":["https:\/\/nandi.info\/wp-content\/uploads\/2025\/03\/Usine-SDA-Seydou-Keita.jpg",650,475,false],"penci-slider-thumb":["https:\/\/nandi.info\/wp-content\/uploads\/2025\/03\/Usine-SDA-Seydou-Keita.jpg",650,475,false],"penci-magazine-slider":["https:\/\/nandi.info\/wp-content\/uploads\/2025\/03\/Usine-SDA-Seydou-Keita.jpg",650,475,false],"penci-thumb":["https:\/\/nandi.info\/wp-content\/uploads\/2025\/03\/Usine-SDA-Seydou-Keita-585x390.jpg",585,390,true],"penci-masonry-thumb":["https:\/\/nandi.info\/wp-content\/uploads\/2025\/03\/Usine-SDA-Seydou-Keita-585x428.jpg",585,428,true],"penci-thumb-square":["https:\/\/nandi.info\/wp-content\/uploads\/2025\/03\/Usine-SDA-Seydou-Keita-585x475.jpg",585,475,true],"penci-thumb-vertical":["https:\/\/nandi.info\/wp-content\/uploads\/2025\/03\/Usine-SDA-Seydou-Keita-480x475.jpg",480,475,true],"penci-thumb-small":["https:\/\/nandi.info\/wp-content\/uploads\/2025\/03\/Usine-SDA-Seydou-Keita-263x175.jpg",263,175,true]},"author_info":{"display_name":"Nandi","author_link":"https:\/\/nandi.info\/?author=1"},"category_info":"<a href=\"https:\/\/nandi.info\/?cat=19\" rel=\"category\">Aujourd\u2019hui Mali<\/a> <a href=\"https:\/\/nandi.info\/?cat=30\" rel=\"category\">Economie<\/a> <a href=\"https:\/\/nandi.info\/?cat=115\" rel=\"category\">Industrie<\/a>","tag_info":"Industrie","comment_count":"0","jetpack_featured_media_url":"https:\/\/nandi.info\/wp-content\/uploads\/2025\/03\/Usine-SDA-Seydou-Keita.jpg","jetpack_sharing_enabled":true,"_links":{"self":[{"href":"https:\/\/nandi.info\/index.php?rest_route=\/wp\/v2\/posts\/21410","targetHints":{"allow":["GET"]}}],"collection":[{"href":"https:\/\/nandi.info\/index.php?rest_route=\/wp\/v2\/posts"}],"about":[{"href":"https:\/\/nandi.info\/index.php?rest_route=\/wp\/v2\/types\/post"}],"author":[{"embeddable":true,"href":"https:\/\/nandi.info\/index.php?rest_route=\/wp\/v2\/users\/1"}],"replies":[{"embeddable":true,"href":"https:\/\/nandi.info\/index.php?rest_route=%2Fwp%2Fv2%2Fcomments&post=21410"}],"version-history":[{"count":1,"href":"https:\/\/nandi.info\/index.php?rest_route=\/wp\/v2\/posts\/21410\/revisions"}],"predecessor-version":[{"id":21412,"href":"https:\/\/nandi.info\/index.php?rest_route=\/wp\/v2\/posts\/21410\/revisions\/21412"}],"wp:featuredmedia":[{"embeddable":true,"href":"https:\/\/nandi.info\/index.php?rest_route=\/wp\/v2\/media\/21411"}],"wp:attachment":[{"href":"https:\/\/nandi.info\/index.php?rest_route=%2Fwp%2Fv2%2Fmedia&parent=21410"}],"wp:term":[{"taxonomy":"category","embeddable":true,"href":"https:\/\/nandi.info\/index.php?rest_route=%2Fwp%2Fv2%2Fcategories&post=21410"},{"taxonomy":"post_tag","embeddable":true,"href":"https:\/\/nandi.info\/index.php?rest_route=%2Fwp%2Fv2%2Ftags&post=21410"}],"curies":[{"name":"wp","href":"https:\/\/api.w.org\/{rel}","templated":true}]}}