{"id":21252,"date":"2025-02-27T11:10:49","date_gmt":"2025-02-27T10:10:49","guid":{"rendered":"https:\/\/nandi.info\/?p=21252"},"modified":"2025-02-27T11:10:51","modified_gmt":"2025-02-27T10:10:51","slug":"la-la-charte-pour-la-paix-les-concertations-prennent-fin","status":"publish","type":"post","link":"https:\/\/nandi.info\/?p=21252","title":{"rendered":"La La charte pour la paix : Les concertations prennent fin"},"content":{"rendered":"\n<figure class=\"wp-block-image aligncenter size-full is-resized\"><img fetchpriority=\"high\" decoding=\"async\" width=\"680\" height=\"403\" src=\"https:\/\/nandi.info\/wp-content\/uploads\/2025\/02\/Charte-de-la-paix.jpg\" alt=\"\" class=\"wp-image-21253\" style=\"width:780px;height:auto\" srcset=\"https:\/\/nandi.info\/wp-content\/uploads\/2025\/02\/Charte-de-la-paix.jpg 680w, https:\/\/nandi.info\/wp-content\/uploads\/2025\/02\/Charte-de-la-paix-300x178.jpg 300w, https:\/\/nandi.info\/wp-content\/uploads\/2025\/02\/Charte-de-la-paix-585x347.jpg 585w\" sizes=\"(max-width: 680px) 100vw, 680px\" \/><\/figure>\n\n\n\n<p><strong><em>Du lundi 17 f\u00e9vrier 2025 \u00e0 ce mardi 25, la commission nationale de r\u00e9daction du projet de la Charte nationale pour la paix et la r\u00e9conciliation nationale, est entr\u00e9e en concertations avec les forces vives de la nation, les organes de la Transition et quelques institutions de la R\u00e9publique. Lesdites concertations prennent fin aujourd\u2019hui avec la rencontre des membres du gouvernement et du Conseil \u00e9conomique, social environnemental et culturel.<\/em><\/strong><\/p>\n\n\n\n<p class=\"has-drop-cap\">L\u2019avant-projet de la Charte nationale pour la paix et la r\u00e9conciliation nationale est disponible et rendu public. Un document de 33 pages, 10 titres et plusieurs chapitres. Pour plus d\u2019inclusion, la commission nationale de r\u00e9daction de la Charte, pr\u00e9sid\u00e9e par l\u2019ancien Premier ministre Ousmane Issoufi Ma\u00efga, a d\u00e9cid\u00e9 de rencontrer les forces vives de la nation ; \u00e0 savoir : les l\u00e9gitimit\u00e9s traditionnelles, les politiques, les syndicats, les journalistes, les ordres professionnels, les universit\u00e9s et autres pour cueillir leur amendement sur cet avant-projet.<\/p>\n\n\n\n<p>Pour ce faire, la commission de r\u00e9daction a d\u00e9cid\u00e9 de partager le document aux diff\u00e9rents groupes rencontr\u00e9s afin de mener un d\u00e9bat et aussi de leur donner un d\u00e9lai de 48 h pour faire parvenir tous les avis et amendements au secr\u00e9taire g\u00e9n\u00e9ral de la commission qui si\u00e8ge au CICB.<\/p>\n\n\n\n<p>Pour le pr\u00e9sident, il s\u2019agit pour la commission d\u2019\u00eatre la plus inclusive et participative possible afin de recueillir tous les avis et amendements pour l\u2019\u00e9laboration du projet de la Charte nationale pour la paix et la r\u00e9conciliation.<\/p>\n\n\n\n<p>Dans son pr\u00e9ambule, l\u2019avant-projet de la Charte dispose comme suit : \u201cLe peuple souverain du Mali\u2026 proclame la pr\u00e9sente Charte nationale pour la paix et la r\u00e9conciliation nationale\u2026\u201d, tout en se basant sur la Constitution du 22 juillet 2023 et promettant d\u2019avoir tir\u00e9 les enseignements de toutes les rebellions au Mali de 1963 \u00e0 2012. Les titres portent entre autres sur la paix, la r\u00e9conciliation, les valeurs soci\u00e9tales et morales, l\u2019\u00e9ducation, la justice.<\/p>\n\n\n\n<p>Apres la phase des forces vives de la nation, la commission de r\u00e9daction a d\u00e9cid\u00e9 de consulter aussi les institutions de la R\u00e9publiques (Cour constitutionnelle, Cour supr\u00eame, Conseil \u00e9conomique et social, Haut conseil des collectivit\u00e9s), mais aussi les organes de la Transition. Les concertations prendront fin aujourd\u2019hui avec la rencontre le gouvernement, le Premier ministre Abdoulaye Ma\u00efga et ses ministres.<\/p>\n\n\n\n<p><\/p>\n\n\n\n<p><\/p>\n\n\n\n<p><strong>K. C.<\/strong><\/p>\n\n\n\n<p><\/p>\n","protected":false},"excerpt":{"rendered":"<p>Du lundi 17 f\u00e9vrier 2025 \u00e0 ce mardi 25, la commission nationale de r\u00e9daction du projet de la Charte nationale pour la paix et la r\u00e9conciliation nationale, est entr\u00e9e en&hellip;<\/p>\n","protected":false},"author":1,"featured_media":21253,"comment_status":"open","ping_status":"open","sticky":false,"template":"","format":"standard","meta":{"content-type":"","_lmt_disableupdate":"","_lmt_disable":"","_jetpack_memberships_contains_paid_content":false,"footnotes":"","jetpack_publicize_message":"","jetpack_publicize_feature_enabled":true,"jetpack_social_post_already_shared":true,"jetpack_social_options":{"image_generator_settings":{"template":"highway","default_image_id":0,"font":"","enabled":false},"version":2}},"categories":[33,21],"tags":[],"class_list":["post-21252","post","type-post","status-publish","format-standard","has-post-thumbnail","hentry","category-mali-tribune","category-societe"],"jetpack_publicize_connections":[],"featured_image_urls":{"full":["https:\/\/nandi.info\/wp-content\/uploads\/2025\/02\/Charte-de-la-paix.jpg",680,403,false],"thumbnail":["https:\/\/nandi.info\/wp-content\/uploads\/2025\/02\/Charte-de-la-paix-150x150.jpg",150,150,true],"medium":["https:\/\/nandi.info\/wp-content\/uploads\/2025\/02\/Charte-de-la-paix-300x178.jpg",300,178,true],"medium_large":["https:\/\/nandi.info\/wp-content\/uploads\/2025\/02\/Charte-de-la-paix.jpg",680,403,false],"large":["https:\/\/nandi.info\/wp-content\/uploads\/2025\/02\/Charte-de-la-paix.jpg",680,403,false],"1536x1536":["https:\/\/nandi.info\/wp-content\/uploads\/2025\/02\/Charte-de-la-paix.jpg",680,403,false],"2048x2048":["https:\/\/nandi.info\/wp-content\/uploads\/2025\/02\/Charte-de-la-paix.jpg",680,403,false],"penci-recipe-1200x1200":["https:\/\/nandi.info\/wp-content\/uploads\/2025\/02\/Charte-de-la-paix.jpg",680,403,false],"penci-recipe-1200x900":["https:\/\/nandi.info\/wp-content\/uploads\/2025\/02\/Charte-de-la-paix.jpg",680,403,false],"penci-recipe-1200x675":["https:\/\/nandi.info\/wp-content\/uploads\/2025\/02\/Charte-de-la-paix.jpg",680,403,false],"penci-single-full":["https:\/\/nandi.info\/wp-content\/uploads\/2025\/02\/Charte-de-la-paix.jpg",680,403,false],"penci-slider-full-thumb":["https:\/\/nandi.info\/wp-content\/uploads\/2025\/02\/Charte-de-la-paix.jpg",680,403,false],"penci-full-thumb":["https:\/\/nandi.info\/wp-content\/uploads\/2025\/02\/Charte-de-la-paix.jpg",680,403,false],"penci-slider-thumb":["https:\/\/nandi.info\/wp-content\/uploads\/2025\/02\/Charte-de-la-paix.jpg",680,403,false],"penci-magazine-slider":["https:\/\/nandi.info\/wp-content\/uploads\/2025\/02\/Charte-de-la-paix.jpg",680,403,false],"penci-thumb":["https:\/\/nandi.info\/wp-content\/uploads\/2025\/02\/Charte-de-la-paix-585x390.jpg",585,390,true],"penci-masonry-thumb":["https:\/\/nandi.info\/wp-content\/uploads\/2025\/02\/Charte-de-la-paix-585x347.jpg",585,347,true],"penci-thumb-square":["https:\/\/nandi.info\/wp-content\/uploads\/2025\/02\/Charte-de-la-paix-585x403.jpg",585,403,true],"penci-thumb-vertical":["https:\/\/nandi.info\/wp-content\/uploads\/2025\/02\/Charte-de-la-paix-480x403.jpg",480,403,true],"penci-thumb-small":["https:\/\/nandi.info\/wp-content\/uploads\/2025\/02\/Charte-de-la-paix-263x175.jpg",263,175,true]},"author_info":{"display_name":"Nandi","author_link":"https:\/\/nandi.info\/?author=1"},"category_info":"<a href=\"https:\/\/nandi.info\/?cat=33\" rel=\"category\">Mali Tribune<\/a> <a href=\"https:\/\/nandi.info\/?cat=21\" rel=\"category\">Soci\u00e9t\u00e9<\/a>","tag_info":"Soci\u00e9t\u00e9","comment_count":"0","jetpack_featured_media_url":"https:\/\/nandi.info\/wp-content\/uploads\/2025\/02\/Charte-de-la-paix.jpg","jetpack_sharing_enabled":true,"_links":{"self":[{"href":"https:\/\/nandi.info\/index.php?rest_route=\/wp\/v2\/posts\/21252","targetHints":{"allow":["GET"]}}],"collection":[{"href":"https:\/\/nandi.info\/index.php?rest_route=\/wp\/v2\/posts"}],"about":[{"href":"https:\/\/nandi.info\/index.php?rest_route=\/wp\/v2\/types\/post"}],"author":[{"embeddable":true,"href":"https:\/\/nandi.info\/index.php?rest_route=\/wp\/v2\/users\/1"}],"replies":[{"embeddable":true,"href":"https:\/\/nandi.info\/index.php?rest_route=%2Fwp%2Fv2%2Fcomments&post=21252"}],"version-history":[{"count":1,"href":"https:\/\/nandi.info\/index.php?rest_route=\/wp\/v2\/posts\/21252\/revisions"}],"predecessor-version":[{"id":21254,"href":"https:\/\/nandi.info\/index.php?rest_route=\/wp\/v2\/posts\/21252\/revisions\/21254"}],"wp:featuredmedia":[{"embeddable":true,"href":"https:\/\/nandi.info\/index.php?rest_route=\/wp\/v2\/media\/21253"}],"wp:attachment":[{"href":"https:\/\/nandi.info\/index.php?rest_route=%2Fwp%2Fv2%2Fmedia&parent=21252"}],"wp:term":[{"taxonomy":"category","embeddable":true,"href":"https:\/\/nandi.info\/index.php?rest_route=%2Fwp%2Fv2%2Fcategories&post=21252"},{"taxonomy":"post_tag","embeddable":true,"href":"https:\/\/nandi.info\/index.php?rest_route=%2Fwp%2Fv2%2Ftags&post=21252"}],"curies":[{"name":"wp","href":"https:\/\/api.w.org\/{rel}","templated":true}]}}