{"id":21089,"date":"2025-02-11T13:31:35","date_gmt":"2025-02-11T12:31:35","guid":{"rendered":"https:\/\/nandi.info\/?p=21089"},"modified":"2025-02-11T14:21:56","modified_gmt":"2025-02-11T13:21:56","slug":"relecture-de-la-charte-des-partis-politiques-attention-a-la-discrimination","status":"publish","type":"post","link":"https:\/\/nandi.info\/?p=21089","title":{"rendered":"Relecture de la charte des partis politiques : Attention \u00e0 la discrimination"},"content":{"rendered":"\n<figure class=\"wp-block-image size-full\"><img fetchpriority=\"high\" decoding=\"async\" width=\"680\" height=\"453\" src=\"https:\/\/nandi.info\/wp-content\/uploads\/2025\/02\/partis-politiques-administration.jpg\" alt=\"\" class=\"wp-image-21094\" srcset=\"https:\/\/nandi.info\/wp-content\/uploads\/2025\/02\/partis-politiques-administration.jpg 680w, https:\/\/nandi.info\/wp-content\/uploads\/2025\/02\/partis-politiques-administration-300x200.jpg 300w, https:\/\/nandi.info\/wp-content\/uploads\/2025\/02\/partis-politiques-administration-585x390.jpg 585w, https:\/\/nandi.info\/wp-content\/uploads\/2025\/02\/partis-politiques-administration-263x175.jpg 263w\" sizes=\"(max-width: 680px) 100vw, 680px\" \/><figcaption class=\"wp-element-caption\">photo \u00e0 titre illustratif (photo archive)<\/figcaption><\/figure>\n\n\n\n<p><strong><em>L\u2019une des r\u00e9formes majeures attendues de la transition est la relecture de la Charte des partis politiques afin de doter la classe politique d\u2019instrument adapt\u00e9 au contexte et r\u00e9pondant aux crit\u00e8res objectifs de possession d\u2019un r\u00e9c\u00e9piss\u00e9 de cr\u00e9ation de formation politique. Vieille de 20 ans, la charte des partis politiques a v\u00e9ritablement besoin d\u2019un toilettage afin d\u2019en corriger toutes les insuffisances. Si l\u2019initiative est louable et \u00e0 saluer \u00e0 juste raison, elle ne manque pas non plus de susciter certaines interrogations sur les motivations r\u00e9elles des autorit\u00e9s. Le ministre de l\u2019administration territoriale et de la d\u00e9centralisation, porteur du projet n\u2019a pas h\u00e9sit\u00e9, lors de sa rencontre avec la classe politique, d\u2019affirmer que le dernier mot reviendrait au gouvernement. Il a laiss\u00e9 entendre \u00e0 demi-mot que la charte ne pourra \u00eatre que ce que le gouvernement voudrait bien qu\u2019elle soit, d\u2019o\u00f9 la crainte de la mise en place des crit\u00e8res discriminatoires pour \u00e9liminer certaines formations politiques. En d\u2019autres termes,&nbsp; certains soup\u00e7onnent les autorit\u00e9s d\u2019avoir une volont\u00e9 manifeste de tailler la Charte sur leur mesure. Quels contenus&nbsp; pourraient on donner aux points relatifs aux&nbsp; changements \u00e0 apporter pour actualiser la charte&nbsp;? Faut-il r\u00e9duire le nombre de partis politiques pour n\u2019avoir que quelques courants id\u00e9ologiques ? Quel r\u00f4le les partis politiques vont-ils jouer pour rendre la charte inclusive et consensuelle&nbsp;?<\/em><\/strong><\/p>\n\n\n\n<p class=\"has-drop-cap\">Les partis politiques et les associations de la soci\u00e9t\u00e9 civile ont jusqu\u2019\u00e0 mi-mars, d\u00e9lai de rigueur, &nbsp;pour apporter des amendements ou des propositions d\u2019am\u00e9liorations de l\u2019existant&nbsp; afin que la charte, vieille de 20 ans, soit adapt\u00e9e au contexte actuel de Mali Koura. Cette noble intention du gouvernement est largement partag\u00e9e par les acteurs politiques qui adh\u00e8rent unanimement&nbsp; au projet de relecture. Les \u00e9tats-majors des partis politiques sont en effervescence pour apporter une plus-value \u00e0 la charte. En effet, trois grandes pr\u00e9occupations semblent dominer tous les d\u00e9bats, la moralisation de l\u2019espace politique, le financement public des partis politiques, et la r\u00e9duction du nombre des partis. Il y a bien s\u00fbr d\u2019autres petites r\u00e9formes \u00e0 op\u00e9rer, mais ces trois semblent dominer tous les d\u00e9bats.<\/p>\n\n\n\n<p><strong><em>Quels changements apporter&nbsp;&nbsp;&nbsp; pour actualiser la charte&nbsp;?<\/em><\/strong><\/p>\n\n\n\n<p>Voil\u00e0 la question, car si l\u2019unanimit\u00e9 semble \u00eatre faite sur la&nbsp; moralisation de l\u2019espace&nbsp; politique, les avis sont divergents sur les deux autres pr\u00e9occupations, \u00e0 savoir le financement public des partis politiques et surtout le nombre&nbsp; de partis. Sur le financement public et contrairement aux recommandations des Assises Nationales de la Refondation, qui auraient demand\u00e9 la suppression pure et simple du financement public des partis politiques. Selon nos informations &nbsp;beaucoup de partis et surtout ceux qui sont les plus repr\u00e9sentatifs, les plus significatifs sont favorables \u00e0 son maintien, mais tout en durcissant les conditionnalit\u00e9s de son acc\u00e8s. Les responsables des partis politiques disent ne pas comprendre la suspension de l\u2019aide aux partis politiques pour les affaiblir alors&nbsp;&nbsp; qu\u2019elle a \u00e9t\u00e9 institutionnalis\u00e9e. Qu\u2019il soit dit en passant, les partis politiques, au-del\u00e0 de leurs missions de conqu\u00eate et d\u2019exercice du pouvoir, ont \u00e9galement un r\u00f4le d\u2019utilit\u00e9 publique. Ils sensibilisent leurs militants, les forment \u00e0 la citoyennet\u00e9 et participent \u00e0 l\u2019\u0153uvre d\u2019\u00e9dification nationale. Que dire de la tenue de leurs instances&nbsp;? Tous ces actes n\u00e9cessitent des moyens financiers et humains. Autant l\u2019Etat subventionne les syndicats et autres associations de la soci\u00e9t\u00e9 civile, autant il doit financer les partis politiques pour \u00e9viter qu\u2019ils ne tombent entre des mains malveillantes ou ne b\u00e9n\u00e9ficient de financements occultes ou douteux. Nul ne s\u2019opposerait \u00e0 la mise en place des crit\u00e8res rigoureux pour&nbsp; acc\u00e9der \u00e0 cette aide. En effet, la mise en place des crit\u00e8res pour la selection des partis, suffisent pour que certains partis disparaissent faute de financement. Et du coup&nbsp; &nbsp;le nombre des partis politiques au Mali&nbsp;serait r\u00e9duit.<\/p>\n\n\n\n<p><strong><em>Faut-il r\u00e9duire le nombre de partis politiques pour n\u2019avoir que quelques courants id\u00e9ologiques ?<\/em><\/strong><\/p>\n\n\n\n<p>Bien qu\u2019un&nbsp; nombre \u00e9lev\u00e9&nbsp; de partis politiques soit l\u2019expression du multipartisme int\u00e9gral institu\u00e9 par la conf\u00e9rence nationale et la Constitution de la 3<sup>\u00e8me<\/sup>&nbsp;R\u00e9publique, il serait judicieux de mettre fin au d\u00e9sordre qui a toujours caract\u00e9ris\u00e9 la cr\u00e9ation des formations politiques&nbsp; au Mali. Les partis sont cr\u00e9\u00e9s \u00e0 l\u2019emporte-pi\u00e8ce sans une base id\u00e9ologique, encore moins un ancrage national, parce que &nbsp;tout ce qui n\u2019est pas interdit est autoris\u00e9. . Sinon comment comprendre qu\u2019au Mali il y a&nbsp; Plus de 300 partis pour quels programmes ou projets de soci\u00e9t\u00e9&nbsp;? Donc des regroupements par affinit\u00e9s id\u00e9ologiques pourraient \u00eatre l\u2019une des solutions pour r\u00e9duire le nombre de partis politiques. Que dire des crit\u00e8res de financement&nbsp;? Tout parti qui ne serait pas \u00e9ligible est automatiquement enray\u00e9 de la liste des partis. Bref la grande inqui\u00e9tude se situe \u00e0 ce niveau, surtout apr\u00e8s les propos du ministre de l\u2019administration territoriale pr\u00e9venant d\u00e9j\u00e0 les responsables des partis politiques des mesures qui n\u2019auraient pas plu \u00e0 la classe politique. Va-t-il jeter \u00e0 la poubelle les propositions des partis politiques pour ne donner qu\u2019une charte taill\u00e9e&nbsp; sur mesure&nbsp;?<\/p>\n\n\n\n<p><strong><em>Quel r\u00f4le les partis politiques doivent-ils jouer pour rendre la charte inclusive et consensuelle&nbsp;?<\/em><\/strong><\/p>\n\n\n\n<p>Les partis politiques en tant qu\u2019acteurs majeurs doivent s\u2019impliquer en amont comme en aval pour que les propositions d\u2019am\u00e9liorations qu\u2019ils seront amen\u00e9s \u00e0 faire puissent \u00eatre prises en compte. Leur r\u00f4le sera \u00e9minemment important pour rendre la charte inclusive et consensuelle. Quant au gouvernement,&nbsp; il doit comprendre qu\u2019il n y a pas d\u00e9mocratie sans partis politiques, donc l\u2019implication des partis politiques, tout au long du processus, est une obligation, si tant est qu\u2019on veut une charte consensuelle et inclusive. C\u2019est pourquoi beaucoup d\u2019observateurs ont trouv\u00e9 les propos du ministre de l\u2019administration maladroits voire excessifs quand il dit que le dernier mot reviendrait au gouvernement et que les partis ne soient pas surpris de voir certaines mesures impopulaires. Ces propos sonnent comme un m\u00e9pris \u00e0 l\u2019\u00e9gard des partis politiques.<\/p>\n\n\n\n<p><strong>Youssouf Sissoko<\/strong><\/p>\n","protected":false},"excerpt":{"rendered":"<p>L\u2019une des r\u00e9formes majeures attendues de la transition est la relecture de la Charte des partis politiques afin de doter la classe politique d\u2019instrument adapt\u00e9 au contexte et r\u00e9pondant aux&hellip;<\/p>\n","protected":false},"author":1,"featured_media":21094,"comment_status":"open","ping_status":"open","sticky":false,"template":"","format":"standard","meta":{"content-type":"","_lmt_disableupdate":"","_lmt_disable":"","_jetpack_memberships_contains_paid_content":false,"footnotes":"","jetpack_publicize_message":"","jetpack_publicize_feature_enabled":true,"jetpack_social_post_already_shared":true,"jetpack_social_options":{"image_generator_settings":{"template":"highway","default_image_id":0,"font":"","enabled":false},"version":2}},"categories":[68,23],"tags":[],"class_list":["post-21089","post","type-post","status-publish","format-standard","has-post-thumbnail","hentry","category-lalternance","category-politique"],"jetpack_publicize_connections":[],"featured_image_urls":{"full":["https:\/\/nandi.info\/wp-content\/uploads\/2025\/02\/partis-politiques-administration.jpg",680,453,false],"thumbnail":["https:\/\/nandi.info\/wp-content\/uploads\/2025\/02\/partis-politiques-administration-150x150.jpg",150,150,true],"medium":["https:\/\/nandi.info\/wp-content\/uploads\/2025\/02\/partis-politiques-administration-300x200.jpg",300,200,true],"medium_large":["https:\/\/nandi.info\/wp-content\/uploads\/2025\/02\/partis-politiques-administration.jpg",680,453,false],"large":["https:\/\/nandi.info\/wp-content\/uploads\/2025\/02\/partis-politiques-administration.jpg",680,453,false],"1536x1536":["https:\/\/nandi.info\/wp-content\/uploads\/2025\/02\/partis-politiques-administration.jpg",680,453,false],"2048x2048":["https:\/\/nandi.info\/wp-content\/uploads\/2025\/02\/partis-politiques-administration.jpg",680,453,false],"penci-recipe-1200x1200":["https:\/\/nandi.info\/wp-content\/uploads\/2025\/02\/partis-politiques-administration.jpg",680,453,false],"penci-recipe-1200x900":["https:\/\/nandi.info\/wp-content\/uploads\/2025\/02\/partis-politiques-administration.jpg",680,453,false],"penci-recipe-1200x675":["https:\/\/nandi.info\/wp-content\/uploads\/2025\/02\/partis-politiques-administration.jpg",680,453,false],"penci-single-full":["https:\/\/nandi.info\/wp-content\/uploads\/2025\/02\/partis-politiques-administration.jpg",680,453,false],"penci-slider-full-thumb":["https:\/\/nandi.info\/wp-content\/uploads\/2025\/02\/partis-politiques-administration.jpg",680,453,false],"penci-full-thumb":["https:\/\/nandi.info\/wp-content\/uploads\/2025\/02\/partis-politiques-administration.jpg",680,453,false],"penci-slider-thumb":["https:\/\/nandi.info\/wp-content\/uploads\/2025\/02\/partis-politiques-administration.jpg",680,453,false],"penci-magazine-slider":["https:\/\/nandi.info\/wp-content\/uploads\/2025\/02\/partis-politiques-administration.jpg",680,453,false],"penci-thumb":["https:\/\/nandi.info\/wp-content\/uploads\/2025\/02\/partis-politiques-administration-585x390.jpg",585,390,true],"penci-masonry-thumb":["https:\/\/nandi.info\/wp-content\/uploads\/2025\/02\/partis-politiques-administration-585x390.jpg",585,390,true],"penci-thumb-square":["https:\/\/nandi.info\/wp-content\/uploads\/2025\/02\/partis-politiques-administration-585x453.jpg",585,453,true],"penci-thumb-vertical":["https:\/\/nandi.info\/wp-content\/uploads\/2025\/02\/partis-politiques-administration-480x453.jpg",480,453,true],"penci-thumb-small":["https:\/\/nandi.info\/wp-content\/uploads\/2025\/02\/partis-politiques-administration-263x175.jpg",263,175,true]},"author_info":{"display_name":"Nandi","author_link":"https:\/\/nandi.info\/?author=1"},"category_info":"<a href=\"https:\/\/nandi.info\/?cat=68\" rel=\"category\">L'alternance<\/a> <a href=\"https:\/\/nandi.info\/?cat=23\" rel=\"category\">Politique<\/a>","tag_info":"Politique","comment_count":"0","jetpack_featured_media_url":"https:\/\/nandi.info\/wp-content\/uploads\/2025\/02\/partis-politiques-administration.jpg","jetpack_sharing_enabled":true,"_links":{"self":[{"href":"https:\/\/nandi.info\/index.php?rest_route=\/wp\/v2\/posts\/21089","targetHints":{"allow":["GET"]}}],"collection":[{"href":"https:\/\/nandi.info\/index.php?rest_route=\/wp\/v2\/posts"}],"about":[{"href":"https:\/\/nandi.info\/index.php?rest_route=\/wp\/v2\/types\/post"}],"author":[{"embeddable":true,"href":"https:\/\/nandi.info\/index.php?rest_route=\/wp\/v2\/users\/1"}],"replies":[{"embeddable":true,"href":"https:\/\/nandi.info\/index.php?rest_route=%2Fwp%2Fv2%2Fcomments&post=21089"}],"version-history":[{"count":1,"href":"https:\/\/nandi.info\/index.php?rest_route=\/wp\/v2\/posts\/21089\/revisions"}],"predecessor-version":[{"id":21095,"href":"https:\/\/nandi.info\/index.php?rest_route=\/wp\/v2\/posts\/21089\/revisions\/21095"}],"wp:featuredmedia":[{"embeddable":true,"href":"https:\/\/nandi.info\/index.php?rest_route=\/wp\/v2\/media\/21094"}],"wp:attachment":[{"href":"https:\/\/nandi.info\/index.php?rest_route=%2Fwp%2Fv2%2Fmedia&parent=21089"}],"wp:term":[{"taxonomy":"category","embeddable":true,"href":"https:\/\/nandi.info\/index.php?rest_route=%2Fwp%2Fv2%2Fcategories&post=21089"},{"taxonomy":"post_tag","embeddable":true,"href":"https:\/\/nandi.info\/index.php?rest_route=%2Fwp%2Fv2%2Ftags&post=21089"}],"curies":[{"name":"wp","href":"https:\/\/api.w.org\/{rel}","templated":true}]}}