{"id":21087,"date":"2025-02-11T12:55:00","date_gmt":"2025-02-11T11:55:00","guid":{"rendered":"https:\/\/nandi.info\/?p=21087"},"modified":"2025-02-11T12:55:04","modified_gmt":"2025-02-11T11:55:04","slug":"chronique-pour-lintegration-africaine","status":"publish","type":"post","link":"https:\/\/nandi.info\/?p=21087","title":{"rendered":"Chronique pour l\u2019int\u00e9gration africaine"},"content":{"rendered":"\n<h2 class=\"wp-block-heading has-text-align-center\">29 janvier 2025 : Un tournant d\u00e9cisif pour le Mali et l\u2019Afrique de l\u2019Ouest<\/h2>\n\n\n\n<figure class=\"wp-block-image size-full\"><img fetchpriority=\"high\" decoding=\"async\" width=\"860\" height=\"562\" src=\"https:\/\/nandi.info\/wp-content\/uploads\/2025\/02\/Modibo-Sidibe.webp\" alt=\"\" class=\"wp-image-21088\" srcset=\"https:\/\/nandi.info\/wp-content\/uploads\/2025\/02\/Modibo-Sidibe.webp 860w, https:\/\/nandi.info\/wp-content\/uploads\/2025\/02\/Modibo-Sidibe-300x196.webp 300w, https:\/\/nandi.info\/wp-content\/uploads\/2025\/02\/Modibo-Sidibe-768x502.webp 768w, https:\/\/nandi.info\/wp-content\/uploads\/2025\/02\/Modibo-Sidibe-585x382.webp 585w\" sizes=\"(max-width: 860px) 100vw, 860px\" \/><figcaption class=\"wp-element-caption\">Cr\u00e9dit DR<\/figcaption><\/figure>\n\n\n\n<p>Le 29 janvier 2025 restera une date marquante dans l\u2019histoire du Mali et de l\u2019Afrique de l\u2019Ouest, suite \u00e0 la d\u00e9cision unilat\u00e9rale de retirer notre pays de la CEDEAO. Voil\u00e0 des mois que nous tirons la sonnette d\u2019alarme \u00e0 plusieurs occasions pour qu\u2019aujourd\u2019hui ne soit pas ! Mais devons- nous en rester l\u00e0 ?<\/p>\n\n\n\n<p>Rester fig\u00e9s au 29 janvier serait tragique pour l\u2019avenir de notre pays et pour les Ouest-Africains que nous sommes. Ce retrait de la CEDEAO ne peut-\u00eatre une finalit\u00e9. Il doit \u00eatre un point de d\u00e9part pour une r\u00e9flexion plus profonde sur la trajectoire et l\u2019avenir de notre r\u00e9gion.<\/p>\n\n\n\n<p>Le Mali, un acteur cl\u00e9 de l\u2019int\u00e9gration africaine<\/p>\n\n\n\n<p>Depuis des d\u00e9cennies, le Mali a \u00e9t\u00e9 l\u2019une des locomotives de l\u2019int\u00e9gration r\u00e9gionale. Il n\u2019a pas seulement contribu\u00e9 \u00e0 la construction de la CEDEAO, il en a \u00e9t\u00e9 une force motrice.<\/p>\n\n\n\n<p>Dans les ann\u00e9es 1990, la CEDEAO a su prendre le tournant d\u00e9mocratique, s\u2019adaptant aux aspirations de ses peuples et posant les bases d\u2019un cadre \u00e9conomique et politique plus stable. Certes, elle n\u2019est pas exempte de critiques, et son fonctionnement m\u00e9rite d\u2019\u00eatre repens\u00e9. Mais affaiblir la CEDEAO ou diviser l\u2019espace ouest-africain ne sert ni nos peuples ni nos pays. La cr\u00e9ation de l\u2019Alliance des \u00c9tats du Sahel (AES) peut r\u00e9pondre aux d\u00e9fis de s\u00e9curit\u00e9 et de d\u00e9veloppement, mais elle n\u2019a pas \u00e0 \u00eatre un projet d\u2019isolement. Elle aurait pu \u00eatre un levier au sein de la CEDEAO, un p\u00f4le de stabilit\u00e9 et de d\u00e9veloppement, consolidant les acquis r\u00e9gionaux tout en apportant des solutions adapt\u00e9es aux r\u00e9alit\u00e9s sah\u00e9liennes.<\/p>\n\n\n\n<p>En parall\u00e8le, le Mali aurait pu jouer un r\u00f4le central dans la refondation de la CEDEAO, en engageant un dialogue franc et ouvert sur les r\u00e9formes n\u00e9cessaires pour une souverainet\u00e9 renforc\u00e9e et une meilleure gouvernance r\u00e9gionale.<\/p>\n\n\n\n<p>Un choix strat\u00e9gique pour l\u2019avenir du Mali et de la r\u00e9gion<\/p>\n\n\n\n<p>Ce retrait intervient \u00e0 un moment o\u00f9, face aux enjeux internationaux, nous devons ensemble anticiper, construire notre propre chemin et nous convaincre \u00ab \u2026de la n\u00e9cessit\u00e9 d\u2019une reconqu\u00eate individuelle et collective de la souverainet\u00e9 politique, \u00e9conomique et intellectuelle du continent \u00bb. Isol\u00e9s, nous serons plus vuln\u00e9rables. Unis, nous construirons l\u2019avenir de notre r\u00e9gion et de l\u2019Afrique tout enti\u00e8re.<\/p>\n\n\n\n<p>Il n\u2019est donc pas trop tard ! Faisons du 29 janvier une opportunit\u00e9, mobilisons les pr\u00e9dispositions des uns et des autres, affirmons une volont\u00e9 commune de pr\u00e9server les populations qui se vivent comme citoyens d\u2019un espace ouest-africain sans fronti\u00e8res. Transformons le cinquantenaire de notre communaut\u00e9 en un moment historique de refondation de la CEDEAO.<\/p>\n\n\n\n<p>Une CEDEAO plus forte, un projet panafricaniste renouvel\u00e9<\/p>\n\n\n\n<p>Une CEDEAO plus forte et plus l\u00e9gitime ne peut se b\u00e2tir que par une remise en question collective, associant \u00c9tats, soci\u00e9t\u00e9s civiles et citoyens, afin de redonner du sens au projet d\u2019int\u00e9gration.<\/p>\n\n\n\n<p>Le Mali a toujours \u00e9t\u00e9 un pays visionnaire dans la construction de l\u2019Afrique de demain. Nous devons renouer avec cette mission historique, proposer une approche r\u00e9gionale audacieuse et une vision de long terme \u00e0 l\u2019occasion des cinquante ans de la CEDEAO ; un projet politique \u00e0 la hauteur des aspirations profondes de nos peuples. Nous devons saisir cette occasion pour r\u00e9affirmer notre engagement historique envers l\u2019unit\u00e9 et la solidarit\u00e9 r\u00e9gionales. Car la CEDEAO n\u2019est pas qu\u2019un simple cadre institutionnel. Elle est l\u2019h\u00e9riti\u00e8re de liens humains, historiques et culturels profonds : \u00ab \u2026Cet espace aux racines si profondes, si tenues, si anciennes de grands empires et de grands royaumes. Cet espace o\u00f9 la qu\u00eate de l\u2019unit\u00e9 a toujours \u00e9t\u00e9 une obsession servie par de grands hommes\u2026 \u00bb.<\/p>\n\n\n\n<p>Cet h\u00e9ritage, loin d\u2019\u00eatre un fardeau, est une boussole pour l\u2019avenir. \u00c0 nous d\u2019en faire une force pour construire une Afrique de l\u2019Ouest plus souveraine, plus solidaire et plus prosp\u00e8re. Voil\u00e0 ce qui sied au Mali et \u00e0 ses g\u00e9n\u00e9rations de patriotes panafricanistes.<\/p>\n\n\n\n<p><strong>Modibo SIDIBE Ancien Premier ministre<\/strong><\/p>\n","protected":false},"excerpt":{"rendered":"<p>29 janvier 2025 : Un tournant d\u00e9cisif pour le Mali et l\u2019Afrique de l\u2019Ouest Le 29 janvier 2025 restera une date marquante dans l\u2019histoire du Mali et de l\u2019Afrique de&hellip;<\/p>\n","protected":false},"author":1,"featured_media":21088,"comment_status":"open","ping_status":"open","sticky":false,"template":"","format":"standard","meta":{"content-type":"","_lmt_disableupdate":"","_lmt_disable":"","_jetpack_memberships_contains_paid_content":false,"footnotes":"","jetpack_publicize_message":"","jetpack_publicize_feature_enabled":true,"jetpack_social_post_already_shared":true,"jetpack_social_options":{"image_generator_settings":{"template":"highway","default_image_id":0,"font":"","enabled":false},"version":2}},"categories":[55,68],"tags":[],"class_list":["post-21087","post","type-post","status-publish","format-standard","has-post-thumbnail","hentry","category-contributions","category-lalternance"],"jetpack_publicize_connections":[],"featured_image_urls":{"full":["https:\/\/nandi.info\/wp-content\/uploads\/2025\/02\/Modibo-Sidibe.webp",860,562,false],"thumbnail":["https:\/\/nandi.info\/wp-content\/uploads\/2025\/02\/Modibo-Sidibe-150x150.webp",150,150,true],"medium":["https:\/\/nandi.info\/wp-content\/uploads\/2025\/02\/Modibo-Sidibe-300x196.webp",300,196,true],"medium_large":["https:\/\/nandi.info\/wp-content\/uploads\/2025\/02\/Modibo-Sidibe-768x502.webp",768,502,true],"large":["https:\/\/nandi.info\/wp-content\/uploads\/2025\/02\/Modibo-Sidibe.webp",860,562,false],"1536x1536":["https:\/\/nandi.info\/wp-content\/uploads\/2025\/02\/Modibo-Sidibe.webp",860,562,false],"2048x2048":["https:\/\/nandi.info\/wp-content\/uploads\/2025\/02\/Modibo-Sidibe.webp",860,562,false],"penci-recipe-1200x1200":["https:\/\/nandi.info\/wp-content\/uploads\/2025\/02\/Modibo-Sidibe.webp",860,562,false],"penci-recipe-1200x900":["https:\/\/nandi.info\/wp-content\/uploads\/2025\/02\/Modibo-Sidibe.webp",860,562,false],"penci-recipe-1200x675":["https:\/\/nandi.info\/wp-content\/uploads\/2025\/02\/Modibo-Sidibe.webp",860,562,false],"penci-single-full":["https:\/\/nandi.info\/wp-content\/uploads\/2025\/02\/Modibo-Sidibe.webp",860,562,false],"penci-slider-full-thumb":["https:\/\/nandi.info\/wp-content\/uploads\/2025\/02\/Modibo-Sidibe.webp",860,562,false],"penci-full-thumb":["https:\/\/nandi.info\/wp-content\/uploads\/2025\/02\/Modibo-Sidibe.webp",860,562,false],"penci-slider-thumb":["https:\/\/nandi.info\/wp-content\/uploads\/2025\/02\/Modibo-Sidibe.webp",860,562,false],"penci-magazine-slider":["https:\/\/nandi.info\/wp-content\/uploads\/2025\/02\/Modibo-Sidibe-780x516.webp",780,516,true],"penci-thumb":["https:\/\/nandi.info\/wp-content\/uploads\/2025\/02\/Modibo-Sidibe-585x390.webp",585,390,true],"penci-masonry-thumb":["https:\/\/nandi.info\/wp-content\/uploads\/2025\/02\/Modibo-Sidibe-585x382.webp",585,382,true],"penci-thumb-square":["https:\/\/nandi.info\/wp-content\/uploads\/2025\/02\/Modibo-Sidibe-585x562.webp",585,562,true],"penci-thumb-vertical":["https:\/\/nandi.info\/wp-content\/uploads\/2025\/02\/Modibo-Sidibe-480x562.webp",480,562,true],"penci-thumb-small":["https:\/\/nandi.info\/wp-content\/uploads\/2025\/02\/Modibo-Sidibe-263x175.webp",263,175,true]},"author_info":{"display_name":"Nandi","author_link":"https:\/\/nandi.info\/?author=1"},"category_info":"<a href=\"https:\/\/nandi.info\/?cat=55\" rel=\"category\">Contributions<\/a> <a href=\"https:\/\/nandi.info\/?cat=68\" rel=\"category\">L'alternance<\/a>","tag_info":"L'alternance","comment_count":"0","jetpack_featured_media_url":"https:\/\/nandi.info\/wp-content\/uploads\/2025\/02\/Modibo-Sidibe.webp","jetpack_sharing_enabled":true,"_links":{"self":[{"href":"https:\/\/nandi.info\/index.php?rest_route=\/wp\/v2\/posts\/21087","targetHints":{"allow":["GET"]}}],"collection":[{"href":"https:\/\/nandi.info\/index.php?rest_route=\/wp\/v2\/posts"}],"about":[{"href":"https:\/\/nandi.info\/index.php?rest_route=\/wp\/v2\/types\/post"}],"author":[{"embeddable":true,"href":"https:\/\/nandi.info\/index.php?rest_route=\/wp\/v2\/users\/1"}],"replies":[{"embeddable":true,"href":"https:\/\/nandi.info\/index.php?rest_route=%2Fwp%2Fv2%2Fcomments&post=21087"}],"version-history":[{"count":1,"href":"https:\/\/nandi.info\/index.php?rest_route=\/wp\/v2\/posts\/21087\/revisions"}],"predecessor-version":[{"id":21090,"href":"https:\/\/nandi.info\/index.php?rest_route=\/wp\/v2\/posts\/21087\/revisions\/21090"}],"wp:featuredmedia":[{"embeddable":true,"href":"https:\/\/nandi.info\/index.php?rest_route=\/wp\/v2\/media\/21088"}],"wp:attachment":[{"href":"https:\/\/nandi.info\/index.php?rest_route=%2Fwp%2Fv2%2Fmedia&parent=21087"}],"wp:term":[{"taxonomy":"category","embeddable":true,"href":"https:\/\/nandi.info\/index.php?rest_route=%2Fwp%2Fv2%2Fcategories&post=21087"},{"taxonomy":"post_tag","embeddable":true,"href":"https:\/\/nandi.info\/index.php?rest_route=%2Fwp%2Fv2%2Ftags&post=21087"}],"curies":[{"name":"wp","href":"https:\/\/api.w.org\/{rel}","templated":true}]}}