{"id":21085,"date":"2025-02-11T12:10:04","date_gmt":"2025-02-11T11:10:04","guid":{"rendered":"https:\/\/nandi.info\/?p=21085"},"modified":"2025-02-11T14:25:13","modified_gmt":"2025-02-11T13:25:13","slug":"augmentation-de-la-taxe-sur-les-telecommunications-le-ministre-sanou-sexplique-sans-convaincre-la-societe-civile-denonce-et-la-population-desapprouve","status":"publish","type":"post","link":"https:\/\/nandi.info\/?p=21085","title":{"rendered":"Augmentation de la taxe sur les t\u00e9l\u00e9communications :\u00a0Le Ministre Sanou s\u2019explique sans convaincre, la soci\u00e9t\u00e9 civile d\u00e9nonce et la population d\u00e9sapprouve"},"content":{"rendered":"\n<figure class=\"wp-block-image size-full\"><img fetchpriority=\"high\" decoding=\"async\" width=\"696\" height=\"391\" src=\"https:\/\/nandi.info\/wp-content\/uploads\/2025\/01\/SANOU-MALI1-696x391-1.webp\" alt=\"\" class=\"wp-image-20882\" srcset=\"https:\/\/nandi.info\/wp-content\/uploads\/2025\/01\/SANOU-MALI1-696x391-1.webp 696w, https:\/\/nandi.info\/wp-content\/uploads\/2025\/01\/SANOU-MALI1-696x391-1-300x169.webp 300w, https:\/\/nandi.info\/wp-content\/uploads\/2025\/01\/SANOU-MALI1-696x391-1-585x329.webp 585w\" sizes=\"(max-width: 696px) 100vw, 696px\" \/><figcaption class=\"wp-element-caption\">Cr\u00e9dit DR<\/figcaption><\/figure>\n\n\n\n<p><strong><em><strong><em>Lors du Conseil des ministres tenu le mercredi 5 f\u00e9vrier au palais de Koulouba, sous l\u2019\u00e9gide du Pr\u00e9sident de la transition, le G\u00e9n\u00e9ral d\u2019arm\u00e9e Assimi Go\u00efta, plusieurs mesures ont \u00e9t\u00e9 adopt\u00e9es, dont l\u2019augmentation de la taxe sur les t\u00e9l\u00e9communications. Sur la base d\u2019un rapport du ministre de l\u2019\u00c9conomie et des Finances, le gouvernement a d\u00e9cid\u00e9 de modifier la loi n\u00b0 2012-063 du 26 d\u00e9cembre 2012, instituant une taxe appel\u00e9e \u00ab Taxe sur l\u2019acc\u00e8s au r\u00e9seau des t\u00e9l\u00e9communications ouvert au public \u00bb (TARTOP), destin\u00e9e \u00e0 alimenter le budget de l\u2019\u00c9tat. Si le gouvernement justifie cette mesure par un souci de renforcer les finances publiques, les consommateurs la d\u00e9sapprouvent et les op\u00e9rateurs de t\u00e9l\u00e9coms maintiennent le silence. <\/em><\/strong><\/em><\/strong><strong><em><strong><em><\/em><\/strong><\/em><\/strong><\/p>\n\n\n\n<p class=\"has-drop-cap\">Sans une communication en amont ni en aval, la brusque d\u00e9cision d\u2019augmentation de la taxe sur les t\u00e9l\u00e9communications a \u00e9t\u00e9 des couleuvres difficiles \u00e0 avaler par la plupart des consommateurs des services de communication. Elle a suscit\u00e9 de vives r\u00e9actions sur les r\u00e9seaux sociaux. Comme ce fut le cas du pr\u00e9sident du Forum des organisations de la soci\u00e9t\u00e9 civile, Badra Alou Sacko, qui s\u2019y oppose fermement.<\/p>\n\n\n\n<p><strong>Une mesure impopulaire en p\u00e9riode de crise&nbsp;!<\/strong><strong><\/strong><\/p>\n\n\n\n<p>Depuis l\u2019annonce de cette augmentation, la mesure est vivement critiqu\u00e9e par la population malienne, notamment sur les r\u00e9seaux sociaux et dans les grins (lieux de discussion populaire). Cette taxe intervient dans un contexte particuli\u00e8rement difficile, marqu\u00e9 par des coupures d\u2019\u00e9lectricit\u00e9 et une crise \u00e9conomique qui p\u00e8se lourdement sur les m\u00e9nages.<\/p>\n\n\n\n<p>D\u00e9sormais, pour une recharge t\u00e9l\u00e9phonique de 1 000 francs CFA, l\u2019utilisateur ne recevra que 900 francs sur son compte, l\u2019\u00c9tat pr\u00e9levant 100 francs. Par ailleurs, chaque transaction effectu\u00e9e via les services de mobile money (Moov Africa, Orange Money, SAMA Money&#8230;) sera d\u00e9sormais soumise \u00e0 une double taxe : 1 % pour l\u2019op\u00e9rateur et 1 % pour l\u2019\u00c9tat. Concr\u00e8tement, les frais de d\u00e9p\u00f4t de 10 000 francs passeront de 100 \u00e0 200 francs CFA.<\/p>\n\n\n\n<p><strong>Badra Alou Sacko s\u2019insurge contre une taxation jug\u00e9e injuste&nbsp;!<\/strong><strong><\/strong><\/p>\n\n\n\n<p>Dans une vid\u00e9o publi\u00e9e sur les r\u00e9seaux sociaux, Badra Alou Sacko pr\u00e9sident du forum des organisations de la soci\u00e9t\u00e9 civile a d\u00e9nonc\u00e9 une d\u00e9cision injustifi\u00e9e, soulignant les difficult\u00e9s auxquelles les Maliens sont d\u00e9j\u00e0 confront\u00e9s. \u00ab La population souffre d\u00e9j\u00e0 des coupures d\u2019\u00e9lectricit\u00e9, beaucoup de gens n\u2019arrivent plus \u00e0 travailler normalement. Si l\u2019\u00c9tat affirme que l\u2019\u00e9conomie est en difficult\u00e9, que doit dire la population ? \u00bb a-t-il d\u00e9clar\u00e9. Il a \u00e9galement mis en avant l\u2019augmentation constante du budget de la pr\u00e9sidence : 2020 (pr\u00e9sident \u00e9lu) : 12 milliards de francs CFA&nbsp;; 2022 (d\u00e9but de la transition) : 16 milliards de m\u00eame en 2023 : 15 milliards et 2024 : 17,5 milliards pour cette ann\u00e9e : 17,7 milliards<\/p>\n\n\n\n<p>\u00ab Pourquoi ce budget ne cesse-t-il d\u2019augmenter, alors qu\u2019on impose de nouvelles taxes au peuple ? \u00bb s\u2019interroge-t-il, appelant le gouvernement \u00e0 revoir sa d\u00e9cision. Il remet aussi en question la gestion des revenus issus de l\u2019exploitation des mines, notamment du lithium, alors que les autorit\u00e9s avaient promis que cette ressource profiterait aux Maliens.<\/p>\n\n\n\n<p>De plus, il souligne que le budget du Conseil National de la Transition (CNT) a \u00e9galement bondi de 11 \u00e0 16 milliards de francs CFA, alors m\u00eame que les probl\u00e8mes d\u2019\u00e9lectricit\u00e9 et de co\u00fbt de la vie ne sont toujours pas r\u00e9solus.<\/p>\n\n\n\n<p><strong>Le gouvernement tente de justifier la hausse des taxes&nbsp;<\/strong><strong><\/strong><\/p>\n\n\n\n<p>Face \u00e0 la contestation, le ministre de l\u2019\u00c9conomie et des Finances a pris la parole \u00e0 la t\u00e9l\u00e9vision nationale pour expliquer cette d\u00e9cision. Selon lui, la TARTOP (Taxe sur l\u2019acc\u00e8s au r\u00e9seau des t\u00e9l\u00e9communications ouvert au public) existait d\u00e9j\u00e0 depuis 2012, avec un taux initial de 5 % appliqu\u00e9 sur le chiffre d\u2019affaires des entreprises de t\u00e9l\u00e9communications. Le projet actuel vise \u00e0 porter ce taux \u00e0 7 %, ce qui, selon le gouvernement, ne mettrait pas en p\u00e9ril ces entreprises mais permettrait d\u2019augmenter les recettes publiques.<\/p>\n\n\n\n<p>Cependant, cette justification ne convainc pas la soci\u00e9t\u00e9 civile, qui appelle les autorit\u00e9s \u00e0 surseoir \u00e0 cette mesure, jug\u00e9e inopportune et injuste dans un contexte \u00e9conomique d\u00e9j\u00e0 \u00e9prouvant pour les Maliens.<\/p>\n\n\n\n<p>En r\u00e9ponse,&nbsp;le ministre Alhousseyni Sanou a tenu \u00e0 saluer \u00ab l\u2019engagement et la r\u00e9silience des Maliens \u00bb, soulignant que ces efforts collectifs permettront d\u2019affronter les d\u00e9fis actuels avec plus de s\u00e9r\u00e9nit\u00e9.<\/p>\n\n\n\n<p><strong>Par Fatoumata Coulibaly<\/strong><strong><\/strong><\/p>\n\n\n\n<p><\/p>\n","protected":false},"excerpt":{"rendered":"<p>Lors du Conseil des ministres tenu le mercredi 5 f\u00e9vrier au palais de Koulouba, sous l\u2019\u00e9gide du Pr\u00e9sident de la transition, le G\u00e9n\u00e9ral d\u2019arm\u00e9e Assimi Go\u00efta, plusieurs mesures ont \u00e9t\u00e9&hellip;<\/p>\n","protected":false},"author":1,"featured_media":20882,"comment_status":"open","ping_status":"open","sticky":false,"template":"","format":"standard","meta":{"content-type":"","_lmt_disableupdate":"","_lmt_disable":"","_jetpack_memberships_contains_paid_content":false,"footnotes":"","jetpack_publicize_message":"","jetpack_publicize_feature_enabled":true,"jetpack_social_post_already_shared":true,"jetpack_social_options":{"image_generator_settings":{"template":"highway","default_image_id":0,"font":"","enabled":false},"version":2}},"categories":[30,67,118],"tags":[],"class_list":["post-21085","post","type-post","status-publish","format-standard","has-post-thumbnail","hentry","category-economie","category-le-sursaut","category-telecom"],"jetpack_publicize_connections":[],"featured_image_urls":{"full":["https:\/\/nandi.info\/wp-content\/uploads\/2025\/01\/SANOU-MALI1-696x391-1.webp",696,391,false],"thumbnail":["https:\/\/nandi.info\/wp-content\/uploads\/2025\/01\/SANOU-MALI1-696x391-1-150x150.webp",150,150,true],"medium":["https:\/\/nandi.info\/wp-content\/uploads\/2025\/01\/SANOU-MALI1-696x391-1-300x169.webp",300,169,true],"medium_large":["https:\/\/nandi.info\/wp-content\/uploads\/2025\/01\/SANOU-MALI1-696x391-1.webp",696,391,false],"large":["https:\/\/nandi.info\/wp-content\/uploads\/2025\/01\/SANOU-MALI1-696x391-1.webp",696,391,false],"1536x1536":["https:\/\/nandi.info\/wp-content\/uploads\/2025\/01\/SANOU-MALI1-696x391-1.webp",696,391,false],"2048x2048":["https:\/\/nandi.info\/wp-content\/uploads\/2025\/01\/SANOU-MALI1-696x391-1.webp",696,391,false],"penci-recipe-1200x1200":["https:\/\/nandi.info\/wp-content\/uploads\/2025\/01\/SANOU-MALI1-696x391-1.webp",696,391,false],"penci-recipe-1200x900":["https:\/\/nandi.info\/wp-content\/uploads\/2025\/01\/SANOU-MALI1-696x391-1.webp",696,391,false],"penci-recipe-1200x675":["https:\/\/nandi.info\/wp-content\/uploads\/2025\/01\/SANOU-MALI1-696x391-1.webp",696,391,false],"penci-single-full":["https:\/\/nandi.info\/wp-content\/uploads\/2025\/01\/SANOU-MALI1-696x391-1.webp",696,391,false],"penci-slider-full-thumb":["https:\/\/nandi.info\/wp-content\/uploads\/2025\/01\/SANOU-MALI1-696x391-1.webp",696,391,false],"penci-full-thumb":["https:\/\/nandi.info\/wp-content\/uploads\/2025\/01\/SANOU-MALI1-696x391-1.webp",696,391,false],"penci-slider-thumb":["https:\/\/nandi.info\/wp-content\/uploads\/2025\/01\/SANOU-MALI1-696x391-1.webp",696,391,false],"penci-magazine-slider":["https:\/\/nandi.info\/wp-content\/uploads\/2025\/01\/SANOU-MALI1-696x391-1.webp",696,391,false],"penci-thumb":["https:\/\/nandi.info\/wp-content\/uploads\/2025\/01\/SANOU-MALI1-696x391-1-585x390.webp",585,390,true],"penci-masonry-thumb":["https:\/\/nandi.info\/wp-content\/uploads\/2025\/01\/SANOU-MALI1-696x391-1-585x329.webp",585,329,true],"penci-thumb-square":["https:\/\/nandi.info\/wp-content\/uploads\/2025\/01\/SANOU-MALI1-696x391-1-585x391.webp",585,391,true],"penci-thumb-vertical":["https:\/\/nandi.info\/wp-content\/uploads\/2025\/01\/SANOU-MALI1-696x391-1-480x391.webp",480,391,true],"penci-thumb-small":["https:\/\/nandi.info\/wp-content\/uploads\/2025\/01\/SANOU-MALI1-696x391-1-263x175.webp",263,175,true]},"author_info":{"display_name":"Nandi","author_link":"https:\/\/nandi.info\/?author=1"},"category_info":"<a href=\"https:\/\/nandi.info\/?cat=30\" rel=\"category\">Economie<\/a> <a href=\"https:\/\/nandi.info\/?cat=67\" rel=\"category\">Le Sursaut<\/a> <a href=\"https:\/\/nandi.info\/?cat=118\" rel=\"category\">T\u00e9l\u00e9com<\/a>","tag_info":"T\u00e9l\u00e9com","comment_count":"0","jetpack_featured_media_url":"https:\/\/nandi.info\/wp-content\/uploads\/2025\/01\/SANOU-MALI1-696x391-1.webp","jetpack_sharing_enabled":true,"_links":{"self":[{"href":"https:\/\/nandi.info\/index.php?rest_route=\/wp\/v2\/posts\/21085","targetHints":{"allow":["GET"]}}],"collection":[{"href":"https:\/\/nandi.info\/index.php?rest_route=\/wp\/v2\/posts"}],"about":[{"href":"https:\/\/nandi.info\/index.php?rest_route=\/wp\/v2\/types\/post"}],"author":[{"embeddable":true,"href":"https:\/\/nandi.info\/index.php?rest_route=\/wp\/v2\/users\/1"}],"replies":[{"embeddable":true,"href":"https:\/\/nandi.info\/index.php?rest_route=%2Fwp%2Fv2%2Fcomments&post=21085"}],"version-history":[{"count":1,"href":"https:\/\/nandi.info\/index.php?rest_route=\/wp\/v2\/posts\/21085\/revisions"}],"predecessor-version":[{"id":21086,"href":"https:\/\/nandi.info\/index.php?rest_route=\/wp\/v2\/posts\/21085\/revisions\/21086"}],"wp:featuredmedia":[{"embeddable":true,"href":"https:\/\/nandi.info\/index.php?rest_route=\/wp\/v2\/media\/20882"}],"wp:attachment":[{"href":"https:\/\/nandi.info\/index.php?rest_route=%2Fwp%2Fv2%2Fmedia&parent=21085"}],"wp:term":[{"taxonomy":"category","embeddable":true,"href":"https:\/\/nandi.info\/index.php?rest_route=%2Fwp%2Fv2%2Fcategories&post=21085"},{"taxonomy":"post_tag","embeddable":true,"href":"https:\/\/nandi.info\/index.php?rest_route=%2Fwp%2Fv2%2Ftags&post=21085"}],"curies":[{"name":"wp","href":"https:\/\/api.w.org\/{rel}","templated":true}]}}