{"id":21052,"date":"2025-02-07T23:57:34","date_gmt":"2025-02-07T22:57:34","guid":{"rendered":"https:\/\/nandi.info\/?p=21052"},"modified":"2025-02-07T23:57:37","modified_gmt":"2025-02-07T22:57:37","slug":"retour-a-lordre-constitutionnel-reunir-toutes-les-conditions-pour-eviter-un-retour-a-la-case-depart","status":"publish","type":"post","link":"https:\/\/nandi.info\/?p=21052","title":{"rendered":"Retour \u00e0 l\u2019ordre constitutionnel : R\u00e9unir toutes les conditions pour \u00e9viter un retour \u00e0 la case-d\u00e9part"},"content":{"rendered":"\n<figure class=\"wp-block-image size-full\"><img fetchpriority=\"high\" decoding=\"async\" width=\"680\" height=\"693\" src=\"https:\/\/nandi.info\/wp-content\/uploads\/2025\/02\/Mamani-Nassire-ministre-reforme.jpg\" alt=\"\" class=\"wp-image-21053\" srcset=\"https:\/\/nandi.info\/wp-content\/uploads\/2025\/02\/Mamani-Nassire-ministre-reforme.jpg 680w, https:\/\/nandi.info\/wp-content\/uploads\/2025\/02\/Mamani-Nassire-ministre-reforme-294x300.jpg 294w, https:\/\/nandi.info\/wp-content\/uploads\/2025\/02\/Mamani-Nassire-ministre-reforme-585x596.jpg 585w\" sizes=\"(max-width: 680px) 100vw, 680px\" \/><\/figure>\n\n\n\n<p><strong>Sans v\u00e9ritablement \u00eatre la quadrature du cercle, il est difficile voire imprudent de trop se prononcer sur le retour \u00e0 l\u2019ordre constitutionnel au Mali. M\u00eame si les d\u00e9clarations faites ces derniers jours donnent des indications pr\u00e9cises sur les motivations des uns et des autres. La classe politique (bien dans son r\u00f4le) piaffe d\u2019impatience de reprendre son droit de gouverner le pays. Les autorit\u00e9s de la transition n\u2019y voient pas d\u2019inconv\u00e9nients, mais elles ne veulent pas d\u2019un retour pr\u00e9cipit\u00e9 (comme en 2012-2013 sous la pression de la C\u00e9d\u00e9ao et de la communaut\u00e9 internationale) au risque de se retrouver \u00e0 la case-d\u00e9part dans quelques ann\u00e9es encore. Ce qui semble \u00eatre une sage d\u00e9cision pour la stabilit\u00e9 du pays.<\/strong><\/p>\n\n\n\n<p>\u00ab<em>Nul ne rend service \u00e0 un pouvoir \u00e9tabli en lui conseillant de se soustraire \u00e0 la tenue d\u2019\u00e9lections\u2026 Le refus des \u00e9lections ou leurs reports sans fin appara\u00eet donc comme une impasse et un pi\u00e8ge \u00e0 \u00e9viter \u00e0 tout prix\u2026<\/em>\u00bb&nbsp;! C\u2019est ce qu\u2019avait d\u00e9clar\u00e9 Me Mountaga Tall lors de sa traditionnelle pr\u00e9sentation de v\u0153ux \u00e0 la presse en janvier dernier. Et de poursuivre, \u00ab<em>nous devons collectivement prendre conscience de l\u2019importance des \u00e9lections, nous engager pour leur tenue dans un climat sociopolitique serein en vue d\u2019une gestion optimale des affaires publiques<\/em>\u00bb.<\/p>\n\n\n\n<p>Cette figure embl\u00e9matique du mouvement d\u00e9mocratique malien exprimait ainsi son souhait de voir le processus de retour \u00e0 l\u2019ordre constitutionnel enfin amorc\u00e9. Mais, dans notre pr\u00e9c\u00e9dente parution, nous nous demandions si ce&nbsp;d\u00e9sir d\u2019un retour rapide \u00e0 l\u2019ordre constitutionnel par l\u2019organisation des \u00e9lections dans les brefs d\u00e9lais n\u2019\u00e9tait pas plut\u00f4t un v\u0153u pieux (<em>RETOUR \u00c0 L\u2019ORDRE CONSTITUTIONNEL&nbsp;:&nbsp;Le v\u0153u pieux de\u200b Me&nbsp;Mountaga&nbsp;Tall&nbsp;?\/Le Matin N\u00b0626 du mercredi 29 janvier 2025<\/em>). Malheureusement, la suite nous a donn\u00e9 raison car le lendemain&nbsp;le ministre d\u00e9l\u00e9gu\u00e9 aupr\u00e8s du Premier ministre (charg\u00e9 des R\u00e9formes politiques et de Soutien au processus \u00e9lectoral) a d\u00e9clar\u00e9 face \u00e0 la presse que le pays n\u2019est pas pr\u00eat pour aller aux \u00e9lections avant la fin de certaines r\u00e9formes engag\u00e9es. \u00ab<em>Nous n\u2019avons pas de loi \u00e9lectorale pour aller aux \u00e9lections. Nous n\u2019avons pas de fichier \u00e9lectoral conform\u00e9ment \u00e0 la r\u00e9organisation territoriale. Nous n\u2019avons pas de loi organique pour l\u2019\u00e9lection des s\u00e9nateurs\u2026 Sans ces textes, on ne peut pas aller aux \u00e9lections m\u00eame si on a la volont\u00e9 d\u2019y aller<\/em>\u00bb, a r\u00e9v\u00e9l\u00e9 Mamani Nassir\u00e9.<\/p>\n\n\n\n<p>Accus\u00e9 par une partie de la classe politique de n\u2019avoir pas abord\u00e9 la question dans son message du Nouvel An (31 d\u00e9cembre 2025),&nbsp;le pr\u00e9sident de la transition a profit\u00e9 de la pr\u00e9sentation des v\u0153ux des autorit\u00e9s administratives ind\u00e9pendantes et les Institutions de la R\u00e9publique (30 janvier 2025) pour se rattraper. \u00ab<em>Le retour \u00e0 l\u2019ordre constitutionnel passe n\u00e9cessairement par un processus s\u00e9curis\u00e9 et apais\u00e9 pour \u00e9viter un \u00e9ternel recommencement<\/em>\u00bb, a assen\u00e9 le G\u00e9n\u00e9ral d\u2019arm\u00e9e Assimi Go\u00efta. Autrement, il ne souhaite pas mettre la charrue avant les b\u0153ufs, lancer le pays dans un processus pr\u00e9cipit\u00e9 (comme en 2012-2013) et le voir encore sombrer dans une crise politique aux cons\u00e9quences dramatiques pour tous.<\/p>\n\n\n\n<p>Il n\u2019est nullement oppos\u00e9 au retour \u00e0 une vie constitutionnelle normale, mais il n\u2019est pas question non plus de br\u00fbler des \u00e9tapes parce que certains sont press\u00e9s de revenir aux affaires. Comme l\u2019a rappel\u00e9 \u00e0 la presse le ministre d\u00e9l\u00e9gu\u00e9, des r\u00e9formes sont engag\u00e9es et il faut se donner le temps de les mener \u00e0 bien dans l\u2019int\u00e9r\u00eat de la nation. Et cela d\u2019autant plus qu\u2019elles sont fondamentales pour non seulement organiser des \u00e9lections transparentes, mais \u00e9galement pour garantir au pays une certaine stabilit\u00e9 politique sur le long terme.<\/p>\n\n\n\n<p><strong>Des ajustements indispensables pour am\u00e9liorer l\u2019organisation des \u00e9lections et renforcer la cr\u00e9dibilit\u00e9 des institutions du Mali Kura<\/strong><\/p>\n\n\n\n<p>C\u2019est par exemple le cas de la r\u00e9forme de la loi \u00e9lectorale visant&nbsp;\u00e0 corriger les insuffisances (structurelles et organisationnelles) li\u00e9es \u00e0 l\u2019inscription sur les listes \u00e9lectorales et \u00e0 \u00ab<em>garantir des \u00e9lections plus inclusives et transparentes<\/em>\u00bb. Cette correction doit se traduire par des ajustements permettant de renforcer la gestion des listes \u00e9lectorales, d\u2019\u00e9largir l\u2019acc\u00e8s \u00e0 l\u2019enr\u00f4lement et d\u2019optimiser le processus de mise \u00e0 jour du fichier \u00e9lectoral. L\u2019un des changements majeurs introduits par cette r\u00e9forme concerne l\u2019extension de la p\u00e9riode de r\u00e9vision annuelle des listes \u00e9lectorales.<\/p>\n\n\n\n<p>Jusqu\u2019ici limit\u00e9e entre le 1er octobre et le 31 d\u00e9cembre (article 52 de la loi \u00e9lectorale), cette p\u00e9riode sera d\u00e9sormais prolong\u00e9e afin de favoriser une meilleure actualisation des donn\u00e9es \u00e9lectorales et une inscription plus large des citoyens en \u00e2ge de voter\u2026 Une qu\u00eate qui a d\u2019ailleurs motiv\u00e9 la prolongation de l\u2019actuel processus du 31 d\u00e9cembre 2024 au 28 f\u00e9vrier 2025 sur toute l\u2019\u00e9tendue du territoire national ainsi que dans les missions diplomatiques et consulaires du Mali. Mais pour le moment, l\u2019affluence n\u2019est pas au rendez-vous. Une prolongation que des observateurs ont jug\u00e9 \u00ab<em>essentielle<\/em>\u00bb pour mettre \u00e0 jour la liste \u00e9lectorale.<\/p>\n\n\n\n<p>Il ne faut pas oublier non plus la relecture de la Charte des partis politiques. Lors de sa premi\u00e8re rencontre avec la classe politique, le Premier ministre Abdoulaye Ma\u00efga avait abord\u00e9 la question comme pour pr\u00e9parer ses interlocuteurs \u00e0 avaler une pilule am\u00e8re. Il&nbsp;\u200bleur&nbsp;a rappel\u00e9 que chacun doit assumer sa part de sacrifice pour une meilleure refondation de l\u2019\u00c9tat. Selon nos informations, c\u2019est une r\u00e9forme qui ne manquera pas de faire grincer les dents car, en plus de la r\u00e9duction du nombre des chapelles politiques, il va falloir d\u00e9sormais satisfaire des conditions drastiques pour cr\u00e9er un parti politique. Et pour de nombreux observateurs et citoyens, cette relecture est aujourd\u2019hui \u00ab<em>un mal n\u00e9cessaire<\/em>\u00bb. Les partis qui \u00e9chapperont aux mailles du filet auront aussi besoin de temps pour s\u2019adapter (statuts et r\u00e8glements) aux conditions de la nouvelle charte.<\/p>\n\n\n\n<p>Toutes ces r\u00e9formes s\u2019inscrivent logiquement dans la \u00ab<em>Feuille de route<\/em>\u00bb d\u00e9finie par le pr\u00e9sident de la Transition&nbsp;au gouvernement. Le chef de l\u2019\u00c9tat a notamment insist\u00e9 sur la n\u00e9cessit\u00e9 de cr\u00e9er&nbsp;\u00ab<em>les conditions n\u00e9cessaires \u00e0 l\u2019organisation d\u2019\u00e9lections transparentes et apais\u00e9es<\/em>\u00bb. Aussi bien la loi \u00e9lectorale que le fichier, voire la charte des partis sont des d\u00e9fis majeurs \u00e0 relever pour am\u00e9liorer notre syst\u00e8me \u00e9lectoral.&nbsp;&nbsp;Elles (r\u00e9formes) d\u00e9coulent de&nbsp; la volont\u00e9 des autorit\u00e9s de la transition de redonner confiance \u00e0 l\u2019\u00e9lectorat malien, de mieux pr\u00e9parer les \u00e9lections et de renforcer la cr\u00e9dibilit\u00e9 des institutions responsables de leur organisation.<\/p>\n\n\n\n<p>M\u00eame si elle risque d\u2019\u00eatre mal interpr\u00e9t\u00e9e par la classe politique, la prudence affich\u00e9e par le chef de l\u2019Etat quant au processus du retour \u00e0 l\u2019ordre constitutionnel est compr\u00e9hensible. Et cela d\u2019autant plus que les observateurs et les Maliens pensent que c\u2019est la mauvaise gestion de la pr\u00e9c\u00e9dente transition qui a entra\u00een\u00e9 le pays dans la crise politique puis dans l\u2019impasse actuelle. Ayant sans doute tir\u00e9 les enseignements de cette exp\u00e9rience, le pr\u00e9sident de la Transition ne veut pas mettre la charrue avant les b\u0153ufs. Il veut que toutes les conditions soient d\u2019abord r\u00e9unies avant d\u2019organiser les \u00e9lections. Combien de temps ces r\u00e9formes vont-elles prendre&nbsp;?<\/p>\n\n\n\n<p>Difficile de se prononcer l\u00e0-dessus. N\u2019emp\u00eache que certains experts se jettent \u00e0 l\u2019eau en indiquant, \u00ab<em>objectivement on peut et on doit boucler cette ann\u00e9e toutes les r\u00e9formes li\u00e9es aux \u00e9lections afin d\u2019aller aux urnes en 2026 pour au moins la pr\u00e9sidentielle<\/em>\u00bb. En tout cas, sans br\u00fbler des \u00e9tapes cruciales, le plut\u00f4t c\u2019est mieux pour ne pas cr\u00e9er des tensions inutiles dans le pays.<\/p>\n\n\n\n<p><strong>Moussa Bolly<\/strong><\/p>\n","protected":false},"excerpt":{"rendered":"<p>Sans v\u00e9ritablement \u00eatre la quadrature du cercle, il est difficile voire imprudent de trop se prononcer sur le retour \u00e0 l\u2019ordre constitutionnel au Mali. M\u00eame si les d\u00e9clarations faites ces&hellip;<\/p>\n","protected":false},"author":1,"featured_media":21053,"comment_status":"open","ping_status":"open","sticky":false,"template":"","format":"standard","meta":{"content-type":"","_lmt_disableupdate":"","_lmt_disable":"","_jetpack_memberships_contains_paid_content":false,"footnotes":"","jetpack_publicize_message":"","jetpack_publicize_feature_enabled":true,"jetpack_social_post_already_shared":true,"jetpack_social_options":{"image_generator_settings":{"template":"highway","default_image_id":0,"font":"","enabled":false},"version":2}},"categories":[53,74],"tags":[],"class_list":["post-21052","post","type-post","status-publish","format-standard","has-post-thumbnail","hentry","category-le-matin","category-nation"],"jetpack_publicize_connections":[],"featured_image_urls":{"full":["https:\/\/nandi.info\/wp-content\/uploads\/2025\/02\/Mamani-Nassire-ministre-reforme.jpg",680,693,false],"thumbnail":["https:\/\/nandi.info\/wp-content\/uploads\/2025\/02\/Mamani-Nassire-ministre-reforme-150x150.jpg",150,150,true],"medium":["https:\/\/nandi.info\/wp-content\/uploads\/2025\/02\/Mamani-Nassire-ministre-reforme-294x300.jpg",294,300,true],"medium_large":["https:\/\/nandi.info\/wp-content\/uploads\/2025\/02\/Mamani-Nassire-ministre-reforme.jpg",680,693,false],"large":["https:\/\/nandi.info\/wp-content\/uploads\/2025\/02\/Mamani-Nassire-ministre-reforme.jpg",680,693,false],"1536x1536":["https:\/\/nandi.info\/wp-content\/uploads\/2025\/02\/Mamani-Nassire-ministre-reforme.jpg",680,693,false],"2048x2048":["https:\/\/nandi.info\/wp-content\/uploads\/2025\/02\/Mamani-Nassire-ministre-reforme.jpg",680,693,false],"penci-recipe-1200x1200":["https:\/\/nandi.info\/wp-content\/uploads\/2025\/02\/Mamani-Nassire-ministre-reforme.jpg",680,693,false],"penci-recipe-1200x900":["https:\/\/nandi.info\/wp-content\/uploads\/2025\/02\/Mamani-Nassire-ministre-reforme.jpg",680,693,false],"penci-recipe-1200x675":["https:\/\/nandi.info\/wp-content\/uploads\/2025\/02\/Mamani-Nassire-ministre-reforme-680x675.jpg",680,675,true],"penci-single-full":["https:\/\/nandi.info\/wp-content\/uploads\/2025\/02\/Mamani-Nassire-ministre-reforme.jpg",680,693,false],"penci-slider-full-thumb":["https:\/\/nandi.info\/wp-content\/uploads\/2025\/02\/Mamani-Nassire-ministre-reforme.jpg",680,693,false],"penci-full-thumb":["https:\/\/nandi.info\/wp-content\/uploads\/2025\/02\/Mamani-Nassire-ministre-reforme.jpg",680,693,false],"penci-slider-thumb":["https:\/\/nandi.info\/wp-content\/uploads\/2025\/02\/Mamani-Nassire-ministre-reforme-680x663.jpg",680,663,true],"penci-magazine-slider":["https:\/\/nandi.info\/wp-content\/uploads\/2025\/02\/Mamani-Nassire-ministre-reforme-680x516.jpg",680,516,true],"penci-thumb":["https:\/\/nandi.info\/wp-content\/uploads\/2025\/02\/Mamani-Nassire-ministre-reforme-585x390.jpg",585,390,true],"penci-masonry-thumb":["https:\/\/nandi.info\/wp-content\/uploads\/2025\/02\/Mamani-Nassire-ministre-reforme-585x596.jpg",585,596,true],"penci-thumb-square":["https:\/\/nandi.info\/wp-content\/uploads\/2025\/02\/Mamani-Nassire-ministre-reforme-585x585.jpg",585,585,true],"penci-thumb-vertical":["https:\/\/nandi.info\/wp-content\/uploads\/2025\/02\/Mamani-Nassire-ministre-reforme-480x650.jpg",480,650,true],"penci-thumb-small":["https:\/\/nandi.info\/wp-content\/uploads\/2025\/02\/Mamani-Nassire-ministre-reforme-263x175.jpg",263,175,true]},"author_info":{"display_name":"Nandi","author_link":"https:\/\/nandi.info\/?author=1"},"category_info":"<a href=\"https:\/\/nandi.info\/?cat=53\" rel=\"category\">Le Matin<\/a> <a href=\"https:\/\/nandi.info\/?cat=74\" rel=\"category\">Nation<\/a>","tag_info":"Nation","comment_count":"0","jetpack_featured_media_url":"https:\/\/nandi.info\/wp-content\/uploads\/2025\/02\/Mamani-Nassire-ministre-reforme.jpg","jetpack_sharing_enabled":true,"_links":{"self":[{"href":"https:\/\/nandi.info\/index.php?rest_route=\/wp\/v2\/posts\/21052","targetHints":{"allow":["GET"]}}],"collection":[{"href":"https:\/\/nandi.info\/index.php?rest_route=\/wp\/v2\/posts"}],"about":[{"href":"https:\/\/nandi.info\/index.php?rest_route=\/wp\/v2\/types\/post"}],"author":[{"embeddable":true,"href":"https:\/\/nandi.info\/index.php?rest_route=\/wp\/v2\/users\/1"}],"replies":[{"embeddable":true,"href":"https:\/\/nandi.info\/index.php?rest_route=%2Fwp%2Fv2%2Fcomments&post=21052"}],"version-history":[{"count":1,"href":"https:\/\/nandi.info\/index.php?rest_route=\/wp\/v2\/posts\/21052\/revisions"}],"predecessor-version":[{"id":21054,"href":"https:\/\/nandi.info\/index.php?rest_route=\/wp\/v2\/posts\/21052\/revisions\/21054"}],"wp:featuredmedia":[{"embeddable":true,"href":"https:\/\/nandi.info\/index.php?rest_route=\/wp\/v2\/media\/21053"}],"wp:attachment":[{"href":"https:\/\/nandi.info\/index.php?rest_route=%2Fwp%2Fv2%2Fmedia&parent=21052"}],"wp:term":[{"taxonomy":"category","embeddable":true,"href":"https:\/\/nandi.info\/index.php?rest_route=%2Fwp%2Fv2%2Fcategories&post=21052"},{"taxonomy":"post_tag","embeddable":true,"href":"https:\/\/nandi.info\/index.php?rest_route=%2Fwp%2Fv2%2Ftags&post=21052"}],"curies":[{"name":"wp","href":"https:\/\/api.w.org\/{rel}","templated":true}]}}