{"id":21051,"date":"2025-02-08T00:10:36","date_gmt":"2025-02-07T23:10:36","guid":{"rendered":"https:\/\/nandi.info\/?p=21051"},"modified":"2025-02-08T00:10:38","modified_gmt":"2025-02-07T23:10:38","slug":"interdiction-de-limportation-du-ble-les-unites-industrielles-jubilent-les-consommateurs-prives-de-produits-de-qualite","status":"publish","type":"post","link":"https:\/\/nandi.info\/?p=21051","title":{"rendered":"Interdiction de l\u2019importation du bl\u00e9 : Les unit\u00e9s industrielles jubilent, les consommateurs priv\u00e9s de produits de qualit\u00e9"},"content":{"rendered":"\n<figure class=\"wp-block-image size-full\"><img fetchpriority=\"high\" decoding=\"async\" width=\"650\" height=\"364\" src=\"https:\/\/nandi.info\/wp-content\/uploads\/2025\/02\/ministre-Moussa-Alassane-Diallo.jpg\" alt=\"\" class=\"wp-image-21056\" srcset=\"https:\/\/nandi.info\/wp-content\/uploads\/2025\/02\/ministre-Moussa-Alassane-Diallo.jpg 650w, https:\/\/nandi.info\/wp-content\/uploads\/2025\/02\/ministre-Moussa-Alassane-Diallo-300x168.jpg 300w, https:\/\/nandi.info\/wp-content\/uploads\/2025\/02\/ministre-Moussa-Alassane-Diallo-585x328.jpg 585w\" sizes=\"(max-width: 650px) 100vw, 650px\" \/><\/figure>\n\n\n\n<p><strong>R\u00e9cemment en tourn\u00e9e dans la r\u00e9gion de S\u00e9gou, le ministre de l\u2019Industrie et du Commerce a vant\u00e9 l\u2019impact de l\u2019arr\u00eat\u00e9 interminist\u00e9riel&nbsp;(ao\u00fbt 2023) sur la suspension de l\u2019importation de la farine du bl\u00e9 et de p\u00e2tes alimentaires au Mali. Sauf que pour beaucoup de ses compatriotes, si cette mesure profite aux unit\u00e9s industrielles, elle n\u2019a pas bon go\u00fbt (au propre comme au figur\u00e9) pour les consommateurs avec des produits dont la qualit\u00e9 est tr\u00e8s en dessous de ceux qui \u00e9taient import\u00e9s. Si l\u2019on veut r\u00e9ellement motiver les m\u00e9nages \u00e0 \u00abconsommer malien\u00bb, il faudra contraindre aussi nos industriels \u00e0 accorder autant d\u2019importance \u00e0 la qualit\u00e9 qu\u2019\u00e0 leurs profits.<\/strong><\/p>\n\n\n\n<p>R\u00e9cemment en tourn\u00e9e dans la r\u00e9gion de S\u00e9gou, le ministre de l\u2019Industrie et du Commerce a visit\u00e9 des unit\u00e9s industrielles afin de partager leurs difficult\u00e9s et surtout se faire une id\u00e9e de l\u2019impact r\u00e9el de l\u2019arr\u00eat\u00e9 interminist\u00e9riel (ao\u00fbt 2023)&nbsp;sur la suspension de l\u2019importation de la farine du&nbsp;<a href=\"https:\/\/www.maliweb.net\/economie\/interdiction-de-limportation-du-ble-les-unites-industrielles-jubilent-les-consommateurs-prives-de-produits-de-qualite-3094422.html#\">&nbsp;bl\u00e9<\/a>&nbsp;et de p\u00e2tes alimentaires au Mali. Au cours des \u00e9changes dans l\u2019une des usines visit\u00e9es, il est ressorti que les unit\u00e9s industrielles qui interviennent dans la production de p\u00e2tes alimentaires et de la farine du bl\u00e9 ont retrouv\u00e9 \u00ab<em>une sant\u00e9 de fer<\/em>\u00bb a soulign\u00e9 le reporter de l\u2019ORTM S\u00e9gou qui a suivi la visite.<\/p>\n\n\n\n<p>Selon le ministre Moussa Alassane Diallo, il y a 18 mois, une unit\u00e9 industrielle allait \u00e0 la faillite avec comme cons\u00e9quences la perte de 200 mille tonnes de production, la suppression de 380 emplois. Une situation catastrophique qui \u00e9tait sur le point de compromettre 57 milliards de F CFA d\u2019investissement. \u00ab<em>Un gouvernement responsable ne pouvait ne pas r\u00e9agir \u00e0 cela<\/em>\u00bb, a-t-il rappel\u00e9. D\u2019o\u00f9 l\u2019arr\u00eat\u00e9 interminist\u00e9riel qui a favoris\u00e9 son redressement avant de lui redonner la vitalit\u00e9 affich\u00e9e pendant la visite du ministre. En effet, selon des t\u00e9moignages, cette d\u00e9cision du gouvernement a permis \u00e0 \u00ab<em>l\u2019ensemble des unit\u00e9s industrielles<\/em>\u00bb qui interviennent dans la production de p\u00e2tes alimentaires et de la farine du bl\u00e9 de retrouver \u00ab<em>une nouvelle sant\u00e9, de reconqu\u00e9rir le march\u00e9 et de r\u00e9aliser des chiffres d\u2019affaires voire de recruter du personnel suppl\u00e9mentaire<\/em>\u00bb.<\/p>\n\n\n\n<p>A noter que le Mali a suspendu l\u2019importation de la farine du bl\u00e9 et de p\u00e2tes alimentaires depuis ao\u00fbt 2023. Malgr\u00e9 l\u2019impact sur les unit\u00e9s industrielles, cette mesure de protection (protectionnisme) n\u2019a pas bon go\u00fbt pour les consommateurs, surtout les m\u00e9nag\u00e8res qui se plaignent de la qualit\u00e9 de la production. \u00ab<em>Pr\u00e9parer&nbsp;les p\u00e2tes alimentaires ou le couscous fabriqu\u00e9s au Mali est de plus en plus une hantise pour beaucoup de m\u00e9nag\u00e8res. Si tu ne fais pas attention, tu risques de te retrouver avec une sorte de bouillie de farine immangeable. Chez moi, ces derniers temps, on se plaint toujours, quels que soient les efforts. On a du mal \u00e0 donner du go\u00fbt \u00e0 ces plats<\/em>\u00bb, nous a confi\u00e9 une m\u00e8re de famille. \u00ab<em>Bien s\u00fbr que certains produits valent mieux que d\u2019autres<\/em>\u00bb, s\u2019est-elle empress\u00e9e d\u2019ajouter.<\/p>\n\n\n\n<p><strong>Des produits au go\u00fbt fade dans les assiettes<\/strong><\/p>\n\n\n\n<p>\u00ab<em>J\u2019ai l\u2019impression que la qualit\u00e9 de ces produits alimentaires s\u2019est beaucoup d\u00e9t\u00e9rior\u00e9e depuis l\u2019interdiction d\u2019importer impos\u00e9e par le gouvernement. Et je ne suis pas la seule \u00e0 penser ainsi. Ce qui peut se comprendre ais\u00e9ment car, d\u00e9barrass\u00e9 de la concurrence des produits import\u00e9s, nos industriels ne font plus de la qualit\u00e9 une priorit\u00e9<\/em>\u00bb, a d\u00e9nonc\u00e9 une commer\u00e7ante qui reconna\u00eet que les femmes se plaignent fr\u00e9quemment de la qualit\u00e9 du couscous et des p\u00e2tes alimentaires.<\/p>\n\n\n\n<p>L\u2019interdiction d\u2019importer des produits similaires serait ainsi du pain b\u00e9ni pour les promoteurs de ces unit\u00e9s industrielles. D\u00e9barrass\u00e9es de la concurrence, ils font de juteuses affaires car, comme l\u2019a r\u00e9v\u00e9l\u00e9 le ministre du Commerce et de l\u2019Industrie, Moussa Alassane Diallo \u00e0 S\u00e9gou, les unit\u00e9s sp\u00e9cialis\u00e9es dans ce domaine ont aujourd\u2019hui le vent en poupe alors que le consommateur n\u2019en a pas toujours pour son argent. Il a plut\u00f4t l\u2019impression qu\u2019aucun effort n\u2019est consenti pour am\u00e9liorer la qualit\u00e9 des produits propos\u00e9s \u00e0 la client\u00e8le.<\/p>\n\n\n\n<p>\u00ab<em>Comme dans plusieurs secteurs \u00e9conomiques du pays, les industriels sont encore dans l\u2019amateurisme avec un personnel g\u00e9n\u00e9ralement form\u00e9 sur le tas et de surcro\u00eet exploit\u00e9. Contrairement aux industriels ivoiriens, s\u00e9n\u00e9galais\u2026, leur ambition c\u2019est juste le march\u00e9 national au lieu de fabriquer des produits de qualit\u00e9 pour conqu\u00e9rir le march\u00e9 sous-r\u00e9gional<\/em>\u00bb, a d\u00e9plor\u00e9 un ing\u00e9nieur sp\u00e9cialis\u00e9 dans la transformation de produits agricoles. Un avis d\u2019expert partag\u00e9 par beaucoup de nos interlocuteurs qui pensent que, si le gouvernement&nbsp;veut r\u00e9ellement motiver les m\u00e9nages \u00e0 \u00ab<em>consommer malien<\/em>\u00bb, il faudra contraindre aussi nos industriels \u00e0 accorder autant d\u2019importance \u00e0 la qualit\u00e9 qu\u2019\u00e0 leurs profits.<\/p>\n\n\n\n<p>Dans le contraire, nos autorit\u00e9s donneront l\u2019impression d\u2019encourager des op\u00e9rateurs industriels \u00e0 tondre la laine sur le dos des pauvres consommateurs condamn\u00e9s \u00e0 se contenter de produits au go\u00fbt fade dans leurs assiettes. Faute de choix, bien s\u00fbr&nbsp;!<\/p>\n\n\n\n<p><strong>Kader To\u00e9<\/strong><\/p>\n","protected":false},"excerpt":{"rendered":"<p>R\u00e9cemment en tourn\u00e9e dans la r\u00e9gion de S\u00e9gou, le ministre de l\u2019Industrie et du Commerce a vant\u00e9 l\u2019impact de l\u2019arr\u00eat\u00e9 interminist\u00e9riel&nbsp;(ao\u00fbt 2023) sur la suspension de l\u2019importation de la farine&hellip;<\/p>\n","protected":false},"author":1,"featured_media":21056,"comment_status":"open","ping_status":"open","sticky":false,"template":"","format":"standard","meta":{"content-type":"","_lmt_disableupdate":"","_lmt_disable":"","_jetpack_memberships_contains_paid_content":false,"footnotes":"","jetpack_publicize_message":"","jetpack_publicize_feature_enabled":true,"jetpack_social_post_already_shared":true,"jetpack_social_options":{"image_generator_settings":{"template":"highway","default_image_id":0,"font":"","enabled":false},"version":2}},"categories":[30,53],"tags":[],"class_list":["post-21051","post","type-post","status-publish","format-standard","has-post-thumbnail","hentry","category-economie","category-le-matin"],"jetpack_publicize_connections":[],"featured_image_urls":{"full":["https:\/\/nandi.info\/wp-content\/uploads\/2025\/02\/ministre-Moussa-Alassane-Diallo.jpg",650,364,false],"thumbnail":["https:\/\/nandi.info\/wp-content\/uploads\/2025\/02\/ministre-Moussa-Alassane-Diallo-150x150.jpg",150,150,true],"medium":["https:\/\/nandi.info\/wp-content\/uploads\/2025\/02\/ministre-Moussa-Alassane-Diallo-300x168.jpg",300,168,true],"medium_large":["https:\/\/nandi.info\/wp-content\/uploads\/2025\/02\/ministre-Moussa-Alassane-Diallo.jpg",650,364,false],"large":["https:\/\/nandi.info\/wp-content\/uploads\/2025\/02\/ministre-Moussa-Alassane-Diallo.jpg",650,364,false],"1536x1536":["https:\/\/nandi.info\/wp-content\/uploads\/2025\/02\/ministre-Moussa-Alassane-Diallo.jpg",650,364,false],"2048x2048":["https:\/\/nandi.info\/wp-content\/uploads\/2025\/02\/ministre-Moussa-Alassane-Diallo.jpg",650,364,false],"penci-recipe-1200x1200":["https:\/\/nandi.info\/wp-content\/uploads\/2025\/02\/ministre-Moussa-Alassane-Diallo.jpg",650,364,false],"penci-recipe-1200x900":["https:\/\/nandi.info\/wp-content\/uploads\/2025\/02\/ministre-Moussa-Alassane-Diallo.jpg",650,364,false],"penci-recipe-1200x675":["https:\/\/nandi.info\/wp-content\/uploads\/2025\/02\/ministre-Moussa-Alassane-Diallo.jpg",650,364,false],"penci-single-full":["https:\/\/nandi.info\/wp-content\/uploads\/2025\/02\/ministre-Moussa-Alassane-Diallo.jpg",650,364,false],"penci-slider-full-thumb":["https:\/\/nandi.info\/wp-content\/uploads\/2025\/02\/ministre-Moussa-Alassane-Diallo.jpg",650,364,false],"penci-full-thumb":["https:\/\/nandi.info\/wp-content\/uploads\/2025\/02\/ministre-Moussa-Alassane-Diallo.jpg",650,364,false],"penci-slider-thumb":["https:\/\/nandi.info\/wp-content\/uploads\/2025\/02\/ministre-Moussa-Alassane-Diallo.jpg",650,364,false],"penci-magazine-slider":["https:\/\/nandi.info\/wp-content\/uploads\/2025\/02\/ministre-Moussa-Alassane-Diallo.jpg",650,364,false],"penci-thumb":["https:\/\/nandi.info\/wp-content\/uploads\/2025\/02\/ministre-Moussa-Alassane-Diallo-585x364.jpg",585,364,true],"penci-masonry-thumb":["https:\/\/nandi.info\/wp-content\/uploads\/2025\/02\/ministre-Moussa-Alassane-Diallo-585x328.jpg",585,328,true],"penci-thumb-square":["https:\/\/nandi.info\/wp-content\/uploads\/2025\/02\/ministre-Moussa-Alassane-Diallo-585x364.jpg",585,364,true],"penci-thumb-vertical":["https:\/\/nandi.info\/wp-content\/uploads\/2025\/02\/ministre-Moussa-Alassane-Diallo-480x364.jpg",480,364,true],"penci-thumb-small":["https:\/\/nandi.info\/wp-content\/uploads\/2025\/02\/ministre-Moussa-Alassane-Diallo-263x175.jpg",263,175,true]},"author_info":{"display_name":"Nandi","author_link":"https:\/\/nandi.info\/?author=1"},"category_info":"<a href=\"https:\/\/nandi.info\/?cat=30\" rel=\"category\">Economie<\/a> <a href=\"https:\/\/nandi.info\/?cat=53\" rel=\"category\">Le Matin<\/a>","tag_info":"Le Matin","comment_count":"0","jetpack_featured_media_url":"https:\/\/nandi.info\/wp-content\/uploads\/2025\/02\/ministre-Moussa-Alassane-Diallo.jpg","jetpack_sharing_enabled":true,"_links":{"self":[{"href":"https:\/\/nandi.info\/index.php?rest_route=\/wp\/v2\/posts\/21051","targetHints":{"allow":["GET"]}}],"collection":[{"href":"https:\/\/nandi.info\/index.php?rest_route=\/wp\/v2\/posts"}],"about":[{"href":"https:\/\/nandi.info\/index.php?rest_route=\/wp\/v2\/types\/post"}],"author":[{"embeddable":true,"href":"https:\/\/nandi.info\/index.php?rest_route=\/wp\/v2\/users\/1"}],"replies":[{"embeddable":true,"href":"https:\/\/nandi.info\/index.php?rest_route=%2Fwp%2Fv2%2Fcomments&post=21051"}],"version-history":[{"count":1,"href":"https:\/\/nandi.info\/index.php?rest_route=\/wp\/v2\/posts\/21051\/revisions"}],"predecessor-version":[{"id":21057,"href":"https:\/\/nandi.info\/index.php?rest_route=\/wp\/v2\/posts\/21051\/revisions\/21057"}],"wp:featuredmedia":[{"embeddable":true,"href":"https:\/\/nandi.info\/index.php?rest_route=\/wp\/v2\/media\/21056"}],"wp:attachment":[{"href":"https:\/\/nandi.info\/index.php?rest_route=%2Fwp%2Fv2%2Fmedia&parent=21051"}],"wp:term":[{"taxonomy":"category","embeddable":true,"href":"https:\/\/nandi.info\/index.php?rest_route=%2Fwp%2Fv2%2Fcategories&post=21051"},{"taxonomy":"post_tag","embeddable":true,"href":"https:\/\/nandi.info\/index.php?rest_route=%2Fwp%2Fv2%2Ftags&post=21051"}],"curies":[{"name":"wp","href":"https:\/\/api.w.org\/{rel}","templated":true}]}}