{"id":21036,"date":"2025-02-06T23:56:47","date_gmt":"2025-02-06T22:56:47","guid":{"rendered":"https:\/\/nandi.info\/?p=21036"},"modified":"2025-02-08T00:18:15","modified_gmt":"2025-02-07T23:18:15","slug":"formation-le-pifed-a-forme-plus-de-2-000-professionnels-cadres-et-evaluateurs-de-ladministration-publique-a-travers-plus-de-trente-pays","status":"publish","type":"post","link":"https:\/\/nandi.info\/?p=21036","title":{"rendered":"Formation : Le PIFED a form\u00e9 plus de 2 000 professionnels, cadres et \u00e9valuateurs de l&rsquo;administration publique \u00e0 travers plus de trente pays"},"content":{"rendered":"\n<h2 class=\"wp-block-heading has-text-align-center\">Pour la pr\u00e9sidente de l\u2019<strong> AEFEM<\/strong>, l\u2019\u00e9valuateur est important pour une gestion optimale des projets et des activit\u00e9s au sein de l\u2019organisation<\/h2>\n\n\n\n<figure class=\"wp-block-image size-large\"><img fetchpriority=\"high\" decoding=\"async\" width=\"1024\" height=\"768\" src=\"https:\/\/nandi.info\/wp-content\/uploads\/2025\/02\/luceg-pifed-2-1024x768.jpg\" alt=\"\" class=\"wp-image-21038\" srcset=\"https:\/\/nandi.info\/wp-content\/uploads\/2025\/02\/luceg-pifed-2-1024x768.jpg 1024w, https:\/\/nandi.info\/wp-content\/uploads\/2025\/02\/luceg-pifed-2-300x225.jpg 300w, https:\/\/nandi.info\/wp-content\/uploads\/2025\/02\/luceg-pifed-2-768x576.jpg 768w, https:\/\/nandi.info\/wp-content\/uploads\/2025\/02\/luceg-pifed-2-1536x1152.jpg 1536w, https:\/\/nandi.info\/wp-content\/uploads\/2025\/02\/luceg-pifed-2-1200x900.jpg 1200w, https:\/\/nandi.info\/wp-content\/uploads\/2025\/02\/luceg-pifed-2-1920x1440.jpg 1920w, https:\/\/nandi.info\/wp-content\/uploads\/2025\/02\/luceg-pifed-2-1170x878.jpg 1170w, https:\/\/nandi.info\/wp-content\/uploads\/2025\/02\/luceg-pifed-2-585x439.jpg 585w, https:\/\/nandi.info\/wp-content\/uploads\/2025\/02\/luceg-pifed-2.jpg 2048w\" sizes=\"(max-width: 1024px) 100vw, 1024px\" \/><\/figure>\n\n\n\n<p><strong>Le&nbsp;Programme International de Formation en \u00c9valuation du D\u00e9veloppement (PIFED)&nbsp;est une formation approfondie de 60 heures \u00e9labor\u00e9e et diffus\u00e9e depuis 2011 par l&rsquo;\u00c9cole nationale d&rsquo;administration publique (ENAP) du Qu\u00e9bec, en collaboration avec le Groupe d&rsquo;\u00e9valuation ind\u00e9pendante (IEG) de la Banque mondiale et avec le soutien financier du gouvernement du Canada, par l&rsquo;interm\u00e9diaire d&rsquo;Affaires mondiales Canada. Cette formation a \u00e9t\u00e9 d\u00e9localis\u00e9e \u00e0 Bamako dans le cadre du Projet LUCEG. Du 20 au 31 janvier 2025, une trentaine de participants du Projet LUCEG ont ainsi b\u00e9n\u00e9fici\u00e9 de ce programme de l&rsquo;<a href=\"https:\/\/www.facebook.com\/ENAP.CA?__cft__%5b0%5d=AZWvVuVfV9wOo-q-9LsvFeY4ys1DxhZcfuc_0p9EqaOOxALip1Dh2cgBBsbRGcS0lvc2EbNoajow5kjifN9YnXHpaBbqkW55w4WSLU_dINZK2ptYyMkqi1A73z298vPATep8TSglYQW8lzaAgyMa24B2iZ36QUGH0YOs3mwfUtXedcM2Bru-jOtqvDwa75Z_mQg&amp;__tn__=-%5dK-R\">ENAP-\u00c9cole nationale d&rsquo;administration publique<\/a>, tenu \u00e0 l&rsquo;h\u00f4tel Maeva. Ce programme anim\u00e9 par des enseignants de l&rsquo;ENAP et des experts internationaux en \u00e9valuation, qui a comme objectif de faire d\u00e9velopper les comp\u00e9tences et les connaissances de ses partenaires en mati\u00e8re d&rsquo;\u00e9valuation des interventions publiques, tel que les projets, les mesures, les programmes et les politiques publiques.<\/strong><\/p>\n\n\n\n<p class=\"has-drop-cap\">Au cours des 60 heures de formation, huit modules ont \u00e9t\u00e9 abord\u00e9 aux participants, ils ont particip\u00e9 \u00e0 des travaux pratiques visant \u00e0 \u00e9laborer un plan d\u2019\u00e9valuation de projets ou de politiques publiques, encadr\u00e9s par le professeur Aref BEN ABDALLAH, Conseiller aux Affaires internationales \u00e0 l\u2019ENAP. <\/p>\n\n\n\n<p>A la pr\u00e9sentation des modules, le professeur Aref BEN ABDALLAH a abord\u00e9 plusieurs points cl\u00e9s, notamment :<\/p>\n\n\n\n<figure class=\"wp-block-image alignleft size-large is-resized\"><img decoding=\"async\" width=\"1024\" height=\"574\" src=\"https:\/\/nandi.info\/wp-content\/uploads\/2025\/02\/luceg-pifed-1-1024x574.jpg\" alt=\"\" class=\"wp-image-21039\" style=\"width:485px;height:auto\" srcset=\"https:\/\/nandi.info\/wp-content\/uploads\/2025\/02\/luceg-pifed-1-1024x574.jpg 1024w, https:\/\/nandi.info\/wp-content\/uploads\/2025\/02\/luceg-pifed-1-300x168.jpg 300w, https:\/\/nandi.info\/wp-content\/uploads\/2025\/02\/luceg-pifed-1-768x430.jpg 768w, https:\/\/nandi.info\/wp-content\/uploads\/2025\/02\/luceg-pifed-1-1536x860.jpg 1536w, https:\/\/nandi.info\/wp-content\/uploads\/2025\/02\/luceg-pifed-1-1920x1075.jpg 1920w, https:\/\/nandi.info\/wp-content\/uploads\/2025\/02\/luceg-pifed-1-1170x655.jpg 1170w, https:\/\/nandi.info\/wp-content\/uploads\/2025\/02\/luceg-pifed-1-585x328.jpg 585w, https:\/\/nandi.info\/wp-content\/uploads\/2025\/02\/luceg-pifed-1.jpg 2048w\" sizes=\"(max-width: 1024px) 100vw, 1024px\" \/><\/figure>\n\n\n\n<ul class=\"wp-block-list\">\n<li>La Gestion ax\u00e9e sur les r\u00e9sultats (GAR), une approche de gestion centr\u00e9e sur l&rsquo;atteinte de r\u00e9sultats, qui constitue un pilier des interventions de d\u00e9veloppement. Ce cadre de gestion, largement utilis\u00e9 dans les administrations publiques \u00e0 travers le monde, est un concept important \u00e0 connaitre pour les \u00e9valuateurs et \u00e9valuatrices.<\/li>\n\n\n\n<li>La strat\u00e9gie de collecte et d\u2019analyse, qui repr\u00e9sente une \u00e9tude pr\u00e9paratoire. Cela inclut comment comprendre l\u2019objet de l\u2019\u00e9valuation (sa raison d\u2019\u00eatre, sa th\u00e9orie du changement, etc.)&nbsp;; la planification de l\u2019\u00e9valuation, d\u00e9finir l\u2019ampleur et fixer les questions d\u2019\u00e9valuation&nbsp;; \u00e9laborer la strat\u00e9gie d\u2019\u00e9valuation (r\u00e9sum\u00e9e dans la matrice d\u2019\u00e9valuation) entre autres.<\/li>\n<\/ul>\n\n\n\n<p><strong>\u00c0 l&rsquo;issue de la formation, voici les r\u00e9actions de certains b\u00e9n\u00e9ficiaires<\/strong><\/p>\n\n\n\n<p>Ousmane Goro, Secr\u00e9taire G\u00e9n\u00e9ral Adjoint de la Communaut\u00e9 Pratique en mati\u00e8re la Lutte contre la Corruption (CPLC), souligne qu&rsquo;une \u00e9valuation de toutes nos activit\u00e9s est aujourd&rsquo;hui indispensable compte tenu du contexte socio-politique du pays. Il pr\u00e9cise que cette formation rev\u00eat une importance capitale, car elle nous permettra d&rsquo;\u00e9valuer \u00e0 la fois nos projets futurs et les actions men\u00e9es au sein de l\u2019association depuis sa cr\u00e9ation jusqu\u2019\u00e0 ce jour, dans le but de corriger les \u00e9ventuelles lacunes et de pr\u00e9server les acquis.<\/p>\n\n\n\n<figure class=\"wp-block-image alignright size-large is-resized\"><img decoding=\"async\" width=\"1024\" height=\"768\" src=\"https:\/\/nandi.info\/wp-content\/uploads\/2025\/02\/luceg-pifed-3-1024x768.jpg\" alt=\"\" class=\"wp-image-21058\" style=\"width:515px;height:auto\" srcset=\"https:\/\/nandi.info\/wp-content\/uploads\/2025\/02\/luceg-pifed-3-1024x768.jpg 1024w, https:\/\/nandi.info\/wp-content\/uploads\/2025\/02\/luceg-pifed-3-300x225.jpg 300w, https:\/\/nandi.info\/wp-content\/uploads\/2025\/02\/luceg-pifed-3-768x576.jpg 768w, https:\/\/nandi.info\/wp-content\/uploads\/2025\/02\/luceg-pifed-3-1536x1152.jpg 1536w, https:\/\/nandi.info\/wp-content\/uploads\/2025\/02\/luceg-pifed-3-1200x900.jpg 1200w, https:\/\/nandi.info\/wp-content\/uploads\/2025\/02\/luceg-pifed-3-1920x1440.jpg 1920w, https:\/\/nandi.info\/wp-content\/uploads\/2025\/02\/luceg-pifed-3-1170x878.jpg 1170w, https:\/\/nandi.info\/wp-content\/uploads\/2025\/02\/luceg-pifed-3-585x439.jpg 585w, https:\/\/nandi.info\/wp-content\/uploads\/2025\/02\/luceg-pifed-3.jpg 2048w\" sizes=\"(max-width: 1024px) 100vw, 1024px\" \/><\/figure>\n\n\n\n<p>Mariam Flakoro, Pr\u00e9sidente de l\u2019Association Espoir Femme et Enfant du Mali (AEFEM), consid\u00e8re cette formation comme une opportunit\u00e9 pr\u00e9cieuse, notamment en ce qui concerne l\u2019\u00e9valuation, un domaine souvent n\u00e9glig\u00e9 par nos structures et institutions. Elle souligne que cette formation lui a permis d\u2019acqu\u00e9rir des connaissances de base en la mati\u00e8re et, de plus, qu\u2019au sein de son association, il sera d\u00e9sormais possible de d\u00e9terminer le type d\u2019\u00e9valuation adapt\u00e9 \u00e0 leurs projets. Pour la pr\u00e9sidente, il est important d\u2019avoir un \u00e9valuateur au sein de l\u2019organisation pour mieux ma\u00eetriser et structurer les projets et les activit\u00e9s. Mariam conclut en affirmant que l\u2019\u00e9valuation est devenue incontournable de nos jours, et que cette formation l\u2019a pr\u00e9par\u00e9e \u00e0 comprendre l\u2019importance, un aspect qu\u2019elle compte d\u00e9sormais mettre en avant au sein de l\u2019association.<\/p>\n\n\n\n<p>Abdoulaye SANOGO, Secr\u00e9taire G\u00e9n\u00e9ral du Collectif des Handicap\u00e9s Dipl\u00f4m\u00e9s (COHD), indique qu&rsquo;apr\u00e8s avoir pr\u00e9sent\u00e9 le bilan des 60 heures de formation au sein de son association, son objectif est d\u00e9sormais d&rsquo;int\u00e9grer les bonnes pratiques acquises au cours de la formation. Il envisage \u00e9galement d&rsquo;impl\u00e9menter un mod\u00e8le d\u2019\u00e9valuation mini-format pour toutes les actions futures de l&rsquo;association.<\/p>\n\n\n\n<p>Le PIFED repr\u00e9sente une occasion de d\u00e9veloppement professionnel et de renforcement des comp\u00e9tences dans le domaine de l&rsquo;\u00e9valuation. Ses participants acquerront des comp\u00e9tences essentielles et contribueront \u00e0 l&rsquo;am\u00e9lioration des interventions publiques qui a comme cible : les professionnels de l\u2019\u00e9valuation provenant de l\u2019administration publique, d\u2019organisations internationales ou d\u2019entreprises sp\u00e9cialis\u00e9es en \u00e9valuation&nbsp;; les cadres et gestionnaires des organisations parapubliques ou non gouvernementales qui exercent un r\u00f4le dans la mise en \u0153uvre de services publics et de services aux citoyens.<\/p>\n\n\n\n<p>Une c\u00e9r\u00e9monie de remise des attestations se tiendra bient\u00f4t \u00e0 Bamako pour les b\u00e9n\u00e9ficiaires de cette formation. Le Projet LUCEG continue d\u2019\u00eatre pleinement engag\u00e9 dans le renforcement des capacit\u00e9s de ses partenaires issus de la soci\u00e9t\u00e9 civile.<\/p>\n\n\n\n<p><strong>Youma A Ciss\u00e9<\/strong><\/p>\n","protected":false},"excerpt":{"rendered":"<p>Pour la pr\u00e9sidente de l\u2019 AEFEM, l\u2019\u00e9valuateur est important pour une gestion optimale des projets et des activit\u00e9s au sein de l\u2019organisation Le&nbsp;Programme International de Formation en \u00c9valuation du D\u00e9veloppement&hellip;<\/p>\n","protected":false},"author":1,"featured_media":21037,"comment_status":"open","ping_status":"open","sticky":false,"template":"","format":"standard","meta":{"content-type":"","_lmt_disableupdate":"","_lmt_disable":"","_jetpack_memberships_contains_paid_content":false,"footnotes":"","jetpack_publicize_message":"","jetpack_publicize_feature_enabled":true,"jetpack_social_post_already_shared":true,"jetpack_social_options":{"image_generator_settings":{"template":"highway","default_image_id":0,"font":"","enabled":false},"version":2}},"categories":[39,43,21],"tags":[],"class_list":["post-21036","post","type-post","status-publish","format-standard","has-post-thumbnail","hentry","category-formation-professionnelle","category-nandi-info","category-societe"],"jetpack_publicize_connections":[],"featured_image_urls":{"full":["https:\/\/nandi.info\/wp-content\/uploads\/2025\/02\/luceg-pifed.jpg",2048,1536,false],"thumbnail":["https:\/\/nandi.info\/wp-content\/uploads\/2025\/02\/luceg-pifed-150x150.jpg",150,150,true],"medium":["https:\/\/nandi.info\/wp-content\/uploads\/2025\/02\/luceg-pifed-300x225.jpg",300,225,true],"medium_large":["https:\/\/nandi.info\/wp-content\/uploads\/2025\/02\/luceg-pifed-768x576.jpg",768,576,true],"large":["https:\/\/nandi.info\/wp-content\/uploads\/2025\/02\/luceg-pifed-1024x768.jpg",1024,768,true],"1536x1536":["https:\/\/nandi.info\/wp-content\/uploads\/2025\/02\/luceg-pifed-1536x1152.jpg",1536,1152,true],"2048x2048":["https:\/\/nandi.info\/wp-content\/uploads\/2025\/02\/luceg-pifed.jpg",2048,1536,false],"penci-recipe-1200x1200":["https:\/\/nandi.info\/wp-content\/uploads\/2025\/02\/luceg-pifed-1200x1200.jpg",1200,1200,true],"penci-recipe-1200x900":["https:\/\/nandi.info\/wp-content\/uploads\/2025\/02\/luceg-pifed-1200x900.jpg",1200,900,true],"penci-recipe-1200x675":["https:\/\/nandi.info\/wp-content\/uploads\/2025\/02\/luceg-pifed-1200x675.jpg",1200,675,true],"penci-single-full":["https:\/\/nandi.info\/wp-content\/uploads\/2025\/02\/luceg-pifed-1920x1440.jpg",1920,1440,true],"penci-slider-full-thumb":["https:\/\/nandi.info\/wp-content\/uploads\/2025\/02\/luceg-pifed-1920x800.jpg",1920,800,true],"penci-full-thumb":["https:\/\/nandi.info\/wp-content\/uploads\/2025\/02\/luceg-pifed-1170x878.jpg",1170,878,true],"penci-slider-thumb":["https:\/\/nandi.info\/wp-content\/uploads\/2025\/02\/luceg-pifed-1170x663.jpg",1170,663,true],"penci-magazine-slider":["https:\/\/nandi.info\/wp-content\/uploads\/2025\/02\/luceg-pifed-780x516.jpg",780,516,true],"penci-thumb":["https:\/\/nandi.info\/wp-content\/uploads\/2025\/02\/luceg-pifed-585x390.jpg",585,390,true],"penci-masonry-thumb":["https:\/\/nandi.info\/wp-content\/uploads\/2025\/02\/luceg-pifed-585x439.jpg",585,439,true],"penci-thumb-square":["https:\/\/nandi.info\/wp-content\/uploads\/2025\/02\/luceg-pifed-585x585.jpg",585,585,true],"penci-thumb-vertical":["https:\/\/nandi.info\/wp-content\/uploads\/2025\/02\/luceg-pifed-480x650.jpg",480,650,true],"penci-thumb-small":["https:\/\/nandi.info\/wp-content\/uploads\/2025\/02\/luceg-pifed-263x175.jpg",263,175,true]},"author_info":{"display_name":"Nandi","author_link":"https:\/\/nandi.info\/?author=1"},"category_info":"<a href=\"https:\/\/nandi.info\/?cat=39\" rel=\"category\">Formation Professionnelle<\/a> <a href=\"https:\/\/nandi.info\/?cat=43\" rel=\"category\">Nandi.info<\/a> <a href=\"https:\/\/nandi.info\/?cat=21\" rel=\"category\">Soci\u00e9t\u00e9<\/a>","tag_info":"Soci\u00e9t\u00e9","comment_count":"0","jetpack_featured_media_url":"https:\/\/nandi.info\/wp-content\/uploads\/2025\/02\/luceg-pifed.jpg","jetpack_sharing_enabled":true,"_links":{"self":[{"href":"https:\/\/nandi.info\/index.php?rest_route=\/wp\/v2\/posts\/21036","targetHints":{"allow":["GET"]}}],"collection":[{"href":"https:\/\/nandi.info\/index.php?rest_route=\/wp\/v2\/posts"}],"about":[{"href":"https:\/\/nandi.info\/index.php?rest_route=\/wp\/v2\/types\/post"}],"author":[{"embeddable":true,"href":"https:\/\/nandi.info\/index.php?rest_route=\/wp\/v2\/users\/1"}],"replies":[{"embeddable":true,"href":"https:\/\/nandi.info\/index.php?rest_route=%2Fwp%2Fv2%2Fcomments&post=21036"}],"version-history":[{"count":3,"href":"https:\/\/nandi.info\/index.php?rest_route=\/wp\/v2\/posts\/21036\/revisions"}],"predecessor-version":[{"id":21060,"href":"https:\/\/nandi.info\/index.php?rest_route=\/wp\/v2\/posts\/21036\/revisions\/21060"}],"wp:featuredmedia":[{"embeddable":true,"href":"https:\/\/nandi.info\/index.php?rest_route=\/wp\/v2\/media\/21037"}],"wp:attachment":[{"href":"https:\/\/nandi.info\/index.php?rest_route=%2Fwp%2Fv2%2Fmedia&parent=21036"}],"wp:term":[{"taxonomy":"category","embeddable":true,"href":"https:\/\/nandi.info\/index.php?rest_route=%2Fwp%2Fv2%2Fcategories&post=21036"},{"taxonomy":"post_tag","embeddable":true,"href":"https:\/\/nandi.info\/index.php?rest_route=%2Fwp%2Fv2%2Ftags&post=21036"}],"curies":[{"name":"wp","href":"https:\/\/api.w.org\/{rel}","templated":true}]}}