{"id":21016,"date":"2025-02-04T09:12:00","date_gmt":"2025-02-04T08:12:00","guid":{"rendered":"https:\/\/nandi.info\/?p=21016"},"modified":"2025-02-04T17:23:40","modified_gmt":"2025-02-04T16:23:40","slug":"le-ministre-delegue-charge-des-reformes-politiques-et-du-soutien-au-proces-electoral-leve-toute-equivoque-sur-la-non-tenue-des-elections-en-2025-un-autre-camouflet-a-la-classe-politique","status":"publish","type":"post","link":"https:\/\/nandi.info\/?p=21016","title":{"rendered":"Le ministre d\u00e9l\u00e9gu\u00e9 charge des r\u00e9formes politiques et du soutien au proc\u00e8s \u00e9lectoral l\u00e8ve toute \u00e9quivoque sur la non-tenue des \u00e9lections en 2025 : Un autre camouflet \u00e0 la classe politique ?"},"content":{"rendered":"\n<figure class=\"wp-block-image size-full\"><img fetchpriority=\"high\" decoding=\"async\" width=\"650\" height=\"488\" src=\"https:\/\/nandi.info\/wp-content\/uploads\/2025\/02\/ministre-delegue-des-reformes-.jpg\" alt=\"\" class=\"wp-image-21017\" srcset=\"https:\/\/nandi.info\/wp-content\/uploads\/2025\/02\/ministre-delegue-des-reformes-.jpg 650w, https:\/\/nandi.info\/wp-content\/uploads\/2025\/02\/ministre-delegue-des-reformes--300x225.jpg 300w, https:\/\/nandi.info\/wp-content\/uploads\/2025\/02\/ministre-delegue-des-reformes--585x439.jpg 585w\" sizes=\"(max-width: 650px) 100vw, 650px\" \/><\/figure>\n\n\n\n<p><strong><em>Face \u00e0 la presse le jeudi 30 janvier 2025, le ministre d\u00e9l\u00e9gu\u00e9 aupr\u00e8s du premier ministre charg\u00e9 des r\u00e9formes politiques et du soutien au processus \u00e9lectoral a lev\u00e9 toute \u00e9quivoque sur la non tenue des \u00e9lections cette ann\u00e9e. Mamani Nassir\u00e9&nbsp; avance comme arguments l\u2019absence d\u2019une loi \u00e9lectorale et du fichier actualis\u00e9, par cons\u00e9quent il serait difficile voire impossible de parler d\u2019\u00e9lections sans ces conditions pr\u00e9alables pour une bonne organisation d\u2019\u00e9lections cr\u00e9dibles transparentes et dont les r\u00e9sultats seront accept\u00e9s par tous les acteurs, a laiss\u00e9 entendre le ministre d\u00e9l\u00e9gu\u00e9 en charg\u00e9 du processus \u00e9lectoral. Par cette sortie du ministre d\u00e9l\u00e9gu\u00e9 aupr\u00e8s du premier ministre charg\u00e9 du processus \u00e9lectoral, le gouvernement vient&nbsp;&nbsp; d\u2019infliger une gifle \u00e0 la classe politique et \u00e0 tous les citoyens \u00e9pris de d\u00e9mocratie. Une d\u00e9cision aussi importante qui engage l\u2019avenir de toute une nation ne devrait-elle pas faire l\u2019objet d\u2019une large&nbsp; concertation de toutes les forces vives de la nation pour la marquer du sceau d\u2019un consensus&nbsp;? Les arguments avanc\u00e9s sont-ils suffisants voire convaincants pour ne pas tenir les \u00e9lections&nbsp;? Cette d\u00e9cision n\u2019est-elle pas un camouflet pour la classe politique&nbsp;?<\/em><\/strong><\/p>\n\n\n\n<p>C\u2019est apr\u00e8s des d\u00e9bats houleux et de tr\u00e8s nombreux\u00a0 amendements que le Conseil National de transition a vot\u00e9 \u00e0 une majorit\u00e9 \u00e9crasante la loi \u00e9lectorale en 2022 et c\u2019est sur la base de cette m\u00eame loi que l\u2019\u00e9lection r\u00e9f\u00e9rendaire a \u00e9t\u00e9 organis\u00e9e par gouvernement sans aucun probl\u00e8me . Comment apr\u00e8s cela\u00a0 le gouvernement peut-il avoir la maladresse d\u2019affirmer qu\u2019il n y a ni loi \u00e9lectorale encore moins de\u00a0 fichier \u00e9lectoral\u00a0? Il aurait pu dire que ces instruments ne sont pas actualis\u00e9s eu \u00e9gard au nouveau d\u00e9coupage administratif et au fichier \u00e9\u00e9lectoral auquel il manque les nouveaux majeurs qui ont l\u2019\u00e2ge de voter. Ces arguments auraient suffi pour un l\u00e9ger report, en tout cas si les autorit\u00e9s \u00e9taient anim\u00e9es par la volont\u00e9 d\u2019aller aux \u00e9lections. Tout porte \u00e0 croire que la sortie du ministre d\u00e9l\u00e9gu\u00e9 en charge du processus \u00e9lectoral est en pr\u00e9lude \u00e0 une grande annonce du Premier ministre, ministre de l\u2019administration territoriale et de la d\u00e9centralisation, relative \u00e0 un au\u00a0\u00a0 report \u00e0 une date ult\u00e9rieure des \u00e9lections. Les autorit\u00e9s semblent \u00eatre dans du dilatoire pour endormir la conscience de l\u2019opinion et rel\u00e9guer la tenue des \u00e9lections au second plan.<\/p>\n\n\n\n<p><strong><em>Une d\u00e9cision aussi importante qui engage l\u2019avenir de toute une nation ne devrait-elle pas faire l\u2019objet d\u2019une large&nbsp; concertation de toutes les forces vives de la nation pour la marquer du sceau d\u2019un consensus&nbsp;?<\/em><\/strong><\/p>\n\n\n\n<p>Ce ne serait ni plus ni moins qu\u2019un m\u00e9pris souverain vis-\u00e0-vis de la classe politique et m\u00eame de toutes les forces vives de la nation. Ce serait la \u00e9ni\u00e8me fois si le gouvernement venait \u00e0 acter le report et avec le m\u00eame mode op\u00e9ratoire \u00e0 savoir de fa\u00e7on unilat\u00e9rale et sans une large consultation des forces vives du pays. A-t-on besoin de rappeler que le pays est le seul bien commun qui appartient \u00e0 tous les fils et \u00e0 toutes les filles&nbsp;partageant la m\u00eame aire g\u00e9ographique ? Toute d\u00e9cision qui les engage doit faire l\u2019objet de consultation. Le report des \u00e9lections s\u2019il venait \u00e0 \u00eatre confirm\u00e9 dans les m\u00eames conditions que les pr\u00e9c\u00e9dents, serait une d\u00e9cision maladroite de trop, car elle prolongerait non seulement&nbsp; la transition qui a entam\u00e9 sa cinqui\u00e8me ann\u00e9e, mais aussi la souffrance du peuple qui broie du noir depuis belle lurette. Avec ce report ne doit-on pas craindre une lev\u00e9e des boucliers de la part de la classe politique qui a donn\u00e9 le ton dans une d\u00e9claration toute en fixant un d\u00e9lai de trois mois au gouvernement pour qu\u2019il \u00e9tablisse un chronogramme d\u00e9taill\u00e9 pour une fin de la transition. Comme pour dire qu\u2019il y a des gros nuages qui s\u2019amoncellent et qui annoncent des pluies torrentielles. Il revient au gouvernement d\u2019anticiper pour minimiser les d\u00e9g\u00e2ts en associant les forces vives \u00e0 toutes les d\u00e9cisions concernant la vie de la nation.<\/p>\n\n\n\n<p><strong><em>Les arguments avanc\u00e9s sont-ils suffisants voire convaincants pour ne pas tenir les \u00e9lections&nbsp;?<\/em><\/strong><\/p>\n\n\n\n<p>Les arguments avanc\u00e9s sont loin d\u2019\u00eatre suffisants pour reporter les \u00e9lections. Ils sont relatifs au manque de loi \u00e9lectorale et de fichier de m\u00eame nature. Un seul argument suffit pour balayer d\u2019un revers de main cette raison, \u00e0 savoir la tenue du r\u00e9f\u00e9rendum pour l\u2019adoption d\u2019une nouvelle constitution. Pour rappel la loi \u00e9lectorale qui a servi de support juridique pour la tenue de ce referendum a fait l\u2019objet de beaucoup d\u2019amendements par les conseillers du CNT avant d\u2019\u00eatre adopt\u00e9e \u00e0 une majorit\u00e9 \u00e9crasante. Cette loi a juste besoin d\u2019\u00eatre actualis\u00e9e pour la rendre conforme au nouveau d\u00e9coupage administratif et politique. D\u2019ailleurs les formations politiques ont \u00e9t\u00e9 mises \u00e0 contribution pour des amendements et des am\u00e9liorations. Un trimestre suffit largement pour la peaufiner et la soumettre au CNT. Quant au fichier, les nouveaux majeurs qui le d\u00e9sirent peuvent s\u2019inscrire et un seul mois suffit largement pour faire ce travail. Bref les deux arguments que le ministre d\u00e9l\u00e9gu\u00e9 en charge du processus \u00e9lectoral a avanc\u00e9 ne tiennent pas d\u00e9bout, il y a juste un manque de volont\u00e9 politique ou certainement que les autorit\u00e9s ont&nbsp; un agenda diff\u00e9rent de celui du peuple.<\/p>\n\n\n\n<p><strong><em>Cette d\u00e9cision n\u2019est-elle pas un camouflet pour la classe politique&nbsp;?<\/em><\/strong><\/p>\n\n\n\n<p>Tout porte \u00e0 le croire, car il suffit de mettre en parall\u00e8le la derni\u00e8re d\u00e9claration des partis politiques signataires de la d\u00e9claration du 31 mars 2024 et cette sortie du ministre d\u00e9l\u00e9gu\u00e9 en charge du processus \u00e9lectoral, on arriverait \u00e0 la conclusion que le foss\u00e9 s\u2019\u00e9largit entre classe politique et les autorit\u00e9s et&nbsp; qu\u2019\u00e0 ce rythme&nbsp; la bataille de kirina, pour caricaturer, serait&nbsp; in\u00e9vitable entre les deux parties cens\u00e9es travailler en parfaite symbiose. La classe politique qui est mont\u00e9e sur ses grands chevaux n\u2019entend pas subir et se faire raconter l\u2019histoire dont elle est cens\u00e9e \u00eatre partie prenante. Elle semble d\u00e9termin\u00e9e \u00e0 jouer le r\u00f4le qui est le sien dans la pr\u00e9servation des acquis d\u00e9mocratiques.<\/p>\n\n\n\n<p><strong>Youssouf Sissoko &nbsp;&nbsp;&nbsp;&nbsp;&nbsp;&nbsp;&nbsp;&nbsp;&nbsp;&nbsp;&nbsp;&nbsp;<\/strong><\/p>\n","protected":false},"excerpt":{"rendered":"<p>Face \u00e0 la presse le jeudi 30 janvier 2025, le ministre d\u00e9l\u00e9gu\u00e9 aupr\u00e8s du premier ministre charg\u00e9 des r\u00e9formes politiques et du soutien au processus \u00e9lectoral a lev\u00e9 toute \u00e9quivoque&hellip;<\/p>\n","protected":false},"author":1,"featured_media":21017,"comment_status":"open","ping_status":"open","sticky":false,"template":"","format":"standard","meta":{"content-type":"","_lmt_disableupdate":"","_lmt_disable":"","_jetpack_memberships_contains_paid_content":false,"footnotes":"","jetpack_publicize_message":"","jetpack_publicize_feature_enabled":true,"jetpack_social_post_already_shared":true,"jetpack_social_options":{"image_generator_settings":{"template":"highway","default_image_id":0,"font":"","enabled":false},"version":2}},"categories":[68,74,23],"tags":[],"class_list":["post-21016","post","type-post","status-publish","format-standard","has-post-thumbnail","hentry","category-lalternance","category-nation","category-politique"],"jetpack_publicize_connections":[],"featured_image_urls":{"full":["https:\/\/nandi.info\/wp-content\/uploads\/2025\/02\/ministre-delegue-des-reformes-.jpg",650,488,false],"thumbnail":["https:\/\/nandi.info\/wp-content\/uploads\/2025\/02\/ministre-delegue-des-reformes--150x150.jpg",150,150,true],"medium":["https:\/\/nandi.info\/wp-content\/uploads\/2025\/02\/ministre-delegue-des-reformes--300x225.jpg",300,225,true],"medium_large":["https:\/\/nandi.info\/wp-content\/uploads\/2025\/02\/ministre-delegue-des-reformes-.jpg",650,488,false],"large":["https:\/\/nandi.info\/wp-content\/uploads\/2025\/02\/ministre-delegue-des-reformes-.jpg",650,488,false],"1536x1536":["https:\/\/nandi.info\/wp-content\/uploads\/2025\/02\/ministre-delegue-des-reformes-.jpg",650,488,false],"2048x2048":["https:\/\/nandi.info\/wp-content\/uploads\/2025\/02\/ministre-delegue-des-reformes-.jpg",650,488,false],"penci-recipe-1200x1200":["https:\/\/nandi.info\/wp-content\/uploads\/2025\/02\/ministre-delegue-des-reformes-.jpg",650,488,false],"penci-recipe-1200x900":["https:\/\/nandi.info\/wp-content\/uploads\/2025\/02\/ministre-delegue-des-reformes-.jpg",650,488,false],"penci-recipe-1200x675":["https:\/\/nandi.info\/wp-content\/uploads\/2025\/02\/ministre-delegue-des-reformes-.jpg",650,488,false],"penci-single-full":["https:\/\/nandi.info\/wp-content\/uploads\/2025\/02\/ministre-delegue-des-reformes-.jpg",650,488,false],"penci-slider-full-thumb":["https:\/\/nandi.info\/wp-content\/uploads\/2025\/02\/ministre-delegue-des-reformes-.jpg",650,488,false],"penci-full-thumb":["https:\/\/nandi.info\/wp-content\/uploads\/2025\/02\/ministre-delegue-des-reformes-.jpg",650,488,false],"penci-slider-thumb":["https:\/\/nandi.info\/wp-content\/uploads\/2025\/02\/ministre-delegue-des-reformes-.jpg",650,488,false],"penci-magazine-slider":["https:\/\/nandi.info\/wp-content\/uploads\/2025\/02\/ministre-delegue-des-reformes-.jpg",650,488,false],"penci-thumb":["https:\/\/nandi.info\/wp-content\/uploads\/2025\/02\/ministre-delegue-des-reformes--585x390.jpg",585,390,true],"penci-masonry-thumb":["https:\/\/nandi.info\/wp-content\/uploads\/2025\/02\/ministre-delegue-des-reformes--585x439.jpg",585,439,true],"penci-thumb-square":["https:\/\/nandi.info\/wp-content\/uploads\/2025\/02\/ministre-delegue-des-reformes--585x488.jpg",585,488,true],"penci-thumb-vertical":["https:\/\/nandi.info\/wp-content\/uploads\/2025\/02\/ministre-delegue-des-reformes--480x488.jpg",480,488,true],"penci-thumb-small":["https:\/\/nandi.info\/wp-content\/uploads\/2025\/02\/ministre-delegue-des-reformes--263x175.jpg",263,175,true]},"author_info":{"display_name":"Nandi","author_link":"https:\/\/nandi.info\/?author=1"},"category_info":"<a href=\"https:\/\/nandi.info\/?cat=68\" rel=\"category\">L'alternance<\/a> <a href=\"https:\/\/nandi.info\/?cat=74\" rel=\"category\">Nation<\/a> <a href=\"https:\/\/nandi.info\/?cat=23\" rel=\"category\">Politique<\/a>","tag_info":"Politique","comment_count":"0","jetpack_featured_media_url":"https:\/\/nandi.info\/wp-content\/uploads\/2025\/02\/ministre-delegue-des-reformes-.jpg","jetpack_sharing_enabled":true,"_links":{"self":[{"href":"https:\/\/nandi.info\/index.php?rest_route=\/wp\/v2\/posts\/21016","targetHints":{"allow":["GET"]}}],"collection":[{"href":"https:\/\/nandi.info\/index.php?rest_route=\/wp\/v2\/posts"}],"about":[{"href":"https:\/\/nandi.info\/index.php?rest_route=\/wp\/v2\/types\/post"}],"author":[{"embeddable":true,"href":"https:\/\/nandi.info\/index.php?rest_route=\/wp\/v2\/users\/1"}],"replies":[{"embeddable":true,"href":"https:\/\/nandi.info\/index.php?rest_route=%2Fwp%2Fv2%2Fcomments&post=21016"}],"version-history":[{"count":2,"href":"https:\/\/nandi.info\/index.php?rest_route=\/wp\/v2\/posts\/21016\/revisions"}],"predecessor-version":[{"id":21021,"href":"https:\/\/nandi.info\/index.php?rest_route=\/wp\/v2\/posts\/21016\/revisions\/21021"}],"wp:featuredmedia":[{"embeddable":true,"href":"https:\/\/nandi.info\/index.php?rest_route=\/wp\/v2\/media\/21017"}],"wp:attachment":[{"href":"https:\/\/nandi.info\/index.php?rest_route=%2Fwp%2Fv2%2Fmedia&parent=21016"}],"wp:term":[{"taxonomy":"category","embeddable":true,"href":"https:\/\/nandi.info\/index.php?rest_route=%2Fwp%2Fv2%2Fcategories&post=21016"},{"taxonomy":"post_tag","embeddable":true,"href":"https:\/\/nandi.info\/index.php?rest_route=%2Fwp%2Fv2%2Ftags&post=21016"}],"curies":[{"name":"wp","href":"https:\/\/api.w.org\/{rel}","templated":true}]}}