{"id":21012,"date":"2025-02-04T12:16:45","date_gmt":"2025-02-04T11:16:45","guid":{"rendered":"https:\/\/nandi.info\/?p=21012"},"modified":"2025-02-04T15:45:22","modified_gmt":"2025-02-04T14:45:22","slug":"presentation-voeux-2025-bandiougou-dante-met-en-lumiere-la-lutte-contre-la-desinformation-un-defi-que-les-professionnels-de-linformation-sont-prets-a-relever","status":"publish","type":"post","link":"https:\/\/nandi.info\/?p=21012","title":{"rendered":"Pr\u00e9sentation V\u0153ux 2025 : Bandiougou Dant\u00e9 met en lumi\u00e8re la lutte contre la d\u00e9sinformation, un d\u00e9fi que les professionnels de l\u2019information sont pr\u00eats \u00e0 relever"},"content":{"rendered":"\n<figure class=\"wp-block-image size-large\"><img fetchpriority=\"high\" decoding=\"async\" width=\"1009\" height=\"1024\" src=\"https:\/\/nandi.info\/wp-content\/uploads\/2025\/02\/Dante-voeux-presse-1009x1024.jpg\" alt=\"\" class=\"wp-image-21014\" srcset=\"https:\/\/nandi.info\/wp-content\/uploads\/2025\/02\/Dante-voeux-presse-1009x1024.jpg 1009w, https:\/\/nandi.info\/wp-content\/uploads\/2025\/02\/Dante-voeux-presse-296x300.jpg 296w, https:\/\/nandi.info\/wp-content\/uploads\/2025\/02\/Dante-voeux-presse-768x779.jpg 768w, https:\/\/nandi.info\/wp-content\/uploads\/2025\/02\/Dante-voeux-presse-1170x1187.jpg 1170w, https:\/\/nandi.info\/wp-content\/uploads\/2025\/02\/Dante-voeux-presse-585x594.jpg 585w, https:\/\/nandi.info\/wp-content\/uploads\/2025\/02\/Dante-voeux-presse.jpg 1346w\" sizes=\"(max-width: 1009px) 100vw, 1009px\" \/><\/figure>\n\n\n\n<p><strong>Lors de la pr\u00e9sentation des v\u0153ux du nouvel an du Pr\u00e9sident de la Maison de la Presse au Pr\u00e9sident de la Transition, le 31 janvier 2025, Bandiougou Dant\u00e9 a abord\u00e9 plusieurs point cl\u00e9s dans son allocution. &nbsp;Au cours de cette c\u00e9r\u00e9monie dans son discours, <\/strong><strong>il a insist\u00e9 sur la n\u00e9cessit\u00e9 d&rsquo;apaiser la souffrance des familles endeuill\u00e9es tout en appelant les autorit\u00e9s \u00e0 continuer de pr\u00eater une attention particuli\u00e8re \u00e0 ces trag\u00e9dies&nbsp;; <\/strong><strong>et r\u00e9affirme-t-il qu\u2019au Mali, nous n\u2019avons pas de journalistes en prison, contrairement aux pays donneurs de le\u00e7ons ; auteurs et complices de campagnes de d\u00e9nigrement entre a<\/strong><strong>utre. Dant\u00e9 a pr\u00e9cis\u00e9 \u00e9galement que des \u00e9v\u00e9nements tragiques comme les enl\u00e8vements et assassinats de journalistes ne sont pas le fait de l&rsquo;\u00c9tat malien ou du gouvernement de transition. Il souligne aussi qu\u2019au pays, aucun journaliste n&rsquo;a \u00e9t\u00e9 emprisonn\u00e9 pour son travail, contrairement \u00e0 d&rsquo;autres pays. <\/strong><strong>Quant \u00e0 lui notre monde a franchi les fronti\u00e8res de la \u00ab cyber-plan\u00e8te \u00bb, <\/strong><strong>l&rsquo;importance de l&rsquo;information comme bien public essentiel dans le monde num\u00e9rique d&rsquo;aujourd&rsquo;hui.<\/strong><strong><\/strong><\/p>\n\n\n\n<figure class=\"wp-block-image size-large\"><img decoding=\"async\" width=\"1024\" height=\"683\" src=\"https:\/\/nandi.info\/wp-content\/uploads\/2025\/02\/voeux-presse-koulouba-1024x683.jpg\" alt=\"\" class=\"wp-image-21013\" srcset=\"https:\/\/nandi.info\/wp-content\/uploads\/2025\/02\/voeux-presse-koulouba-1024x683.jpg 1024w, https:\/\/nandi.info\/wp-content\/uploads\/2025\/02\/voeux-presse-koulouba-300x200.jpg 300w, https:\/\/nandi.info\/wp-content\/uploads\/2025\/02\/voeux-presse-koulouba-768x512.jpg 768w, https:\/\/nandi.info\/wp-content\/uploads\/2025\/02\/voeux-presse-koulouba-1536x1025.jpg 1536w, https:\/\/nandi.info\/wp-content\/uploads\/2025\/02\/voeux-presse-koulouba-1920x1281.jpg 1920w, https:\/\/nandi.info\/wp-content\/uploads\/2025\/02\/voeux-presse-koulouba-1170x780.jpg 1170w, https:\/\/nandi.info\/wp-content\/uploads\/2025\/02\/voeux-presse-koulouba-585x390.jpg 585w, https:\/\/nandi.info\/wp-content\/uploads\/2025\/02\/voeux-presse-koulouba-263x175.jpg 263w, https:\/\/nandi.info\/wp-content\/uploads\/2025\/02\/voeux-presse-koulouba.jpg 2048w\" sizes=\"(max-width: 1024px) 100vw, 1024px\" \/><\/figure>\n\n\n\n<h2 class=\"wp-block-heading has-text-align-center\"><strong>Allocution du Pr\u00e9sident de la Maison de la Presse au Pr\u00e9sident de la Transition<\/strong><\/h2>\n\n\n\n<p>\u2022 Excellence G\u00e9n\u00e9ral d\u2019Arm\u00e9e Assimi GOITA, Pr\u00e9sident de la Transition, Chef de l\u2019\u00c9tat ;<\/p>\n\n\n\n<p>\u2022 Monsieur le Premier ministre, ministre de l&rsquo;Administration territoriale et de la D\u00e9centralisation ;<\/p>\n\n\n\n<p>\u2022 Honorable Pr\u00e9sident du CNT<\/p>\n\n\n\n<p>\u2022 Mesdames et Messieurs les Ministres ; membres du gouvernement<\/p>\n\n\n\n<p>\u2022 Monsieur le Pr\u00e9sident de la Haute Autorit\u00e9 de la communication ;<\/p>\n\n\n\n<p>\u2022 Monsieur le Pr\u00e9sident du Comit\u00e9 national de l\u2019\u00c9gal acc\u00e8s aux m\u00e9dias d\u2019\u00c9tat<\/p>\n\n\n\n<p>\u2022 Messieurs les Directeurs g\u00e9n\u00e9raux de l\u2019AMAP et de l\u2019ORTM, chers a\u00een\u00e9s<\/p>\n\n\n\n<p>\u2022 Honorables invit\u00e9s ;<\/p>\n\n\n\n<p>Permettez-moi, tout d\u2019abord, une pieuse pens\u00e9e pour l\u2019illustre m\u00e9moire de tous nos concitoyens civils et militaires rappel\u00e9s \u00e0 Dieu au cours de l\u2019ann\u00e9e 2024.<\/p>\n\n\n\n<p>\u2022 Excellence G\u00e9n\u00e9ral d\u2019Arm\u00e9e Assimi GOITA, Pr\u00e9sident de la Transition, Chef de l\u2019\u00c9tat,<\/p>\n\n\n\n<p>\u2022 Distingu\u00e9s invit\u00e9s,<\/p>\n\n\n\n<p>\u2022 Mesdames et Messieurs,<\/p>\n\n\n\n<p>C\u2019est pour moi un honneur de prendre la parole ce jour, \u00e0 la faveur de la pr\u00e9sente c\u00e9r\u00e9monie de pr\u00e9sentation des v\u0153ux du Nouvel An. Une tradition que vous avez bien voulu perp\u00e9tuer.<\/p>\n\n\n\n<p>Je voudrais, en mon nom propre et celui de tous les professionnels de l\u2019information et de la communication formuler pour vous-m\u00eame, pour votre famille, pour vos collaborateurs et pour l\u2019ensemble des Maliens, des populations de l\u2019AES, des Africains nos v\u0153ux de sant\u00e9, de r\u00e9ussite, de prosp\u00e9rit\u00e9 et de bonheur pour l\u2019ann\u00e9e 2025.<\/p>\n\n\n\n<p>\u2022 Excellence G\u00e9n\u00e9ral d\u2019Arm\u00e9e Assimi GOITA, Pr\u00e9sident de la Transition, Chef de l\u2019\u00c9tat,<\/p>\n\n\n\n<p>\u2022 Distingu\u00e9s invit\u00e9s,<\/p>\n\n\n\n<p>Depuis ao\u00fbt 2020, notre pays est engag\u00e9 dans un processus de transition visant sa refondation.<\/p>\n\n\n\n<p>Durant l\u2019ann\u00e9e 2024, les reportages, commentaires, interviews, dossiers, documentaires\u2026 ont fait \u00e9tat des grands d\u00e9fis climatiques, s\u00e9curitaires, \u00e9conomiques, sociaux, \u00e9nerg\u00e9tiques\u2026 que notre pays devait relever.<\/p>\n\n\n\n<p>Excellence, Monsieur le Pr\u00e9sident de la transition, chef de l\u2019\u00c9tat,<\/p>\n\n\n\n<p>Monsieur le Premier ministre chef du gouvernement, tr\u00e8s estim\u00e9 jeune fr\u00e8re, Permettez-moi de dire ici sans ambigu\u00eft\u00e9 que des cas d\u2019enl\u00e8vement, d\u2019assassinat d\u2019hommes de m\u00e9dias que nous \u00e9voquions ne sont nullement l\u2019\u0153uvre de l\u2019\u00c9tat du Mali encore moins du gouvernement de transition qui jusqu\u2019ici, n\u2019a mis en prison aucun journaliste dans l\u2019exercice de sa profession.<\/p>\n\n\n\n<p>Notre objectif est d\u2019apaiser la douleur des familles endeuill\u00e9es, leur exprimer notre sympathie et notre solidarit\u00e9. C\u2019est aussi une mani\u00e8re pour nous d\u2019inviter les plus hautes autorit\u00e9s \u00e0 continuer \u00e0 accorder une attention particuli\u00e8re \u00e0 ces cas douloureux. Je r\u00e9p\u00e8te au Mali, nous n\u2019avons pas de journalistes en prison, contrairement aux pays donneurs de le\u00e7ons ; auteurs et complices de campagnes de d\u00e9nigrement et de d\u00e9sinformation contre notre pays. Nous n\u2019allons pas l\u2019accepter.<\/p>\n\n\n\n<p>En cette occasion, nos pens\u00e9es vont, encore une fois, \u00e0 notre confr\u00e8re Birama<\/p>\n\n\n\n<p>TOURE, port\u00e9 disparu depuis 9 ans dont le dossier judicaire peine \u00e0 conna\u00eetre son \u00e9pilogue.<\/p>\n\n\n\n<p>Nous n\u2019oublions pas toutes nos consoeurs, tous nos confr\u00e8res qui ont d\u00fb abandonner leur r\u00e9daction parce que ne se sentant plus en s\u00e9curit\u00e9.<\/p>\n\n\n\n<p>\u2022 Excellence G\u00e9n\u00e9ral d\u2019Arm\u00e9e Assimi GOITA, Pr\u00e9sident de la Transition, Chef de l\u2019\u00c9tat,<\/p>\n\n\n\n<p>\u2022 Distingu\u00e9s invit\u00e9s,<\/p>\n\n\n\n<p>\u2022 Mesdames et Messieurs,<\/p>\n\n\n\n<p>Notre monde a franchi les fronti\u00e8res de la \u00ab cyber-plan\u00e8te \u00bb o\u00f9 l\u2019information est le bien le plus pr\u00e9cieux pour les \u00ab cybers citoyens \u00bb que nous sommes. Aujourd\u2019hui, comme la sant\u00e9, l\u2019\u00e9ducation, la s\u00e9curit\u00e9, l\u2019information est un bien public.<\/p>\n\n\n\n<p>Les armes atomique, chimique, biologique, radioactive peuvent \u00eatre consid\u00e9r\u00e9es comme persuasives. Mais l\u2019arme de destruction massive s\u2019appelle, pour nous, la DESINFORMATION et nous professionnels de l\u2019information sommes bien outill\u00e9s pour la d\u00e9samorcer, ce qui concourt \u00e0 notre mission de service public.<\/p>\n\n\n\n<p>Les autorit\u00e9s nous offrent elles les moyens, tous les moyens de jouer notre partition ?<\/p>\n\n\n\n<p>La r\u00e9ponse, conform\u00e9ment \u00e0 notre v\u00e9cu professionnel quotidien est NON !<\/p>\n\n\n\n<p>NON ! Parce que nous sommes trait\u00e9s de \u00ab journalistes alimentaires \u00bb<\/p>\n\n\n\n<p>NON ! Parce que nos r\u00e9dactions sont maintenues \u00e0 dessein dans la disette et ne peuvent \u00eatre viables et nous payer un salaire d\u00e9cent.<\/p>\n\n\n\n<p>NON ! Parce que nous sommes sacrifi\u00e9s au profit de nouveaux acteurs non professionnels, ill\u00e9gaux et parfois dangereux.<\/p>\n\n\n\n<p>L\u2019aide \u00e0 la presse malienne qui a fait couler beaucoup de salives et d\u2019encre semble s\u2019\u00e9loigner de plus en plus.<\/p>\n\n\n\n<p>Cette aide qui est une disposition l\u00e9gale, constitue un appui financier symbolique permettant aux organes m\u00e9diatiques d\u2019assurer la formation continue de leurs agents, l\u2019achat d\u2019intrants, le d\u00e9placement pour la collecte professionnelle des informations, les frais de tirage et d\u2019\u00e9lectricit\u00e9 et occasionnellement le salaire minimum aux employ\u00e9s.<\/p>\n\n\n\n<p>3<\/p>\n\n\n\n<p>Parlons \u00e9galement de la subvention accord\u00e9e \u00e0 l\u2019Office de Radio et T\u00e9l\u00e9vision du Mali (ORTM) et \u00e0 l\u2019Agence Malienne de Presse et de Publicit\u00e9 (AMAP) qui n\u2019est qu\u2019une goutte d\u2019eau dans l\u2019oc\u00e9an des moyens pour l\u2019accomplissement des missions confi\u00e9es \u00e0 nos deux organes publics.<\/p>\n\n\n\n<p>Excellence G\u00e9n\u00e9ral d\u2019Arm\u00e9e Assimi GOITA, Pr\u00e9sident de la Transition, Chef de l\u2019\u00c9tat,<\/p>\n\n\n\n<p>Cette aide \u00e0 la presse a longtemps \u00e9t\u00e9 le sujet de pr\u00e9dilection d\u2019une campagne de communication, que dis-je, de diversion savamment orchestr\u00e9e par certains acteurs pour semer la division dans nos rangs.<\/p>\n\n\n\n<p>NON ! Parce que nous sommes r\u00e9gis par des textes dignes d\u2019une autre \u00e9poque. A cet effet ils m\u00e9ritent une mise \u00e0 jour.<\/p>\n\n\n\n<p>Nous sommes engag\u00e9s donc \u00e0 plus d\u2019efforts pour devenir de v\u00e9ritables entreprises, rigoureuses et ambitieuses anim\u00e9es par des journalistes de valeur, responsables et dignes.<\/p>\n\n\n\n<p>La relecture des textes va permettre une mise en coh\u00e9rence de la pratique du m\u00e9tier avec ce qui a cours au niveau sous r\u00e9gional, africain et mondial. En le faisant, nous avons proc\u00e9d\u00e9 au \u00ab nettoyage des \u00e9curies d\u2019Augias \u00bb, oui extirper de nos rangs l\u2019ivraie, la gangr\u00e8ne, r\u00e9affirmer notre responsabilit\u00e9 sociale et notre engagement \u00e0 plus de professionnalisme\u2026<\/p>\n\n\n\n<p>NON ! Parce que depuis quatre ans, nous avons l\u2019impression de pr\u00eacher dans le d\u00e9sert \u00e0 cause du mur de silence qui se dresse en face de nous. Ce SILENCE, pour nous, v\u00e9hicule un message bien CLAIR.<\/p>\n\n\n\n<p>Sombre tableau pour des m\u00e9dias reconnus d\u2019utilit\u00e9 publique !<\/p>\n\n\n\n<p>Comme hier, aujourd\u2019hui, notre objectif est de susciter l\u2019\u00e9mergence d\u2019une presse plus professionnelle et responsable. Demain il en sera autant. Nous restons constants, advienne que pourra.<\/p>\n\n\n\n<p>Excellence G\u00e9n\u00e9ral d\u2019Arm\u00e9e Assimi GOITA, Pr\u00e9sident de la Transition, Chef de l\u2019\u00c9tat,<\/p>\n\n\n\n<p>\u2022 Distingu\u00e9s invit\u00e9s,<\/p>\n\n\n\n<p>Je voudrais, pour terminer, vous dire que nous sommes optimistes quant \u00e0 l\u2019avenir des m\u00e9dias au Mali. Nous attendons de l\u2019\u00c9tat un appui \u00e0 contribuer \u00e0 la lutte contre la d\u00e9sinformation, la mal information et la sous-information.<\/p>\n\n\n\n<p>C\u2019est sur ces mots que je voudrais clore mes propos, en vous r\u00e9it\u00e9rant, \u00e0 vous, \u00e0 votre famille et \u00e0 toute la Nation malienne nos v\u0153ux les meilleurs pour l\u2019ann\u00e9e 2025.<\/p>\n\n\n\n<p>Unissons nos pri\u00e8res pour un Mali de paix, d\u2019entente et de coh\u00e9sion ! Bonne et heureuse ann\u00e9e \u00e0 toutes et \u00e0 tous !<\/p>\n\n\n\n<p>Je vous remercie.<\/p>\n\n\n\n<p><strong>Bamako, le 31 janvier 2025<\/strong><\/p>\n\n\n\n<p><strong>Bandiougou DANTE Chevalier de l\u2019Ordre national<\/strong><strong><\/strong><\/p>\n\n\n\n<p><strong>Samba L Ciss\u00e9<\/strong><\/p>\n","protected":false},"excerpt":{"rendered":"<p>Lors de la pr\u00e9sentation des v\u0153ux du nouvel an du Pr\u00e9sident de la Maison de la Presse au Pr\u00e9sident de la Transition, le 31 janvier 2025, Bandiougou Dant\u00e9 a abord\u00e9&hellip;<\/p>\n","protected":false},"author":1,"featured_media":21014,"comment_status":"open","ping_status":"open","sticky":false,"template":"","format":"standard","meta":{"content-type":"","_lmt_disableupdate":"","_lmt_disable":"","_jetpack_memberships_contains_paid_content":false,"footnotes":"","jetpack_publicize_message":"","jetpack_publicize_feature_enabled":true,"jetpack_social_post_already_shared":true,"jetpack_social_options":{"image_generator_settings":{"template":"highway","default_image_id":0,"font":"","enabled":false},"version":2}},"categories":[43,21],"tags":[],"class_list":["post-21012","post","type-post","status-publish","format-standard","has-post-thumbnail","hentry","category-nandi-info","category-societe"],"jetpack_publicize_connections":[],"featured_image_urls":{"full":["https:\/\/nandi.info\/wp-content\/uploads\/2025\/02\/Dante-voeux-presse.jpg",1346,1366,false],"thumbnail":["https:\/\/nandi.info\/wp-content\/uploads\/2025\/02\/Dante-voeux-presse-150x150.jpg",150,150,true],"medium":["https:\/\/nandi.info\/wp-content\/uploads\/2025\/02\/Dante-voeux-presse-296x300.jpg",296,300,true],"medium_large":["https:\/\/nandi.info\/wp-content\/uploads\/2025\/02\/Dante-voeux-presse-768x779.jpg",768,779,true],"large":["https:\/\/nandi.info\/wp-content\/uploads\/2025\/02\/Dante-voeux-presse-1009x1024.jpg",1009,1024,true],"1536x1536":["https:\/\/nandi.info\/wp-content\/uploads\/2025\/02\/Dante-voeux-presse.jpg",1346,1366,false],"2048x2048":["https:\/\/nandi.info\/wp-content\/uploads\/2025\/02\/Dante-voeux-presse.jpg",1346,1366,false],"penci-recipe-1200x1200":["https:\/\/nandi.info\/wp-content\/uploads\/2025\/02\/Dante-voeux-presse-1200x1200.jpg",1200,1200,true],"penci-recipe-1200x900":["https:\/\/nandi.info\/wp-content\/uploads\/2025\/02\/Dante-voeux-presse-1200x900.jpg",1200,900,true],"penci-recipe-1200x675":["https:\/\/nandi.info\/wp-content\/uploads\/2025\/02\/Dante-voeux-presse-1200x675.jpg",1200,675,true],"penci-single-full":["https:\/\/nandi.info\/wp-content\/uploads\/2025\/02\/Dante-voeux-presse.jpg",1346,1366,false],"penci-slider-full-thumb":["https:\/\/nandi.info\/wp-content\/uploads\/2025\/02\/Dante-voeux-presse-1346x800.jpg",1346,800,true],"penci-full-thumb":["https:\/\/nandi.info\/wp-content\/uploads\/2025\/02\/Dante-voeux-presse-1170x1187.jpg",1170,1187,true],"penci-slider-thumb":["https:\/\/nandi.info\/wp-content\/uploads\/2025\/02\/Dante-voeux-presse-1170x663.jpg",1170,663,true],"penci-magazine-slider":["https:\/\/nandi.info\/wp-content\/uploads\/2025\/02\/Dante-voeux-presse-780x516.jpg",780,516,true],"penci-thumb":["https:\/\/nandi.info\/wp-content\/uploads\/2025\/02\/Dante-voeux-presse-585x390.jpg",585,390,true],"penci-masonry-thumb":["https:\/\/nandi.info\/wp-content\/uploads\/2025\/02\/Dante-voeux-presse-585x594.jpg",585,594,true],"penci-thumb-square":["https:\/\/nandi.info\/wp-content\/uploads\/2025\/02\/Dante-voeux-presse-585x585.jpg",585,585,true],"penci-thumb-vertical":["https:\/\/nandi.info\/wp-content\/uploads\/2025\/02\/Dante-voeux-presse-480x650.jpg",480,650,true],"penci-thumb-small":["https:\/\/nandi.info\/wp-content\/uploads\/2025\/02\/Dante-voeux-presse-263x175.jpg",263,175,true]},"author_info":{"display_name":"Nandi","author_link":"https:\/\/nandi.info\/?author=1"},"category_info":"<a href=\"https:\/\/nandi.info\/?cat=43\" rel=\"category\">Nandi.info<\/a> <a href=\"https:\/\/nandi.info\/?cat=21\" rel=\"category\">Soci\u00e9t\u00e9<\/a>","tag_info":"Soci\u00e9t\u00e9","comment_count":"0","jetpack_featured_media_url":"https:\/\/nandi.info\/wp-content\/uploads\/2025\/02\/Dante-voeux-presse.jpg","jetpack_sharing_enabled":true,"_links":{"self":[{"href":"https:\/\/nandi.info\/index.php?rest_route=\/wp\/v2\/posts\/21012","targetHints":{"allow":["GET"]}}],"collection":[{"href":"https:\/\/nandi.info\/index.php?rest_route=\/wp\/v2\/posts"}],"about":[{"href":"https:\/\/nandi.info\/index.php?rest_route=\/wp\/v2\/types\/post"}],"author":[{"embeddable":true,"href":"https:\/\/nandi.info\/index.php?rest_route=\/wp\/v2\/users\/1"}],"replies":[{"embeddable":true,"href":"https:\/\/nandi.info\/index.php?rest_route=%2Fwp%2Fv2%2Fcomments&post=21012"}],"version-history":[{"count":1,"href":"https:\/\/nandi.info\/index.php?rest_route=\/wp\/v2\/posts\/21012\/revisions"}],"predecessor-version":[{"id":21015,"href":"https:\/\/nandi.info\/index.php?rest_route=\/wp\/v2\/posts\/21012\/revisions\/21015"}],"wp:featuredmedia":[{"embeddable":true,"href":"https:\/\/nandi.info\/index.php?rest_route=\/wp\/v2\/media\/21014"}],"wp:attachment":[{"href":"https:\/\/nandi.info\/index.php?rest_route=%2Fwp%2Fv2%2Fmedia&parent=21012"}],"wp:term":[{"taxonomy":"category","embeddable":true,"href":"https:\/\/nandi.info\/index.php?rest_route=%2Fwp%2Fv2%2Fcategories&post=21012"},{"taxonomy":"post_tag","embeddable":true,"href":"https:\/\/nandi.info\/index.php?rest_route=%2Fwp%2Fv2%2Ftags&post=21012"}],"curies":[{"name":"wp","href":"https:\/\/api.w.org\/{rel}","templated":true}]}}