{"id":21005,"date":"2025-02-03T01:18:25","date_gmt":"2025-02-03T00:18:25","guid":{"rendered":"https:\/\/nandi.info\/?p=21005"},"modified":"2025-02-03T01:20:43","modified_gmt":"2025-02-03T00:20:43","slug":"mali-linps-et-luniversite-kurukanfuga-sassocient-pour-former-les-futurs-specialistes-de-la-securite-sociale","status":"publish","type":"post","link":"https:\/\/nandi.info\/?p=21005","title":{"rendered":"Mali : L&rsquo;INPS et l&rsquo;Universit\u00e9 Kurukanfuga s\u2019associent pour former les futurs sp\u00e9cialistes de la s\u00e9curit\u00e9 sociale"},"content":{"rendered":"\n<h2 class=\"wp-block-heading has-text-align-center\">D&rsquo;apr\u00e8s Ousmane Karim Coulibaly, Directeur G\u00e9n\u00e9ral de l&rsquo;INPS, investir dans la formation, c&rsquo;est investir dans l&rsquo;avenir<\/h2>\n\n\n\n<figure class=\"wp-block-image size-large\"><img fetchpriority=\"high\" decoding=\"async\" width=\"1024\" height=\"504\" src=\"https:\/\/nandi.info\/wp-content\/uploads\/2025\/02\/INPS-RECTEUR1-1024x504.jpg\" alt=\"\" class=\"wp-image-21010\" srcset=\"https:\/\/nandi.info\/wp-content\/uploads\/2025\/02\/INPS-RECTEUR1-1024x504.jpg 1024w, https:\/\/nandi.info\/wp-content\/uploads\/2025\/02\/INPS-RECTEUR1-300x148.jpg 300w, https:\/\/nandi.info\/wp-content\/uploads\/2025\/02\/INPS-RECTEUR1-768x378.jpg 768w, https:\/\/nandi.info\/wp-content\/uploads\/2025\/02\/INPS-RECTEUR1-1170x576.jpg 1170w, https:\/\/nandi.info\/wp-content\/uploads\/2025\/02\/INPS-RECTEUR1-585x288.jpg 585w, https:\/\/nandi.info\/wp-content\/uploads\/2025\/02\/INPS-RECTEUR1.jpg 1280w\" sizes=\"(max-width: 1024px) 100vw, 1024px\" \/><\/figure>\n\n\n\n<p><strong>L\u2019Institut National de Pr\u00e9voyance Sociale (INPS) et l\u2019Universit\u00e9 Kurukanfuga de Bamako (UKB) ont sign\u00e9, ce jeudi 30 janvier 2025, une convention-cadre de partenariat qui a donn\u00e9 naissance \u00e0 l\u2019Institut de Formation Professionnelle aux M\u00e9tiers de la S\u00e9curit\u00e9 Sociale (IFP-M2S). Cette initiative vise \u00e0 offrir des formations dipl\u00f4mantes dans ce secteur cl\u00e9.<\/strong><\/p>\n\n\n\n<p class=\"has-drop-cap\">La c\u00e9r\u00e9monie a r\u00e9uni plusieurs personnalit\u00e9s de marque, dont le Directeur G\u00e9n\u00e9ral de l\u2019INPS, Ousmane Karim Coulibaly, le Recteur par int\u00e9rim de l\u2019UKB, Pr Paul Traor\u00e9, et Modibo Diarrah, Pr\u00e9sident de la Commission de r\u00e9flexion sur l\u2019op\u00e9rationnalisation de l\u2019IFP-M2S.<\/p>\n\n\n\n<p>Ce partenariat d\u00e9coule d\u2019un constat simple mais pr\u00e9occupant : le manque d\u2019offres de formation dipl\u00f4mante en s\u00e9curit\u00e9 sociale au Mali. Jusqu\u2019\u00e0 pr\u00e9sent, les agents de l\u2019INPS \u00e9taient form\u00e9s \u00e0 l\u2019\u00e9tranger, notamment en C\u00f4te d\u2019Ivoire et au Cameroun, ce qui repr\u00e9sentait un co\u00fbt consid\u00e9rable pour l\u2019institution.<\/p>\n\n\n\n<p>Dans cette optique, depuis 2022, l\u2019INPS a engag\u00e9 une collaboration avec le monde universitaire pour offrir \u00e0 ses agents des formations adapt\u00e9es aux r\u00e9alit\u00e9s professionnelles. Une premi\u00e8re convention sign\u00e9e avec l\u2019ex-Universit\u00e9 des Sciences Juridiques et Politiques de Bamako avait permis \u00e0 une douzaine de cadres de l\u2019INPS d\u2019int\u00e9grer divers masters sp\u00e9cialis\u00e9s. Le succ\u00e8s de cette premi\u00e8re convention a ouvert la voie \u00e0 la cr\u00e9ation de l\u2019IFP-M2S, d\u00e9sormais accessible \u00e0 tous les Maliens.<\/p>\n\n\n\n<p>D\u00e8s f\u00e9vrier 2025, l\u2019IFP-M2S ouvrira ses portes avec quatre programmes de formation :<\/p>\n\n\n\n<p>&#8211; Master en droit du travail et protection sociale<\/p>\n\n\n\n<p>&#8211; Master en gouvernance financi\u00e8re de la protection sociale<\/p>\n\n\n\n<p>&#8211; Licence en droit du travail et protection sociale<\/p>\n\n\n\n<p>&#8211; Licence en gouvernance financi\u00e8re de la protection sociale<\/p>\n\n\n\n<p>Ces formations, con\u00e7ues pour r\u00e9pondre aux exigences du march\u00e9, permettront aux \u00e9tudiants d\u2019acqu\u00e9rir une expertise solide et op\u00e9rationnelle dans un domaine o\u00f9 les comp\u00e9tences qualifi\u00e9es sont rares mais cruciales.<\/p>\n\n\n\n<p>La cr\u00e9ation de l\u2019IFP-M2S est le fruit d\u2019un processus r\u00e9fl\u00e9chi et structur\u00e9, valid\u00e9 par une \u00e9tude de faisabilit\u00e9 en 2023. Le projet a ensuite \u00e9t\u00e9 approuv\u00e9 par le Comit\u00e9 \u00e9largi de gestion de l\u2019INPS en 2024 avant d\u2019\u00eatre officiellement adopt\u00e9 par son Conseil d\u2019Administration en janvier 2025.<\/p>\n\n\n\n<figure class=\"wp-block-image size-large\"><img decoding=\"async\" width=\"1024\" height=\"683\" src=\"https:\/\/nandi.info\/wp-content\/uploads\/2025\/02\/INPS-RECTEUR-1024x683.jpg\" alt=\"\" class=\"wp-image-21008\" srcset=\"https:\/\/nandi.info\/wp-content\/uploads\/2025\/02\/INPS-RECTEUR-1024x683.jpg 1024w, https:\/\/nandi.info\/wp-content\/uploads\/2025\/02\/INPS-RECTEUR-300x200.jpg 300w, https:\/\/nandi.info\/wp-content\/uploads\/2025\/02\/INPS-RECTEUR-768x512.jpg 768w, https:\/\/nandi.info\/wp-content\/uploads\/2025\/02\/INPS-RECTEUR-1170x781.jpg 1170w, https:\/\/nandi.info\/wp-content\/uploads\/2025\/02\/INPS-RECTEUR-585x390.jpg 585w, https:\/\/nandi.info\/wp-content\/uploads\/2025\/02\/INPS-RECTEUR-263x175.jpg 263w, https:\/\/nandi.info\/wp-content\/uploads\/2025\/02\/INPS-RECTEUR.jpg 1280w\" sizes=\"(max-width: 1024px) 100vw, 1024px\" \/><\/figure>\n\n\n\n<p>Lors de son allocution, le Directeur G\u00e9n\u00e9ral de l\u2019INPS, Ousmane Karim Coulibaly, a exprim\u00e9 sa gratitude envers toutes les parties prenantes, notamment le Ministre de l\u2019Enseignement Sup\u00e9rieur et de la Recherche Scientifique, Bour\u00e9ma Kansaye, dont l\u2019implication a \u00e9t\u00e9 d\u00e9terminante dans l\u2019\u00e9tablissement de ce partenariat. Il a \u00e9galement salu\u00e9 l\u2019engagement du Recteur par int\u00e9rim de l\u2019UKB, Pr Paul Traor\u00e9, qui a jou\u00e9 un r\u00f4le cl\u00e9 dans l\u2019avancement du projet.<\/p>\n\n\n\n<p>\u00ab Investir dans la formation, c\u2019est investir dans l\u2019avenir \u00bb, a soulign\u00e9 M. Coulibaly dans son discours, insistant sur la n\u00e9cessit\u00e9 de b\u00e2tir des comp\u00e9tences locales pour assurer une gestion efficace et p\u00e9renne de la protection sociale au Mali.<\/p>\n\n\n\n<p>Ce partenariat inaugure une nouvelle \u00e8re pour la formation en s\u00e9curit\u00e9 sociale au Mali et refl\u00e8te l\u2019ambition conjointe de l\u2019INPS et de l\u2019UKB d\u2019adapter l\u2019\u00e9ducation aux d\u00e9fis du monde du travail.<\/p>\n\n\n\n<p>Le Recteur par int\u00e9rim de l\u2019UKB, Pr Paul Traor\u00e9, a \u00e9galement \u00e9t\u00e9 salu\u00e9 pour son implication personnelle dans la concr\u00e9tisation de ce projet. \u00ab Votre nom est d\u00e9sormais associ\u00e9 \u00e0 cette grande aventure \u00e9ducative et sociale \u00bb, a affirm\u00e9 M. Coulibaly.<\/p>\n\n\n\n<p>D\u00e8s f\u00e9vrier 2025, les premiers \u00e9tudiants fouleront le seuil de cette institution pionni\u00e8re. Avec eux s&rsquo;ouvre une nouvelle \u00e8re pour la formation en s\u00e9curit\u00e9 sociale au Mali, porteuse d&rsquo;espoir et de perspectives prometteuses.<\/p>\n\n\n\n<p><strong>Adama DIARRA,<\/strong><\/p>\n\n\n\n<p><strong>Service des Relations Publiques, INPS<\/strong><\/p>\n","protected":false},"excerpt":{"rendered":"<p>D&rsquo;apr\u00e8s Ousmane Karim Coulibaly, Directeur G\u00e9n\u00e9ral de l&rsquo;INPS, investir dans la formation, c&rsquo;est investir dans l&rsquo;avenir L\u2019Institut National de Pr\u00e9voyance Sociale (INPS) et l\u2019Universit\u00e9 Kurukanfuga de Bamako (UKB) ont sign\u00e9,&hellip;<\/p>\n","protected":false},"author":1,"featured_media":21006,"comment_status":"open","ping_status":"open","sticky":false,"template":"","format":"standard","meta":{"content-type":"","_lmt_disableupdate":"","_lmt_disable":"","_jetpack_memberships_contains_paid_content":false,"footnotes":"","jetpack_publicize_message":"","jetpack_publicize_feature_enabled":true,"jetpack_social_post_already_shared":true,"jetpack_social_options":{"image_generator_settings":{"template":"highway","default_image_id":0,"font":"","enabled":false},"version":2}},"categories":[43,21],"tags":[],"class_list":["post-21005","post","type-post","status-publish","format-standard","has-post-thumbnail","hentry","category-nandi-info","category-societe"],"jetpack_publicize_connections":[],"featured_image_urls":{"full":["https:\/\/nandi.info\/wp-content\/uploads\/2025\/02\/RECTEUR-INPS.jpg",1280,752,false],"thumbnail":["https:\/\/nandi.info\/wp-content\/uploads\/2025\/02\/RECTEUR-INPS-150x150.jpg",150,150,true],"medium":["https:\/\/nandi.info\/wp-content\/uploads\/2025\/02\/RECTEUR-INPS-300x176.jpg",300,176,true],"medium_large":["https:\/\/nandi.info\/wp-content\/uploads\/2025\/02\/RECTEUR-INPS-768x451.jpg",768,451,true],"large":["https:\/\/nandi.info\/wp-content\/uploads\/2025\/02\/RECTEUR-INPS-1024x602.jpg",1024,602,true],"1536x1536":["https:\/\/nandi.info\/wp-content\/uploads\/2025\/02\/RECTEUR-INPS.jpg",1280,752,false],"2048x2048":["https:\/\/nandi.info\/wp-content\/uploads\/2025\/02\/RECTEUR-INPS.jpg",1280,752,false],"penci-recipe-1200x1200":["https:\/\/nandi.info\/wp-content\/uploads\/2025\/02\/RECTEUR-INPS-1200x752.jpg",1200,752,true],"penci-recipe-1200x900":["https:\/\/nandi.info\/wp-content\/uploads\/2025\/02\/RECTEUR-INPS-1200x752.jpg",1200,752,true],"penci-recipe-1200x675":["https:\/\/nandi.info\/wp-content\/uploads\/2025\/02\/RECTEUR-INPS-1200x675.jpg",1200,675,true],"penci-single-full":["https:\/\/nandi.info\/wp-content\/uploads\/2025\/02\/RECTEUR-INPS.jpg",1280,752,false],"penci-slider-full-thumb":["https:\/\/nandi.info\/wp-content\/uploads\/2025\/02\/RECTEUR-INPS.jpg",1280,752,false],"penci-full-thumb":["https:\/\/nandi.info\/wp-content\/uploads\/2025\/02\/RECTEUR-INPS-1170x687.jpg",1170,687,true],"penci-slider-thumb":["https:\/\/nandi.info\/wp-content\/uploads\/2025\/02\/RECTEUR-INPS-1170x663.jpg",1170,663,true],"penci-magazine-slider":["https:\/\/nandi.info\/wp-content\/uploads\/2025\/02\/RECTEUR-INPS-780x516.jpg",780,516,true],"penci-thumb":["https:\/\/nandi.info\/wp-content\/uploads\/2025\/02\/RECTEUR-INPS-585x390.jpg",585,390,true],"penci-masonry-thumb":["https:\/\/nandi.info\/wp-content\/uploads\/2025\/02\/RECTEUR-INPS-585x344.jpg",585,344,true],"penci-thumb-square":["https:\/\/nandi.info\/wp-content\/uploads\/2025\/02\/RECTEUR-INPS-585x585.jpg",585,585,true],"penci-thumb-vertical":["https:\/\/nandi.info\/wp-content\/uploads\/2025\/02\/RECTEUR-INPS-480x650.jpg",480,650,true],"penci-thumb-small":["https:\/\/nandi.info\/wp-content\/uploads\/2025\/02\/RECTEUR-INPS-263x175.jpg",263,175,true]},"author_info":{"display_name":"Nandi","author_link":"https:\/\/nandi.info\/?author=1"},"category_info":"<a href=\"https:\/\/nandi.info\/?cat=43\" rel=\"category\">Nandi.info<\/a> <a href=\"https:\/\/nandi.info\/?cat=21\" rel=\"category\">Soci\u00e9t\u00e9<\/a>","tag_info":"Soci\u00e9t\u00e9","comment_count":"0","jetpack_featured_media_url":"https:\/\/nandi.info\/wp-content\/uploads\/2025\/02\/RECTEUR-INPS.jpg","jetpack_sharing_enabled":true,"_links":{"self":[{"href":"https:\/\/nandi.info\/index.php?rest_route=\/wp\/v2\/posts\/21005","targetHints":{"allow":["GET"]}}],"collection":[{"href":"https:\/\/nandi.info\/index.php?rest_route=\/wp\/v2\/posts"}],"about":[{"href":"https:\/\/nandi.info\/index.php?rest_route=\/wp\/v2\/types\/post"}],"author":[{"embeddable":true,"href":"https:\/\/nandi.info\/index.php?rest_route=\/wp\/v2\/users\/1"}],"replies":[{"embeddable":true,"href":"https:\/\/nandi.info\/index.php?rest_route=%2Fwp%2Fv2%2Fcomments&post=21005"}],"version-history":[{"count":2,"href":"https:\/\/nandi.info\/index.php?rest_route=\/wp\/v2\/posts\/21005\/revisions"}],"predecessor-version":[{"id":21011,"href":"https:\/\/nandi.info\/index.php?rest_route=\/wp\/v2\/posts\/21005\/revisions\/21011"}],"wp:featuredmedia":[{"embeddable":true,"href":"https:\/\/nandi.info\/index.php?rest_route=\/wp\/v2\/media\/21006"}],"wp:attachment":[{"href":"https:\/\/nandi.info\/index.php?rest_route=%2Fwp%2Fv2%2Fmedia&parent=21005"}],"wp:term":[{"taxonomy":"category","embeddable":true,"href":"https:\/\/nandi.info\/index.php?rest_route=%2Fwp%2Fv2%2Fcategories&post=21005"},{"taxonomy":"post_tag","embeddable":true,"href":"https:\/\/nandi.info\/index.php?rest_route=%2Fwp%2Fv2%2Ftags&post=21005"}],"curies":[{"name":"wp","href":"https:\/\/api.w.org\/{rel}","templated":true}]}}