{"id":20981,"date":"2025-01-28T00:05:09","date_gmt":"2025-01-27T23:05:09","guid":{"rendered":"https:\/\/nandi.info\/?p=20981"},"modified":"2025-01-28T00:05:12","modified_gmt":"2025-01-27T23:05:12","slug":"tenue-des-elections-marquant-la-fin-de-la-transition-le-silence-parleur-des-autorites-au-cri-de-coeur-des-parties-signataires","status":"publish","type":"post","link":"https:\/\/nandi.info\/?p=20981","title":{"rendered":"Tenue des \u00e9lections marquant la fin de la Transition : Le silence-parleur des Autorit\u00e9s au cri de c\u0153ur des parties signataires"},"content":{"rendered":"\n<figure class=\"wp-block-image size-full\"><img fetchpriority=\"high\" decoding=\"async\" width=\"680\" height=\"453\" src=\"https:\/\/nandi.info\/wp-content\/uploads\/2024\/04\/partis-politiques.jpg\" alt=\"\" class=\"wp-image-17927\" srcset=\"https:\/\/nandi.info\/wp-content\/uploads\/2024\/04\/partis-politiques.jpg 680w, https:\/\/nandi.info\/wp-content\/uploads\/2024\/04\/partis-politiques-300x200.jpg 300w\" sizes=\"(max-width: 680px) 100vw, 680px\" \/><figcaption class=\"wp-element-caption\">@ Photo cr\u00e9dits DR<\/figcaption><\/figure>\n\n\n\n<p><\/p>\n\n\n\n<p><strong><em>Pour l\u2019organisation des \u00e9lections en cette nouvelle ann\u00e9e 2025, les Parties signataires qui r\u00e9unissent une dizaine de formations politiques ont \u00e9mis une d\u00e9claration relative au retour \u00e0 l\u2019ordre constitutionnel. En clair, elles engagent les Autorit\u00e9s de la Transition \u00e0 fixer un chronogramme d\u00e9taill\u00e9 et pr\u00e9cis pour les \u00e9lections avant la fin du premier trimestre 2025.<\/em><\/strong><\/p>\n\n\n\n<p class=\"has-drop-cap\">\u00ab&nbsp;Les Parties signataires ont suivi le discours \u00e0 la Nation du Chef de l\u2019Etat, le 31 d\u00e9cembre 2024. Elles notent avec un grand \u00e9tonnement, l\u2019absence dans ce discours, de toute r\u00e9f\u00e9rence \u00e0 l\u2019organisation des \u00e9lections et singuli\u00e8rement celle devant mettre fin \u00e0 la p\u00e9riode transitoire dans laquelle notre pays vit depuis bient\u00f4t 5 ans, soit autant qu\u2019un mandat \u00e9lectoral dans notre pays&nbsp;\u00bb, telle est introduite cette d\u00e9claration de ces Parties signataires du 22 janvier dernier. Qui sont compos\u00e9es des formations et mouvements politiques suivants : M5-RFP Mali Kura&nbsp;; ADEMA PASJ&nbsp;; YELEMA&nbsp;; PARENA&nbsp;; ADEMA Association&nbsp;; Alternative pour le Mali&nbsp;; PS YELEN KURA&nbsp;;&nbsp; ADRP&nbsp;; Mali Ko Y\u00e8r\u00e8 Ko&nbsp;; VNDA et CNDR.<\/p>\n\n\n\n<p>Dans cette note, elles ont rappel\u00e9 que la date du retour \u00e0 l\u2019ordre constitutionnel avait \u00e9t\u00e9 unilat\u00e9ralement fix\u00e9e par les Autorit\u00e9s, apr\u00e8s un premier report en 2022. Que ces m\u00eames Autorit\u00e9s, en septembre 2023, ont report\u00e9 de nouveau cette \u00e9ch\u00e9ance et ce, \u2018\u2019l\u00e9g\u00e8rement\u2019\u2019, sans toutefois en fixer une nouvelle. Bient\u00f4t 15 mois apr\u00e8s cette d\u00e9cision qui a surplomb\u00e9 la p\u00e9riode transitionnelle (fin mars 2024), que le peuple est d\u00e9lib\u00e9r\u00e9ment maintenu dans le flou.<\/p>\n\n\n\n<p>Les parties signataires ont affirm\u00e9 que bien qu\u2019ayant accueilli favorablement l\u2019inscription au Budget d\u2019Etat des ressources destin\u00e9es \u00e0 couvrir les \u00e9lections en 2025, elles demeurent pr\u00e9occup\u00e9es par cette incertitude et regrettent aussi, les r\u00e9formes engag\u00e9es de mani\u00e8res unilat\u00e9rale, non concert\u00e9e et sans aucun chronogramme. Ainsi, elles engagent les Autorit\u00e9s \u00e0 organiser dans les meilleurs d\u00e9lais un cadre de concertation entre le Gouvernement et la Classe politique pour d\u00e9battre la question du retour \u00e0 l\u2019ordre constitutionnel et convenir d\u2019une nouvelle architecture inclusive et consensuelle afin de fixer un chronogramme d\u00e9taill\u00e9 et pr\u00e9cis vers les \u00e9lections. Cela, avant la fin du premier trimestre 2025. Les parties signataires ont \u00e9galement engag\u00e9 le Gouvernement \u00e0 conduire de mani\u00e8re diligente et inclusive l\u2019ensemble des t\u00e2ches entrant dans le cadre du processus de retour \u00e0 l\u2019ordre constitutionnel normal et garantir le respect des libert\u00e9s d\u00e9mocratiques, de l\u2019Etat de droit, la lib\u00e9ration des prisonniers pour d\u00e9lit d\u2019opinion, le retour des exil\u00e9s politiques et de mettre fin aux arrestations arbitraires et aux dispositions forc\u00e9es.<\/p>\n\n\n\n<p>\u00ab&nbsp;Les parties signataires useront de tous les moyens l\u00e9gaux pour obtenir le retour \u00e0 l\u2019ordre constitutionnel normal, sans lequel il n\u2019existe aucune chance pour le Mali de sortir des crises multidimensionnelles qui l\u2019assaillent&nbsp;\u00bb ont-elles conclu. Quant aux Autorit\u00e9s jusqu\u2019\u00e0 la mise sous presse de cette d\u00e9claration, elles n\u2019ont pas r\u00e9agi sur le sujet. C\u2019est ce qu\u2019on appelle du silence-parleur.<\/p>\n\n\n\n<p><strong>Mariam Sissoko<\/strong><\/p>\n\n\n\n<p><\/p>\n","protected":false},"excerpt":{"rendered":"<p>Pour l\u2019organisation des \u00e9lections en cette nouvelle ann\u00e9e 2025, les Parties signataires qui r\u00e9unissent une dizaine de formations politiques ont \u00e9mis une d\u00e9claration relative au retour \u00e0 l\u2019ordre constitutionnel. En&hellip;<\/p>\n","protected":false},"author":1,"featured_media":17937,"comment_status":"open","ping_status":"open","sticky":false,"template":"","format":"standard","meta":{"content-type":"","_lmt_disableupdate":"","_lmt_disable":"","_jetpack_memberships_contains_paid_content":false,"footnotes":"","jetpack_publicize_message":"","jetpack_publicize_feature_enabled":true,"jetpack_social_post_already_shared":true,"jetpack_social_options":{"image_generator_settings":{"template":"highway","default_image_id":0,"font":"","enabled":false},"version":2}},"categories":[67,23],"tags":[],"class_list":["post-20981","post","type-post","status-publish","format-standard","has-post-thumbnail","hentry","category-le-sursaut","category-politique"],"jetpack_publicize_connections":[],"featured_image_urls":{"full":["https:\/\/nandi.info\/wp-content\/uploads\/2024\/04\/partis-politiques-1.jpg",680,306,false],"thumbnail":["https:\/\/nandi.info\/wp-content\/uploads\/2024\/04\/partis-politiques-1-150x150.jpg",150,150,true],"medium":["https:\/\/nandi.info\/wp-content\/uploads\/2024\/04\/partis-politiques-1-300x135.jpg",300,135,true],"medium_large":["https:\/\/nandi.info\/wp-content\/uploads\/2024\/04\/partis-politiques-1.jpg",680,306,false],"large":["https:\/\/nandi.info\/wp-content\/uploads\/2024\/04\/partis-politiques-1.jpg",680,306,false],"1536x1536":["https:\/\/nandi.info\/wp-content\/uploads\/2024\/04\/partis-politiques-1.jpg",680,306,false],"2048x2048":["https:\/\/nandi.info\/wp-content\/uploads\/2024\/04\/partis-politiques-1.jpg",680,306,false],"penci-recipe-1200x1200":["https:\/\/nandi.info\/wp-content\/uploads\/2024\/04\/partis-politiques-1.jpg",680,306,false],"penci-recipe-1200x900":["https:\/\/nandi.info\/wp-content\/uploads\/2024\/04\/partis-politiques-1.jpg",680,306,false],"penci-recipe-1200x675":["https:\/\/nandi.info\/wp-content\/uploads\/2024\/04\/partis-politiques-1.jpg",680,306,false],"penci-single-full":["https:\/\/nandi.info\/wp-content\/uploads\/2024\/04\/partis-politiques-1.jpg",680,306,false],"penci-slider-full-thumb":["https:\/\/nandi.info\/wp-content\/uploads\/2024\/04\/partis-politiques-1.jpg",680,306,false],"penci-full-thumb":["https:\/\/nandi.info\/wp-content\/uploads\/2024\/04\/partis-politiques-1.jpg",680,306,false],"penci-slider-thumb":["https:\/\/nandi.info\/wp-content\/uploads\/2024\/04\/partis-politiques-1.jpg",680,306,false],"penci-magazine-slider":["https:\/\/nandi.info\/wp-content\/uploads\/2024\/04\/partis-politiques-1.jpg",680,306,false],"penci-thumb":["https:\/\/nandi.info\/wp-content\/uploads\/2024\/04\/partis-politiques-1.jpg",585,263,false],"penci-masonry-thumb":["https:\/\/nandi.info\/wp-content\/uploads\/2024\/04\/partis-politiques-1.jpg",585,263,false],"penci-thumb-square":["https:\/\/nandi.info\/wp-content\/uploads\/2024\/04\/partis-politiques-1.jpg",585,263,false],"penci-thumb-vertical":["https:\/\/nandi.info\/wp-content\/uploads\/2024\/04\/partis-politiques-1.jpg",480,216,false],"penci-thumb-small":["https:\/\/nandi.info\/wp-content\/uploads\/2024\/04\/partis-politiques-1.jpg",263,118,false]},"author_info":{"display_name":"Nandi","author_link":"https:\/\/nandi.info\/?author=1"},"category_info":"<a href=\"https:\/\/nandi.info\/?cat=67\" rel=\"category\">Le Sursaut<\/a> <a href=\"https:\/\/nandi.info\/?cat=23\" rel=\"category\">Politique<\/a>","tag_info":"Politique","comment_count":"0","jetpack_featured_media_url":"https:\/\/nandi.info\/wp-content\/uploads\/2024\/04\/partis-politiques-1.jpg","jetpack_sharing_enabled":true,"_links":{"self":[{"href":"https:\/\/nandi.info\/index.php?rest_route=\/wp\/v2\/posts\/20981","targetHints":{"allow":["GET"]}}],"collection":[{"href":"https:\/\/nandi.info\/index.php?rest_route=\/wp\/v2\/posts"}],"about":[{"href":"https:\/\/nandi.info\/index.php?rest_route=\/wp\/v2\/types\/post"}],"author":[{"embeddable":true,"href":"https:\/\/nandi.info\/index.php?rest_route=\/wp\/v2\/users\/1"}],"replies":[{"embeddable":true,"href":"https:\/\/nandi.info\/index.php?rest_route=%2Fwp%2Fv2%2Fcomments&post=20981"}],"version-history":[{"count":1,"href":"https:\/\/nandi.info\/index.php?rest_route=\/wp\/v2\/posts\/20981\/revisions"}],"predecessor-version":[{"id":20982,"href":"https:\/\/nandi.info\/index.php?rest_route=\/wp\/v2\/posts\/20981\/revisions\/20982"}],"wp:featuredmedia":[{"embeddable":true,"href":"https:\/\/nandi.info\/index.php?rest_route=\/wp\/v2\/media\/17937"}],"wp:attachment":[{"href":"https:\/\/nandi.info\/index.php?rest_route=%2Fwp%2Fv2%2Fmedia&parent=20981"}],"wp:term":[{"taxonomy":"category","embeddable":true,"href":"https:\/\/nandi.info\/index.php?rest_route=%2Fwp%2Fv2%2Fcategories&post=20981"},{"taxonomy":"post_tag","embeddable":true,"href":"https:\/\/nandi.info\/index.php?rest_route=%2Fwp%2Fv2%2Ftags&post=20981"}],"curies":[{"name":"wp","href":"https:\/\/api.w.org\/{rel}","templated":true}]}}