{"id":20977,"date":"2025-01-27T23:57:25","date_gmt":"2025-01-27T22:57:25","guid":{"rendered":"https:\/\/nandi.info\/?p=20977"},"modified":"2025-01-27T23:57:29","modified_gmt":"2025-01-27T22:57:29","slug":"centrale-solaire-de-safo-encore-la-promesse-des-fleurs-mais-pas-les-fruits","status":"publish","type":"post","link":"https:\/\/nandi.info\/?p=20977","title":{"rendered":"Centrale solaire de Safo\u00a0: Encore la promesse des fleurs, mais pas les fruits"},"content":{"rendered":"\n<figure class=\"wp-block-image size-full\"><img fetchpriority=\"high\" decoding=\"async\" width=\"960\" height=\"440\" src=\"https:\/\/nandi.info\/wp-content\/uploads\/2025\/01\/energie-solaire-fana.webp\" alt=\"\" class=\"wp-image-20978\" srcset=\"https:\/\/nandi.info\/wp-content\/uploads\/2025\/01\/energie-solaire-fana.webp 960w, https:\/\/nandi.info\/wp-content\/uploads\/2025\/01\/energie-solaire-fana-300x138.webp 300w, https:\/\/nandi.info\/wp-content\/uploads\/2025\/01\/energie-solaire-fana-768x352.webp 768w, https:\/\/nandi.info\/wp-content\/uploads\/2025\/01\/energie-solaire-fana-585x268.webp 585w\" sizes=\"(max-width: 960px) 100vw, 960px\" \/><figcaption class=\"wp-element-caption\">Cr\u00e9dit Dr<\/figcaption><\/figure>\n\n\n\n<p><strong><em>Le jeudi 23 janvier 2025, le Ministre de l\u2019Energie et de l\u2019Eau, Boubacar Dian\u00e9, accompagn\u00e9 de son homologue de l\u2019Urbanisme et de l\u2019Habitat Imrane Abdoulaye Tour\u00e9, a fait une visite de terrain sur le site devant abriter la centrale solaire dans la Commune de Safo. C\u2019\u00e9tait pour venir constater l\u2019effectivit\u00e9 de la lib\u00e9ration de ce site devant recevoir les ouvrages de cette centrale solaire de Safo et de proc\u00e9der \u00e0 la r\u00e9ception du site. Pour ce qui est de la production des premiers m\u00e9gawatts d\u2019\u00e9lectricit\u00e9, on n\u2019a pas pip\u00e9 mot.<\/em><\/strong><\/p>\n\n\n\n<p>Tambour battant, il avait \u00e9t\u00e9 annonc\u00e9, lors de la pose de sa premi\u00e8re pierre au mois de mai dernier que la centrale solaire de Safo sera b\u00e2tie sur une superficie de 228 hectares. Lors de cette c\u00e9r\u00e9monie, il a \u00e9t\u00e9 aussi dit que les travaux pour la r\u00e9alisation de cette centrale solaire d\u2019une puissance de 50Mw\/50 m\u00e9gawatheures, devraient durer 15 mois. En somme que cette centrale solaire comme celle de Sanankoroba et d\u2019autres d\u2019ailleurs \u00e9tait initi\u00e9e par les autorit\u00e9s de la transition pour relever le d\u00e9fi de la crise \u00e9nerg\u00e9tique dont notre pays avec son \u00e9conomie souffre depuis maintenant des ann\u00e9es. On avait \u00e9galement affirm\u00e9 qu\u2019elle va permettre de faire muter la production d\u2019\u00e9lectricit\u00e9 du syst\u00e8me thermique au syst\u00e8me solaire. Tout cela a suscit\u00e9 un grand espoir chez les Maliens en vue de pouvoir vivre la p\u00e9riode de canicule avec une desserte cons\u00e9quente d\u2019\u00e9lectricit\u00e9. Surtout que la Ministre d\u2019alors en charge de l\u2019Energie et de l\u2019Eau avait confirm\u00e9 la mise \u00e0 disposition des premiers m\u00e9gawatts, quatre mois seulement apr\u00e8s ladite c\u00e9r\u00e9monie de pose de premi\u00e8re pierre.<\/p>\n\n\n\n<p>Mais malheureusement, au d\u00e9but de l\u2019ann\u00e9e juste apr\u00e8s 8 mois de la pose de la premi\u00e8re pierre, le peuple malien dans sa majorit\u00e9 a \u00e9t\u00e9 surpris d\u2019apprendre par le Chef de l\u2019Etat, le General Assimi Goita, que les travaux sur ce site de Safo n\u2019ont pas pu d\u00e9buter parce que le Maire de ladite commune aurait vendu des terrains sur ce site \u00e0 des particuliers. Les fruits n\u2019ont pas tenu la promesse des fleurs.<\/p>\n\n\n\n<p>Par la suite, des communicateurs de la Transition ont tent\u00e9 en vain de redresser la communication du Chef de l\u2019Etat, mais sans r\u00e9ussir \u00e0 laver le scepticisme qui rongeait le c\u0153ur des Maliens. La situation d\u2019espoir bris\u00e9 est demeur\u00e9e chez nos compatriotes m\u00eame apr\u00e8s la d\u00e9cision de dissolution du conseil communal de la localit\u00e9 concern\u00e9e par le Gouvernement. Tout ce qui restait \u00e0 faire par les autorit\u00e9s de la Transition \u00e9tait de poser un acte concret sur le site de Safo. C\u2019est ce qui semble \u00eatre le cas actuellement avec l\u2019ordre donn\u00e9 au G\u00e9nie militaire par les autorit\u00e9s de faire lib\u00e9rer le site occup\u00e9 pour la relance des travaux par la soci\u00e9t\u00e9 chinoise Sinohydro.<\/p>\n\n\n\n<p><strong>L\u2019effectivit\u00e9 de la lib\u00e9ration du site constat\u00e9e par les autorit\u00e9s<\/strong><\/p>\n\n\n\n<p>Selon le Ministre de l\u2019Energie et de l\u2019Eau, Boubacar Dian\u00e9, les travaux de d\u00e9frichement sur ce site qui doivent recevoir les panneaux de la centrale solaire de Safo sont un pr\u00e9alable pour la r\u00e9alisation de ce projet tant attendu par les autorit\u00e9s de la transition, en premier lieu le Chef de l\u2019Etat, le Colonel Assimi Goita, pour r\u00e9pondre \u00e0 la crise \u00e9nerg\u00e9tique dont souffrent les Maliens. A ses dires, ces travaux de d\u00e9frichement ont \u00e9t\u00e9 ex\u00e9cut\u00e9s par le G\u00e9nie miliaire. Et force est de constater, selon lui, qu\u2019ils ont \u00e9t\u00e9 faits avec professionnalisme et abn\u00e9gation. Apr\u00e8s avoir exprim\u00e9 sa satisfaction pour la bonne r\u00e9alisation des travaux de d\u00e9frichement sur le site, il a dit ceci :&nbsp;\u00ab Nous tenons beaucoup \u00e0 ce projet. J\u2019invite la soci\u00e9t\u00e9 Chinoise Sinohydro de r\u00e9aliser dans les plus brefs d\u00e9lais. Tout sera mis en \u0153uvre pour la bonne ex\u00e9cution des travaux&nbsp;\u00bb.<\/p>\n\n\n\n<p>Pour sa part, le Ministre de l\u2019Urbanisme et de l\u2019Habitat, Imrane Abdoulaye Tour\u00e9, d\u00e9clarera que depuis 2018 que ces travaux ont \u00e9t\u00e9 d\u00e9clar\u00e9s d\u2019utilit\u00e9 publique. Ce qui veut dire, selon lui, qu\u2019il ne devait plus rien avoir sur ce site. A cet effet, il dira que ce terrain n\u2019appartient qu\u2019\u00e0 l\u2019Etat. Et l\u2019Etat a tous les droits pour d\u00e9fricher ce terrain pour la r\u00e9alisation de ce site. \u00ab Ce projet est n\u00e9cessaire pour le d\u00e9veloppement de notre pays. Et c\u2019\u00e9tait important pour nous de venir constater que le site ait \u00e9t\u00e9 lib\u00e9r\u00e9 par des gens&nbsp;\u00bb, a-t-il soutenu.<\/p>\n\n\n\n<p>Autant cette action des deux membres du Gouvernement est salutaire, autant une question br\u00fble les l\u00e8vres&nbsp;: &nbsp;Quand-est-ce que les premiers m\u00e9gawatts de Safo seront produits au profit des consommateurs&nbsp;?<\/p>\n\n\n\n<p>Ce qui reste \u00e9vident, ce ne sera pas avant quatre mois.<\/p>\n\n\n\n<p><strong>Adama Tounkara<\/strong><\/p>\n","protected":false},"excerpt":{"rendered":"<p>Le jeudi 23 janvier 2025, le Ministre de l\u2019Energie et de l\u2019Eau, Boubacar Dian\u00e9, accompagn\u00e9 de son homologue de l\u2019Urbanisme et de l\u2019Habitat Imrane Abdoulaye Tour\u00e9, a fait une visite&hellip;<\/p>\n","protected":false},"author":1,"featured_media":20978,"comment_status":"open","ping_status":"open","sticky":false,"template":"","format":"standard","meta":{"content-type":"","_lmt_disableupdate":"","_lmt_disable":"","_jetpack_memberships_contains_paid_content":false,"footnotes":"","jetpack_publicize_message":"","jetpack_publicize_feature_enabled":true,"jetpack_social_post_already_shared":true,"jetpack_social_options":{"image_generator_settings":{"template":"highway","default_image_id":0,"font":"","enabled":false},"version":2}},"categories":[67,21],"tags":[],"class_list":["post-20977","post","type-post","status-publish","format-standard","has-post-thumbnail","hentry","category-le-sursaut","category-societe"],"jetpack_publicize_connections":[],"featured_image_urls":{"full":["https:\/\/nandi.info\/wp-content\/uploads\/2025\/01\/energie-solaire-fana.webp",960,440,false],"thumbnail":["https:\/\/nandi.info\/wp-content\/uploads\/2025\/01\/energie-solaire-fana-150x150.webp",150,150,true],"medium":["https:\/\/nandi.info\/wp-content\/uploads\/2025\/01\/energie-solaire-fana-300x138.webp",300,138,true],"medium_large":["https:\/\/nandi.info\/wp-content\/uploads\/2025\/01\/energie-solaire-fana-768x352.webp",768,352,true],"large":["https:\/\/nandi.info\/wp-content\/uploads\/2025\/01\/energie-solaire-fana.webp",960,440,false],"1536x1536":["https:\/\/nandi.info\/wp-content\/uploads\/2025\/01\/energie-solaire-fana.webp",960,440,false],"2048x2048":["https:\/\/nandi.info\/wp-content\/uploads\/2025\/01\/energie-solaire-fana.webp",960,440,false],"penci-recipe-1200x1200":["https:\/\/nandi.info\/wp-content\/uploads\/2025\/01\/energie-solaire-fana.webp",960,440,false],"penci-recipe-1200x900":["https:\/\/nandi.info\/wp-content\/uploads\/2025\/01\/energie-solaire-fana.webp",960,440,false],"penci-recipe-1200x675":["https:\/\/nandi.info\/wp-content\/uploads\/2025\/01\/energie-solaire-fana.webp",960,440,false],"penci-single-full":["https:\/\/nandi.info\/wp-content\/uploads\/2025\/01\/energie-solaire-fana.webp",960,440,false],"penci-slider-full-thumb":["https:\/\/nandi.info\/wp-content\/uploads\/2025\/01\/energie-solaire-fana.webp",960,440,false],"penci-full-thumb":["https:\/\/nandi.info\/wp-content\/uploads\/2025\/01\/energie-solaire-fana.webp",960,440,false],"penci-slider-thumb":["https:\/\/nandi.info\/wp-content\/uploads\/2025\/01\/energie-solaire-fana.webp",960,440,false],"penci-magazine-slider":["https:\/\/nandi.info\/wp-content\/uploads\/2025\/01\/energie-solaire-fana-780x440.webp",780,440,true],"penci-thumb":["https:\/\/nandi.info\/wp-content\/uploads\/2025\/01\/energie-solaire-fana-585x390.webp",585,390,true],"penci-masonry-thumb":["https:\/\/nandi.info\/wp-content\/uploads\/2025\/01\/energie-solaire-fana-585x268.webp",585,268,true],"penci-thumb-square":["https:\/\/nandi.info\/wp-content\/uploads\/2025\/01\/energie-solaire-fana-585x440.webp",585,440,true],"penci-thumb-vertical":["https:\/\/nandi.info\/wp-content\/uploads\/2025\/01\/energie-solaire-fana-480x440.webp",480,440,true],"penci-thumb-small":["https:\/\/nandi.info\/wp-content\/uploads\/2025\/01\/energie-solaire-fana-263x175.webp",263,175,true]},"author_info":{"display_name":"Nandi","author_link":"https:\/\/nandi.info\/?author=1"},"category_info":"<a href=\"https:\/\/nandi.info\/?cat=67\" rel=\"category\">Le Sursaut<\/a> <a href=\"https:\/\/nandi.info\/?cat=21\" rel=\"category\">Soci\u00e9t\u00e9<\/a>","tag_info":"Soci\u00e9t\u00e9","comment_count":"0","jetpack_featured_media_url":"https:\/\/nandi.info\/wp-content\/uploads\/2025\/01\/energie-solaire-fana.webp","jetpack_sharing_enabled":true,"_links":{"self":[{"href":"https:\/\/nandi.info\/index.php?rest_route=\/wp\/v2\/posts\/20977","targetHints":{"allow":["GET"]}}],"collection":[{"href":"https:\/\/nandi.info\/index.php?rest_route=\/wp\/v2\/posts"}],"about":[{"href":"https:\/\/nandi.info\/index.php?rest_route=\/wp\/v2\/types\/post"}],"author":[{"embeddable":true,"href":"https:\/\/nandi.info\/index.php?rest_route=\/wp\/v2\/users\/1"}],"replies":[{"embeddable":true,"href":"https:\/\/nandi.info\/index.php?rest_route=%2Fwp%2Fv2%2Fcomments&post=20977"}],"version-history":[{"count":1,"href":"https:\/\/nandi.info\/index.php?rest_route=\/wp\/v2\/posts\/20977\/revisions"}],"predecessor-version":[{"id":20979,"href":"https:\/\/nandi.info\/index.php?rest_route=\/wp\/v2\/posts\/20977\/revisions\/20979"}],"wp:featuredmedia":[{"embeddable":true,"href":"https:\/\/nandi.info\/index.php?rest_route=\/wp\/v2\/media\/20978"}],"wp:attachment":[{"href":"https:\/\/nandi.info\/index.php?rest_route=%2Fwp%2Fv2%2Fmedia&parent=20977"}],"wp:term":[{"taxonomy":"category","embeddable":true,"href":"https:\/\/nandi.info\/index.php?rest_route=%2Fwp%2Fv2%2Fcategories&post=20977"},{"taxonomy":"post_tag","embeddable":true,"href":"https:\/\/nandi.info\/index.php?rest_route=%2Fwp%2Fv2%2Ftags&post=20977"}],"curies":[{"name":"wp","href":"https:\/\/api.w.org\/{rel}","templated":true}]}}