{"id":20972,"date":"2025-01-27T00:08:49","date_gmt":"2025-01-26T23:08:49","guid":{"rendered":"https:\/\/nandi.info\/?p=20972"},"modified":"2025-01-27T00:08:52","modified_gmt":"2025-01-26T23:08:52","slug":"au-mali-13-des-enfants-ne-sont-pas-enregistres-a-la-naissance-selon-le-rapport-mondial-de-lunicef","status":"publish","type":"post","link":"https:\/\/nandi.info\/?p=20972","title":{"rendered":"Au Mali, 13 % des enfants ne sont pas enregistr\u00e9s \u00e0 la naissance, selon le rapport mondial de l&rsquo;UNICEF"},"content":{"rendered":"\n<h2 class=\"wp-block-heading has-text-align-center\"><strong>Cette situation expose des millions de filles et de gar\u00e7ons \u00e0 des risques de protection en raison de leur absence d&rsquo;identit\u00e9 juridique<\/strong><\/h2>\n\n\n\n<p class=\"has-text-align-center\"><\/p>\n\n\n\n<figure class=\"wp-block-image size-large\"><img fetchpriority=\"high\" decoding=\"async\" width=\"1024\" height=\"682\" src=\"https:\/\/nandi.info\/wp-content\/uploads\/2025\/01\/Le-Representant-de-lUNICEF-au-Mali-Mr.-Pierre-Ngom-1024x682.jpg\" alt=\"\" class=\"wp-image-20973\" srcset=\"https:\/\/nandi.info\/wp-content\/uploads\/2025\/01\/Le-Representant-de-lUNICEF-au-Mali-Mr.-Pierre-Ngom-1024x682.jpg 1024w, https:\/\/nandi.info\/wp-content\/uploads\/2025\/01\/Le-Representant-de-lUNICEF-au-Mali-Mr.-Pierre-Ngom-300x200.jpg 300w, https:\/\/nandi.info\/wp-content\/uploads\/2025\/01\/Le-Representant-de-lUNICEF-au-Mali-Mr.-Pierre-Ngom-768x512.jpg 768w, https:\/\/nandi.info\/wp-content\/uploads\/2025\/01\/Le-Representant-de-lUNICEF-au-Mali-Mr.-Pierre-Ngom-1170x780.jpg 1170w, https:\/\/nandi.info\/wp-content\/uploads\/2025\/01\/Le-Representant-de-lUNICEF-au-Mali-Mr.-Pierre-Ngom-585x390.jpg 585w, https:\/\/nandi.info\/wp-content\/uploads\/2025\/01\/Le-Representant-de-lUNICEF-au-Mali-Mr.-Pierre-Ngom-263x175.jpg 263w, https:\/\/nandi.info\/wp-content\/uploads\/2025\/01\/Le-Representant-de-lUNICEF-au-Mali-Mr.-Pierre-Ngom.jpg 1430w\" sizes=\"(max-width: 1024px) 100vw, 1024px\" \/><figcaption class=\"wp-element-caption\">Le Repr\u00e9sentant de l&rsquo;UNICEF au Mali, Mr. Pierre Ngom, tient dans ses bras Sidi Mohamed, un nourrisson de cinq mois lors d&rsquo;une r\u00e9cente visite au Centre de Sant\u00e9 Communautaire (CSCOM) de Bellafarandi, situ\u00e9 dans la r\u00e9gion de Tombouctou, au nord du Mali.<\/figcaption><\/figure>\n\n\n\n<p><strong>Ces derni\u00e8res ann\u00e9es, le Mali a r\u00e9alis\u00e9 des progr\u00e8s remarquables dans l&rsquo;am\u00e9lioration des taux d&rsquo;enregistrement des naissances, t\u00e9moignant de l&rsquo;engagement du pays \u00e0 garantir le droit de chaque enfant \u00e0 une identit\u00e9 l\u00e9gale, dans le cadre des syst\u00e8mes d&rsquo;enregistrement d\u2019\u00e9tat civil et de statistiques vitales. Bien que des d\u00e9fis subsistent, les avanc\u00e9es obtenues gr\u00e2ce \u00e0 des strat\u00e9gies innovantes et \u00e0 des efforts soutenus illustrent le leadership du Gouvernement ainsi que la d\u00e9termination des travailleurs de la sant\u00e9, de la protection de l\u2019enfance, et des acteurs communautaires. Cela suscite un optimisme pour l&rsquo;avenir.<\/strong><\/p>\n\n\n\n<p class=\"has-drop-cap\">Comme l&rsquo;indique une nouvelle publication de l&rsquo;UNICEF, intitul\u00e9e \u00ab Un bon d\u00e9part dans la vie \u00bb, le taux d&rsquo;enregistrement des naissances \u00e0 l&rsquo;\u00e9chelle mondiale a augment\u00e9 de 75 % \u00e0 77 % depuis 2019, avec plus de 500 millions d&rsquo;enfants enregistr\u00e9s au cours des cinq derni\u00e8res ann\u00e9es. Au Mali, des avanc\u00e9es significatives ont \u00e9t\u00e9 r\u00e9alis\u00e9es malgr\u00e9 certaines disparit\u00e9s, avec 87% des enfants de moins d\u2019un an, enregistr\u00e9s \u00e0 l\u2019\u00e9tat civil. Ces am\u00e9liorations sont essentielles, car elles posent les bases permettant aux enfants d&rsquo;acc\u00e9der \u00e0 des services fondamentaux tels que l&rsquo;\u00e9ducation et les soins de sant\u00e9, contribuant ainsi \u00e0 briser les cycles de vuln\u00e9rabilit\u00e9 et d&rsquo;exclusion.<\/p>\n\n\n\n<p>Depuis 2022, l&rsquo;UNICEF accompagne les initiatives du Gouvernement visant \u00e0 num\u00e9riser l&rsquo;enregistrement des naissances. Ce processus a r\u00e9alis\u00e9 des avanc\u00e9es significatives avec l&rsquo;approbation d&rsquo;un projet de plateforme qui regroupe les principaux \u00e9v\u00e9nements d&rsquo;\u00e9tat civil, \u00e0 savoir les naissances, les d\u00e9c\u00e8s et les mariages. Cette plateforme a \u00e9t\u00e9 con\u00e7ue suite \u00e0 une consultation approfondie avec toutes les entit\u00e9s et parties prenantes du syst\u00e8me d\u2019information des faits et statistiques d\u2019\u00e9tat-civil au Mali. Elle constituera la premi\u00e8re plateforme num\u00e9rique enti\u00e8rement d\u00e9di\u00e9e \u00e0 la num\u00e9risation des faits d&rsquo;\u00e9tat civil, r\u00e9pondant aux besoins des utilisateurs tout en respectant les normes internationales et le cadre l\u00e9gal national. Cela marque une \u00e9tape importante vers la num\u00e9risation de l&rsquo;enregistrement des naissances et offre une r\u00e9elle opportunit\u00e9 d&rsquo;acc\u00e9l\u00e9rer les efforts du Gouvernement en faveur d&rsquo;un enregistrement universel des naissances de mani\u00e8re efficace et s\u00e9curis\u00e9e. La Direction Nationale de l&rsquo;\u00c9tat Civil (DNEC) a s\u00e9lectionn\u00e9 dix zones pilotes qui regroupent toutes les structures et acteurs concern\u00e9s, tels que les centres d&rsquo;\u00e9tat-civil, les \u00e9tablissements de sant\u00e9, les tribunaux et leur personnel.<\/p>\n\n\n\n<p>Cette histoire de succ\u00e8s met en lumi\u00e8re l&rsquo;efficacit\u00e9 de trois strat\u00e9gies cl\u00e9s : l&rsquo;interop\u00e9rabilit\u00e9, la d\u00e9centralisation et la num\u00e9risation. En int\u00e9grant l&rsquo;enregistrement des naissances dans l&rsquo;\u00e9cosyst\u00e8me plus large des services publics, en le reliant aux services de sant\u00e9, d&rsquo;\u00e9ducation et de protection sociale, et en rapprochant les services des communaut\u00e9s, ces strat\u00e9gies ont rendu l&rsquo;enregistrement plus accessible et efficace. La num\u00e9risation a encore renforc\u00e9 ces efforts en rationalisant les processus d&rsquo;enregistrement et en am\u00e9liorant la pr\u00e9cision des donn\u00e9es.<\/p>\n\n\n\n<p>Les avanc\u00e9es r\u00e9alis\u00e9es au Mali d\u00e9montrent qu&rsquo;avec de bonnes strat\u00e9gies et un soutien ad\u00e9quat, des am\u00e9liorations significatives dans l&rsquo;enregistrement des naissances peuvent \u00eatre obtenues. En continuant d&rsquo;investir et de donner la priorit\u00e9 aux efforts d&rsquo;enregistrement des naissances, le Mali peut apporter des contributions notables \u00e0 l\u2019objectif mondial garantissant qu&rsquo;aucun enfant ne soit laiss\u00e9 pour compte et que chaque enfant puisse pleinement participer \u00e0 la soci\u00e9t\u00e9. Le renforcement des syst\u00e8mes constitue un engagement continental dans le cadre du programme africain d&rsquo;am\u00e9lioration acc\u00e9l\u00e9r\u00e9e de l&rsquo;enregistrement des faits d\u2019\u00e9tat-civil et des statistiques vitales, sous la direction du Minist\u00e8re de la Promotion de la Femme, de l\u2019Enfant et de la Famille, avec le soutien des Directions Nationales et R\u00e9gionales de l&rsquo;\u00c9tat Civil. Le droit fondamental de chaque enfant \u00e0 une identit\u00e9, y compris l&rsquo;enregistrement de sa naissance, est inscrit dans la Charte Africaine des Droits et du Bien-\u00eatre de l&rsquo;Enfant. L&rsquo;enregistrement universel des naissances figure \u00e9galement parmi les aspirations de l&rsquo;Agenda 2040 pour l&rsquo;Afrique et des Objectifs de D\u00e9veloppement Durable (cible 16.9). C\u2019est pour moi l\u2019occasion de remercier les partenaires bilat\u00e9raux et multilat\u00e9raux de l&rsquo;UNICEF, notamment l&rsquo;Allemagne, le Canada et l&rsquo;Italie, pour leurs contributions significatives \u00e0 l&rsquo;atteinte de ces r\u00e9sultats.<\/p>\n\n\n\n<p>Au Mali, toujours selon le dernier rapport mondial de l\u2019UNICEF sur l&rsquo;enregistrement des naissances &#8211; \u201cUn bon d\u00e9part dans la vie\u201d &#8211; au Mali, environ 13% des enfants ne sont pas enregistr\u00e9s \u00e0 la naissance. Cela repr\u00e9sente des millions de filles et de gar\u00e7ons sans identit\u00e9 juridique, les rendant ainsi vuln\u00e9rables \u00e0 divers risques de protection, y compris la traite des personnes. Le Comit\u00e9 des Droits de l&rsquo;Enfant recommande que les autorit\u00e9s nationales prennent toutes les mesures n\u00e9cessaires pour que tous les enfants soient enregistr\u00e9es \u00e0 la naissance. Ceci peut \u00eatre facilit\u00e9 par la num\u00e9risation de l&rsquo;enregistrement des naissances ainsi que des mesures sp\u00e9cifiques pour les enfants r\u00e9fugi\u00e9s et d\u00e9plac\u00e9s internes.<\/p>\n\n\n\n<p>En c\u00e9l\u00e9brant les avanc\u00e9es r\u00e9alis\u00e9es et en poursuivant sur cette lanc\u00e9e, nous pouvons contribuer \u00e0 briser les cycles de vuln\u00e9rabilit\u00e9 et d&rsquo;exclusion, offrant ainsi \u00e0 chaque enfant la possibilit\u00e9 d&rsquo;atteindre son plein potentiel. Il est essentiel de continuer \u00e0 investir et \u00e0 donner la priorit\u00e9 \u00e0 ces initiatives afin de garantir que chaque enfant au Mali soit enregistr\u00e9 et ait acc\u00e8s aux services essentiels n\u00e9cessaires \u00e0 son \u00e9panouissement.<\/p>\n\n\n\n<p><\/p>\n\n\n\n<p><strong>Source : UNICEF\/MALI<\/strong><\/p>\n\n\n\n<p><\/p>\n","protected":false},"excerpt":{"rendered":"<p>Cette situation expose des millions de filles et de gar\u00e7ons \u00e0 des risques de protection en raison de leur absence d&rsquo;identit\u00e9 juridique Ces derni\u00e8res ann\u00e9es, le Mali a r\u00e9alis\u00e9 des&hellip;<\/p>\n","protected":false},"author":1,"featured_media":20973,"comment_status":"open","ping_status":"open","sticky":false,"template":"","format":"standard","meta":{"content-type":"","_lmt_disableupdate":"","_lmt_disable":"","_jetpack_memberships_contains_paid_content":false,"footnotes":"","jetpack_publicize_message":"","jetpack_publicize_feature_enabled":true,"jetpack_social_post_already_shared":true,"jetpack_social_options":{"image_generator_settings":{"template":"highway","default_image_id":0,"font":"","enabled":false},"version":2}},"categories":[43,21],"tags":[],"class_list":["post-20972","post","type-post","status-publish","format-standard","has-post-thumbnail","hentry","category-nandi-info","category-societe"],"jetpack_publicize_connections":[],"featured_image_urls":{"full":["https:\/\/nandi.info\/wp-content\/uploads\/2025\/01\/Le-Representant-de-lUNICEF-au-Mali-Mr.-Pierre-Ngom.jpg",1430,953,false],"thumbnail":["https:\/\/nandi.info\/wp-content\/uploads\/2025\/01\/Le-Representant-de-lUNICEF-au-Mali-Mr.-Pierre-Ngom-150x150.jpg",150,150,true],"medium":["https:\/\/nandi.info\/wp-content\/uploads\/2025\/01\/Le-Representant-de-lUNICEF-au-Mali-Mr.-Pierre-Ngom-300x200.jpg",300,200,true],"medium_large":["https:\/\/nandi.info\/wp-content\/uploads\/2025\/01\/Le-Representant-de-lUNICEF-au-Mali-Mr.-Pierre-Ngom-768x512.jpg",768,512,true],"large":["https:\/\/nandi.info\/wp-content\/uploads\/2025\/01\/Le-Representant-de-lUNICEF-au-Mali-Mr.-Pierre-Ngom-1024x682.jpg",1024,682,true],"1536x1536":["https:\/\/nandi.info\/wp-content\/uploads\/2025\/01\/Le-Representant-de-lUNICEF-au-Mali-Mr.-Pierre-Ngom.jpg",1430,953,false],"2048x2048":["https:\/\/nandi.info\/wp-content\/uploads\/2025\/01\/Le-Representant-de-lUNICEF-au-Mali-Mr.-Pierre-Ngom.jpg",1430,953,false],"penci-recipe-1200x1200":["https:\/\/nandi.info\/wp-content\/uploads\/2025\/01\/Le-Representant-de-lUNICEF-au-Mali-Mr.-Pierre-Ngom-1200x953.jpg",1200,953,true],"penci-recipe-1200x900":["https:\/\/nandi.info\/wp-content\/uploads\/2025\/01\/Le-Representant-de-lUNICEF-au-Mali-Mr.-Pierre-Ngom-1200x900.jpg",1200,900,true],"penci-recipe-1200x675":["https:\/\/nandi.info\/wp-content\/uploads\/2025\/01\/Le-Representant-de-lUNICEF-au-Mali-Mr.-Pierre-Ngom-1200x675.jpg",1200,675,true],"penci-single-full":["https:\/\/nandi.info\/wp-content\/uploads\/2025\/01\/Le-Representant-de-lUNICEF-au-Mali-Mr.-Pierre-Ngom.jpg",1430,953,false],"penci-slider-full-thumb":["https:\/\/nandi.info\/wp-content\/uploads\/2025\/01\/Le-Representant-de-lUNICEF-au-Mali-Mr.-Pierre-Ngom-1430x800.jpg",1430,800,true],"penci-full-thumb":["https:\/\/nandi.info\/wp-content\/uploads\/2025\/01\/Le-Representant-de-lUNICEF-au-Mali-Mr.-Pierre-Ngom-1170x780.jpg",1170,780,true],"penci-slider-thumb":["https:\/\/nandi.info\/wp-content\/uploads\/2025\/01\/Le-Representant-de-lUNICEF-au-Mali-Mr.-Pierre-Ngom-1170x663.jpg",1170,663,true],"penci-magazine-slider":["https:\/\/nandi.info\/wp-content\/uploads\/2025\/01\/Le-Representant-de-lUNICEF-au-Mali-Mr.-Pierre-Ngom-780x516.jpg",780,516,true],"penci-thumb":["https:\/\/nandi.info\/wp-content\/uploads\/2025\/01\/Le-Representant-de-lUNICEF-au-Mali-Mr.-Pierre-Ngom-585x390.jpg",585,390,true],"penci-masonry-thumb":["https:\/\/nandi.info\/wp-content\/uploads\/2025\/01\/Le-Representant-de-lUNICEF-au-Mali-Mr.-Pierre-Ngom-585x390.jpg",585,390,true],"penci-thumb-square":["https:\/\/nandi.info\/wp-content\/uploads\/2025\/01\/Le-Representant-de-lUNICEF-au-Mali-Mr.-Pierre-Ngom-585x585.jpg",585,585,true],"penci-thumb-vertical":["https:\/\/nandi.info\/wp-content\/uploads\/2025\/01\/Le-Representant-de-lUNICEF-au-Mali-Mr.-Pierre-Ngom-480x650.jpg",480,650,true],"penci-thumb-small":["https:\/\/nandi.info\/wp-content\/uploads\/2025\/01\/Le-Representant-de-lUNICEF-au-Mali-Mr.-Pierre-Ngom-263x175.jpg",263,175,true]},"author_info":{"display_name":"Nandi","author_link":"https:\/\/nandi.info\/?author=1"},"category_info":"<a href=\"https:\/\/nandi.info\/?cat=43\" rel=\"category\">Nandi.info<\/a> <a href=\"https:\/\/nandi.info\/?cat=21\" rel=\"category\">Soci\u00e9t\u00e9<\/a>","tag_info":"Soci\u00e9t\u00e9","comment_count":"0","jetpack_featured_media_url":"https:\/\/nandi.info\/wp-content\/uploads\/2025\/01\/Le-Representant-de-lUNICEF-au-Mali-Mr.-Pierre-Ngom.jpg","jetpack_sharing_enabled":true,"_links":{"self":[{"href":"https:\/\/nandi.info\/index.php?rest_route=\/wp\/v2\/posts\/20972","targetHints":{"allow":["GET"]}}],"collection":[{"href":"https:\/\/nandi.info\/index.php?rest_route=\/wp\/v2\/posts"}],"about":[{"href":"https:\/\/nandi.info\/index.php?rest_route=\/wp\/v2\/types\/post"}],"author":[{"embeddable":true,"href":"https:\/\/nandi.info\/index.php?rest_route=\/wp\/v2\/users\/1"}],"replies":[{"embeddable":true,"href":"https:\/\/nandi.info\/index.php?rest_route=%2Fwp%2Fv2%2Fcomments&post=20972"}],"version-history":[{"count":1,"href":"https:\/\/nandi.info\/index.php?rest_route=\/wp\/v2\/posts\/20972\/revisions"}],"predecessor-version":[{"id":20974,"href":"https:\/\/nandi.info\/index.php?rest_route=\/wp\/v2\/posts\/20972\/revisions\/20974"}],"wp:featuredmedia":[{"embeddable":true,"href":"https:\/\/nandi.info\/index.php?rest_route=\/wp\/v2\/media\/20973"}],"wp:attachment":[{"href":"https:\/\/nandi.info\/index.php?rest_route=%2Fwp%2Fv2%2Fmedia&parent=20972"}],"wp:term":[{"taxonomy":"category","embeddable":true,"href":"https:\/\/nandi.info\/index.php?rest_route=%2Fwp%2Fv2%2Fcategories&post=20972"},{"taxonomy":"post_tag","embeddable":true,"href":"https:\/\/nandi.info\/index.php?rest_route=%2Fwp%2Fv2%2Ftags&post=20972"}],"curies":[{"name":"wp","href":"https:\/\/api.w.org\/{rel}","templated":true}]}}