{"id":20946,"date":"2025-01-26T01:07:20","date_gmt":"2025-01-26T00:07:20","guid":{"rendered":"https:\/\/nandi.info\/?p=20946"},"modified":"2025-01-26T01:15:41","modified_gmt":"2025-01-26T00:15:41","slug":"universite-privee-boubacar-saye-la-salle-ousmane-karim-coulibaly-un-lieu-consacre-a-la-reflexion-strategique-aux-conferences-et-a-la-preparation-de-futur-leaders","status":"publish","type":"post","link":"https:\/\/nandi.info\/?p=20946","title":{"rendered":"Universit\u00e9 Priv\u00e9e Boubacar Saye : La \u00ab Salle Ousmane Karim Coulibaly \u00bb, un lieu consacr\u00e9 \u00e0 la r\u00e9flexion strat\u00e9gique, aux conf\u00e9rences et \u00e0 la pr\u00e9paration des futurs leaders"},"content":{"rendered":"\n<figure class=\"wp-block-image size-large\"><img fetchpriority=\"high\" decoding=\"async\" width=\"1024\" height=\"909\" src=\"https:\/\/nandi.info\/wp-content\/uploads\/2025\/01\/473726537_1363599118385885_8139299815700447791_n-1024x909.jpg\" alt=\"\" class=\"wp-image-20948\" srcset=\"https:\/\/nandi.info\/wp-content\/uploads\/2025\/01\/473726537_1363599118385885_8139299815700447791_n-1024x909.jpg 1024w, https:\/\/nandi.info\/wp-content\/uploads\/2025\/01\/473726537_1363599118385885_8139299815700447791_n-300x266.jpg 300w, https:\/\/nandi.info\/wp-content\/uploads\/2025\/01\/473726537_1363599118385885_8139299815700447791_n-768x682.jpg 768w, https:\/\/nandi.info\/wp-content\/uploads\/2025\/01\/473726537_1363599118385885_8139299815700447791_n-1536x1364.jpg 1536w, https:\/\/nandi.info\/wp-content\/uploads\/2025\/01\/473726537_1363599118385885_8139299815700447791_n-1170x1039.jpg 1170w, https:\/\/nandi.info\/wp-content\/uploads\/2025\/01\/473726537_1363599118385885_8139299815700447791_n-585x520.jpg 585w, https:\/\/nandi.info\/wp-content\/uploads\/2025\/01\/473726537_1363599118385885_8139299815700447791_n.jpg 1600w\" sizes=\"(max-width: 1024px) 100vw, 1024px\" \/><\/figure>\n\n\n\n<p><strong>Le campus de Faladi\u00e9 Sema de l\u2019Universit\u00e9 Priv\u00e9e Boubacar Saye (UPBS) a marqu\u00e9 un \u00e9v\u00e9nement exceptionnel, plac\u00e9 sous le th\u00e8me \u00ab L\u2019INPS au service de l\u2019inclusion sociale pour un Mali en paix \u00bb. Au cours de cette c\u00e9r\u00e9monie, l\u2019institution a rendu un hommage \u00e9mouvant \u00e0 Monsieur Ousmane Karim Coulibaly, Directeur G\u00e9n\u00e9ral de l\u2019Institut National de Pr\u00e9voyance Sociale (INPS), en inaugurant une salle d\u2019\u00e9lite et d\u2019excellence portant son nom ce vendredi 24 janvier 2025 \u00e0 Bamako.<\/strong><\/p>\n\n\n\n<p><\/p>\n\n\n\n<figure class=\"wp-block-image alignleft size-large is-resized\"><img decoding=\"async\" width=\"1024\" height=\"665\" src=\"https:\/\/nandi.info\/wp-content\/uploads\/2025\/01\/inps-usbs-2-1024x665.jpg\" alt=\"\" class=\"wp-image-20949\" style=\"width:463px;height:auto\" srcset=\"https:\/\/nandi.info\/wp-content\/uploads\/2025\/01\/inps-usbs-2-1024x665.jpg 1024w, https:\/\/nandi.info\/wp-content\/uploads\/2025\/01\/inps-usbs-2-300x195.jpg 300w, https:\/\/nandi.info\/wp-content\/uploads\/2025\/01\/inps-usbs-2-768x499.jpg 768w, https:\/\/nandi.info\/wp-content\/uploads\/2025\/01\/inps-usbs-2-1536x997.jpg 1536w, https:\/\/nandi.info\/wp-content\/uploads\/2025\/01\/inps-usbs-2-1170x760.jpg 1170w, https:\/\/nandi.info\/wp-content\/uploads\/2025\/01\/inps-usbs-2-585x380.jpg 585w, https:\/\/nandi.info\/wp-content\/uploads\/2025\/01\/inps-usbs-2.jpg 1600w\" sizes=\"(max-width: 1024px) 100vw, 1024px\" \/><\/figure>\n\n\n\n<p class=\"has-drop-cap\">La \u201cSalle Ousmane Karim Coulibaly\u201d devient d\u00e9sormais un espace d\u00e9di\u00e9 \u00e0 la r\u00e9flexion strat\u00e9gique, aux conf\u00e9rences et aux initiatives visant \u00e0 former les \u00e9lites de demain. Ce geste symbolique met en lumi\u00e8re les valeurs de solidarit\u00e9 et d\u2019innovation sociale incarn\u00e9es par M. Coulibaly, tout en soulignant son engagement pour un Mali inclusif et solidaire.<\/p>\n\n\n\n<p>La c\u00e9r\u00e9monie a \u00e9galement permis un \u00e9change constructif entre les cadres de l\u2019INPS et les \u00e9tudiants. Ces derniers ont assist\u00e9 \u00e0 une pr\u00e9sentation d\u00e9taill\u00e9e sur les opportunit\u00e9s offertes par le r\u00e9gime g\u00e9n\u00e9ral et l\u2019assurance volontaire, un dispositif phare de l\u2019INPS visant \u00e0 int\u00e9grer les travailleurs salari\u00e9s, non-salari\u00e9s et les membres de la diaspora dans le syst\u00e8me de pr\u00e9voyance sociale.<\/p>\n\n\n\n<p>M. Coulibaly et son \u00e9quipe ont insist\u00e9 sur l\u2019importance de ce programme, qui permet aux entrepreneurs, commer\u00e7ants, artisans et autres travailleurs ind\u00e9pendants de b\u00e9n\u00e9ficier d\u2019une couverture sociale compl\u00e8te, incluant des prestations de retraite, de sant\u00e9 et de protection familiale. Les \u00e9tudiants, attentifs et curieux, ont pos\u00e9 de nombreuses questions pour mieux comprendre les m\u00e9canismes et les avantages de cette formule d\u2019assurance.<\/p>\n\n\n\n<p>Les cadres de l\u2019INPS, dans une approche p\u00e9dagogique, ont illustr\u00e9 leurs propos \u00e0 travers des exemples concrets et des simulations. Ces d\u00e9monstrations ont permis de montrer comment l\u2019assurance volontaire peut contribuer \u00e0 r\u00e9duire les in\u00e9galit\u00e9s sociales et \u00e0 renforcer la coh\u00e9sion nationale.<\/p>\n\n\n\n<p>Par ailleurs, une d\u00e9l\u00e9gation de haut niveau de l\u2019INPS a anim\u00e9 des \u00e9changes autour du th\u00e8me : \u00ab L\u2019INPS au service de l\u2019inclusion sociale pour un Mali en paix \u00bb. Ils ont partag\u00e9 leur vision des r\u00e9formes en cours et des projets innovants destin\u00e9s \u00e0 \u00e9largir la couverture sociale au Mali.<\/p>\n\n\n\n<figure class=\"wp-block-image alignright size-large is-resized\"><img decoding=\"async\" width=\"1024\" height=\"480\" src=\"https:\/\/nandi.info\/wp-content\/uploads\/2025\/01\/inps-usbs-1-1024x480.jpg\" alt=\"\" class=\"wp-image-20950\" style=\"width:485px;height:auto\" srcset=\"https:\/\/nandi.info\/wp-content\/uploads\/2025\/01\/inps-usbs-1-1024x480.jpg 1024w, https:\/\/nandi.info\/wp-content\/uploads\/2025\/01\/inps-usbs-1-300x141.jpg 300w, https:\/\/nandi.info\/wp-content\/uploads\/2025\/01\/inps-usbs-1-768x360.jpg 768w, https:\/\/nandi.info\/wp-content\/uploads\/2025\/01\/inps-usbs-1-1536x720.jpg 1536w, https:\/\/nandi.info\/wp-content\/uploads\/2025\/01\/inps-usbs-1-1170x548.jpg 1170w, https:\/\/nandi.info\/wp-content\/uploads\/2025\/01\/inps-usbs-1-585x274.jpg 585w, https:\/\/nandi.info\/wp-content\/uploads\/2025\/01\/inps-usbs-1.jpg 1600w\" sizes=\"(max-width: 1024px) 100vw, 1024px\" \/><\/figure>\n\n\n\n<p>Les discussions ont \u00e9galement mis en lumi\u00e8re l\u2019importance de sensibiliser les jeunes g\u00e9n\u00e9rations \u00e0 la protection sociale, qui repr\u00e9sente un levier essentiel pour le d\u00e9veloppement durable. Ces \u00e9changes interactifs ont non seulement enrichi les connaissances des \u00e9tudiants, mais ont aussi permis de recueillir leurs id\u00e9es et propositions pour am\u00e9liorer les services de l\u2019INPS.<\/p>\n\n\n\n<p>Dans son discours de remerciement, M. Coulibaly a exprim\u00e9 sa profonde gratitude :&nbsp;<\/p>\n\n\n\n<p>\u00ab C\u2019est un honneur de voir mon nom associ\u00e9 \u00e0 cette salle, qui, je l\u2019esp\u00e8re, deviendra un lieu d\u2019inspiration et de solutions pour notre jeunesse. L\u2019assurance volontaire, tout comme l\u2019ensemble des dispositifs de l\u2019INPS, doit \u00eatre un pilier de notre solidarit\u00e9 nationale. Je suis convaincu que des espaces comme celui-ci permettront de construire un avenir meilleur pour notre pays. \u00bb<\/p>\n\n\n\n<p>La matin\u00e9e s\u2019est conclue par de chaleureux applaudissements, t\u00e9moignant de l\u2019impact de cet \u00e9v\u00e9nement sur l\u2019ensemble des participants. Plus qu\u2019un simple espace acad\u00e9mique, la Salle Ousmane Karim Coulibaly symbolise d\u00e9sormais l\u2019excellence, l\u2019engagement et l\u2019inclusion sociale au service d\u2019un Mali en pleine transformation.<\/p>\n\n\n\n<p>Hady HANNE,<\/p>\n\n\n\n<p>Service des Relations Publiques, INPS<\/p>\n","protected":false},"excerpt":{"rendered":"<p>Le campus de Faladi\u00e9 Sema de l\u2019Universit\u00e9 Priv\u00e9e Boubacar Saye (UPBS) a marqu\u00e9 un \u00e9v\u00e9nement exceptionnel, plac\u00e9 sous le th\u00e8me \u00ab L\u2019INPS au service de l\u2019inclusion sociale pour un Mali&hellip;<\/p>\n","protected":false},"author":1,"featured_media":20947,"comment_status":"open","ping_status":"open","sticky":false,"template":"","format":"standard","meta":{"content-type":"","_lmt_disableupdate":"","_lmt_disable":"","_jetpack_memberships_contains_paid_content":false,"footnotes":"","jetpack_publicize_message":"","jetpack_publicize_feature_enabled":true,"jetpack_social_post_already_shared":true,"jetpack_social_options":{"image_generator_settings":{"template":"highway","default_image_id":0,"font":"","enabled":false},"version":2}},"categories":[43,21],"tags":[],"class_list":["post-20946","post","type-post","status-publish","format-standard","has-post-thumbnail","hentry","category-nandi-info","category-societe"],"jetpack_publicize_connections":[],"featured_image_urls":{"full":["https:\/\/nandi.info\/wp-content\/uploads\/2025\/01\/inps-usbs-3.jpg",1600,1066,false],"thumbnail":["https:\/\/nandi.info\/wp-content\/uploads\/2025\/01\/inps-usbs-3-150x150.jpg",150,150,true],"medium":["https:\/\/nandi.info\/wp-content\/uploads\/2025\/01\/inps-usbs-3-300x200.jpg",300,200,true],"medium_large":["https:\/\/nandi.info\/wp-content\/uploads\/2025\/01\/inps-usbs-3-768x512.jpg",768,512,true],"large":["https:\/\/nandi.info\/wp-content\/uploads\/2025\/01\/inps-usbs-3-1024x682.jpg",1024,682,true],"1536x1536":["https:\/\/nandi.info\/wp-content\/uploads\/2025\/01\/inps-usbs-3-1536x1023.jpg",1536,1023,true],"2048x2048":["https:\/\/nandi.info\/wp-content\/uploads\/2025\/01\/inps-usbs-3.jpg",1600,1066,false],"penci-recipe-1200x1200":["https:\/\/nandi.info\/wp-content\/uploads\/2025\/01\/inps-usbs-3-1200x1066.jpg",1200,1066,true],"penci-recipe-1200x900":["https:\/\/nandi.info\/wp-content\/uploads\/2025\/01\/inps-usbs-3-1200x900.jpg",1200,900,true],"penci-recipe-1200x675":["https:\/\/nandi.info\/wp-content\/uploads\/2025\/01\/inps-usbs-3-1200x675.jpg",1200,675,true],"penci-single-full":["https:\/\/nandi.info\/wp-content\/uploads\/2025\/01\/inps-usbs-3.jpg",1600,1066,false],"penci-slider-full-thumb":["https:\/\/nandi.info\/wp-content\/uploads\/2025\/01\/inps-usbs-3-1600x800.jpg",1600,800,true],"penci-full-thumb":["https:\/\/nandi.info\/wp-content\/uploads\/2025\/01\/inps-usbs-3-1170x780.jpg",1170,780,true],"penci-slider-thumb":["https:\/\/nandi.info\/wp-content\/uploads\/2025\/01\/inps-usbs-3-1170x663.jpg",1170,663,true],"penci-magazine-slider":["https:\/\/nandi.info\/wp-content\/uploads\/2025\/01\/inps-usbs-3-780x516.jpg",780,516,true],"penci-thumb":["https:\/\/nandi.info\/wp-content\/uploads\/2025\/01\/inps-usbs-3-585x390.jpg",585,390,true],"penci-masonry-thumb":["https:\/\/nandi.info\/wp-content\/uploads\/2025\/01\/inps-usbs-3-585x390.jpg",585,390,true],"penci-thumb-square":["https:\/\/nandi.info\/wp-content\/uploads\/2025\/01\/inps-usbs-3-585x585.jpg",585,585,true],"penci-thumb-vertical":["https:\/\/nandi.info\/wp-content\/uploads\/2025\/01\/inps-usbs-3-480x650.jpg",480,650,true],"penci-thumb-small":["https:\/\/nandi.info\/wp-content\/uploads\/2025\/01\/inps-usbs-3-263x175.jpg",263,175,true]},"author_info":{"display_name":"Nandi","author_link":"https:\/\/nandi.info\/?author=1"},"category_info":"<a href=\"https:\/\/nandi.info\/?cat=43\" rel=\"category\">Nandi.info<\/a> <a href=\"https:\/\/nandi.info\/?cat=21\" rel=\"category\">Soci\u00e9t\u00e9<\/a>","tag_info":"Soci\u00e9t\u00e9","comment_count":"0","jetpack_featured_media_url":"https:\/\/nandi.info\/wp-content\/uploads\/2025\/01\/inps-usbs-3.jpg","jetpack_sharing_enabled":true,"_links":{"self":[{"href":"https:\/\/nandi.info\/index.php?rest_route=\/wp\/v2\/posts\/20946","targetHints":{"allow":["GET"]}}],"collection":[{"href":"https:\/\/nandi.info\/index.php?rest_route=\/wp\/v2\/posts"}],"about":[{"href":"https:\/\/nandi.info\/index.php?rest_route=\/wp\/v2\/types\/post"}],"author":[{"embeddable":true,"href":"https:\/\/nandi.info\/index.php?rest_route=\/wp\/v2\/users\/1"}],"replies":[{"embeddable":true,"href":"https:\/\/nandi.info\/index.php?rest_route=%2Fwp%2Fv2%2Fcomments&post=20946"}],"version-history":[{"count":4,"href":"https:\/\/nandi.info\/index.php?rest_route=\/wp\/v2\/posts\/20946\/revisions"}],"predecessor-version":[{"id":20954,"href":"https:\/\/nandi.info\/index.php?rest_route=\/wp\/v2\/posts\/20946\/revisions\/20954"}],"wp:featuredmedia":[{"embeddable":true,"href":"https:\/\/nandi.info\/index.php?rest_route=\/wp\/v2\/media\/20947"}],"wp:attachment":[{"href":"https:\/\/nandi.info\/index.php?rest_route=%2Fwp%2Fv2%2Fmedia&parent=20946"}],"wp:term":[{"taxonomy":"category","embeddable":true,"href":"https:\/\/nandi.info\/index.php?rest_route=%2Fwp%2Fv2%2Fcategories&post=20946"},{"taxonomy":"post_tag","embeddable":true,"href":"https:\/\/nandi.info\/index.php?rest_route=%2Fwp%2Fv2%2Ftags&post=20946"}],"curies":[{"name":"wp","href":"https:\/\/api.w.org\/{rel}","templated":true}]}}