{"id":20943,"date":"2025-01-26T00:18:06","date_gmt":"2025-01-25T23:18:06","guid":{"rendered":"https:\/\/nandi.info\/?p=20943"},"modified":"2025-01-26T00:18:09","modified_gmt":"2025-01-25T23:18:09","slug":"centrale-solaire-de-safo-les-premieres-sanctions-tombent","status":"publish","type":"post","link":"https:\/\/nandi.info\/?p=20943","title":{"rendered":"Centrale solaire de Safo : Les premi\u00e8res sanctions tombent"},"content":{"rendered":"\n<figure class=\"wp-block-image size-full\"><img fetchpriority=\"high\" decoding=\"async\" width=\"650\" height=\"433\" src=\"https:\/\/nandi.info\/wp-content\/uploads\/2025\/01\/Lancement-Safo-Solaire.jpg\" alt=\"\" class=\"wp-image-20944\" srcset=\"https:\/\/nandi.info\/wp-content\/uploads\/2025\/01\/Lancement-Safo-Solaire.jpg 650w, https:\/\/nandi.info\/wp-content\/uploads\/2025\/01\/Lancement-Safo-Solaire-300x200.jpg 300w, https:\/\/nandi.info\/wp-content\/uploads\/2025\/01\/Lancement-Safo-Solaire-585x390.jpg 585w, https:\/\/nandi.info\/wp-content\/uploads\/2025\/01\/Lancement-Safo-Solaire-263x175.jpg 263w\" sizes=\"(max-width: 650px) 100vw, 650px\" \/><\/figure>\n\n\n\n<p><strong><em>Apr\u00e8s la mise en garde du pr\u00e9sident de la Transition contre les constructions \u201cill\u00e9gales\u201d sur le site de la future centrale solaire de Safo, les premi\u00e8res sanctions ont commenc\u00e9 \u00e0 tomber avec la dissolution de deux conseils communaux de la r\u00e9gion de Koulikoro dont celui de Safo. Plusieurs faits sont reproch\u00e9s \u00e0 ces deux municipalit\u00e9s notamment des morcellements irr\u00e9guliers du domaine priv\u00e9 de l\u2019Etat et des particuliers.<\/em><\/strong><\/p>\n\n\n\n<p class=\"has-drop-cap\">Faisant preuve de d\u00e9termination \u00e0 trouver une solution p\u00e9renne au probl\u00e8me \u00e9nerg\u00e9tique que connait le pays, le gouvernement du Mali, a con\u00e7u un vaste projet de construction de centrales solaires.<\/p>\n\n\n\n<p>Malheureusement, en face, la farouche volont\u00e9 affich\u00e9e par les autorit\u00e9s de la Transition fait face l\u2019opini\u00e2tret\u00e9 des \u201cpr\u00e9dateurs fonciers\u201d qui entravent les travaux de constructions marmonne-t-on dans les couloirs de Koulouba. Mais de l\u2019autre c\u00f4t\u00e9, l\u2019Etat fait savoir \u00eatre d\u00e9termin\u00e9 \u00e0 faire du probl\u00e8me de d\u00e9lestage un mauvais souvenir pour les Maliens en achevant les chantiers solaires contre vents et mar\u00e9es.<\/p>\n\n\n\n<p>En recevant les Forces vives de la nation pour leur pr\u00e9sentation de v\u0153ux de nouvel le lundi 6 janvier dernier, le Pr\u00e9sident de la Transition a \u00e9t\u00e9 on ne peut plus clair concernant les \u201cmorcellement irr\u00e9guliers et les chantiers ill\u00e9gaux\u201d dont les auteurs entravent l\u2019\u00e9volution du chantier de la centrale solaire de Safo.&nbsp;<em>\u201cNous n\u2019avons pas d\u2019autre choix que de d\u00e9molir les constructions ill\u00e9gales sur le site de la centrale solaire de Safo\u201d<\/em>, a-t-il pr\u00e9venu avant d\u2019assurer que les \u201ctravaux avancent\u201d.<\/p>\n\n\n\n<p>En effet, sur le site en question, l\u2019on rapporte que des individus se sont pr\u00e9cipit\u00e9s \u00e0 aller construire tout en esp\u00e9rant \u00eatre d\u00e9dommag\u00e9s plus que pr\u00e9vu lorsque leurs terrains \u00e9taient encore vierges avant l\u2019expropriation pour les travaux de la centrale.<\/p>\n\n\n\n<p><em>\u201cSur le site de la centrale, le ministre des Domaines et celui de l\u2019Energie se sont rendus apr\u00e8s le lancement officiel des travaux. Ils nous ont interpell\u00e9s en nous demandant de donner des instructions aux personnes dont les parcelles se trouvaient sur le site de la centrale de ne plus poursuivre leur chantier. Nous avons tenu une r\u00e9union \u00e0 la mairie avec plus de 500 participants pour faire passer le message. Malgr\u00e9 cette instruction, certaines personnes se sont ent\u00eat\u00e9es \u00e0 acc\u00e9l\u00e9rer leur chantier esp\u00e9rant \u00eatre indemnis\u00e9s plus\u201d<\/em>, a fait savoir Diocolo Doumbia, secr\u00e9taire g\u00e9n\u00e9ral de la mairie de Safo.<\/p>\n\n\n\n<p>Selon l\u2019administrateur de la municipalit\u00e9 de Safo, cet ent\u00eatement a consid\u00e9rablement impact\u00e9 n\u00e9gativement l\u2019\u00e9volution des travaux de construction de la centrale de Safo :&nbsp;<em>\u201cL\u2019entreprise chinoise en charge des travaux a indiqu\u00e9 qu\u2019elle ne peut pas continuer tant que des constructions priv\u00e9es se trouvent sur le site. Cela a provoqu\u00e9 deux missions gouvernementale et pr\u00e9sidentielle sur les lieux avant l\u2019arriv\u00e9e du g\u00e9nie civil pour commencer \u00e0 d\u00e9molir\u201d<\/em>.<\/p>\n\n\n\n<p>Quelques jours apr\u00e8s la d\u00e9nonciation du chef de l\u2019Etat et sa mise en garde, les premi\u00e8res sanctions sont tomb\u00e9es. En effet, le ministre de l\u2019Administration territoriale et de la d\u00e9centralisation a proc\u00e9d\u00e9 \u00e0 la dissolution du Conseil communal de Safo en plus de celui de Dialakorodji et de Safo, r\u00e9gion de Koulikoro.<\/p>\n\n\n\n<p><em>\u201cLes conseils communaux des communes rurales de Dialakorodji et Safo se caract\u00e9risent depuis un certain temps par des dysfonctionnements et des violations de la loi, notamment des morcellements irr\u00e9guliers du domaine priv\u00e9 de l\u2019Etat et des particuliers, l\u2019immixtion des autorit\u00e9s communales dans le processus de nomination des chefs de village, la fermeture irr\u00e9guli\u00e8re d\u2019un centre de sant\u00e9, le non-respect des proc\u00e9dures applicables aux march\u00e9s publics\u201d<\/em>, a fustig\u00e9 le ministre tout en indiquant que ces situations constituent de fautes graves de gestion administrative qui ne sauraient \u00eatre tol\u00e9r\u00e9es.<\/p>\n\n\n\n<p><strong>&nbsp;<\/strong><strong>83 % des besoins \u00e9nerg\u00e9tiques assur\u00e9s<\/strong><\/p>\n\n\n\n<p>B\u00e2tie sur une superficie de 228 ha, la centrale solaire de Safo est d\u2019une capacit\u00e9 de 100 m\u00e9gawatts-cr\u00eate. Projet visionnaire du pr\u00e9sident de la Transition, il vise \u00e0 r\u00e9pondre \u00e0 l\u2019ambition de transformation du syst\u00e8me \u00e9nerg\u00e9tique national pour privil\u00e9gier les \u00e9nergies renouvelables et renforcer la souverainet\u00e9 \u00e9nerg\u00e9tique du Mali tout en s\u2019inscrivant dans une dynamique nationale de d\u00e9veloppement des infrastructures \u00e9nerg\u00e9tiques.<\/p>\n\n\n\n<p>Avec les deux autres centrales solaires dont celles de Sanankoroba (200 MWc) et Tiakadougou-Dialakoro (100 MWc), ce m\u00e9gaprojet solaire fournira une production totale de 400 M\u00e9gawatts-cr\u00e8te. Soit 83 % des besoins en \u00e9nergie \u00e9lectrique de la population malienne. Ce projet qui constitue l\u2019une des solutions \u00e0 long terme de la crise \u00e9nerg\u00e9tique du Mali occupe une place de choix dans l\u2019agenda du chef de l\u2019Etat. Raison pour laquelle le g\u00e9n\u00e9ral d\u2019arm\u00e9e Assimi Go\u00efta tient \u00e0 l\u2019ex\u00e9cution correcte des travaux de construction de ces centrales contre vents et mar\u00e9es \u00e0 plus forte raison la mauvaise foi de quelques pr\u00e9dateurs fonciers.<\/p>\n\n\n\n<p>C\u2019est d\u2019ailleurs l\u2019un des trois principes qui guident l\u2019action publique du gouvernement de la Transition du Mali \u00e0 savoir \u201cla d\u00e9fense des int\u00e9r\u00eats du peuple malien\u201d.<\/p>\n\n\n\n<p><strong>Alassane Cissouma<\/strong><\/p>\n","protected":false},"excerpt":{"rendered":"<p>Apr\u00e8s la mise en garde du pr\u00e9sident de la Transition contre les constructions \u201cill\u00e9gales\u201d sur le site de la future centrale solaire de Safo, les premi\u00e8res sanctions ont commenc\u00e9 \u00e0&hellip;<\/p>\n","protected":false},"author":1,"featured_media":20944,"comment_status":"open","ping_status":"open","sticky":false,"template":"","format":"standard","meta":{"content-type":"","_lmt_disableupdate":"","_lmt_disable":"","_jetpack_memberships_contains_paid_content":false,"footnotes":"","jetpack_publicize_message":"","jetpack_publicize_feature_enabled":true,"jetpack_social_post_already_shared":true,"jetpack_social_options":{"image_generator_settings":{"template":"highway","default_image_id":0,"font":"","enabled":false},"version":2}},"categories":[88,33],"tags":[],"class_list":["post-20943","post","type-post","status-publish","format-standard","has-post-thumbnail","hentry","category-eco-developpement","category-mali-tribune"],"jetpack_publicize_connections":[],"featured_image_urls":{"full":["https:\/\/nandi.info\/wp-content\/uploads\/2025\/01\/Lancement-Safo-Solaire.jpg",650,433,false],"thumbnail":["https:\/\/nandi.info\/wp-content\/uploads\/2025\/01\/Lancement-Safo-Solaire-150x150.jpg",150,150,true],"medium":["https:\/\/nandi.info\/wp-content\/uploads\/2025\/01\/Lancement-Safo-Solaire-300x200.jpg",300,200,true],"medium_large":["https:\/\/nandi.info\/wp-content\/uploads\/2025\/01\/Lancement-Safo-Solaire.jpg",650,433,false],"large":["https:\/\/nandi.info\/wp-content\/uploads\/2025\/01\/Lancement-Safo-Solaire.jpg",650,433,false],"1536x1536":["https:\/\/nandi.info\/wp-content\/uploads\/2025\/01\/Lancement-Safo-Solaire.jpg",650,433,false],"2048x2048":["https:\/\/nandi.info\/wp-content\/uploads\/2025\/01\/Lancement-Safo-Solaire.jpg",650,433,false],"penci-recipe-1200x1200":["https:\/\/nandi.info\/wp-content\/uploads\/2025\/01\/Lancement-Safo-Solaire.jpg",650,433,false],"penci-recipe-1200x900":["https:\/\/nandi.info\/wp-content\/uploads\/2025\/01\/Lancement-Safo-Solaire.jpg",650,433,false],"penci-recipe-1200x675":["https:\/\/nandi.info\/wp-content\/uploads\/2025\/01\/Lancement-Safo-Solaire.jpg",650,433,false],"penci-single-full":["https:\/\/nandi.info\/wp-content\/uploads\/2025\/01\/Lancement-Safo-Solaire.jpg",650,433,false],"penci-slider-full-thumb":["https:\/\/nandi.info\/wp-content\/uploads\/2025\/01\/Lancement-Safo-Solaire.jpg",650,433,false],"penci-full-thumb":["https:\/\/nandi.info\/wp-content\/uploads\/2025\/01\/Lancement-Safo-Solaire.jpg",650,433,false],"penci-slider-thumb":["https:\/\/nandi.info\/wp-content\/uploads\/2025\/01\/Lancement-Safo-Solaire.jpg",650,433,false],"penci-magazine-slider":["https:\/\/nandi.info\/wp-content\/uploads\/2025\/01\/Lancement-Safo-Solaire.jpg",650,433,false],"penci-thumb":["https:\/\/nandi.info\/wp-content\/uploads\/2025\/01\/Lancement-Safo-Solaire-585x390.jpg",585,390,true],"penci-masonry-thumb":["https:\/\/nandi.info\/wp-content\/uploads\/2025\/01\/Lancement-Safo-Solaire-585x390.jpg",585,390,true],"penci-thumb-square":["https:\/\/nandi.info\/wp-content\/uploads\/2025\/01\/Lancement-Safo-Solaire-585x433.jpg",585,433,true],"penci-thumb-vertical":["https:\/\/nandi.info\/wp-content\/uploads\/2025\/01\/Lancement-Safo-Solaire-480x433.jpg",480,433,true],"penci-thumb-small":["https:\/\/nandi.info\/wp-content\/uploads\/2025\/01\/Lancement-Safo-Solaire-263x175.jpg",263,175,true]},"author_info":{"display_name":"Nandi","author_link":"https:\/\/nandi.info\/?author=1"},"category_info":"<a href=\"https:\/\/nandi.info\/?cat=88\" rel=\"category\">Eco- D\u00e9veloppement<\/a> <a href=\"https:\/\/nandi.info\/?cat=33\" rel=\"category\">Mali Tribune<\/a>","tag_info":"Mali Tribune","comment_count":"0","jetpack_featured_media_url":"https:\/\/nandi.info\/wp-content\/uploads\/2025\/01\/Lancement-Safo-Solaire.jpg","jetpack_sharing_enabled":true,"_links":{"self":[{"href":"https:\/\/nandi.info\/index.php?rest_route=\/wp\/v2\/posts\/20943","targetHints":{"allow":["GET"]}}],"collection":[{"href":"https:\/\/nandi.info\/index.php?rest_route=\/wp\/v2\/posts"}],"about":[{"href":"https:\/\/nandi.info\/index.php?rest_route=\/wp\/v2\/types\/post"}],"author":[{"embeddable":true,"href":"https:\/\/nandi.info\/index.php?rest_route=\/wp\/v2\/users\/1"}],"replies":[{"embeddable":true,"href":"https:\/\/nandi.info\/index.php?rest_route=%2Fwp%2Fv2%2Fcomments&post=20943"}],"version-history":[{"count":1,"href":"https:\/\/nandi.info\/index.php?rest_route=\/wp\/v2\/posts\/20943\/revisions"}],"predecessor-version":[{"id":20945,"href":"https:\/\/nandi.info\/index.php?rest_route=\/wp\/v2\/posts\/20943\/revisions\/20945"}],"wp:featuredmedia":[{"embeddable":true,"href":"https:\/\/nandi.info\/index.php?rest_route=\/wp\/v2\/media\/20944"}],"wp:attachment":[{"href":"https:\/\/nandi.info\/index.php?rest_route=%2Fwp%2Fv2%2Fmedia&parent=20943"}],"wp:term":[{"taxonomy":"category","embeddable":true,"href":"https:\/\/nandi.info\/index.php?rest_route=%2Fwp%2Fv2%2Fcategories&post=20943"},{"taxonomy":"post_tag","embeddable":true,"href":"https:\/\/nandi.info\/index.php?rest_route=%2Fwp%2Fv2%2Ftags&post=20943"}],"curies":[{"name":"wp","href":"https:\/\/api.w.org\/{rel}","templated":true}]}}