{"id":20938,"date":"2025-01-26T00:05:10","date_gmt":"2025-01-25T23:05:10","guid":{"rendered":"https:\/\/nandi.info\/?p=20938"},"modified":"2025-01-26T00:05:13","modified_gmt":"2025-01-25T23:05:13","slug":"dalpha-conde-a-macky-sall-rencontre-avec-ousmane-yara-conseiller-de-lombre","status":"publish","type":"post","link":"https:\/\/nandi.info\/?p=20938","title":{"rendered":"D\u2019Alpha Conde \u00e0 Macky Sall\u2026 : Rencontre avec Ousmane Yara, conseiller de l\u2019ombre !"},"content":{"rendered":"\n<figure class=\"wp-block-image size-full\"><img fetchpriority=\"high\" decoding=\"async\" width=\"480\" height=\"520\" src=\"https:\/\/nandi.info\/wp-content\/uploads\/2025\/01\/Ousmane-Yara.jpg\" alt=\"\" class=\"wp-image-20939\" srcset=\"https:\/\/nandi.info\/wp-content\/uploads\/2025\/01\/Ousmane-Yara.jpg 480w, https:\/\/nandi.info\/wp-content\/uploads\/2025\/01\/Ousmane-Yara-277x300.jpg 277w\" sizes=\"(max-width: 480px) 100vw, 480px\" \/><\/figure>\n\n\n\n<p><strong><em>Le magazine \u201cJeune Afrique\u201d s\u2019est entretenu avec l\u2019homme d\u2019affaires malien, longtemps introduit en Guin\u00e9e. Proche de Macky Sall, il s\u2019est aussi investi dans les n\u00e9gociations avec l\u2019opposition s\u00e9n\u00e9galaise avant la pr\u00e9sidentielle de mars 2024.<\/em><\/strong><\/p>\n\n\n\n<p class=\"has-drop-cap\">C\u2019\u00e9tait il y a un an. A l\u2019\u00e9poque, Macky Sall cherche \u00e0 apaiser le climat politique au S\u00e9n\u00e9gal. Lui-m\u00eame a d\u00e9j\u00e0 annonc\u00e9 qu\u2019il ne briguerait pas de nouveau mandat \u00e0 la t\u00eate du pays lors de l\u2019\u00e9lection du 25 f\u00e9vrier. Or la campagne du Premier ministre Amadou Ba est poussive, et l\u2019opposant Ousmane Sonko, bien qu\u2019incarc\u00e9r\u00e9 \u00e0 la prison de Cap Manuel, joue le tout pour le tout pour faire valider sa candidature.<\/p>\n\n\n\n<p><strong>Porteur de messages<\/strong><\/p>\n\n\n\n<p>Un soir, le pr\u00e9sident s\u00e9n\u00e9galais choisit de faire part de sa pr\u00e9occupation \u00e0 quelques-uns de ses proches r\u00e9unis pour un d\u00eener organis\u00e9 dans sa r\u00e9sidence de Mermoz, \u00e0 Dakar. Ousmane Yara a pris place autour de la table et ne perdra pas une miette de ce qui s\u2019y dira.<\/p>\n\n\n\n<p>Macky Sall et cet homme d\u2019affaires malien install\u00e9 \u00e0 Dakar se connaissent depuis plusieurs ann\u00e9es. Ils se sont rencontr\u00e9s au d\u00e9but des ann\u00e9es 2000, \u00e0 l\u2019\u00e9poque o\u00f9 le premier \u00e9tait le chef du gouvernement d\u2019Abdoulaye Wade. Ousmane Yara est l\u2019un de ces personnages \u00e9quivoques, \u00e0 qui les affaires ont r\u00e9ussi et qui s\u2019\u00e9panouit dans l\u2019ombre des puissants pour lesquels il joue volontiers les interm\u00e9diaires.<\/p>\n\n\n\n<p>Ce soir-l\u00e0, il propose \u00e0 Macky Sall de mener des n\u00e9gociations en son nom avec Ousmane Sonko. Le chef de l\u2019\u00c9tat h\u00e9site, redoute une lev\u00e9e de boucliers dans son propre camp, mais finit par se laisser convaincre. Et c\u2019est ainsi que le Malien entre en sc\u00e8ne quelques jours plus tard. Il rencontrera \u00e0 plusieurs reprises le chef des Patriotes africains du S\u00e9n\u00e9gal pour le travail, l\u2019\u00e9thique et la fraternit\u00e9 (Pastef), porteur \u00e0 chaque fois de messages du pr\u00e9sident s\u00e9n\u00e9galais.<\/p>\n\n\n\n<p><strong>L\u2019ombre et la lumi\u00e8re<\/strong><\/p>\n\n\n\n<p>Des mois ont pass\u00e9. Apr\u00e8s plusieurs tentatives infructueuses, nous le rencontrons une premi\u00e8re fois en ao\u00fbt 2024, \u00e0 Dakar, dans un salon de l\u2019h\u00f4tel Teranga, soucieux d\u2019en savoir plus sur le r\u00f4le qu\u2019il a jou\u00e9 dans la d\u00e9crispation entre Macky Sall et Ousmane Sonko. La nuit est depuis longtemps tomb\u00e9e sur la capitale s\u00e9n\u00e9galaise quand Ousmane Yara explique avoir&nbsp;<strong>\u201cjuste voulu aider un ami\u201d<\/strong>&nbsp;qui \u00e9tait dos au mur.<\/p>\n\n\n\n<p><strong><em>\u201cJ\u2019ai vu que la direction dans laquelle certains voulaient le pousser lui cr\u00e9erait des probl\u00e8mes, et cr\u00e9erait des probl\u00e8mes au pays. Si je vois qu\u2019un pays br\u00fble et que j\u2019ai la solution pour \u00e9teindre l\u2019incendie, pourquoi ne le ferais-je pas ?\u201d<\/em><\/strong><\/p>\n\n\n\n<p>Nous le reverrons dans les derniers jours de l\u2019ann\u00e9e 2024, dans un restaurant de l\u2019avenue George-V, \u00e0 Paris. Notre interlocuteur y a visiblement ses habitudes. Au fil de nos \u00e9changes se dessine le parcours d\u2019un homme qui prosp\u00e8re dans l\u2019ombre mais ne d\u00e9daigne pas la lumi\u00e8re.<\/p>\n\n\n\n<p>Fils d\u2019un diamantaire malien, Ousmane Yara est n\u00e9 en janvier 1970 \u00e0 Lubumbashi, dans le Sud de ce qui ne s\u2019appelle pas encore la RDC \u2013 son p\u00e8re y poss\u00e8de un comptoir. Mais c\u2019est \u00e0 Conakry, aupr\u00e8s d\u2019un oncle paternel, qu\u2019il grandit.&nbsp;<strong><em>\u201cLa Guin\u00e9e est mon pays d\u2019adoption, confie-t-il. J\u2019y ai rejoint le jeune fr\u00e8re de mon p\u00e8re, qui y vivait depuis plusieurs ann\u00e9es. C\u2019\u00e9tait juste apr\u00e8s le d\u00e9c\u00e8s de S\u00e9kou Tour\u00e9, en 1984\u201d.<\/em><\/strong><\/p>\n\n\n\n<p>Il ne s\u2019\u00e9tend pas sur le sujet, mais l\u2019un de ses cousins n\u2019est autre que Samba Bathily, un homme dont les affaires vont devenir florissantes et qui c\u00f4toiera le tout Conakry. Ousmane Yara fait bient\u00f4t la connaissance des fils de Lansana Cont\u00e9, puis d\u2019Ibrahima Kassory Fofana (<strong><em>\u201cun grand fr\u00e8re quand il \u00e9tait ministre des Finances\u201d<\/em><\/strong>), et enfin d\u2019Alpha Cond\u00e9.<\/p>\n\n\n\n<p><strong>Palais pr\u00e9sidentiels et p\u00e9trole nig\u00e9rian<\/strong><\/p>\n\n\n\n<p>Arriv\u00e9 au pouvoir, fin 2010, ce dernier se prend d\u2019affection pour les deux cousins. Il prend Ousmane Yara sous son aile et lui ouvre les portes d\u2019autres palais.&nbsp;<strong><em>\u201cGr\u00e2ce \u00e0 lui, j\u2019ai pu c\u00f4toyer Mahamadou Issoufou, Ibrahim Boubacar K\u00e9ita, Muhammadu Buhari et m\u00eame le pr\u00e9sident sud-africain Jacob Zuma\u201d,<\/em><\/strong>&nbsp;\u00e9num\u00e8re-t-il.<\/p>\n\n\n\n<p>La premi\u00e8re fois que son nom appara\u00eet dans nos colonnes, c\u2019est d\u2019ailleurs en lien avec une m\u00e9diation men\u00e9e par Alpha Cond\u00e9. Et il s\u2019agit d\u00e9j\u00e0 de S\u00e9n\u00e9gal : \u00e0 la demande du chef de l\u2019Etat guin\u00e9en, Ousmane Yara fait partie de ceux qui, en 2019, ont convaincu Abdoulaye Wade de renoncer \u00e0 imposer la candidature de son fils Karim \u00e0 la pr\u00e9sidentielle \u2013 \u00e0 condition que celui-ci puisse concourir \u00e0 celle de 2024.<\/p>\n\n\n\n<p>Si la Guin\u00e9e lui permet de tisser son r\u00e9seau, c\u2019est au Nigeria qu\u2019Ousmane Yara fait fortune, notamment dans le p\u00e9trole. Pour r\u00e9ussir dans le monde des affaires, il s\u2019est attir\u00e9 la bienveillance de l\u2019un des hommes les plus fortun\u00e9s d\u2019Afrique, Aliko Dangote, qu\u2019il accompagne parfois lors de ses d\u00e9placements \u00e0 l\u2019\u00e9tranger. Ainsi est Ousmane Yara : discret sur certains \u00e9pisodes de sa vie, mais volontiers disert sur d\u2019autres.<\/p>\n\n\n\n<p><strong>Investiture de Donald Trump<\/strong><\/p>\n\n\n\n<p>En 2017, le voici qui se rend en Libye. Cette ann\u00e9e-l\u00e0, les m\u00e9dias rendent compte de l\u2019horreur qu\u2019y vivent des milliers d\u2019Africains, arr\u00eat\u00e9s sur le chemin de l\u2019exil et vendus aux ench\u00e8res. Mandat\u00e9 par l\u2019Union africaine alors pr\u00e9sid\u00e9e par Alpha Cond\u00e9, Ousmane Yara se rend \u00e0 Tobrouk pour y rencontrer Aguila Salah Issa, le pr\u00e9sident du Parlement libyen autoproclam\u00e9, afin de n\u00e9gocier le retour de migrants dans leurs pays d\u2019origine. Par la m\u00eame occasion, Ousmane Yara s\u2019entretiendra avec le g\u00e9n\u00e9ral Khalifa Haftar, devenu alors l\u2019homme fort de l\u2019Est libyen.<\/p>\n\n\n\n<p>Lorsque nous le revoyons \u00e0 Paris, fin 2024, Ousmane explique avoir profit\u00e9 de la visite d\u2019Etat du Nig\u00e9rian Bola Tinubu, les 28 et 29 novembre, pour s\u2019entretenir avec ce pr\u00e9sident qu\u2019il conna\u00eet depuis une vingtaine d\u2019ann\u00e9es et qu\u2019il consid\u00e8re comme&nbsp;<strong>\u201cun grand fr\u00e8re\u201d.<\/strong><\/p>\n\n\n\n<p>A Accra, o\u00f9 il s\u2019est rendu quelques jours plus tard, il a f\u00eat\u00e9 la victoire de John Dramani Mahama \u00e0 l\u2019\u00e9lection pr\u00e9sidentielle du 8 d\u00e9cembre \u2013 il avait soutenu sa candidature face \u00e0 celle de Mahamudu Bawumia. Puis il s\u2019est envol\u00e9 pour les Etats-Unis,&nbsp;<strong><em>\u201cun tour rapide, pour discuter avec le comit\u00e9 d\u2019organisation de l\u2019investiture de Donald Trump et pr\u00e9parer la venue de certains chefs d\u2019Etat africains\u201d.<\/em><\/strong><\/p>\n\n\n\n<p><strong>Carnet d\u2019adresses contre march\u00e9s publics ?<\/strong><\/p>\n\n\n\n<p>A ceux qui doutent de son carnet d\u2019adresses, il n\u2019h\u00e9site pas \u00e0 montrer, en guise de preuve, des clich\u00e9s le montrant en compagnie de tel ou tel pr\u00e9sident.&nbsp;<strong><em>\u201cLe continent n\u2019a<\/em><\/strong>&nbsp;<strong><em>pas de secret pour moi\u201d,<\/em><\/strong>&nbsp;se vante-t-il.&nbsp;<strong><em>\u201cL\u2019argent l\u2019int\u00e9resse moins que le fait de murmurer \u00e0 l\u2019oreille des puissants\u201d,<\/em><\/strong>&nbsp;dit de lui un homme politique s\u00e9n\u00e9galais. Il n\u2019a pourtant pas que des amis. Dans l\u2019entourage de l\u2019ancien pr\u00e9sident s\u00e9n\u00e9galais, certains lui reprochent encore d\u2019avoir travaill\u00e9 contre la candidature d\u2019Amadou Ba et contribu\u00e9 \u00e0 sa d\u00e9faite. Une accusation que formulera ouvertement Oumar Sow, un conseiller de Macky Sall, quelques jours apr\u00e8s l\u2019\u00e9lection pr\u00e9sidentielle finalement organis\u00e9e le 24 mars 2024.<\/p>\n\n\n\n<p>Une autre de nos sources n\u2019est pas moins s\u00e9v\u00e8re.&nbsp;<strong><em>\u201cIl ressemble surtout \u00e0 l\u2019un de ces hommes d\u2019affaires qui cherchent \u00e0 \u00eatre proches des palais pr\u00e9sidentiels pour avoir en retour un acc\u00e8s aux march\u00e9s publics\u201d,<\/em><\/strong>&nbsp;critique un chef d\u2019entreprise ouest-africain. Une accusation que l\u2019int\u00e9ress\u00e9 go\u00fbte peu :&nbsp;<strong><em>\u201cIl n\u2019y a aucun chef d\u2019Etat que j\u2019ai aid\u00e9 et qui, en retour, m\u2019a facilit\u00e9 l\u2019obtention de march\u00e9s publics\u201d,<\/em><\/strong>&nbsp;r\u00e9torque-t-il.<\/p>\n\n\n\n<p>Macky Sall, qui sait la complexit\u00e9 de l\u2019homme, l\u2019avait ainsi r\u00e9sum\u00e9 en souriant en novembre 2023, lors de l\u2019inauguration d\u2019un h\u00f4tel du groupe Azala\u00ef, \u00e0 Dakar :&nbsp;<strong><em>\u201cOusmane Yara est un homme tr\u00e8s exceptionnel et tr\u00e8s dangereux\u201d.<\/em><\/strong><\/p>\n\n\n\n<p><strong>Par Mawunyo Hermann Boko (Jeune Afrique)<\/strong><\/p>\n\n\n\n<p><\/p>\n","protected":false},"excerpt":{"rendered":"<p>Le magazine \u201cJeune Afrique\u201d s\u2019est entretenu avec l\u2019homme d\u2019affaires malien, longtemps introduit en Guin\u00e9e. Proche de Macky Sall, il s\u2019est aussi investi dans les n\u00e9gociations avec l\u2019opposition s\u00e9n\u00e9galaise avant la&hellip;<\/p>\n","protected":false},"author":1,"featured_media":20939,"comment_status":"open","ping_status":"open","sticky":false,"template":"","format":"standard","meta":{"content-type":"","_lmt_disableupdate":"","_lmt_disable":"","_jetpack_memberships_contains_paid_content":false,"footnotes":"","jetpack_publicize_message":"","jetpack_publicize_feature_enabled":true,"jetpack_social_post_already_shared":true,"jetpack_social_options":{"image_generator_settings":{"template":"highway","default_image_id":0,"font":"","enabled":false},"version":2}},"categories":[19,21],"tags":[],"class_list":["post-20938","post","type-post","status-publish","format-standard","has-post-thumbnail","hentry","category-aujourdhui-mali","category-societe"],"jetpack_publicize_connections":[],"featured_image_urls":{"full":["https:\/\/nandi.info\/wp-content\/uploads\/2025\/01\/Ousmane-Yara.jpg",480,520,false],"thumbnail":["https:\/\/nandi.info\/wp-content\/uploads\/2025\/01\/Ousmane-Yara-150x150.jpg",150,150,true],"medium":["https:\/\/nandi.info\/wp-content\/uploads\/2025\/01\/Ousmane-Yara-277x300.jpg",277,300,true],"medium_large":["https:\/\/nandi.info\/wp-content\/uploads\/2025\/01\/Ousmane-Yara.jpg",480,520,false],"large":["https:\/\/nandi.info\/wp-content\/uploads\/2025\/01\/Ousmane-Yara.jpg",480,520,false],"1536x1536":["https:\/\/nandi.info\/wp-content\/uploads\/2025\/01\/Ousmane-Yara.jpg",480,520,false],"2048x2048":["https:\/\/nandi.info\/wp-content\/uploads\/2025\/01\/Ousmane-Yara.jpg",480,520,false],"penci-recipe-1200x1200":["https:\/\/nandi.info\/wp-content\/uploads\/2025\/01\/Ousmane-Yara.jpg",480,520,false],"penci-recipe-1200x900":["https:\/\/nandi.info\/wp-content\/uploads\/2025\/01\/Ousmane-Yara.jpg",480,520,false],"penci-recipe-1200x675":["https:\/\/nandi.info\/wp-content\/uploads\/2025\/01\/Ousmane-Yara.jpg",480,520,false],"penci-single-full":["https:\/\/nandi.info\/wp-content\/uploads\/2025\/01\/Ousmane-Yara.jpg",480,520,false],"penci-slider-full-thumb":["https:\/\/nandi.info\/wp-content\/uploads\/2025\/01\/Ousmane-Yara.jpg",480,520,false],"penci-full-thumb":["https:\/\/nandi.info\/wp-content\/uploads\/2025\/01\/Ousmane-Yara.jpg",480,520,false],"penci-slider-thumb":["https:\/\/nandi.info\/wp-content\/uploads\/2025\/01\/Ousmane-Yara.jpg",480,520,false],"penci-magazine-slider":["https:\/\/nandi.info\/wp-content\/uploads\/2025\/01\/Ousmane-Yara-480x516.jpg",480,516,true],"penci-thumb":["https:\/\/nandi.info\/wp-content\/uploads\/2025\/01\/Ousmane-Yara-480x390.jpg",480,390,true],"penci-masonry-thumb":["https:\/\/nandi.info\/wp-content\/uploads\/2025\/01\/Ousmane-Yara.jpg",480,520,false],"penci-thumb-square":["https:\/\/nandi.info\/wp-content\/uploads\/2025\/01\/Ousmane-Yara.jpg",480,520,false],"penci-thumb-vertical":["https:\/\/nandi.info\/wp-content\/uploads\/2025\/01\/Ousmane-Yara.jpg",480,520,false],"penci-thumb-small":["https:\/\/nandi.info\/wp-content\/uploads\/2025\/01\/Ousmane-Yara-263x175.jpg",263,175,true]},"author_info":{"display_name":"Nandi","author_link":"https:\/\/nandi.info\/?author=1"},"category_info":"<a href=\"https:\/\/nandi.info\/?cat=19\" rel=\"category\">Aujourd\u2019hui Mali<\/a> <a href=\"https:\/\/nandi.info\/?cat=21\" rel=\"category\">Soci\u00e9t\u00e9<\/a>","tag_info":"Soci\u00e9t\u00e9","comment_count":"0","jetpack_featured_media_url":"https:\/\/nandi.info\/wp-content\/uploads\/2025\/01\/Ousmane-Yara.jpg","jetpack_sharing_enabled":true,"_links":{"self":[{"href":"https:\/\/nandi.info\/index.php?rest_route=\/wp\/v2\/posts\/20938","targetHints":{"allow":["GET"]}}],"collection":[{"href":"https:\/\/nandi.info\/index.php?rest_route=\/wp\/v2\/posts"}],"about":[{"href":"https:\/\/nandi.info\/index.php?rest_route=\/wp\/v2\/types\/post"}],"author":[{"embeddable":true,"href":"https:\/\/nandi.info\/index.php?rest_route=\/wp\/v2\/users\/1"}],"replies":[{"embeddable":true,"href":"https:\/\/nandi.info\/index.php?rest_route=%2Fwp%2Fv2%2Fcomments&post=20938"}],"version-history":[{"count":1,"href":"https:\/\/nandi.info\/index.php?rest_route=\/wp\/v2\/posts\/20938\/revisions"}],"predecessor-version":[{"id":20940,"href":"https:\/\/nandi.info\/index.php?rest_route=\/wp\/v2\/posts\/20938\/revisions\/20940"}],"wp:featuredmedia":[{"embeddable":true,"href":"https:\/\/nandi.info\/index.php?rest_route=\/wp\/v2\/media\/20939"}],"wp:attachment":[{"href":"https:\/\/nandi.info\/index.php?rest_route=%2Fwp%2Fv2%2Fmedia&parent=20938"}],"wp:term":[{"taxonomy":"category","embeddable":true,"href":"https:\/\/nandi.info\/index.php?rest_route=%2Fwp%2Fv2%2Fcategories&post=20938"},{"taxonomy":"post_tag","embeddable":true,"href":"https:\/\/nandi.info\/index.php?rest_route=%2Fwp%2Fv2%2Ftags&post=20938"}],"curies":[{"name":"wp","href":"https:\/\/api.w.org\/{rel}","templated":true}]}}