{"id":20894,"date":"2025-01-18T01:02:00","date_gmt":"2025-01-18T00:02:00","guid":{"rendered":"https:\/\/nandi.info\/?p=20894"},"modified":"2025-01-19T01:04:34","modified_gmt":"2025-01-19T00:04:34","slug":"communique-du-conseil-des-ministres-du-vendredi-17-janvier-2025-cm-n2025-03-sgg","status":"publish","type":"post","link":"https:\/\/nandi.info\/?p=20894","title":{"rendered":"Communiqu\u00e9 du conseil des ministres du vendredi 17 janvier 2025: CM N\u00b02025-03\/SGG"},"content":{"rendered":"\n<figure class=\"wp-block-image size-large\"><img fetchpriority=\"high\" decoding=\"async\" width=\"1024\" height=\"615\" src=\"https:\/\/nandi.info\/wp-content\/uploads\/2025\/01\/conseil-des-ministres-1024x615.jpg\" alt=\"\" class=\"wp-image-20896\" srcset=\"https:\/\/nandi.info\/wp-content\/uploads\/2025\/01\/conseil-des-ministres-1024x615.jpg 1024w, https:\/\/nandi.info\/wp-content\/uploads\/2025\/01\/conseil-des-ministres-300x180.jpg 300w, https:\/\/nandi.info\/wp-content\/uploads\/2025\/01\/conseil-des-ministres-768x461.jpg 768w, https:\/\/nandi.info\/wp-content\/uploads\/2025\/01\/conseil-des-ministres-1536x923.jpg 1536w, https:\/\/nandi.info\/wp-content\/uploads\/2025\/01\/conseil-des-ministres-1920x1153.jpg 1920w, https:\/\/nandi.info\/wp-content\/uploads\/2025\/01\/conseil-des-ministres-1170x703.jpg 1170w, https:\/\/nandi.info\/wp-content\/uploads\/2025\/01\/conseil-des-ministres-585x351.jpg 585w, https:\/\/nandi.info\/wp-content\/uploads\/2025\/01\/conseil-des-ministres.jpg 2048w\" sizes=\"(max-width: 1024px) 100vw, 1024px\" \/><\/figure>\n\n\n\n<p>Le Conseil des Ministres s\u2019est r\u00e9uni en session ordinaire, le vendredi 17 janvier 2025, dans sa salle de d\u00e9lib\u00e9rations au Palais de Koulouba, sous la pr\u00e9sidence du G\u00e9n\u00e9ral d\u2019Arm\u00e9e Assimi GOITA, Pr\u00e9sident de la Transition, Chef de l\u2019Etat.<\/p>\n\n\n\n<p>Apr\u00e8s examen des points inscrits \u00e0 l\u2019ordre du jour, le Conseil a :<\/p>\n\n\n\n<p>\u2013 adopt\u00e9 des projets de texte ;<\/p>\n\n\n\n<p>\u2013 et entendu des&nbsp;<a href=\"https:\/\/www.maliweb.net\/politique\/conseil-des-ministres\/communique-du-conseil-des-ministres-du-vendredi-17-janvier-2025-cm-n2025-03-sgg-3091596.html#\">&nbsp;communications<\/a>.<\/p>\n\n\n\n<p><strong>AU CHAPITRE DES MESURES LEGISLATIVES ET REGLEMENTAIRES<\/strong><\/p>\n\n\n\n<p>Sur le rapport du ministre de la S\u00e9curit\u00e9 et de la Protection civile, le Conseil des Ministres a adopt\u00e9 :<\/p>\n\n\n\n<p>un projet de d\u00e9cret fixant l\u2019organisation et les modalit\u00e9s de fonctionnement de la Direction g\u00e9n\u00e9rale de la Police nationale.<\/p>\n\n\n\n<p>La Direction g\u00e9n\u00e9rale de la Police nationale a \u00e9t\u00e9 cr\u00e9\u00e9e par l\u2019Ordonnance n\u00b004-026\/P-RM du 16 septembre 2004 avec pour mission d\u2019\u00e9laborer et d\u2019assurer la mise en \u0153uvre de la politique nationale dans le domaine du maintien de l\u2019ordre et de la s\u00e9curit\u00e9 publics et de pr\u00eater son concours \u00e0 l\u2019ex\u00e9cution des lois et des r\u00e8glements. Ses modalit\u00e9s d\u2019organisation et de fonctionnement sont fix\u00e9es par le D\u00e9cret n\u00b004-470\/P-RM du 20 octobre 2004.<\/p>\n\n\n\n<p>L\u2019\u00e9volution de la criminalit\u00e9, l\u2019influence des r\u00e9seaux sociaux dans le secteur de la S\u00e9curit\u00e9 et la militarisation de la Police nationale ont rendu n\u00e9cessaire la relecture du d\u00e9cret du 20 octobre 2004 pour l\u2019adapter au contexte.<\/p>\n\n\n\n<p>Le projet de d\u00e9cret, adopt\u00e9, proc\u00e8de \u00e0 une r\u00e9forme organisationnelle de la Direction g\u00e9n\u00e9rale de la Police nationale et harmonise sa structuration avec celle des Etats-majors et Directions de services formant corps.<\/p>\n\n\n\n<p>un projet de d\u00e9cret fixant l\u2019organisation et les modalit\u00e9s de fonctionnement de la Direction g\u00e9n\u00e9rale de la Protection civile.<\/p>\n\n\n\n<p>La Direction g\u00e9n\u00e9rale de la Protection civile a \u00e9t\u00e9 cr\u00e9\u00e9e par l\u2019Ordonnance n\u00b098-026\/P-RM du 25 ao\u00fbt 1998 avec pour mission d\u2019\u00e9laborer les \u00e9l\u00e9ments de la politique nationale en mati\u00e8re de protection civile et de veiller \u00e0 sa mise en \u0153uvre. Ses modalit\u00e9s d\u2019organisation et de fonctionnement sont fix\u00e9es par le D\u00e9cret n\u00b02021-0034\/PT-RM du 30 janvier 2021.<\/p>\n\n\n\n<p>L\u2019application de ce d\u00e9cret a r\u00e9v\u00e9l\u00e9 des insuffisances qu\u2019il convient de corriger.<\/p>\n\n\n\n<p>Le projet de d\u00e9cret, adopt\u00e9, corrige les insuffisances et apporte les innovations ci-apr\u00e8s :<\/p>\n\n\n\n<p>\u2013 la cr\u00e9ation d\u2019un centre de traitement de l\u2019information et du renseignement ;<\/p>\n\n\n\n<p>\u2013 la cr\u00e9ation des inspections ;<\/p>\n\n\n\n<p>\u2013 la scission de la Sous-direction des Finances et du mat\u00e9riel en deux sous-directions distinctes ;<\/p>\n\n\n\n<p>\u2013 le changement d\u2019appellation des Services rattach\u00e9s en Direction de services ;<\/p>\n\n\n\n<p>\u2013 la cr\u00e9ation du Commandement des Ecoles et Centres de Formation de la Protection civile et le Groupement d\u2019Intervention rapide dans chaque r\u00e9gion.<\/p>\n\n\n\n<p>Le projet de d\u00e9cret, adopt\u00e9, prend \u00e9galement en compte les aspects li\u00e9s \u00e0 la militarisation du corps.<\/p>\n\n\n\n<p>des projets de d\u00e9cret fixant l\u2019organisation, les modalit\u00e9s de fonctionnement et le cadre organique de la Direction g\u00e9n\u00e9rale de la Police technique et scientifique.<\/p>\n\n\n\n<p>La Direction g\u00e9n\u00e9rale de la Police technique et scientifique a \u00e9t\u00e9 cr\u00e9\u00e9e par la Loi n\u00b02018-002 du 12 janvier 2018 avec pour mission d\u2019\u00e9laborer les \u00e9l\u00e9ments de la politique nationale en mati\u00e8re de policetechnique et scientifique et de veiller \u00e0 sa mise en \u0153uvre. Ses modalit\u00e9s d\u2019organisation et de fonctionnement sont fix\u00e9es par le D\u00e9cret n\u00b02020-0224\/PT-RM du 26 novembre 2020.<\/p>\n\n\n\n<p>L\u2019application de ce d\u00e9cret a r\u00e9v\u00e9l\u00e9 des insuffisances qu\u2019il convient de corriger.<\/p>\n\n\n\n<p>Les projets de d\u00e9cret, adopt\u00e9s, dotent la Direction de la Police technique et scientifique d\u2019un cadre organique et corrigent les insuffisances constat\u00e9es en apportant, entre autres, les innovations ci-apr\u00e8s :<\/p>\n\n\n\n<p>\u2013 la cr\u00e9ation d\u2019une Cellule charg\u00e9e de la&nbsp;<a href=\"https:\/\/www.maliweb.net\/politique\/conseil-des-ministres\/communique-du-conseil-des-ministres-du-vendredi-17-janvier-2025-cm-n2025-03-sgg-3091596.html#\">&nbsp;Communication<\/a>&nbsp;et de l\u2019Information ;<\/p>\n\n\n\n<p>\u2013 l\u2019\u00e9rection du Centre des Etudes et de la Formation en Sous-direction ;<\/p>\n\n\n\n<p>\u2013 la cr\u00e9ation de la division des drones au sein de la Sous-direction de l\u2019informatique et des Traces Technologiques ;<\/p>\n\n\n\n<p>\u2013 la prise en compte des dispositions du Statut g\u00e9n\u00e9ral des Militaires.<\/p>\n\n\n\n<p>Sur le rapport du ministre des Affaires \u00e9trang\u00e8res et de la Coop\u00e9ration internationale, le Conseil des Ministres a adopt\u00e9 des projets de texte relatifs \u00e0 la ratification de l\u2019Accord de financement du projet de r\u00e9silience communautaire et de services inclusifs au Mali \u00ab Malidenko \u00bb, sign\u00e9 \u00e0 Bamako, le 06 d\u00e9cembre 2024, entre le Gouvernement de la R\u00e9publique du Mali et l\u2019Association internationale de D\u00e9veloppement.<\/p>\n\n\n\n<p>Par cet Accord de financement, l\u2019Association internationale de D\u00e9veloppement accorde au Gouvernement de la R\u00e9publique du Mali un pr\u00eat d\u2019un montant de 88 milliards 774 millions 550 mille 520 francs CFA.<\/p>\n\n\n\n<p>Le projet, objet du pr\u00e9sent financement, vise \u00e0 am\u00e9liorer l\u2019acc\u00e8s aux services de base r\u00e9pondant aux priorit\u00e9s des communaut\u00e9s dans les zones \u00e0 risque \u00e0 travers :<\/p>\n\n\n\n<p>\u2013 la construction et la r\u00e9habilitation de petites infrastructures productives ;<\/p>\n\n\n\n<p>\u2013 le soutien et la mise en \u0153uvre d\u2019activit\u00e9s de subsistance li\u00e9es au mara\u00eechage, \u00e0 l\u2019\u00e9levage et \u00e0 la pisciculture ;<\/p>\n\n\n\n<p>\u2013 la r\u00e9habilitation de voies de&nbsp;<a href=\"https:\/\/www.maliweb.net\/politique\/conseil-des-ministres\/communique-du-conseil-des-ministres-du-vendredi-17-janvier-2025-cm-n2025-03-sgg-3091596.html#\">&nbsp;communication<\/a>, d\u2019infrastructures d\u2019eau, d\u2019assainissement, d\u2019\u00e9lectrification, de march\u00e9s, de centres de sant\u00e9 et d\u2019\u00e9ducation.<\/p>\n\n\n\n<p>Le projet concerne 850 villages r\u00e9partis entre 57 Communes des R\u00e9gions de Kidal, Tombouctou, Taoud\u00e9ni, Nara, Nioro et Kayes.<\/p>\n\n\n\n<p>Sur le rapport du ministre de l\u2019Economie et des Finances, le Conseil des Ministres a adopt\u00e9:<\/p>\n\n\n\n<p>un projet de d\u00e9cret relatif \u00e0 la cr\u00e9ation des services r\u00e9gionaux et subr\u00e9gionaux de la Direction g\u00e9n\u00e9rale du Tr\u00e9sor et de la Comptabilit\u00e9 publique.<\/p>\n\n\n\n<p>La Direction g\u00e9n\u00e9rale du Tr\u00e9sor et de la Comptabilit\u00e9 publique est repr\u00e9sent\u00e9e au niveau r\u00e9gional par les Tr\u00e9soreries r\u00e9gionales, les Recettes Perceptions au niveau des Communes et les Recettes de Douanes aupr\u00e8s des Bureaux de Douanes.<\/p>\n\n\n\n<p>L\u2019application des textes r\u00e9gissant ces services a r\u00e9v\u00e9l\u00e9 des insuffisances li\u00e9es, notamment \u00e0 l\u2019\u00e9volution de l\u2019environnement de l\u2019administration publique et \u00e0 la n\u00e9cessit\u00e9 de prendre en compte les innovations introduites par les normes communautaires et internationales en mati\u00e8re de Comptabilit\u00e9 publique.<\/p>\n\n\n\n<p>Le projet de d\u00e9cret, adopt\u00e9, permettra de corriger les insuffisances constat\u00e9es et d\u2019am\u00e9liorer la ma\u00eetrise des risques des op\u00e9rations, la reddition des comptes dans les d\u00e9lais impartis et de conformer les textes des services r\u00e9gionaux et subr\u00e9gionaux \u00e0 l\u2019\u00e9volution de l\u2019administration du Tr\u00e9sor et de la Comptabilit\u00e9 publique.<\/p>\n\n\n\n<p>un projet de d\u00e9cret portant approbation de \u00ab Mali kura \u0272\u025btaasira ka b\u025bn san 2063 ma \u00bb et de la Strat\u00e9gie nationale pour l\u2019Emergence et le D\u00e9veloppement durable 2024-2033.<\/p>\n\n\n\n<p>Le Conseil des Ministres, en sa session du 27 d\u00e9cembre 2024, a pris acte d\u2019une communication \u00e9crite relative \u00e0 \u00ab Mali kura \u0272\u025btaasira ka b\u025bn san 2063 ma \u00bb et \u00e0 la Strat\u00e9gie nationale pour l\u2019Emergence et le D\u00e9veloppement durable 2024-2033.<\/p>\n\n\n\n<p>La Strat\u00e9gie nationale pour l\u2019Emergence et le D\u00e9veloppement durable 2024-2033, cadre op\u00e9rationnel pour la premi\u00e8re d\u00e9cennie de mise en \u0153uvre de \u00ab Mali kura \u0272\u025btaasira ka b\u025bn san 2063 ma \u00bb est une initiative ambitieuse et inclusive visant \u00e0 transformer le Mali en une nation \u00e9mergente en 2033.<\/p>\n\n\n\n<p>La mise en \u0153uvre de ce cadre strat\u00e9gique, qui place le Citoyen malien \u00ab le Mali den Kura \u00bb au c\u0153ur des priorit\u00e9s en le consid\u00e9rant comme un acteur autonome capable de prendre en main son destin, permettra la Refondation de l\u2019Etat et la transformation structurelle de l\u2019\u00e9conomie.<\/p>\n\n\n\n<p>Le projet de d\u00e9cret, adopt\u00e9, consacre l\u2019approbation formelle de \u00ab Mali kura \u0272\u025btaasira ka b\u025bn san 2063 ma \u00bb et ouvre la voie \u00e0 la mise en \u0153uvre des projets structurants identifi\u00e9s.<\/p>\n\n\n\n<p>Sur le rapport du ministre des Mines, le Conseil des Ministres a adopt\u00e9 un projet de d\u00e9cret autorisant le transfert au profit de la Soci\u00e9t\u00e9 KORALI SUD-S.A. du permis d\u2019exploitation de grande mine d\u2019or de Korali-Sud, dans le Cercle de Sadiola, R\u00e9gion de Kayes, attribu\u00e9 \u00e0 la soci\u00e9t\u00e9 LGC EXPLORATION MALI-SARL.<\/p>\n\n\n\n<p>Un permis d\u2019exploitation de petite mine a \u00e9t\u00e9 attribu\u00e9 \u00e0 la Soci\u00e9t\u00e9 LGC EXPLORATION MALI-SARL \u00e0 Korali-Sud, dans le Cercle de Sadiola, R\u00e9gion de Kayes, suivant l\u2019Arr\u00eat\u00e9 n\u00b02022-1013\/MMEE-SG du 15 avril 2022.<\/p>\n\n\n\n<p>En vue d\u2019une exploitation optimale du gisement de Korali-Sud, Allied Gold, l\u2019op\u00e9rateur de la minede Sadiola et un des actionnaires de la Soci\u00e9t\u00e9 d\u2019Exploitation des Mines d\u2019or de Sadiola et LGC EXPLORATION MALI-SARL ont conclu un accord de cession du permis d\u2019exploitation de petite mine de Korali-Sud en novembre 2023 et convenu de mettre leurs efforts ensemble pour uneexploitation \u00e9conomique du gisement mis en \u00e9vidence.<\/p>\n\n\n\n<p>Les activit\u00e9s effectu\u00e9es dans le cadre de la mise en \u0153uvre de cet accord ont r\u00e9v\u00e9l\u00e9 des r\u00e9serves exploitables estim\u00e9es \u00e0 8,8 millions de tonnes et des opportunit\u00e9s d\u2019augmenter ces r\u00e9serves. C\u2019est ainsi qu\u2019Allied Gold a propos\u00e9 un nouveau plan d\u2019exploitation qui rentre dans la cat\u00e9gorie des grandes mines.<\/p>\n\n\n\n<p>La transformation du permis d\u2019exploitation de petite mine de Korali-Sud en permis d\u2019exploitation de grande mine a \u00e9t\u00e9 attribu\u00e9 \u00e0 la Soci\u00e9t\u00e9 LGC EXPLORATION MALI-SARL par le D\u00e9cret n\u00b02024-0588\/PT-RM du 23 octobre 2024, \u00e0 Korali-Sud.<\/p>\n\n\n\n<p>Le projet de d\u00e9cret, adopt\u00e9, autorise le transfert au profit de la Soci\u00e9t\u00e9 KORALI SUD-SA du permis d\u2019exploitation de grande mine d\u2019or de Korali-Sud, dans le Cercle de Sadiola.<\/p>\n\n\n\n<p>Sur le rapport du ministre de l\u2019Artisanat, de la Culture, de l\u2019Industrie h\u00f4teli\u00e8re et du Tourisme, le Conseil des Ministres a adopt\u00e9 un projet de d\u00e9cret instituant la Biennale artistique et culturelle du Mali.<\/p>\n\n\n\n<p>Les autorit\u00e9s de la R\u00e9publique du Mali ont marqu\u00e9, d\u00e8s les premi\u00e8res ann\u00e9es de l\u2019ind\u00e9pendance, leur volont\u00e9 de promouvoir et d\u00e9velopper une culture malienne forte ancr\u00e9e dans les valeurs de notre soci\u00e9t\u00e9 et ouverte au monde en vue de r\u00e9aliser une unit\u00e9 nationale fond\u00e9e sur le sentiment d\u2019identit\u00e9 commune. Cette volont\u00e9 s\u2019est traduite par la cr\u00e9ation de formations artistiques nationales n\u00e9es de la Semaine nationale de la Jeunesse dont la premi\u00e8re \u00e9dition a eu lieu en 1962.<\/p>\n\n\n\n<p>La Semaine nationale de la Jeunesse deviendra en 1970 la Biennale artistique, culturelle et sportive puis la Semaine nationale des Arts et de la Culture.<\/p>\n\n\n\n<p>Institu\u00e9e par l\u2019Arr\u00eat\u00e9 n\u00b02110\/MJSAC-CAB du 30 mai 1979, l\u2019organisation des diff\u00e9rentes \u00e9ditions de la Biennale a r\u00e9v\u00e9l\u00e9 des insuffisances, notamment l\u2019inadaptation de l\u2019arr\u00eat\u00e9 au cadre institutionnel et la non prise en compte de la dimension industrie culturelle et cr\u00e9ative.<\/p>\n\n\n\n<p>Le projet de d\u00e9cret, adopt\u00e9, institue la Biennale artistique et culturelle et permet sa tenue, de fa\u00e7on tournante, dans une r\u00e9gion ou dans le District de Bamako.<\/p>\n\n\n\n<p>Son adoption participe de la mise en \u0153uvre d\u2019une des recommandations des Assises nationales de la Refondation et permettra d\u2019inscrire la manifestation dans une vision politique de souverainet\u00e9 culturelle nationale.<\/p>\n\n\n\n<p><strong>AU CHAPITRE DES&nbsp;<a href=\"https:\/\/www.maliweb.net\/politique\/conseil-des-ministres\/communique-du-conseil-des-ministres-du-vendredi-17-janvier-2025-cm-n2025-03-sgg-3091596.html#\">&nbsp;COMMUNICATIONS<\/a><\/strong><\/p>\n\n\n\n<p>Le ministre de l\u2019Administration territoriale et de la D\u00e9centralisation a inform\u00e9 le Conseil des Ministres de la dissolution des Conseils communaux des Communes rurales de Dialakorodji et de Safo, R\u00e9gion de Koulikoro.<\/p>\n\n\n\n<p>La dissolution du Conseil communal est pr\u00e9vue par la Loi n\u00b02023-004 du 13 mars 2023 portant Code des Collectivit\u00e9s territoriales. Aux termes de l\u2019article 8 de ladite loi, \u00ab le Conseil communal peut \u00eatre suspendu ou dissous. Dans tous les cas, le Conseil communal est admis pr\u00e9alablement \u00e0 fournir des explications \u00e9crites, par l\u2019entremise du Maire, au Repr\u00e9sentant de l\u2019Etat dans le Cercle\u2026 \u00bb.<\/p>\n\n\n\n<p>Les Conseils communaux des Communes rurales de Dialakorodji et Safo se caract\u00e9risent depuis un certain temps par des dysfonctionnements et des violations de la loi, notamment des morcellements irr\u00e9guliers du domaine priv\u00e9 de l\u2019Etat et des particuliers, l\u2019immixtion des autorit\u00e9s communales dans le processus de nomination des Chefs de village, la fermeture irr\u00e9guli\u00e8re d\u2019un Centre de Sant\u00e9, le non-respect des proc\u00e9dures applicables aux march\u00e9s publics.<\/p>\n\n\n\n<p>Face \u00e0 ces situations de fautes graves de gestion administrative, une demande d\u2019explication a \u00e9t\u00e9 adress\u00e9e auxdits Conseils communaux.<\/p>\n\n\n\n<p>A l\u2019effet de mettre fin aux d\u00e9rives constat\u00e9es, les Conseils communaux des Communes rurales de Dialakorodji et Safo sont dissouts conform\u00e9ment aux dispositions de l\u2019article 10 du Code des Collectivit\u00e9s territoriales.<\/p>\n\n\n\n<p>Le ministre du Travail, de la Fonction publique et du Dialogue social a inform\u00e9 le Conseil des Ministres de l\u2019organisation des concours directs de recrutement dans la Fonction publique de l\u2019Etat au titre de l\u2019exercice budg\u00e9taire 2024.<\/p>\n\n\n\n<p>Les concours directs de recrutement dans la Fonction publique de l\u2019Etat, exercice budg\u00e9taire 2024, sont ouverts suivant le communiqu\u00e9 du 17 janvier 2025.<\/p>\n\n\n\n<p>Au total, 848 postes sont mis en comp\u00e9tition y compris les 75 postes ouverts pour les 9 Corps de l\u2019Ecole nationale d\u2019Administration et les 72 postes non pourvus des concours directs de l\u2019ann\u00e9e 2023.<\/p>\n\n\n\n<p>La r\u00e9ception des dossiers de candidatures se d\u00e9roulera du 22 janvier au 21 f\u00e9vrier 2025 \u00e0 Bamako, au Centre national des Concours de la Fonction publique ainsi que dans les centres r\u00e9gionaux de Kayes,Sikasso, S\u00e9gou, Mopti, Tombouctou et Gao.<\/p>\n\n\n\n<p>Les concours se d\u00e9rouleront du 05 au 20 avril 2025 \u00e0 Bamako et dans tous les centres r\u00e9gionaux.<\/p>\n\n\n\n<p>Le ministre de l\u2019Energie et de l\u2019Eau a inform\u00e9 le Conseil des Ministres de la tenue de la 77\u00e8me Session Ordinaire du Conseil des Ministres de l\u2019Organisation pour la Mise en Valeur du fleuve S\u00e9n\u00e9gal, \u00e0 Conakry en R\u00e9publique de Guin\u00e9e.<\/p>\n\n\n\n<p>La 77\u00e8me Session ordinaire du Conseil des Ministres de l\u2019Organisation pour la Mise en Valeur du fleuve S\u00e9n\u00e9gal sera l\u2019occasion d\u2019examiner l\u2019\u00e9tat d\u2019ex\u00e9cution des diff\u00e9rentes activit\u00e9s r\u00e9alis\u00e9es en 2024, d\u2019adopter les programmes d\u2019activit\u00e9s et les budgets 2025 des structures de l\u2019Organisation et les rapports des Commissaires aux Comptes sur l\u2019exercice 2023.<\/p>\n\n\n\n<p>Cette Session, qui se tiendra du 30 et 31 janvier 2025, sera pr\u00e9c\u00e9d\u00e9e de la r\u00e9union pr\u00e9paratoire des experts, les 27, 28 et 29 janvier 2025.<\/p>\n\n\n\n<p>La participation du Mali, \u00e0 travers le ministre de l\u2019Energie et de l\u2019Eau assurant la Pr\u00e9sidence du Conseil des Ministres de l\u2019OMVS et le ministre de l\u2019Economie et des Finances, sera l\u2019occasion de sensibiliser les Etats membres sur la r\u00e9alisation du Projet de Navigation sur le fleuve S\u00e9n\u00e9gal et sur la gouvernance relative \u00e0 la gestion des ouvrages hydro\u00e9lectriques de Manantali, F\u00e9lou et Gouina.<\/p>\n\n\n\n<p>Le ministre de la Promotion de la Femme de l\u2019Enfant et de la Famille a inform\u00e9 le Conseil des Ministres de la c\u00e9l\u00e9bration de la Journ\u00e9e Internationale de la Femme, 08 mars, 31\u00e8me \u00e9dition.<\/p>\n\n\n\n<p>La Journ\u00e9e du 08 mars, institutionnalis\u00e9e en 1977 par l\u2019Organisation des Nations unies comme \u00ab Journ\u00e9e internationale de la Femme \u00bb vise \u00e0 promouvoir les droits des femmes et l\u2019\u00e9galit\u00e9 du genre \u00e0 travers l\u2019investissement dans leur autonomisation \u00e9conomique et politique pour un d\u00e9veloppement inclusif durable.<\/p>\n\n\n\n<p>Au plan international, le th\u00e8me de cette ann\u00e9e est : \u00ab Investir en faveur des femmes : acc\u00e9l\u00e9rer le rythme \u00bb.<\/p>\n\n\n\n<p>Au niveau national, la Journ\u00e9e sera c\u00e9l\u00e9br\u00e9e sous le th\u00e8me : \u00ab Acc\u00e9l\u00e9rer le rythme de l\u2019autonomisation des femmes et des filles, gage d\u2019un d\u00e9veloppement humain durable \u00bb. Ce th\u00e8me s\u2019inscrit dans la dynamique des r\u00e9formes politiques et institutionnelles en cours au Mali en vue de renforcer les engagements internationaux, r\u00e9gionaux et nationaux relatifs aux droits civils, politiques, sociaux, culturels et \u00e9conomiques des femmes et \u00e0 l\u2019\u00e9galit\u00e9 du genre.<\/p>\n\n\n\n<p>Cette ann\u00e9e, la c\u00e9r\u00e9monie de lancement officiel de la c\u00e9l\u00e9bration de la Journ\u00e9e internationale des Femmes se tiendra \u00e0 Koutiala. Des activit\u00e9s comm\u00e9moratives se d\u00e9rouleront \u00e0 Bamako, dans les R\u00e9gions et Cercles courant le mois de mars.<\/p>\n\n\n\n<p>Le ministre de l\u2019Artisanat, de la Culture, de l\u2019Industrie h\u00f4teli\u00e8re et du Tourisme a inform\u00e9 le Conseil des Ministres de la tenue de la 13\u00e8me Session de la Conf\u00e9rence des Ministres de la Culture dans le Monde Islamique.<\/p>\n\n\n\n<p>La Conf\u00e9rence des Ministres de la Culture dans le monde islamique est une des Instances de l\u2019Organisation du Monde islamique pour l\u2019Education, les Sciences et la Culture.<\/p>\n\n\n\n<p>Mali, membre du Comit\u00e9 du patrimoine islamique depuis 2014, a toujours particip\u00e9 activement aux r\u00e9unions de la Conf\u00e9rence des ministres dans le monde islamique et a inscrit 10 biens sur la Liste du Patrimoine islamique.<\/p>\n\n\n\n<p>La participation de notre pays \u00e0 cette 13\u00e8me Session qui se d\u00e9roulera du 12 au 13 f\u00e9vrier 2025 \u00e0 Djeddah au Royaume d\u2019Arabie Saoudite, permettra d\u2019obtenir le soutien des membres de la Conf\u00e9rence des Ministres pour l\u2019inscription de nouveaux biens sur la Liste du Patrimoine dans le Monde islamique.<\/p>\n\n\n\n<p>La Conf\u00e9rence permettra \u00e9galement aux ministres de la Culture dans le monde islamique de discuter, entre autres, du renouvellement de l\u2019action culturelle dans le monde islamique, ainsi que des moyens pour y parvenir, de s\u2019informer sur l\u2019\u00e9tat de conservation des biens inscrits sur la Liste du Patrimoine islamique et d\u2019examiner<\/p>\n\n\n\n<p>l\u2019avancement de l\u2019ex\u00e9cution des r\u00e9solutions et recommandations de la 12\u00e8me Session de la Conf\u00e9rence.<\/p>\n\n\n\n<p>Le ministre de la Sant\u00e9 et du D\u00e9veloppement social a inform\u00e9 le Conseil des Ministres de la situation \u00e9pid\u00e9miologique du pays marqu\u00e9e, notamment :<\/p>\n\n\n\n<p>par une stagnation du nombre de cas test\u00e9s positifs de la maladie \u00e0 Coronavirus par rapport \u00e0 la semaine pr\u00e9c\u00e9dente ;<\/p>\n\n\n\n<p>par une diminution du nombre de cas confirm\u00e9s de dengue compar\u00e9 \u00e0 celui de la semaine \u00e9coul\u00e9e.<\/p>\n\n\n\n<p>Le Pr\u00e9sident de la Transition, Chef de l\u2019Etat a, cependant, appel\u00e9 la population au respect strict des mesures de pr\u00e9vention et de lutte contre les maladies.<\/p>\n\n\n\n<p><strong>Bamako, le 17 janvier 2025<\/strong><\/p>\n\n\n\n<p><strong>Le Secr\u00e9taire G\u00e9n\u00e9ral du Gouvernement,<\/strong><\/p>\n\n\n\n<p><strong>Birama COULIBALY<\/strong><\/p>\n\n\n\n<p><strong>Chevalier de l\u2019Ordre national<\/strong><\/p>\n\n\n\n<p>maliweb<\/p>\n\n\n\n<h3 class=\"wp-block-heading\"><\/h3>\n","protected":false},"excerpt":{"rendered":"<p>Le Conseil des Ministres s\u2019est r\u00e9uni en session ordinaire, le vendredi 17 janvier 2025, dans sa salle de d\u00e9lib\u00e9rations au Palais de Koulouba, sous la pr\u00e9sidence du G\u00e9n\u00e9ral d\u2019Arm\u00e9e Assimi&hellip;<\/p>\n","protected":false},"author":1,"featured_media":20896,"comment_status":"open","ping_status":"open","sticky":false,"template":"","format":"standard","meta":{"content-type":"","_lmt_disableupdate":"","_lmt_disable":"","_jetpack_memberships_contains_paid_content":false,"footnotes":"","jetpack_publicize_message":"","jetpack_publicize_feature_enabled":true,"jetpack_social_post_already_shared":true,"jetpack_social_options":{"image_generator_settings":{"template":"highway","default_image_id":0,"font":"","enabled":false},"version":2}},"categories":[28,43,23],"tags":[],"class_list":["post-20894","post","type-post","status-publish","format-standard","has-post-thumbnail","hentry","category-communique-du-conseil-des-ministres","category-nandi-info","category-politique"],"jetpack_publicize_connections":[],"featured_image_urls":{"full":["https:\/\/nandi.info\/wp-content\/uploads\/2025\/01\/conseil-des-ministres.jpg",2048,1230,false],"thumbnail":["https:\/\/nandi.info\/wp-content\/uploads\/2025\/01\/conseil-des-ministres-150x150.jpg",150,150,true],"medium":["https:\/\/nandi.info\/wp-content\/uploads\/2025\/01\/conseil-des-ministres-300x180.jpg",300,180,true],"medium_large":["https:\/\/nandi.info\/wp-content\/uploads\/2025\/01\/conseil-des-ministres-768x461.jpg",768,461,true],"large":["https:\/\/nandi.info\/wp-content\/uploads\/2025\/01\/conseil-des-ministres-1024x615.jpg",1024,615,true],"1536x1536":["https:\/\/nandi.info\/wp-content\/uploads\/2025\/01\/conseil-des-ministres-1536x923.jpg",1536,923,true],"2048x2048":["https:\/\/nandi.info\/wp-content\/uploads\/2025\/01\/conseil-des-ministres.jpg",2048,1230,false],"penci-recipe-1200x1200":["https:\/\/nandi.info\/wp-content\/uploads\/2025\/01\/conseil-des-ministres-1200x1200.jpg",1200,1200,true],"penci-recipe-1200x900":["https:\/\/nandi.info\/wp-content\/uploads\/2025\/01\/conseil-des-ministres-1200x900.jpg",1200,900,true],"penci-recipe-1200x675":["https:\/\/nandi.info\/wp-content\/uploads\/2025\/01\/conseil-des-ministres-1200x675.jpg",1200,675,true],"penci-single-full":["https:\/\/nandi.info\/wp-content\/uploads\/2025\/01\/conseil-des-ministres-1920x1153.jpg",1920,1153,true],"penci-slider-full-thumb":["https:\/\/nandi.info\/wp-content\/uploads\/2025\/01\/conseil-des-ministres-1920x800.jpg",1920,800,true],"penci-full-thumb":["https:\/\/nandi.info\/wp-content\/uploads\/2025\/01\/conseil-des-ministres-1170x703.jpg",1170,703,true],"penci-slider-thumb":["https:\/\/nandi.info\/wp-content\/uploads\/2025\/01\/conseil-des-ministres-1170x663.jpg",1170,663,true],"penci-magazine-slider":["https:\/\/nandi.info\/wp-content\/uploads\/2025\/01\/conseil-des-ministres-780x516.jpg",780,516,true],"penci-thumb":["https:\/\/nandi.info\/wp-content\/uploads\/2025\/01\/conseil-des-ministres-585x390.jpg",585,390,true],"penci-masonry-thumb":["https:\/\/nandi.info\/wp-content\/uploads\/2025\/01\/conseil-des-ministres-585x351.jpg",585,351,true],"penci-thumb-square":["https:\/\/nandi.info\/wp-content\/uploads\/2025\/01\/conseil-des-ministres-585x585.jpg",585,585,true],"penci-thumb-vertical":["https:\/\/nandi.info\/wp-content\/uploads\/2025\/01\/conseil-des-ministres-480x650.jpg",480,650,true],"penci-thumb-small":["https:\/\/nandi.info\/wp-content\/uploads\/2025\/01\/conseil-des-ministres-263x175.jpg",263,175,true]},"author_info":{"display_name":"Nandi","author_link":"https:\/\/nandi.info\/?author=1"},"category_info":"<a href=\"https:\/\/nandi.info\/?cat=28\" rel=\"category\">Communique du conseil des ministres<\/a> <a href=\"https:\/\/nandi.info\/?cat=43\" rel=\"category\">Nandi.info<\/a> <a href=\"https:\/\/nandi.info\/?cat=23\" rel=\"category\">Politique<\/a>","tag_info":"Politique","comment_count":"0","jetpack_featured_media_url":"https:\/\/nandi.info\/wp-content\/uploads\/2025\/01\/conseil-des-ministres.jpg","jetpack_sharing_enabled":true,"_links":{"self":[{"href":"https:\/\/nandi.info\/index.php?rest_route=\/wp\/v2\/posts\/20894","targetHints":{"allow":["GET"]}}],"collection":[{"href":"https:\/\/nandi.info\/index.php?rest_route=\/wp\/v2\/posts"}],"about":[{"href":"https:\/\/nandi.info\/index.php?rest_route=\/wp\/v2\/types\/post"}],"author":[{"embeddable":true,"href":"https:\/\/nandi.info\/index.php?rest_route=\/wp\/v2\/users\/1"}],"replies":[{"embeddable":true,"href":"https:\/\/nandi.info\/index.php?rest_route=%2Fwp%2Fv2%2Fcomments&post=20894"}],"version-history":[{"count":1,"href":"https:\/\/nandi.info\/index.php?rest_route=\/wp\/v2\/posts\/20894\/revisions"}],"predecessor-version":[{"id":20897,"href":"https:\/\/nandi.info\/index.php?rest_route=\/wp\/v2\/posts\/20894\/revisions\/20897"}],"wp:featuredmedia":[{"embeddable":true,"href":"https:\/\/nandi.info\/index.php?rest_route=\/wp\/v2\/media\/20896"}],"wp:attachment":[{"href":"https:\/\/nandi.info\/index.php?rest_route=%2Fwp%2Fv2%2Fmedia&parent=20894"}],"wp:term":[{"taxonomy":"category","embeddable":true,"href":"https:\/\/nandi.info\/index.php?rest_route=%2Fwp%2Fv2%2Fcategories&post=20894"},{"taxonomy":"post_tag","embeddable":true,"href":"https:\/\/nandi.info\/index.php?rest_route=%2Fwp%2Fv2%2Ftags&post=20894"}],"curies":[{"name":"wp","href":"https:\/\/api.w.org\/{rel}","templated":true}]}}