{"id":20885,"date":"2025-01-19T00:37:41","date_gmt":"2025-01-18T23:37:41","guid":{"rendered":"https:\/\/nandi.info\/?p=20885"},"modified":"2025-01-19T00:37:45","modified_gmt":"2025-01-18T23:37:45","slug":"promotion-des-bioenergies-les-acteurs-balisent-les-pistes-de-reduction-de-la-facture-energetique-du-mali","status":"publish","type":"post","link":"https:\/\/nandi.info\/?p=20885","title":{"rendered":"Promotion des bio\u00e9nergies : Les acteurs balisent les pistes de r\u00e9duction de la facture \u00e9nerg\u00e9tique du Mali"},"content":{"rendered":"\n<figure class=\"wp-block-image size-full\"><img fetchpriority=\"high\" decoding=\"async\" width=\"696\" height=\"458\" src=\"https:\/\/nandi.info\/wp-content\/uploads\/2025\/01\/FENEM-696x458-1.jpg\" alt=\"\" class=\"wp-image-20888\" srcset=\"https:\/\/nandi.info\/wp-content\/uploads\/2025\/01\/FENEM-696x458-1.jpg 696w, https:\/\/nandi.info\/wp-content\/uploads\/2025\/01\/FENEM-696x458-1-300x197.jpg 300w, https:\/\/nandi.info\/wp-content\/uploads\/2025\/01\/FENEM-696x458-1-585x385.jpg 585w\" sizes=\"(max-width: 696px) 100vw, 696px\" \/><\/figure>\n\n\n\n<p><strong>Malgr\u00e9 les multiples opportunit\u00e9s li\u00e9es \u00e0 la valorisation \u00e9nerg\u00e9tique de la biomasse au plan \u00e9conomique, environnemental et social, le sous-secteur est confront\u00e9 \u00e0 un certain nombre de contraintes qui doivent \u00eatre lev\u00e9es pour accro\u00eetre la contribution des bio\u00e9nergies au d\u00e9veloppement socio-\u00e9conomique du pays. Pour ce faire, l\u2019Agence nationale pour le d\u00e9veloppement des biocarburants (ANADEB) et la F\u00e9d\u00e9ration malienne de l\u2019\u00e9lectricit\u00e9, \u00e9nergies, \u00e9nergies renouvelables et nouvelles (FENEM) ont initi\u00e9 un atelier national d\u2019\u00e9changes avec les acteurs qui s\u2019est tenu le jeudi (26 d\u00e9cembre 2024) \u00e0 Bamako. Il s\u2019agit de mobiliser les acteurs nationaux autour de la promotion des fili\u00e8res bio\u00e9nergie au Mali (production, stockage, distribution et utilisation des produits\u2026) dans la perspective de satisfaire les besoins \u00e9nerg\u00e9tiques des populations et de cr\u00e9ation de ressources et d\u2019emplois verts.<\/strong><\/p>\n\n\n\n<p>Abonnements aux actualit\u00e9s financi\u00e8res<\/p>\n\n\n\n<p><em>Valoriser \u00e0 grande \u00e9chelle les \u00e9nergies renouvelables afin qu\u2019elles contribuent de mani\u00e8re significative \u00e0 la r\u00e9duction de la pauvret\u00e9 et au d\u00e9veloppement durable au b\u00e9n\u00e9fice des populations<\/em>&nbsp;! Tel est l\u2019objectif principal de la politique \u00e9nerg\u00e9tique de notre pays. Et c\u2019est dans le cadre de cette valorisation que l\u2019Agence nationale de d\u00e9veloppement des biocarburants (ANADEB), en collaboration avec la F\u00e9d\u00e9ration malienne de l\u2019\u00e9lectricit\u00e9, \u00e9nergies, \u00e9nergies renouvelables et nouvelles (FENEM), a initi\u00e9 un atelier national le 26 d\u00e9cembre 2024 avec l\u2019ensemble des acteurs nationaux concern\u00e9s. La th\u00e9matique abord\u00e9e est, \u00ab<em>Etat des lieux et opportunit\u00e9s d\u2019affaires dans le sous-secteur de la bio\u00e9nergie<\/em>\u00bb.<\/p>\n\n\n\n<p>Pour le Directeur g\u00e9n\u00e9ral de l\u2019Anadeb, M. Abdoulaye Kaya, ces assises constituent \u00ab<em>un espace privil\u00e9gi\u00e9 de plaidoyer pour renforcer la dynamique nationale en mati\u00e8re d\u2019efficacit\u00e9 \u00e9nerg\u00e9tique\u00bb. Il s\u2019agit avant tout de cr\u00e9er les conditions&nbsp; de l\u2019am\u00e9lioration de \u00abla comp\u00e9titivit\u00e9 \u00e9conomique<\/em>\u00bb de notre pays, en favorisant notamment \u00ab<em>la r\u00e9duction de son empreinte carbone<\/em>\u00bb. Pour ce faire, le patron de l\u2019Anadeb a r\u00e9it\u00e9r\u00e9 la disponibilit\u00e9 de son agence \u00e0 \u00ab<em>accompagner les initiatives priv\u00e9es vers une transition \u00e9nerg\u00e9tique durable, inclusive et r\u00e9siliente<\/em>\u00bb.<\/p>\n\n\n\n<p>Abonnements aux actualit\u00e9s financi\u00e8res<\/p>\n\n\n\n<p>Selon le pr\u00e9sident de la Fenem, M. Amadou dit Diadi\u00e9 Sankar\u00e9, \u00ab<em>l\u2019\u00e9nergie consomm\u00e9e par les m\u00e9nages p\u00e8se pour 81 % dans le bilan \u00e9nerg\u00e9tique national final de consommation et provient quasi exclusivement&nbsp;<\/em>(pr\u00e8s de 90 %)&nbsp;<em>de sources d\u2019\u00e9nergie de la biomasse. La cuisine repr\u00e9sente, \u00e0 elle seule, plus de 95 % de l\u2019\u00e9nergie domestique consomm\u00e9e<\/em>\u00bb. Il a rappel\u00e9 que \u00ab<em>le gaz butane, le biogaz, les biocarburants et les briquettes combustibles sont encore peu utilis\u00e9s pour la cuisine par les m\u00e9nages<\/em>\u00bb. En effet, ils ne comptent que 7 % dans la consommation nationale des produits p\u00e9troliers. D\u2019o\u00f9 l\u2019urgence de solutions palliatives pour inverser cette tendance qui est aussi une source de d\u00e9forestation, donc d\u2019accentuation des effets du changement climatique sur le quotidien de populations d\u00e9j\u00e0 s\u00e9rieusement \u00e9prouv\u00e9es.<\/p>\n\n\n\n<p>\u00ab<em>Trouvez des solutions \u00e0 ces d\u00e9fis est un imp\u00e9ratif pour l\u2019Etat<\/em>\u00bb, a soulign\u00e9 Amadou Diadi\u00e9 Sankar\u00e9. Et les autorit\u00e9s peuvent heureusement compter sur le secteur priv\u00e9, particuli\u00e8rement la Fenem, pour soutenir les initiatives visant \u00e0 faire \u00ab<em>des bio\u00e9nergies et des \u00e9nergies renouvelables des secteurs capables de booster le d\u00e9veloppement socio\u00e9conomique<\/em>\u00bb de notre pays. Il y&nbsp; va&nbsp; de \u00ab<em>la r\u00e9duction significative de la facture \u00e9nerg\u00e9tique, de la lutte contre la d\u00e9forestation,&nbsp; la protection durable des ressources naturelles, la lutte contre les effets n\u00e9fastes du changement climatique<\/em>\u00bb.<\/p>\n\n\n\n<p>Dans son discours d\u2019ouverture, le ministre Boubacar Dian\u00e9 (Energie et Eau) a rappel\u00e9 que l\u2019atelier se tient au moment o\u00f9 \u00ab<em>l\u2019ambition du gouvernement est d\u2019assurer la souverainet\u00e9 \u00e9nerg\u00e9tique du pays<\/em>\u00bb en s\u2019appuyant sur \u00ab<em>la mise en valeur du potentiel national en mati\u00e8re d\u2019\u00e9nergies renouvelables<\/em>\u00bb. Et c\u2019est dans cette optique que son d\u00e9partement s\u2019est engag\u00e9 dans \u00ab<em>une politique de promotion des bio\u00e9nergies bas\u00e9es sur les immenses potentialit\u00e9s de notre pays en biomasse. Ces bio\u00e9nergies, une fois d\u00e9velopp\u00e9es, devraient r\u00e9duire consid\u00e9rablement notre d\u00e9pendance aux hydrocarbures<\/em>\u00bb. Il faut rappeler que, pour 2021, la facture li\u00e9e \u00e0 l\u2019importation des produits p\u00e9troliers par notre pays s\u2019est \u00e9lev\u00e9e \u00e0 918,676 milliards de F CFA.<\/p>\n\n\n\n<p>Selon le ministre Dian\u00e9, \u00ab<em>l\u2019acc\u00e8s aux services sociaux de base, dont l\u2019\u00e9nergie<\/em>\u00bb est une pr\u00e9occupation nationale. Celle-ci s\u2019est r\u00e9cemment traduite par le lancement des travaux des centrales solaires photovolta\u00efques de Sanankoroba, Safo, et Tiakadougou-Dialakoro totalisant 400 MW de stockage. \u00ab<em>Les bio\u00e9nergies sont des alternatives idoines aux \u00e9nergies fossiles<\/em>\u00bb, a soulign\u00e9 M. Dian\u00e9 en esp\u00e9rant que le pr\u00e9sent atelier puisse aboutir \u00e0 \u00ab<em>une vision claire sur la question<\/em>\u00bb afin de mieux accompagner \u00ab<em>toutes les initiatives<\/em>\u00bb dans ce sens.<\/p>\n\n\n\n<p>A son avis, l\u2019adoption des nouveaux textes portant cr\u00e9ation de l\u2019Agence nationale des \u00e9nergies renouvelables et des bio\u00e9nergies (ANERB) est \u00ab<em>une r\u00e9forme majeure<\/em>\u00bb qui va favoriser \u00ab<em>la rationalisation&nbsp; institutionnelle, l\u2019am\u00e9lioration de l\u2019efficacit\u00e9 et de l\u2019efficience dans la coordination&nbsp; et la gestion des activit\u00e9s du secteur de l\u2019\u00e9nergie, particuli\u00e8rement du sous-secteur des \u00e9nergies renouvelables<\/em>\u00bb. C\u2019est pourquoi le minist\u00e8re de l\u2019Energie et de l\u2019Eau est &nbsp;dispos\u00e9 \u00e0 collaborer avec tous les acteurs afin de \u00ab<em>garantir un meilleur acc\u00e8s de nos populations aux bio\u00e9nergies et de r\u00e9duire cons\u00e9quemment les \u00e9missions de gaz \u00e0 effet de serre&nbsp;; de lutter contre la d\u00e9forestation et d\u2019offrir des emplois verts aux jeunes et femmes vivant en milieu rural<\/em>\u00bb&nbsp;!<\/p>\n\n\n\n<p><strong>Moussa Bolly<\/strong><\/p>\n","protected":false},"excerpt":{"rendered":"<p>Malgr\u00e9 les multiples opportunit\u00e9s li\u00e9es \u00e0 la valorisation \u00e9nerg\u00e9tique de la biomasse au plan \u00e9conomique, environnemental et social, le sous-secteur est confront\u00e9 \u00e0 un certain nombre de contraintes qui doivent&hellip;<\/p>\n","protected":false},"author":1,"featured_media":20888,"comment_status":"open","ping_status":"open","sticky":false,"template":"","format":"standard","meta":{"content-type":"","_lmt_disableupdate":"","_lmt_disable":"","_jetpack_memberships_contains_paid_content":false,"footnotes":"","jetpack_publicize_message":"","jetpack_publicize_feature_enabled":true,"jetpack_social_post_already_shared":true,"jetpack_social_options":{"image_generator_settings":{"template":"highway","default_image_id":0,"font":"","enabled":false},"version":2}},"categories":[88,53],"tags":[],"class_list":["post-20885","post","type-post","status-publish","format-standard","has-post-thumbnail","hentry","category-eco-developpement","category-le-matin"],"jetpack_publicize_connections":[],"featured_image_urls":{"full":["https:\/\/nandi.info\/wp-content\/uploads\/2025\/01\/FENEM-696x458-1.jpg",696,458,false],"thumbnail":["https:\/\/nandi.info\/wp-content\/uploads\/2025\/01\/FENEM-696x458-1-150x150.jpg",150,150,true],"medium":["https:\/\/nandi.info\/wp-content\/uploads\/2025\/01\/FENEM-696x458-1-300x197.jpg",300,197,true],"medium_large":["https:\/\/nandi.info\/wp-content\/uploads\/2025\/01\/FENEM-696x458-1.jpg",696,458,false],"large":["https:\/\/nandi.info\/wp-content\/uploads\/2025\/01\/FENEM-696x458-1.jpg",696,458,false],"1536x1536":["https:\/\/nandi.info\/wp-content\/uploads\/2025\/01\/FENEM-696x458-1.jpg",696,458,false],"2048x2048":["https:\/\/nandi.info\/wp-content\/uploads\/2025\/01\/FENEM-696x458-1.jpg",696,458,false],"penci-recipe-1200x1200":["https:\/\/nandi.info\/wp-content\/uploads\/2025\/01\/FENEM-696x458-1.jpg",696,458,false],"penci-recipe-1200x900":["https:\/\/nandi.info\/wp-content\/uploads\/2025\/01\/FENEM-696x458-1.jpg",696,458,false],"penci-recipe-1200x675":["https:\/\/nandi.info\/wp-content\/uploads\/2025\/01\/FENEM-696x458-1.jpg",696,458,false],"penci-single-full":["https:\/\/nandi.info\/wp-content\/uploads\/2025\/01\/FENEM-696x458-1.jpg",696,458,false],"penci-slider-full-thumb":["https:\/\/nandi.info\/wp-content\/uploads\/2025\/01\/FENEM-696x458-1.jpg",696,458,false],"penci-full-thumb":["https:\/\/nandi.info\/wp-content\/uploads\/2025\/01\/FENEM-696x458-1.jpg",696,458,false],"penci-slider-thumb":["https:\/\/nandi.info\/wp-content\/uploads\/2025\/01\/FENEM-696x458-1.jpg",696,458,false],"penci-magazine-slider":["https:\/\/nandi.info\/wp-content\/uploads\/2025\/01\/FENEM-696x458-1.jpg",696,458,false],"penci-thumb":["https:\/\/nandi.info\/wp-content\/uploads\/2025\/01\/FENEM-696x458-1-585x390.jpg",585,390,true],"penci-masonry-thumb":["https:\/\/nandi.info\/wp-content\/uploads\/2025\/01\/FENEM-696x458-1-585x385.jpg",585,385,true],"penci-thumb-square":["https:\/\/nandi.info\/wp-content\/uploads\/2025\/01\/FENEM-696x458-1-585x458.jpg",585,458,true],"penci-thumb-vertical":["https:\/\/nandi.info\/wp-content\/uploads\/2025\/01\/FENEM-696x458-1-480x458.jpg",480,458,true],"penci-thumb-small":["https:\/\/nandi.info\/wp-content\/uploads\/2025\/01\/FENEM-696x458-1-263x175.jpg",263,175,true]},"author_info":{"display_name":"Nandi","author_link":"https:\/\/nandi.info\/?author=1"},"category_info":"<a href=\"https:\/\/nandi.info\/?cat=88\" rel=\"category\">Eco- D\u00e9veloppement<\/a> <a href=\"https:\/\/nandi.info\/?cat=53\" rel=\"category\">Le Matin<\/a>","tag_info":"Le Matin","comment_count":"0","jetpack_featured_media_url":"https:\/\/nandi.info\/wp-content\/uploads\/2025\/01\/FENEM-696x458-1.jpg","jetpack_sharing_enabled":true,"_links":{"self":[{"href":"https:\/\/nandi.info\/index.php?rest_route=\/wp\/v2\/posts\/20885","targetHints":{"allow":["GET"]}}],"collection":[{"href":"https:\/\/nandi.info\/index.php?rest_route=\/wp\/v2\/posts"}],"about":[{"href":"https:\/\/nandi.info\/index.php?rest_route=\/wp\/v2\/types\/post"}],"author":[{"embeddable":true,"href":"https:\/\/nandi.info\/index.php?rest_route=\/wp\/v2\/users\/1"}],"replies":[{"embeddable":true,"href":"https:\/\/nandi.info\/index.php?rest_route=%2Fwp%2Fv2%2Fcomments&post=20885"}],"version-history":[{"count":1,"href":"https:\/\/nandi.info\/index.php?rest_route=\/wp\/v2\/posts\/20885\/revisions"}],"predecessor-version":[{"id":20889,"href":"https:\/\/nandi.info\/index.php?rest_route=\/wp\/v2\/posts\/20885\/revisions\/20889"}],"wp:featuredmedia":[{"embeddable":true,"href":"https:\/\/nandi.info\/index.php?rest_route=\/wp\/v2\/media\/20888"}],"wp:attachment":[{"href":"https:\/\/nandi.info\/index.php?rest_route=%2Fwp%2Fv2%2Fmedia&parent=20885"}],"wp:term":[{"taxonomy":"category","embeddable":true,"href":"https:\/\/nandi.info\/index.php?rest_route=%2Fwp%2Fv2%2Fcategories&post=20885"},{"taxonomy":"post_tag","embeddable":true,"href":"https:\/\/nandi.info\/index.php?rest_route=%2Fwp%2Fv2%2Ftags&post=20885"}],"curies":[{"name":"wp","href":"https:\/\/api.w.org\/{rel}","templated":true}]}}