{"id":20884,"date":"2025-01-17T00:13:00","date_gmt":"2025-01-16T23:13:00","guid":{"rendered":"https:\/\/nandi.info\/?p=20884"},"modified":"2025-01-19T00:21:18","modified_gmt":"2025-01-18T23:21:18","slug":"retour-a-lordre-constitutionnel-lurgence-dun-agenda-consensuel-pour-restaurer-la-confiance-avec-les-acteurs-politiques","status":"publish","type":"post","link":"https:\/\/nandi.info\/?p=20884","title":{"rendered":"Retour \u00e0 l\u2019ordre constitutionnel : L\u2019Urgence d\u2019un agenda consensuel pour restaurer la confiance avec les acteurs politiques"},"content":{"rendered":"\n<figure class=\"wp-block-image size-full\"><img fetchpriority=\"high\" decoding=\"async\" width=\"696\" height=\"428\" src=\"https:\/\/nandi.info\/wp-content\/uploads\/2025\/01\/ASSIMI-GRAS-696x428-1.jpg\" alt=\"\" class=\"wp-image-20886\" srcset=\"https:\/\/nandi.info\/wp-content\/uploads\/2025\/01\/ASSIMI-GRAS-696x428-1.jpg 696w, https:\/\/nandi.info\/wp-content\/uploads\/2025\/01\/ASSIMI-GRAS-696x428-1-300x184.jpg 300w, https:\/\/nandi.info\/wp-content\/uploads\/2025\/01\/ASSIMI-GRAS-696x428-1-585x360.jpg 585w\" sizes=\"(max-width: 696px) 100vw, 696px\" \/><\/figure>\n\n\n\n<p><strong>Le 20 ao\u00fbt prochain, la transition malienne aura v\u00e9cu la dur\u00e9e d\u2019un mandat constitutionnel (5 ans). Malheureusement, le chemin d\u2019un retour \u00e0 l\u2019ordre constitutionnel n\u2019est pas toujours balis\u00e9. Faut-il organiser la pr\u00e9sidentielle cette ann\u00e9e&nbsp;? Faut-il prendre le temps de finir avec les r\u00e9formes de la refondation pour amoindrir le risque d\u2019un retour \u00e0 la case-d\u00e9part&nbsp;? Toujours est-il que les cartes sont fr\u00e9quemment brouill\u00e9es. Mais, il est temps qu\u2019on s\u2019asseye pour d\u00e9gager un calendrier \u00e9lectoral consensuel dont la seule finalit\u00e9 est d\u2019assurer une stabilit\u00e9 p\u00e9renne \u00e0 notre pays.<\/strong><\/p>\n\n\n\n<p>\u00ab<em>Notre pays ne doit plus jamais conna\u00eetre une crise similaire<\/em>\u00bb&nbsp;! Tel est le souhait exprim\u00e9 par le Premier ministre, G\u00e9n\u00e9ral de division Abdoulaye Ma\u00efga, lors d\u2019une rencontre avec les acteurs de la gestion de la crise \u00e9nerg\u00e9tique. \u00c9viter la rechute&nbsp;! Doter la R\u00e9publique de garde-fous contre tout retour \u00e0 la case-d\u00e9part&nbsp;! Bien s\u00fbr que cela ne d\u00e9pend pas non seulement de la classe politique malienne, mais de chaque Malienne et de chaque Malien. Sans doute que les autorit\u00e9s de la Transition ont jou\u00e9 leur partition en engageant des r\u00e9formes audacieuses et cons\u00e9quentes pour la refondation de l\u2019Etat, de sa gouvernance.<\/p>\n\n\n\n<p>Et aujourd\u2019hui, la fin de la p\u00e9riode d\u2019exception semble se dessiner car, le 27&nbsp;novembre 2024, l\u2019organisation des \u00e9lections a \u00e9t\u00e9 officiellement abord\u00e9e dans le discours du chef de l\u2019Etat. En effet, lors du premier conseil des ministres avec l\u2019\u00e9quipe du G\u00e9n\u00e9ral Abdoulaye Ma\u00efga, le pr\u00e9sident de la Transition a invit\u00e9 le nouveau gouvernement \u00e0 \u00ab<em>cr\u00e9er les conditions n\u00e9cessaires \u00e0 l\u2019organisation d\u2019\u00e9lections transparentes et apais\u00e9es qui devront mettre un terme \u00e0 la transition<\/em>\u00bb. Certes, il a gard\u00e9 le silence sur le processus \u00e9lectoral \u00e0 venir dans son message \u00e0 la nation \u00e0 l\u2019occasion du nouvel an, l\u2019instruction donn\u00e9e au gouvernement a ressuscit\u00e9 l\u2019espoir que le retour \u00e0 l\u2019ordre constitutionnel n\u2019est pas forc\u00e9ment renvoy\u00e9 aux calendes grecques.<\/p>\n\n\n\n<p>Il a \u00e9t\u00e9 aussi dit que pr\u00e8s de 80 milliards de francs sont inscrits dans le budget 2025 au compte des \u00e9lections. Quelles \u00e9lections ? Mais, cela (en plus des instructions du pr\u00e9sident de la transition) ont suffit pour redonner espoir \u00e0 ceux qui aspirent \u00e0 un retour rapide \u00e0 l\u2019ordre constitutionnel apr\u00e8s 5 ans de transition. Mais, rien n\u2019est moins s\u00fbr car le ciel \u00e9lectoral a du mal \u00e0 d\u00e9gager son horizon. Alors que les autorit\u00e9s assurent \u0153uvrer au retour \u00e0 l\u2019ordre constitutionnel par une pr\u00e9paration rigoureuse des prochaines \u00e9ch\u00e9ances \u00e9lectorales, certains de leurs partisans s\u2019amusent \u00e0 crier sur tous les toits&nbsp;que \u00ab<em>les Maliens n\u2019ont pas besoin d\u2019\u00e9lections<\/em>\u00bb&nbsp;qui ne seraient pas leur priorit\u00e9 ! Priorit\u00e9 par rapport \u00e0 quoi ?<\/p>\n\n\n\n<p>La stabilisation p\u00e9renne du pays \u00e0 travers la s\u00e9curisation totale du pays ? Nous savons que sans une n\u00e9gociation directe avec les principaux \u00ab<em>jihadistes<\/em>\u00bb, la lutte contre le terrorisme est une guerre de tranch\u00e9es de longue haleine. Ce ne sont pas les Somaliens, les Afghans\u2026 qui diront le contraire. Malgr\u00e9 les victoires et une incontestable mont\u00e9e en puissance des Forces de d\u00e9fense et de s\u00e9curit\u00e9, il ne faut pas nourrir l\u2019illusion d\u2019une victoire inexorable sur le court terme.<\/p>\n\n\n\n<p>Peut-on ou doit-on organiser les \u00e9lections cette ann\u00e9e ou dans 2 voire 3 ans ? Peu importe le temps que cela peut prendre si cela peut \u00e9loigner d\u00e9finitivement notre pays du chaos, du p\u00e9ril d\u2019un effondrement de la R\u00e9publique. Toutefois, cela ne doit pas \u00eatre une d\u00e9cision que les tenants actuels du pouvoir doivent imposer aux forces vives de la nation, notamment \u00e0 ceux qui ont investi l\u2019ar\u00e8ne politique avec l\u2019ambition d\u2019apporter un jour leur pierre \u00e0 la gouvernance du pays.<\/p>\n\n\n\n<p>Nous sommes un peuple, une nation. Et nous pensons que, apr\u00e8s toutes ces \u00e9preuves que nous ne cessons de vivre ces derni\u00e8res ann\u00e9es, chacun a pris conscience que nous ne pouvons plus continuer \u00e0 fermer les yeux sur nos erreurs personnelles et collectives et que l\u2019int\u00e9r\u00eat de ce pays doit toujours primer sur les autres consid\u00e9rations. Autant alors nous retrouver autour de la table pour baliser l\u2019avenir du Mali sans passion, sans pression, mais aussi sans concessions pouvant nous d\u00e9router de cette mission vitale. Un agenda consensuel s\u2019impose aujourd\u2019hui. Il test&nbsp;plus que jamais&nbsp;indispensable&nbsp;pour d\u00e9terminer la fin de cette p\u00e9riode d\u2019exception, permettre \u00e0 chacun d\u2019y contribuer de fa\u00e7on responsable. Au pr\u00e9sident de la Transition de prendre l\u2019initiative pour conforter la d\u00e9crispation amorc\u00e9e en d\u00e9cembre dernier.<\/p>\n\n\n\n<p>Si nous pouvons permettre de le conseiller, c\u2019est d\u2019agir avec son intime conviction et surtout de se m\u00e9fier de tous ces laudateurs qui ont caus\u00e9 la perte de plus d\u2019un leader anim\u00e9 de bonne foi pour ce pays, pour les Maliens. Que le chef de l\u2019Etat sache que, pour pr\u00e9server leurs int\u00e9r\u00eats \u00e9go\u00efstes et hypocrites, le Malien est souvent pire qu\u2019un chasseur de primes. Comme ce dernier, il est obnubil\u00e9 par les retomb\u00e9es financi\u00e8res de sa mission, de son soutien toujours monnay\u00e9 au plus offrant&nbsp;!<\/p>\n\n\n\n<p><strong>Moussa Bolly<\/strong><\/p>\n","protected":false},"excerpt":{"rendered":"<p>Le 20 ao\u00fbt prochain, la transition malienne aura v\u00e9cu la dur\u00e9e d\u2019un mandat constitutionnel (5 ans). Malheureusement, le chemin d\u2019un retour \u00e0 l\u2019ordre constitutionnel n\u2019est pas toujours balis\u00e9. Faut-il organiser&hellip;<\/p>\n","protected":false},"author":1,"featured_media":20886,"comment_status":"open","ping_status":"open","sticky":false,"template":"","format":"standard","meta":{"content-type":"","_lmt_disableupdate":"","_lmt_disable":"","_jetpack_memberships_contains_paid_content":false,"footnotes":"","jetpack_publicize_message":"","jetpack_publicize_feature_enabled":false,"jetpack_social_post_already_shared":false,"jetpack_social_options":{"image_generator_settings":{"template":"highway","enabled":false},"version":2}},"categories":[53,23],"tags":[],"class_list":["post-20884","post","type-post","status-publish","format-standard","has-post-thumbnail","hentry","category-le-matin","category-politique"],"jetpack_publicize_connections":[],"featured_image_urls":{"full":["https:\/\/nandi.info\/wp-content\/uploads\/2025\/01\/ASSIMI-GRAS-696x428-1.jpg",696,428,false],"thumbnail":["https:\/\/nandi.info\/wp-content\/uploads\/2025\/01\/ASSIMI-GRAS-696x428-1-150x150.jpg",150,150,true],"medium":["https:\/\/nandi.info\/wp-content\/uploads\/2025\/01\/ASSIMI-GRAS-696x428-1-300x184.jpg",300,184,true],"medium_large":["https:\/\/nandi.info\/wp-content\/uploads\/2025\/01\/ASSIMI-GRAS-696x428-1.jpg",696,428,false],"large":["https:\/\/nandi.info\/wp-content\/uploads\/2025\/01\/ASSIMI-GRAS-696x428-1.jpg",696,428,false],"1536x1536":["https:\/\/nandi.info\/wp-content\/uploads\/2025\/01\/ASSIMI-GRAS-696x428-1.jpg",696,428,false],"2048x2048":["https:\/\/nandi.info\/wp-content\/uploads\/2025\/01\/ASSIMI-GRAS-696x428-1.jpg",696,428,false],"penci-recipe-1200x1200":["https:\/\/nandi.info\/wp-content\/uploads\/2025\/01\/ASSIMI-GRAS-696x428-1.jpg",696,428,false],"penci-recipe-1200x900":["https:\/\/nandi.info\/wp-content\/uploads\/2025\/01\/ASSIMI-GRAS-696x428-1.jpg",696,428,false],"penci-recipe-1200x675":["https:\/\/nandi.info\/wp-content\/uploads\/2025\/01\/ASSIMI-GRAS-696x428-1.jpg",696,428,false],"penci-single-full":["https:\/\/nandi.info\/wp-content\/uploads\/2025\/01\/ASSIMI-GRAS-696x428-1.jpg",696,428,false],"penci-slider-full-thumb":["https:\/\/nandi.info\/wp-content\/uploads\/2025\/01\/ASSIMI-GRAS-696x428-1.jpg",696,428,false],"penci-full-thumb":["https:\/\/nandi.info\/wp-content\/uploads\/2025\/01\/ASSIMI-GRAS-696x428-1.jpg",696,428,false],"penci-slider-thumb":["https:\/\/nandi.info\/wp-content\/uploads\/2025\/01\/ASSIMI-GRAS-696x428-1.jpg",696,428,false],"penci-magazine-slider":["https:\/\/nandi.info\/wp-content\/uploads\/2025\/01\/ASSIMI-GRAS-696x428-1.jpg",696,428,false],"penci-thumb":["https:\/\/nandi.info\/wp-content\/uploads\/2025\/01\/ASSIMI-GRAS-696x428-1-585x390.jpg",585,390,true],"penci-masonry-thumb":["https:\/\/nandi.info\/wp-content\/uploads\/2025\/01\/ASSIMI-GRAS-696x428-1-585x360.jpg",585,360,true],"penci-thumb-square":["https:\/\/nandi.info\/wp-content\/uploads\/2025\/01\/ASSIMI-GRAS-696x428-1-585x428.jpg",585,428,true],"penci-thumb-vertical":["https:\/\/nandi.info\/wp-content\/uploads\/2025\/01\/ASSIMI-GRAS-696x428-1-480x428.jpg",480,428,true],"penci-thumb-small":["https:\/\/nandi.info\/wp-content\/uploads\/2025\/01\/ASSIMI-GRAS-696x428-1-263x175.jpg",263,175,true]},"author_info":{"display_name":"Nandi","author_link":"https:\/\/nandi.info\/?author=1"},"category_info":"<a href=\"https:\/\/nandi.info\/?cat=53\" rel=\"category\">Le Matin<\/a> <a href=\"https:\/\/nandi.info\/?cat=23\" rel=\"category\">Politique<\/a>","tag_info":"Politique","comment_count":"0","jetpack_featured_media_url":"https:\/\/nandi.info\/wp-content\/uploads\/2025\/01\/ASSIMI-GRAS-696x428-1.jpg","jetpack_sharing_enabled":true,"_links":{"self":[{"href":"https:\/\/nandi.info\/index.php?rest_route=\/wp\/v2\/posts\/20884","targetHints":{"allow":["GET"]}}],"collection":[{"href":"https:\/\/nandi.info\/index.php?rest_route=\/wp\/v2\/posts"}],"about":[{"href":"https:\/\/nandi.info\/index.php?rest_route=\/wp\/v2\/types\/post"}],"author":[{"embeddable":true,"href":"https:\/\/nandi.info\/index.php?rest_route=\/wp\/v2\/users\/1"}],"replies":[{"embeddable":true,"href":"https:\/\/nandi.info\/index.php?rest_route=%2Fwp%2Fv2%2Fcomments&post=20884"}],"version-history":[{"count":1,"href":"https:\/\/nandi.info\/index.php?rest_route=\/wp\/v2\/posts\/20884\/revisions"}],"predecessor-version":[{"id":20887,"href":"https:\/\/nandi.info\/index.php?rest_route=\/wp\/v2\/posts\/20884\/revisions\/20887"}],"wp:featuredmedia":[{"embeddable":true,"href":"https:\/\/nandi.info\/index.php?rest_route=\/wp\/v2\/media\/20886"}],"wp:attachment":[{"href":"https:\/\/nandi.info\/index.php?rest_route=%2Fwp%2Fv2%2Fmedia&parent=20884"}],"wp:term":[{"taxonomy":"category","embeddable":true,"href":"https:\/\/nandi.info\/index.php?rest_route=%2Fwp%2Fv2%2Fcategories&post=20884"},{"taxonomy":"post_tag","embeddable":true,"href":"https:\/\/nandi.info\/index.php?rest_route=%2Fwp%2Fv2%2Ftags&post=20884"}],"curies":[{"name":"wp","href":"https:\/\/api.w.org\/{rel}","templated":true}]}}