{"id":20879,"date":"2025-01-19T00:08:59","date_gmt":"2025-01-18T23:08:59","guid":{"rendered":"https:\/\/nandi.info\/?p=20879"},"modified":"2025-01-19T00:09:03","modified_gmt":"2025-01-18T23:09:03","slug":"reunions-des-experts-de-la-conferences-des-etats-du-sahel-aes-la-creation-dune-banque-regionale-dinvestissement-en-ligne-de-mire","status":"publish","type":"post","link":"https:\/\/nandi.info\/?p=20879","title":{"rendered":"R\u00e9unions des experts de la conf\u00e9rences des \u00e9tats du Sahel (AES) : La cr\u00e9ation d\u2019une Banque r\u00e9gionale d\u2019investissement en ligne de mire"},"content":{"rendered":"\n<figure class=\"wp-block-image size-full\"><img fetchpriority=\"high\" decoding=\"async\" width=\"650\" height=\"434\" src=\"https:\/\/nandi.info\/wp-content\/uploads\/2024\/05\/Alousseini-Sanou-ministre-de-lEconomie-et-des-Finances.jpg\" alt=\"\" class=\"wp-image-18530\" srcset=\"https:\/\/nandi.info\/wp-content\/uploads\/2024\/05\/Alousseini-Sanou-ministre-de-lEconomie-et-des-Finances.jpg 650w, https:\/\/nandi.info\/wp-content\/uploads\/2024\/05\/Alousseini-Sanou-ministre-de-lEconomie-et-des-Finances-300x200.jpg 300w\" sizes=\"(max-width: 650px) 100vw, 650px\" \/><\/figure>\n\n\n\n<p><strong><em>Le&nbsp; ministre de l\u2019Economie et des Finances du Mali, Alouss\u00e9ni Sanou, a pr\u00e9sid\u00e9, le mardi 14 janvier 2025, au Centre international de conf\u00e9rences de&nbsp;<a href=\"https:\/\/www.maliweb.net\/economie\/cooperation\/reunions-des-experts-de-la-conferences-des-etats-du-sahel-aes-la-creation-dune-banque-regionale-dinvestissement-en-ligne-de-mire-3091446.html#\">&nbsp;Bamako<\/a>&nbsp;(CICB), la r\u00e9union des experts de la Conf\u00e9rence des Etats du Sahel (AES). Deux jours durant, les experts se pencheront sur plusieurs th\u00e9matiques cl\u00e9s notamment la cr\u00e9ation d\u2019une Banque r\u00e9gionale d\u2019investissement et la promotion de la libre circulation des personnes et des biens dans l\u2019espace AES.<\/em><\/strong><\/p>\n\n\n\n<p>Abonnements aux actualit\u00e9s financi\u00e8res<\/p>\n\n\n\n<p>Cette r\u00e9union des experts du d\u00e9veloppement des Etats de la Conf\u00e9d\u00e9ration des Etats du Sahel (AES) s\u2019inscrit dans le cadre de la r\u00e9alisation des actions prioritaires de la feuille de route de la Conf\u00e9d\u00e9ration. Le ministre de l\u2019Economie et des Finances a indiqu\u00e9 que le niveau \u00e9lev\u00e9 et la taille des d\u00e9l\u00e9gations prouvent \u00e0 suffisance la volont\u00e9 et l\u2019engagement des autorit\u00e9s des trois Etats \u00e0 acc\u00e9l\u00e9rer le processus et \u00e0 relever tous les d\u00e9fis.<\/p>\n\n\n\n<p>Et de rappeler les fortes recommandations formul\u00e9es lors de la premi\u00e8re rencontre des ministres en charge de l\u2019Economie et des Finances des Etats membres de l\u2019Alliance des Etats du Sahel (AES), tenue le 25 novembre 2023 \u00e0 Bamako, qui concernent la r\u00e9alisation de projets structurants dans les domaines de l\u2019\u00e9nergie, des infrastructures, des transports, de la s\u00e9curit\u00e9 alimentaire, ainsi que la cr\u00e9ation d\u2019un fonds de stabilisation et d\u2019une Banque d\u2019investissement de l\u2019AES.<\/p>\n\n\n\n<p>Le ministre de l\u2019Economie et des Finances a fait savoir que, depuis cette premi\u00e8re rencontre de Bamako, des \u00e9volutions majeures ont \u00e9t\u00e9 constat\u00e9es dans diff\u00e9rents domaines de coop\u00e9ration afin de promouvoir l\u2019ind\u00e9pendance, la dignit\u00e9 et l\u2019\u00e9mancipation \u00e9conomique des \u00c9tats de l\u2019AES.<\/p>\n\n\n\n<p>Abonnements aux actualit\u00e9s financi\u00e8res<\/p>\n\n\n\n<p>Notons qu\u2019\u00e0 l\u2019issue du 1er sommet des chefs d\u2019Etat de l\u2019Alliance des Etats du Sahel, tenu \u00e0 Niamey le 6 juillet 2024 sous la pr\u00e9sidence du Niger et plac\u00e9 sous le th\u00e8me :&nbsp;<em>\u201cL\u2019Alliance des Etats du Sahel : un espace souverain, de s\u00e9curit\u00e9 et de prosp\u00e9rit\u00e9\u201d.<\/em>&nbsp;Ainsi, le Trait\u00e9 \u00e9tablissant la Conf\u00e9d\u00e9ration des Etats du Sahel (AES) a \u00e9t\u00e9 sign\u00e9 par les trois chefs d\u2019Etat. Avec la cr\u00e9ation de la Conf\u00e9d\u00e9ration des \u00c9tats du Sahel (AES), les chefs d\u2019\u00c9tat ont d\u00e9cid\u00e9 d\u2019\u00e9largir leur partenariat sp\u00e9cial et strat\u00e9gique aux domaines de la diplomatie et du d\u00e9veloppement.<\/p>\n\n\n\n<p>Pour finir, le ministre Sanou a salu\u00e9 la vision politique des trois chefs d\u2019Etat de l\u2019AES en vue d\u2019apporter des r\u00e9ponses communes aux d\u00e9fis multiples qui assaillent la zone du Sahel.<strong>&nbsp;&nbsp;&nbsp;&nbsp;&nbsp;&nbsp;&nbsp;&nbsp;&nbsp;&nbsp;&nbsp;&nbsp;&nbsp;&nbsp;&nbsp;&nbsp;&nbsp;&nbsp;&nbsp;&nbsp;&nbsp;&nbsp;&nbsp;&nbsp;&nbsp;&nbsp;&nbsp;&nbsp;&nbsp;&nbsp;&nbsp;&nbsp;<\/strong><\/p>\n\n\n\n<p><strong>\u00a0\u00a0\u00a0\u00a0\u00a0\u00a0\u00a0\u00a0\u00a0\u00a0\u00a0\u00a0\u00a0\u00a0\u00a0\u00a0\u00a0\u00a0\u00a0\u00a0\u00a0\u00a0\u00a0\u00a0\u00a0<\/strong><\/p>\n\n\n\n<p><\/p>\n\n\n\n<p><strong>\u00a0 Boubacar Pa\u00eftao<\/strong><\/p>\n","protected":false},"excerpt":{"rendered":"<p>Le&nbsp; ministre de l\u2019Economie et des Finances du Mali, Alouss\u00e9ni Sanou, a pr\u00e9sid\u00e9, le mardi 14 janvier 2025, au Centre international de conf\u00e9rences de&nbsp;&nbsp;Bamako&nbsp;(CICB), la r\u00e9union des experts de la&hellip;<\/p>\n","protected":false},"author":1,"featured_media":20882,"comment_status":"open","ping_status":"open","sticky":false,"template":"","format":"standard","meta":{"content-type":"","_lmt_disableupdate":"","_lmt_disable":"","_jetpack_memberships_contains_paid_content":false,"footnotes":"","jetpack_publicize_message":"","jetpack_publicize_feature_enabled":true,"jetpack_social_post_already_shared":true,"jetpack_social_options":{"image_generator_settings":{"template":"highway","default_image_id":0,"font":"","enabled":false},"version":2}},"categories":[19,30],"tags":[],"class_list":["post-20879","post","type-post","status-publish","format-standard","has-post-thumbnail","hentry","category-aujourdhui-mali","category-economie"],"jetpack_publicize_connections":[],"featured_image_urls":{"full":["https:\/\/nandi.info\/wp-content\/uploads\/2025\/01\/SANOU-MALI1-696x391-1.webp",696,391,false],"thumbnail":["https:\/\/nandi.info\/wp-content\/uploads\/2025\/01\/SANOU-MALI1-696x391-1-150x150.webp",150,150,true],"medium":["https:\/\/nandi.info\/wp-content\/uploads\/2025\/01\/SANOU-MALI1-696x391-1-300x169.webp",300,169,true],"medium_large":["https:\/\/nandi.info\/wp-content\/uploads\/2025\/01\/SANOU-MALI1-696x391-1.webp",696,391,false],"large":["https:\/\/nandi.info\/wp-content\/uploads\/2025\/01\/SANOU-MALI1-696x391-1.webp",696,391,false],"1536x1536":["https:\/\/nandi.info\/wp-content\/uploads\/2025\/01\/SANOU-MALI1-696x391-1.webp",696,391,false],"2048x2048":["https:\/\/nandi.info\/wp-content\/uploads\/2025\/01\/SANOU-MALI1-696x391-1.webp",696,391,false],"penci-recipe-1200x1200":["https:\/\/nandi.info\/wp-content\/uploads\/2025\/01\/SANOU-MALI1-696x391-1.webp",696,391,false],"penci-recipe-1200x900":["https:\/\/nandi.info\/wp-content\/uploads\/2025\/01\/SANOU-MALI1-696x391-1.webp",696,391,false],"penci-recipe-1200x675":["https:\/\/nandi.info\/wp-content\/uploads\/2025\/01\/SANOU-MALI1-696x391-1.webp",696,391,false],"penci-single-full":["https:\/\/nandi.info\/wp-content\/uploads\/2025\/01\/SANOU-MALI1-696x391-1.webp",696,391,false],"penci-slider-full-thumb":["https:\/\/nandi.info\/wp-content\/uploads\/2025\/01\/SANOU-MALI1-696x391-1.webp",696,391,false],"penci-full-thumb":["https:\/\/nandi.info\/wp-content\/uploads\/2025\/01\/SANOU-MALI1-696x391-1.webp",696,391,false],"penci-slider-thumb":["https:\/\/nandi.info\/wp-content\/uploads\/2025\/01\/SANOU-MALI1-696x391-1.webp",696,391,false],"penci-magazine-slider":["https:\/\/nandi.info\/wp-content\/uploads\/2025\/01\/SANOU-MALI1-696x391-1.webp",696,391,false],"penci-thumb":["https:\/\/nandi.info\/wp-content\/uploads\/2025\/01\/SANOU-MALI1-696x391-1-585x390.webp",585,390,true],"penci-masonry-thumb":["https:\/\/nandi.info\/wp-content\/uploads\/2025\/01\/SANOU-MALI1-696x391-1-585x329.webp",585,329,true],"penci-thumb-square":["https:\/\/nandi.info\/wp-content\/uploads\/2025\/01\/SANOU-MALI1-696x391-1-585x391.webp",585,391,true],"penci-thumb-vertical":["https:\/\/nandi.info\/wp-content\/uploads\/2025\/01\/SANOU-MALI1-696x391-1-480x391.webp",480,391,true],"penci-thumb-small":["https:\/\/nandi.info\/wp-content\/uploads\/2025\/01\/SANOU-MALI1-696x391-1-263x175.webp",263,175,true]},"author_info":{"display_name":"Nandi","author_link":"https:\/\/nandi.info\/?author=1"},"category_info":"<a href=\"https:\/\/nandi.info\/?cat=19\" rel=\"category\">Aujourd\u2019hui Mali<\/a> <a href=\"https:\/\/nandi.info\/?cat=30\" rel=\"category\">Economie<\/a>","tag_info":"Economie","comment_count":"0","jetpack_featured_media_url":"https:\/\/nandi.info\/wp-content\/uploads\/2025\/01\/SANOU-MALI1-696x391-1.webp","jetpack_sharing_enabled":true,"_links":{"self":[{"href":"https:\/\/nandi.info\/index.php?rest_route=\/wp\/v2\/posts\/20879","targetHints":{"allow":["GET"]}}],"collection":[{"href":"https:\/\/nandi.info\/index.php?rest_route=\/wp\/v2\/posts"}],"about":[{"href":"https:\/\/nandi.info\/index.php?rest_route=\/wp\/v2\/types\/post"}],"author":[{"embeddable":true,"href":"https:\/\/nandi.info\/index.php?rest_route=\/wp\/v2\/users\/1"}],"replies":[{"embeddable":true,"href":"https:\/\/nandi.info\/index.php?rest_route=%2Fwp%2Fv2%2Fcomments&post=20879"}],"version-history":[{"count":1,"href":"https:\/\/nandi.info\/index.php?rest_route=\/wp\/v2\/posts\/20879\/revisions"}],"predecessor-version":[{"id":20883,"href":"https:\/\/nandi.info\/index.php?rest_route=\/wp\/v2\/posts\/20879\/revisions\/20883"}],"wp:featuredmedia":[{"embeddable":true,"href":"https:\/\/nandi.info\/index.php?rest_route=\/wp\/v2\/media\/20882"}],"wp:attachment":[{"href":"https:\/\/nandi.info\/index.php?rest_route=%2Fwp%2Fv2%2Fmedia&parent=20879"}],"wp:term":[{"taxonomy":"category","embeddable":true,"href":"https:\/\/nandi.info\/index.php?rest_route=%2Fwp%2Fv2%2Fcategories&post=20879"},{"taxonomy":"post_tag","embeddable":true,"href":"https:\/\/nandi.info\/index.php?rest_route=%2Fwp%2Fv2%2Ftags&post=20879"}],"curies":[{"name":"wp","href":"https:\/\/api.w.org\/{rel}","templated":true}]}}