{"id":20775,"date":"2024-12-28T10:38:00","date_gmt":"2024-12-28T09:38:00","guid":{"rendered":"https:\/\/nandi.info\/?p=20775"},"modified":"2024-12-29T00:42:33","modified_gmt":"2024-12-28T23:42:33","slug":"justice-le-president-de-la-transition-a-inaugure-la-maison-des-avocats","status":"publish","type":"post","link":"https:\/\/nandi.info\/?p=20775","title":{"rendered":"JUSTICE : le Pr\u00e9sident de la Transition a inaugur\u00e9 la Maison des Avocats"},"content":{"rendered":"\n<figure class=\"wp-block-image size-full\"><img fetchpriority=\"high\" decoding=\"async\" width=\"640\" height=\"427\" src=\"https:\/\/nandi.info\/wp-content\/uploads\/2024\/12\/Inauguration-de-la-Maison-des-Avocats-Moyenne.jpg\" alt=\"\" class=\"wp-image-20776\" srcset=\"https:\/\/nandi.info\/wp-content\/uploads\/2024\/12\/Inauguration-de-la-Maison-des-Avocats-Moyenne.jpg 640w, https:\/\/nandi.info\/wp-content\/uploads\/2024\/12\/Inauguration-de-la-Maison-des-Avocats-Moyenne-300x200.jpg 300w, https:\/\/nandi.info\/wp-content\/uploads\/2024\/12\/Inauguration-de-la-Maison-des-Avocats-Moyenne-585x390.jpg 585w, https:\/\/nandi.info\/wp-content\/uploads\/2024\/12\/Inauguration-de-la-Maison-des-Avocats-Moyenne-263x175.jpg 263w\" sizes=\"(max-width: 640px) 100vw, 640px\" \/><\/figure>\n\n\n\n<p>Le jeudi 26 d\u00e9cembre 2024, en marge des travaux de la rentr\u00e9e solennelle des cours et tribunaux, le Pr\u00e9sident de la transition, Son Excellence le G\u00e9n\u00e9ral d\u2019Arm\u00e9e Assimi GO\u00cfTA, a inaugur\u00e9 un b\u00e2timent R+1, appel\u00e9 la Maison des Avocats.<\/p>\n\n\n\n<p>Situ\u00e9e \u00e0 Banankabougou, en Commune VI du District de Bamako, cette infrastructure, \u00e0 l\u2019actif de la Transition, permettra au Conseil de l\u2019ordre des avocats d\u2019accomplir efficacement ses missions au service des justiciables.<\/p>\n\n\n\n<p>L\u2019espace permettra aussi au Barreau malien d\u2019accueillir les rencontres d\u2019ampleur au plan national et international.<\/p>\n\n\n\n<p>\u00c0 travers une visite guid\u00e9e, le Pr\u00e9sident Conseil sup\u00e9rieur de la Magistrature s\u2019est rendu compte de toute la commodit\u00e9 de cet investissement de plus d\u2019un milliard de FCFA, compos\u00e9 de bureaux, d\u2019une salle des Banquets, d\u2019une salle d\u2019audience, des salles de r\u00e9unions et bien d\u2019autres espaces confortables comme des salles informatiques, des caf\u00e9t\u00e9rias et des parkings.<\/p>\n\n\n\n<p><strong>Source :<a href=\"https:\/\/koulouba.ml\/justice-le-president-de-la-transition-a-inaugure-la-maison-des-avocats\/?fbclid=IwY2xjawHdantleHRuA2FlbQIxMAABHflB5V3uGieaK4cRLlkFLFYvjZks0RfNaWNu5ha_ihce6Lai8DQ2f3sgdA_aem_KTKM14XpxXWTnWKHp8SYxg\" data-type=\"link\" data-id=\"https:\/\/koulouba.ml\/justice-le-president-de-la-transition-a-inaugure-la-maison-des-avocats\/?fbclid=IwY2xjawHdantleHRuA2FlbQIxMAABHflB5V3uGieaK4cRLlkFLFYvjZks0RfNaWNu5ha_ihce6Lai8DQ2f3sgdA_aem_KTKM14XpxXWTnWKHp8SYxg\"> koulouba.ml<\/a><\/strong><\/p>\n\n\n\n<p><\/p>\n","protected":false},"excerpt":{"rendered":"<p>Le jeudi 26 d\u00e9cembre 2024, en marge des travaux de la rentr\u00e9e solennelle des cours et tribunaux, le Pr\u00e9sident de la transition, Son Excellence le G\u00e9n\u00e9ral d\u2019Arm\u00e9e Assimi GO\u00cfTA, a&hellip;<\/p>\n","protected":false},"author":1,"featured_media":20776,"comment_status":"open","ping_status":"open","sticky":false,"template":"","format":"standard","meta":{"content-type":"","_lmt_disableupdate":"","_lmt_disable":"","_jetpack_memberships_contains_paid_content":false,"footnotes":"","jetpack_publicize_message":"","jetpack_publicize_feature_enabled":true,"jetpack_social_post_already_shared":true,"jetpack_social_options":{"image_generator_settings":{"template":"highway","default_image_id":0,"font":"","enabled":false},"version":2}},"categories":[56,43,21],"tags":[],"class_list":["post-20775","post","type-post","status-publish","format-standard","has-post-thumbnail","hentry","category-justice","category-nandi-info","category-societe"],"jetpack_publicize_connections":[],"featured_image_urls":{"full":["https:\/\/nandi.info\/wp-content\/uploads\/2024\/12\/Inauguration-de-la-Maison-des-Avocats-Moyenne.jpg",640,427,false],"thumbnail":["https:\/\/nandi.info\/wp-content\/uploads\/2024\/12\/Inauguration-de-la-Maison-des-Avocats-Moyenne-150x150.jpg",150,150,true],"medium":["https:\/\/nandi.info\/wp-content\/uploads\/2024\/12\/Inauguration-de-la-Maison-des-Avocats-Moyenne-300x200.jpg",300,200,true],"medium_large":["https:\/\/nandi.info\/wp-content\/uploads\/2024\/12\/Inauguration-de-la-Maison-des-Avocats-Moyenne.jpg",640,427,false],"large":["https:\/\/nandi.info\/wp-content\/uploads\/2024\/12\/Inauguration-de-la-Maison-des-Avocats-Moyenne.jpg",640,427,false],"1536x1536":["https:\/\/nandi.info\/wp-content\/uploads\/2024\/12\/Inauguration-de-la-Maison-des-Avocats-Moyenne.jpg",640,427,false],"2048x2048":["https:\/\/nandi.info\/wp-content\/uploads\/2024\/12\/Inauguration-de-la-Maison-des-Avocats-Moyenne.jpg",640,427,false],"penci-recipe-1200x1200":["https:\/\/nandi.info\/wp-content\/uploads\/2024\/12\/Inauguration-de-la-Maison-des-Avocats-Moyenne.jpg",640,427,false],"penci-recipe-1200x900":["https:\/\/nandi.info\/wp-content\/uploads\/2024\/12\/Inauguration-de-la-Maison-des-Avocats-Moyenne.jpg",640,427,false],"penci-recipe-1200x675":["https:\/\/nandi.info\/wp-content\/uploads\/2024\/12\/Inauguration-de-la-Maison-des-Avocats-Moyenne.jpg",640,427,false],"penci-single-full":["https:\/\/nandi.info\/wp-content\/uploads\/2024\/12\/Inauguration-de-la-Maison-des-Avocats-Moyenne.jpg",640,427,false],"penci-slider-full-thumb":["https:\/\/nandi.info\/wp-content\/uploads\/2024\/12\/Inauguration-de-la-Maison-des-Avocats-Moyenne.jpg",640,427,false],"penci-full-thumb":["https:\/\/nandi.info\/wp-content\/uploads\/2024\/12\/Inauguration-de-la-Maison-des-Avocats-Moyenne.jpg",640,427,false],"penci-slider-thumb":["https:\/\/nandi.info\/wp-content\/uploads\/2024\/12\/Inauguration-de-la-Maison-des-Avocats-Moyenne.jpg",640,427,false],"penci-magazine-slider":["https:\/\/nandi.info\/wp-content\/uploads\/2024\/12\/Inauguration-de-la-Maison-des-Avocats-Moyenne.jpg",640,427,false],"penci-thumb":["https:\/\/nandi.info\/wp-content\/uploads\/2024\/12\/Inauguration-de-la-Maison-des-Avocats-Moyenne-585x390.jpg",585,390,true],"penci-masonry-thumb":["https:\/\/nandi.info\/wp-content\/uploads\/2024\/12\/Inauguration-de-la-Maison-des-Avocats-Moyenne-585x390.jpg",585,390,true],"penci-thumb-square":["https:\/\/nandi.info\/wp-content\/uploads\/2024\/12\/Inauguration-de-la-Maison-des-Avocats-Moyenne-585x427.jpg",585,427,true],"penci-thumb-vertical":["https:\/\/nandi.info\/wp-content\/uploads\/2024\/12\/Inauguration-de-la-Maison-des-Avocats-Moyenne-480x427.jpg",480,427,true],"penci-thumb-small":["https:\/\/nandi.info\/wp-content\/uploads\/2024\/12\/Inauguration-de-la-Maison-des-Avocats-Moyenne-263x175.jpg",263,175,true]},"author_info":{"display_name":"Nandi","author_link":"https:\/\/nandi.info\/?author=1"},"category_info":"<a href=\"https:\/\/nandi.info\/?cat=56\" rel=\"category\">Justice<\/a> <a href=\"https:\/\/nandi.info\/?cat=43\" rel=\"category\">Nandi.info<\/a> <a href=\"https:\/\/nandi.info\/?cat=21\" rel=\"category\">Soci\u00e9t\u00e9<\/a>","tag_info":"Soci\u00e9t\u00e9","comment_count":"0","jetpack_featured_media_url":"https:\/\/nandi.info\/wp-content\/uploads\/2024\/12\/Inauguration-de-la-Maison-des-Avocats-Moyenne.jpg","jetpack_sharing_enabled":true,"_links":{"self":[{"href":"https:\/\/nandi.info\/index.php?rest_route=\/wp\/v2\/posts\/20775","targetHints":{"allow":["GET"]}}],"collection":[{"href":"https:\/\/nandi.info\/index.php?rest_route=\/wp\/v2\/posts"}],"about":[{"href":"https:\/\/nandi.info\/index.php?rest_route=\/wp\/v2\/types\/post"}],"author":[{"embeddable":true,"href":"https:\/\/nandi.info\/index.php?rest_route=\/wp\/v2\/users\/1"}],"replies":[{"embeddable":true,"href":"https:\/\/nandi.info\/index.php?rest_route=%2Fwp%2Fv2%2Fcomments&post=20775"}],"version-history":[{"count":1,"href":"https:\/\/nandi.info\/index.php?rest_route=\/wp\/v2\/posts\/20775\/revisions"}],"predecessor-version":[{"id":20777,"href":"https:\/\/nandi.info\/index.php?rest_route=\/wp\/v2\/posts\/20775\/revisions\/20777"}],"wp:featuredmedia":[{"embeddable":true,"href":"https:\/\/nandi.info\/index.php?rest_route=\/wp\/v2\/media\/20776"}],"wp:attachment":[{"href":"https:\/\/nandi.info\/index.php?rest_route=%2Fwp%2Fv2%2Fmedia&parent=20775"}],"wp:term":[{"taxonomy":"category","embeddable":true,"href":"https:\/\/nandi.info\/index.php?rest_route=%2Fwp%2Fv2%2Fcategories&post=20775"},{"taxonomy":"post_tag","embeddable":true,"href":"https:\/\/nandi.info\/index.php?rest_route=%2Fwp%2Fv2%2Ftags&post=20775"}],"curies":[{"name":"wp","href":"https:\/\/api.w.org\/{rel}","templated":true}]}}