{"id":20703,"date":"2024-12-11T21:34:00","date_gmt":"2024-12-11T20:34:00","guid":{"rendered":"https:\/\/nandi.info\/?p=20703"},"modified":"2024-12-11T23:45:22","modified_gmt":"2024-12-11T22:45:22","slug":"le-pm-abdoulaye-maiga-a-rencontre-la-classe-politique-laige-va-t-elle-prendre-le-relais-pour-une-relance-du-processus-electoral","status":"publish","type":"post","link":"https:\/\/nandi.info\/?p=20703","title":{"rendered":"Le PM Abdoulaye Maiga a rencontr\u00e9 la classe politique : L\u2019AIGE va-t-elle prendre le relais pour une relance du processus \u00e9lectoral ?"},"content":{"rendered":"\n<figure class=\"wp-block-image size-large\"><img fetchpriority=\"high\" decoding=\"async\" width=\"1024\" height=\"683\" src=\"https:\/\/nandi.info\/wp-content\/uploads\/2024\/12\/aige-1024x683.jpg\" alt=\"\" class=\"wp-image-20706\" srcset=\"https:\/\/nandi.info\/wp-content\/uploads\/2024\/12\/aige-1024x683.jpg 1024w, https:\/\/nandi.info\/wp-content\/uploads\/2024\/12\/aige-300x200.jpg 300w, https:\/\/nandi.info\/wp-content\/uploads\/2024\/12\/aige-768x512.jpg 768w, https:\/\/nandi.info\/wp-content\/uploads\/2024\/12\/aige-1170x781.jpg 1170w, https:\/\/nandi.info\/wp-content\/uploads\/2024\/12\/aige-585x390.jpg 585w, https:\/\/nandi.info\/wp-content\/uploads\/2024\/12\/aige-263x175.jpg 263w, https:\/\/nandi.info\/wp-content\/uploads\/2024\/12\/aige.jpg 1439w\" sizes=\"(max-width: 1024px) 100vw, 1024px\" \/><\/figure>\n\n\n\n<p><strong><em>D\u00e8s sa prise de fonction en tant que premier ministre, le G\u00e9n\u00e9ral de division Abdoulaye Maiga a pris son b\u00e2ton de p\u00e8lerin pour rencontrer les forces vives de la nation afin de leur pr\u00eacher l\u2019unit\u00e9, la coh\u00e9sion et le grand rassemblement de tous les maliens autour des priorit\u00e9s de la transition. Il a commenc\u00e9 par les autorit\u00e9s religieuses et coutumi\u00e8res, ensuite l\u2019Autorit\u00e9 Ind\u00e9pendante de Gestion des Elections, AIGE et enfin&nbsp; avec la classe politique et la soci\u00e9t\u00e9 civile. Ces derni\u00e8res sont des maillons importants pour l\u2019apaisement du climat sociopolitique. Rien qu\u2019avec ces rencontres, l\u2019on pourrait affirmer sans risque de se tromper que&nbsp; le nouveau premier ministre semble non seulement vouloir endiguer&nbsp; les divisions qui traversent le corps social et politique malien mais aussi&nbsp; et surtout marquer une rupture totale avec les pratiques de son pr\u00e9d\u00e9cesseur Choguel K Maiga. Au cours de toutes ses rencontres il a \u00e9voqu\u00e9 la fin de la transition avec la tenue d\u2019\u00e9lections transparentes, inclusives et pacifique. Bien que ce genre de discours annon\u00e7ant la fin de la transition est monnaie courante au Mali, mais l\u2019on ose esp\u00e9rer ne pas se tromper&nbsp; fois-ci en entrevoyant \u00e0 travers certains signes avant-coureurs la tenue tr\u00e8s prochaine des \u00e9lections pour clore d\u00e9finitivement&nbsp; la transition. Deux grandes questions l\u00e9gitimes taraudent les esprits, la premi\u00e8re est de savoir si L\u2019Autorit\u00e9 Ind\u00e9pendante de Gestion des Elections, L\u2019AIGE&nbsp; sera encore condamn\u00e9e \u00e0 faire de la figuration comme pendant la p\u00e9riode r\u00e9f\u00e9rendaire alors qu\u2019elle est la seule institution habilit\u00e9e \u00e0 organiser les scrutins r\u00e9f\u00e9rendaire et pr\u00e9sidentiel&nbsp;? La seconde qui d\u00e9coule de la premi\u00e8re est de savoir si Le premier ministre, ministre de l\u2019administration territoriale et de la d\u00e9centralisation ne va pas museler les autres institutions en charge de l\u2019organisation des \u00e9lections&nbsp;?&nbsp;<\/em><\/strong><\/p>\n\n\n\n<p>Si la nomination du G\u00e9n\u00e9ral de division Abdoulaye Maiga comme premier ministre&nbsp; a \u00e9t\u00e9 critiqu\u00e9e par certains non pas parce qu\u2019il n\u2019a pas le profil ou la comp\u00e9tence, mais par crainte de la militarisation \u00e0 outrance &nbsp;de la transition en \u00e9cartant la classe politique et la soci\u00e9t\u00e9 civile. Si cette nomination n\u2019a pas provoqu\u00e9 une lev\u00e9e de boucliers dans la classe politique et la soci\u00e9t\u00e9 civile c\u2019est \u00e9galement loin de donner un blanc-seing au PM&nbsp; pour faire ce qu\u2019il veut. Il doit plut\u00f4t comprendre que ses pouvoirs ont une limite et que la r\u00e9ussite de la transition d\u00e9pendra en grande partie de la perception qu\u2019il fera de son r\u00f4le. Il a une double casquette, celle de premier ministre et de ministre de l\u2019administration territoriale et de la d\u00e9centralisation, charg\u00e9 des questions \u00e9lectorales. Sa double mission pourrait \u00eatre une r\u00e9ussite s\u2019il mesure ses limites et si chaque institution impliqu\u00e9e dans la gestion et l\u2019organisation jouait son r\u00f4le en toute ind\u00e9pendance et sans aucune interf\u00e9rence ext\u00e9rieure. &nbsp;La crainte d\u2019une crise post\u00e9lectorale sera circonscrite si les choses se passent de la fa\u00e7on la plus transparente. Que les autorit\u00e9s tirent toutes les le\u00e7ons du scrutin r\u00e9f\u00e9rendaire pour corriger tous les dysfonctionnements et les failles, d\u2019o\u00f9 le cri d\u2019alarme pour une s\u00e9rieuse implication et une ind\u00e9pendance affirm\u00e9e de l\u2019AIGE conform\u00e9ment au code \u00e9lectoral.<\/p>\n\n\n\n<p><strong><em>&nbsp;L\u2019Autorit\u00e9 Ind\u00e9pendante de Gestion des Elections, L\u2019AIGE ne va-t-elle faire de la figuration comme pendant la p\u00e9riode r\u00e9f\u00e9rendaire alors qu\u2019elle est la seule institution habilit\u00e9e \u00e0 organiser les scrutins r\u00e9f\u00e9rendaire et pr\u00e9sidentiel&nbsp;?<\/em><\/strong><\/p>\n\n\n\n<p>Selon beaucoup d\u2019analystes politiques, le choix du premier ministre et son maintien comme ministre de l\u2019administration territoriale est loin d\u2019\u00eatre fortuit. En positivant l\u2019on pourrait dire que c\u2019est compte tenu de son exp\u00e9rience \u00e0 g\u00e9rer les affaires du d\u00e9partement en charge de l\u2019administration territoriale et surtout de l\u2019organisation des \u00e9lections, qu\u2019il a gard\u00e9 son ancien portefeuille minist\u00e9riel, mais &nbsp;pour d\u2019autres son choix est fait \u00e0 dessein pour avoir la mainmise sur l\u2019organisation des \u00e9lections et \u00e9ventuellement museler toutes les autres institutions et particuli\u00e8rement l\u2019AIGE. Pour rappel un large consensus a \u00e9t\u00e9 fait autour de la cr\u00e9ation d\u2019une structure ind\u00e9pendante et autonome pour minimiser les cas de fraude et de contestations pouvant aboutir \u00e0 une crise post\u00e9lectorale aux cons\u00e9quences incommensurables. Mais pour la mise en place de cette institution tant souhait\u00e9e qu\u2019est l\u2019AIGE il y a eu le premier couac, car sa composition n\u2019a pas \u00e9t\u00e9 celle souhait\u00e9e par les acteurs politiques. Jamais dans l\u2019histoire de la jeune d\u00e9mocratie malienne une aussi importante institution comme l\u2019AIGE n\u2019a \u00e9t\u00e9 mise en place \u00e0 la suite d\u2019un tirage au sort, ce qui a fait perdre \u00e0 l\u2019institution toute sa cr\u00e9dibilit\u00e9 d\u2019o\u00f9 le m\u00e9pris que lui voue le gouvernement. Les membres qui la composent ont-ils une quelconque exp\u00e9rience en mati\u00e8re de gestion des \u00e9lections&nbsp;? Donc ce grand \u00e9l\u00e9phant annonc\u00e9 est arriv\u00e9 avec deux pieds cass\u00e9s. C\u2019est certainement fait \u00e0 dessein pour permettre au ministre de pouvoir manipuler cette structure \u00e0 sati\u00e9t\u00e9, mais une chose est de manipuler l\u2019AIGE, une autre est \u00e0 coup s\u00fbr de craindre une crise post\u00e9lectorale, car des \u00e9lections mal faites ont toujours \u00e9t\u00e9 \u00e0 la base des crises les plus graves. Donc il revient \u00e0 l\u2019AIGE de s\u2019assumer en accomplissant pleinement sa mission conform\u00e9ment \u00e0 ses pr\u00e9rogatives. Quant au gouvernement il a tout int\u00e9r\u00eat \u00e0 ce qu\u2019il n\u2019y ait pas de contestations et qu\u2019\u00e0 la fin du processus chacun reconnaisse la bonne organisation des scrutins.<\/p>\n\n\n\n<p><strong><em>Le premier ministre, ministre de l\u2019administration territoriale et de la d\u00e9centralisation&nbsp; va-t-il&nbsp; museler les autres institutions en charge de l\u2019organisation des \u00e9lections&nbsp;?&nbsp;<\/em><\/strong><\/p>\n\n\n\n<p>Si incontestablement ses premiers pas \u00e0 ce poste hautement strat\u00e9gique et important au sein de l\u2019administration ont \u00e9t\u00e9 salu\u00e9s et approuv\u00e9s par la classe politique, quelques inqui\u00e9tudes ont refait surface dans ses propos&nbsp; vis-\u00e0-vis des partis politiques. Autrement dit en plus du peu de consid\u00e9ration dont il est coutumier \u00e0 l\u2019\u00e9gard de la classe politique, il semble leur faire comprendre que le nombre ne d\u00e9termine pas la qualit\u00e9 et qu\u2019il serait bon d\u2019en r\u00e9duire pour plus d\u2019efficacit\u00e9. Ce manque de consid\u00e9ration sera constat\u00e9 m\u00eame lors de l\u2019organisation des \u00e9lections, c\u2019est pourquoi ne nous faisons pas d\u2019illusion les institutions en charge de l\u2019organisation des \u00e9lections \u00e0 commencer par l\u2019AIGE et le d\u00e9partement de l\u2019administration territoriale sont taill\u00e9es sur mesure. Il revient \u00e0 la classe politique qui n\u2019est en r\u00e9alit\u00e9 forte quand il s\u2019agit d\u2019applaudir, &nbsp;de sortir de son long sommeil et de s\u2019affirmer en tapant du poing sur la table pour exiger plus de transparence et d\u2019inclusivit\u00e9.<\/p>\n\n\n\n<p><strong>Youssouf Sissoko<\/strong><\/p>\n","protected":false},"excerpt":{"rendered":"<p>D\u00e8s sa prise de fonction en tant que premier ministre, le G\u00e9n\u00e9ral de division Abdoulaye Maiga a pris son b\u00e2ton de p\u00e8lerin pour rencontrer les forces vives de la nation&hellip;<\/p>\n","protected":false},"author":1,"featured_media":20706,"comment_status":"open","ping_status":"open","sticky":false,"template":"","format":"standard","meta":{"content-type":"","_lmt_disableupdate":"","_lmt_disable":"","_jetpack_memberships_contains_paid_content":false,"footnotes":"","jetpack_publicize_message":"","jetpack_publicize_feature_enabled":true,"jetpack_social_post_already_shared":true,"jetpack_social_options":{"image_generator_settings":{"template":"highway","default_image_id":0,"font":"","enabled":false},"version":2}},"categories":[89,68],"tags":[],"class_list":["post-20703","post","type-post","status-publish","format-standard","has-post-thumbnail","hentry","category-elections-ceni","category-lalternance"],"jetpack_publicize_connections":[],"featured_image_urls":{"full":["https:\/\/nandi.info\/wp-content\/uploads\/2024\/12\/aige.jpg",1439,960,false],"thumbnail":["https:\/\/nandi.info\/wp-content\/uploads\/2024\/12\/aige-150x150.jpg",150,150,true],"medium":["https:\/\/nandi.info\/wp-content\/uploads\/2024\/12\/aige-300x200.jpg",300,200,true],"medium_large":["https:\/\/nandi.info\/wp-content\/uploads\/2024\/12\/aige-768x512.jpg",768,512,true],"large":["https:\/\/nandi.info\/wp-content\/uploads\/2024\/12\/aige-1024x683.jpg",1024,683,true],"1536x1536":["https:\/\/nandi.info\/wp-content\/uploads\/2024\/12\/aige.jpg",1439,960,false],"2048x2048":["https:\/\/nandi.info\/wp-content\/uploads\/2024\/12\/aige.jpg",1439,960,false],"penci-recipe-1200x1200":["https:\/\/nandi.info\/wp-content\/uploads\/2024\/12\/aige-1200x960.jpg",1200,960,true],"penci-recipe-1200x900":["https:\/\/nandi.info\/wp-content\/uploads\/2024\/12\/aige-1200x900.jpg",1200,900,true],"penci-recipe-1200x675":["https:\/\/nandi.info\/wp-content\/uploads\/2024\/12\/aige-1200x675.jpg",1200,675,true],"penci-single-full":["https:\/\/nandi.info\/wp-content\/uploads\/2024\/12\/aige.jpg",1439,960,false],"penci-slider-full-thumb":["https:\/\/nandi.info\/wp-content\/uploads\/2024\/12\/aige-1439x800.jpg",1439,800,true],"penci-full-thumb":["https:\/\/nandi.info\/wp-content\/uploads\/2024\/12\/aige-1170x781.jpg",1170,781,true],"penci-slider-thumb":["https:\/\/nandi.info\/wp-content\/uploads\/2024\/12\/aige-1170x663.jpg",1170,663,true],"penci-magazine-slider":["https:\/\/nandi.info\/wp-content\/uploads\/2024\/12\/aige-780x516.jpg",780,516,true],"penci-thumb":["https:\/\/nandi.info\/wp-content\/uploads\/2024\/12\/aige-585x390.jpg",585,390,true],"penci-masonry-thumb":["https:\/\/nandi.info\/wp-content\/uploads\/2024\/12\/aige-585x390.jpg",585,390,true],"penci-thumb-square":["https:\/\/nandi.info\/wp-content\/uploads\/2024\/12\/aige-585x585.jpg",585,585,true],"penci-thumb-vertical":["https:\/\/nandi.info\/wp-content\/uploads\/2024\/12\/aige-480x650.jpg",480,650,true],"penci-thumb-small":["https:\/\/nandi.info\/wp-content\/uploads\/2024\/12\/aige-263x175.jpg",263,175,true]},"author_info":{"display_name":"Nandi","author_link":"https:\/\/nandi.info\/?author=1"},"category_info":"<a href=\"https:\/\/nandi.info\/?cat=89\" rel=\"category\">Elections \/ CENI<\/a> <a href=\"https:\/\/nandi.info\/?cat=68\" rel=\"category\">L'alternance<\/a>","tag_info":"L'alternance","comment_count":"0","jetpack_featured_media_url":"https:\/\/nandi.info\/wp-content\/uploads\/2024\/12\/aige.jpg","jetpack_sharing_enabled":true,"_links":{"self":[{"href":"https:\/\/nandi.info\/index.php?rest_route=\/wp\/v2\/posts\/20703","targetHints":{"allow":["GET"]}}],"collection":[{"href":"https:\/\/nandi.info\/index.php?rest_route=\/wp\/v2\/posts"}],"about":[{"href":"https:\/\/nandi.info\/index.php?rest_route=\/wp\/v2\/types\/post"}],"author":[{"embeddable":true,"href":"https:\/\/nandi.info\/index.php?rest_route=\/wp\/v2\/users\/1"}],"replies":[{"embeddable":true,"href":"https:\/\/nandi.info\/index.php?rest_route=%2Fwp%2Fv2%2Fcomments&post=20703"}],"version-history":[{"count":1,"href":"https:\/\/nandi.info\/index.php?rest_route=\/wp\/v2\/posts\/20703\/revisions"}],"predecessor-version":[{"id":20707,"href":"https:\/\/nandi.info\/index.php?rest_route=\/wp\/v2\/posts\/20703\/revisions\/20707"}],"wp:featuredmedia":[{"embeddable":true,"href":"https:\/\/nandi.info\/index.php?rest_route=\/wp\/v2\/media\/20706"}],"wp:attachment":[{"href":"https:\/\/nandi.info\/index.php?rest_route=%2Fwp%2Fv2%2Fmedia&parent=20703"}],"wp:term":[{"taxonomy":"category","embeddable":true,"href":"https:\/\/nandi.info\/index.php?rest_route=%2Fwp%2Fv2%2Fcategories&post=20703"},{"taxonomy":"post_tag","embeddable":true,"href":"https:\/\/nandi.info\/index.php?rest_route=%2Fwp%2Fv2%2Ftags&post=20703"}],"curies":[{"name":"wp","href":"https:\/\/api.w.org\/{rel}","templated":true}]}}