{"id":20702,"date":"2024-12-11T20:34:00","date_gmt":"2024-12-11T19:34:00","guid":{"rendered":"https:\/\/nandi.info\/?p=20702"},"modified":"2024-12-11T23:37:01","modified_gmt":"2024-12-11T22:37:01","slug":"decrispation-politique-le-verre-a-moitie-plein-et-si-on-achevait-le-boulot-en-liberant-aussi-etienne-ras-bath-rose-la-vie-chere-ben-le-cerveau-clement-et-kaou-ndjim","status":"publish","type":"post","link":"https:\/\/nandi.info\/?p=20702","title":{"rendered":"D\u00e9crispation politique : le verre \u00e0 moiti\u00e9 plein ? Et si on achevait le boulot en lib\u00e9rant aussi Etienne, Ras Bath, Rose la vie ch\u00e8re, Ben le cerveau, Cl\u00e9ment et Kaou N\u2019Djim !"},"content":{"rendered":"\n<figure class=\"wp-block-image size-full\"><img fetchpriority=\"high\" decoding=\"async\" width=\"680\" height=\"378\" src=\"https:\/\/nandi.info\/wp-content\/uploads\/2024\/12\/Exiles-politiques-maliens.jpg\" alt=\"\" class=\"wp-image-20704\" srcset=\"https:\/\/nandi.info\/wp-content\/uploads\/2024\/12\/Exiles-politiques-maliens.jpg 680w, https:\/\/nandi.info\/wp-content\/uploads\/2024\/12\/Exiles-politiques-maliens-300x167.jpg 300w, https:\/\/nandi.info\/wp-content\/uploads\/2024\/12\/Exiles-politiques-maliens-585x325.jpg 585w\" sizes=\"(max-width: 680px) 100vw, 680px\" \/><\/figure>\n\n\n\n<p><strong><em>Apr\u00e8s la lib\u00e9ration des 11 prisonniers politiques, les regards sont d\u00e9sormais tourn\u00e9s vers les autorit\u00e9s comp\u00e9tentes pour un \u00e9largissement de ces autres prisonniers d\u2019opinion \u00e0 savoir Youssouf Mohamed Bathily dit Ras Bath, Rokia Doumbia dite Rose la vie ch\u00e8re, Etienne Fakaba Sissoko, Adama Ben Diarra dit Ben le Cerveau, Mamadou Cl\u00e9ment Demb\u00e9l\u00e9 et Issa Kaou N\u2019Djim. Ne dit-on pas que la paix n\u2019a pas de prix et qu\u2019aucun sacrifice ne serait de trop pour sa r\u00e9alisation&nbsp;? Le Mali a besoin de d\u00e9crispation,&nbsp; de paix sociale, de rassemblement, de consensus et surtout de coh\u00e9sion. Ces gigantesques chantiers ne pourront jamais se r\u00e9aliser dans la division et la stigmatisation. La lib\u00e9ration de ces prisonniers d\u2019opinion comme celle des 11 leaders politiques sera gage d\u2019apaisement du climat sociopolitique toute chose indispensable pour la suite de la transition. L\u2019ancien premier ministre Ousmane Issoufi Maiga pourrait-il encore plaider la cause de ces six autres prisonniers aupr\u00e8s des autorit\u00e9s et au nom de la paix&nbsp;sociale ? Peut-on parler de r\u00e9conciliation tout en gardant dans les ge\u00f4les des prisonniers dont le seul tort est d\u2019avoir \u00e9mis leurs opinions sur des sujets int\u00e9ressant la vie de la Nation&nbsp;?<\/em><\/strong><\/p>\n\n\n\n<p class=\"has-drop-cap\">Ils sont six pauvres citoyens faits&nbsp; prisonniers pour leurs opinions et qui croupissent d\u00e9sormais&nbsp; dans les cachots du d\u00e9sespoir, de la vengeance et de l\u2019intol\u00e9rance. De Youssouf Mohamed Bathily alias Ras Bath, \u00e0 Mamadou Cl\u00e9ment Demb\u00e9l\u00e9, en passant par Etienne Fakaba Sissoko, Rokia Doumbia, Adama Ben le Cerveau et Issa Kaou N\u2019Djim, tous ces vaillants guerriers ont donn\u00e9 et continuent de donner au Mali. Ils se sont battus des ann\u00e9es durant pour plus de d\u00e9mocratie, plus de libert\u00e9s et pour un mieux-\u00eatre social. Sans avoir la pr\u00e9tention de nous substituer \u00e0 la justice, notre plaidoyer pour leur lib\u00e9ration est beaucoup plus pour l\u2019apaisement du climat social et pour le rassemblement des maliens autour du Mali surtout pendant cette p\u00e9riode transitoire. Le hic est qu\u2019une transition qui est cens\u00e9e cr\u00e9er les conditions d\u2019un large rassemblement et&nbsp; favoriser la r\u00e9alisation de certaines r\u00e9formes, est malheureusement celle qui a le plus divis\u00e9 les maliens. Jamais les maliens n\u2019ont \u00e9t\u00e9 autant oppos\u00e9s les uns aux autres que pendant cette transition. Arrestations arbitraires, exils forc\u00e9s, mus\u00e8lement de la presse, restriction des libert\u00e9s sont le lot quotidien des maliens.<\/p>\n\n\n\n<p>L\u2019ancien premier ministre Choguel K Maiga, issu de la composante politique de la transition a \u00e9t\u00e9 celui qui a le plus vilipend\u00e9 la classe politique et divis\u00e9 les maliens pendant qu\u2019il \u00e9tait premier ministre, il a battu le record des prisonniers politiques et n\u2019a absolument rien fait pour que ces prisonniers recouvrent la libert\u00e9. Son successeur Abdoulaye Maiga semble aux antipodes de son pr\u00e9d\u00e9cesseur et est sur le point de battre \u00e0 rebours le record de Choguel, en lib\u00e9rant plus de prisonniers politiques. Apr\u00e8s la lib\u00e9ration&nbsp; des 11 d\u00e9tenus politiques, le nouveau PM est fortement interpell\u00e9 sur le dossier de six autres prisonniers qui croupissent dans les cachots. Qu\u2019il prenne l\u2019initiative de son propre chef pour convaincre le Pr\u00e9sident de la transition le G\u00e9n\u00e9ral d\u2019Arm\u00e9e Assimi Goita de la n\u00e9cessit\u00e9 de lib\u00e9rer ces six prisonniers au nom de la paix et de la coh\u00e9sion sociale<\/p>\n\n\n\n<p><strong><em>L\u2019ancien premier ministre Ousmane Issoufi Maiga pourrait-il encore plaider la cause de ces six autres prisonniers aupr\u00e8s des autorit\u00e9s et au nom de la paix&nbsp;sociale ?<\/em><\/strong>&nbsp;&nbsp;&nbsp;&nbsp;&nbsp;&nbsp;&nbsp;&nbsp;&nbsp;&nbsp;&nbsp;&nbsp;&nbsp;&nbsp;&nbsp;<strong><em>&nbsp;&nbsp;&nbsp;&nbsp;&nbsp;&nbsp;&nbsp;<\/em>&nbsp;&nbsp;&nbsp;&nbsp;&nbsp;&nbsp;&nbsp;&nbsp;<\/strong><\/p>\n\n\n\n<p>En tant que pr\u00e9sident de la Commission de r\u00e9daction de la Charte&nbsp; d\u2019entente pour la paix et la r\u00e9conciliation, l\u2019ancien PM Ousmane Issoufi Maiga est bel et bien dans son r\u00f4le de faire autant que faire se peut pour rassembler les maliens. Apr\u00e8s un premier coup d\u2019essai qui a \u00e9t\u00e9 un v\u00e9ritable coup de ma\u00eetre, avec la lib\u00e9ration des 11 leaders politiques, il peut \u00e9galement plaider aupr\u00e8s de qui de droit pour que&nbsp; les six prisonniers puissent \u00e0 leur tour respirer l\u2019air de la libert\u00e9. La mission est certes d\u00e9licate, mais elle est largement \u00e0 la port\u00e9e de l\u2019ancien PM Ousmane Issoufi Maiga qui jouit d\u00e9j\u00e0 d\u2019un capital de confiance certain aupr\u00e8s du Pr\u00e9sident Assimi Goita. L\u2019ancien PM&nbsp; pourrait faire fl\u00e9chir le Pr\u00e9sident de la transition. Donc la balle est dans son camp et pour la pleine r\u00e9ussite de sa d\u00e9licate mission il doit s\u2019impliquer pour \u00e9teindre les diff\u00e9rents foyers \u00e0 l\u2019interne. Ousmane Issoufi est fortement interpell\u00e9 afin qu\u2019il s\u2019implique pour un d\u00e9nouement heureux de ce dossier judiciaire \u00e0 connotation politique<\/p>\n\n\n\n<p><strong><em>Peut-on parler de r\u00e9conciliation tout en gardant dans les ge\u00f4les des prisonniers dont le seul tort est d\u2019avoir \u00e9mis leurs opinions sur des sujets int\u00e9ressant la vie de la Nation&nbsp;?<\/em><\/strong><\/p>\n\n\n\n<p>Sans avoir aucune pr\u00e9tention de s\u2019interf\u00e9rer dans les affaires judiciaires,&nbsp; il serait bon de r\u00e9server \u00e0 ce dossier un traitement politique surtout que les faits reproch\u00e9s ont beaucoup plus une connotation politique. En Plus la dynamique de paix et de r\u00e9conciliation enclench\u00e9e par les plus hautes autorit\u00e9s du pays plaide en faveur de leur lib\u00e9ration afin qu\u2019ils apportent leurs briques \u00e0&nbsp; la construction de l\u2019\u00e9difice national.<\/p>\n\n\n\n<p>En d\u00e9finitive il n\u2019y aura nullement pas de r\u00e9conciliation encore moins de paix sociale tant que les prisons sont remplies de citoyens emprisonn\u00e9s pour d\u00e9lit d\u2019opinions. L\u2019ancien PM Ousmane Issoufi Maiga a alors du pain sur la planche pour que le verre de la d\u00e9crispation soit plein&nbsp;!<\/p>\n\n\n\n<p><strong>Youssouf Sissoko<\/strong><\/p>\n","protected":false},"excerpt":{"rendered":"<p>Apr\u00e8s la lib\u00e9ration des 11 prisonniers politiques, les regards sont d\u00e9sormais tourn\u00e9s vers les autorit\u00e9s comp\u00e9tentes pour un \u00e9largissement de ces autres prisonniers d\u2019opinion \u00e0 savoir Youssouf Mohamed Bathily dit&hellip;<\/p>\n","protected":false},"author":1,"featured_media":20704,"comment_status":"open","ping_status":"open","sticky":false,"template":"","format":"standard","meta":{"content-type":"","_lmt_disableupdate":"","_lmt_disable":"","_jetpack_memberships_contains_paid_content":false,"footnotes":"","jetpack_publicize_message":"","jetpack_publicize_feature_enabled":true,"jetpack_social_post_already_shared":true,"jetpack_social_options":{"image_generator_settings":{"template":"highway","default_image_id":0,"font":"","enabled":false},"version":2}},"categories":[68,23],"tags":[],"class_list":["post-20702","post","type-post","status-publish","format-standard","has-post-thumbnail","hentry","category-lalternance","category-politique"],"jetpack_publicize_connections":[],"featured_image_urls":{"full":["https:\/\/nandi.info\/wp-content\/uploads\/2024\/12\/Exiles-politiques-maliens.jpg",680,378,false],"thumbnail":["https:\/\/nandi.info\/wp-content\/uploads\/2024\/12\/Exiles-politiques-maliens-150x150.jpg",150,150,true],"medium":["https:\/\/nandi.info\/wp-content\/uploads\/2024\/12\/Exiles-politiques-maliens-300x167.jpg",300,167,true],"medium_large":["https:\/\/nandi.info\/wp-content\/uploads\/2024\/12\/Exiles-politiques-maliens.jpg",680,378,false],"large":["https:\/\/nandi.info\/wp-content\/uploads\/2024\/12\/Exiles-politiques-maliens.jpg",680,378,false],"1536x1536":["https:\/\/nandi.info\/wp-content\/uploads\/2024\/12\/Exiles-politiques-maliens.jpg",680,378,false],"2048x2048":["https:\/\/nandi.info\/wp-content\/uploads\/2024\/12\/Exiles-politiques-maliens.jpg",680,378,false],"penci-recipe-1200x1200":["https:\/\/nandi.info\/wp-content\/uploads\/2024\/12\/Exiles-politiques-maliens.jpg",680,378,false],"penci-recipe-1200x900":["https:\/\/nandi.info\/wp-content\/uploads\/2024\/12\/Exiles-politiques-maliens.jpg",680,378,false],"penci-recipe-1200x675":["https:\/\/nandi.info\/wp-content\/uploads\/2024\/12\/Exiles-politiques-maliens.jpg",680,378,false],"penci-single-full":["https:\/\/nandi.info\/wp-content\/uploads\/2024\/12\/Exiles-politiques-maliens.jpg",680,378,false],"penci-slider-full-thumb":["https:\/\/nandi.info\/wp-content\/uploads\/2024\/12\/Exiles-politiques-maliens.jpg",680,378,false],"penci-full-thumb":["https:\/\/nandi.info\/wp-content\/uploads\/2024\/12\/Exiles-politiques-maliens.jpg",680,378,false],"penci-slider-thumb":["https:\/\/nandi.info\/wp-content\/uploads\/2024\/12\/Exiles-politiques-maliens.jpg",680,378,false],"penci-magazine-slider":["https:\/\/nandi.info\/wp-content\/uploads\/2024\/12\/Exiles-politiques-maliens.jpg",680,378,false],"penci-thumb":["https:\/\/nandi.info\/wp-content\/uploads\/2024\/12\/Exiles-politiques-maliens-585x378.jpg",585,378,true],"penci-masonry-thumb":["https:\/\/nandi.info\/wp-content\/uploads\/2024\/12\/Exiles-politiques-maliens-585x325.jpg",585,325,true],"penci-thumb-square":["https:\/\/nandi.info\/wp-content\/uploads\/2024\/12\/Exiles-politiques-maliens-585x378.jpg",585,378,true],"penci-thumb-vertical":["https:\/\/nandi.info\/wp-content\/uploads\/2024\/12\/Exiles-politiques-maliens-480x378.jpg",480,378,true],"penci-thumb-small":["https:\/\/nandi.info\/wp-content\/uploads\/2024\/12\/Exiles-politiques-maliens-263x175.jpg",263,175,true]},"author_info":{"display_name":"Nandi","author_link":"https:\/\/nandi.info\/?author=1"},"category_info":"<a href=\"https:\/\/nandi.info\/?cat=68\" rel=\"category\">L'alternance<\/a> <a href=\"https:\/\/nandi.info\/?cat=23\" rel=\"category\">Politique<\/a>","tag_info":"Politique","comment_count":"0","jetpack_featured_media_url":"https:\/\/nandi.info\/wp-content\/uploads\/2024\/12\/Exiles-politiques-maliens.jpg","jetpack_sharing_enabled":true,"_links":{"self":[{"href":"https:\/\/nandi.info\/index.php?rest_route=\/wp\/v2\/posts\/20702","targetHints":{"allow":["GET"]}}],"collection":[{"href":"https:\/\/nandi.info\/index.php?rest_route=\/wp\/v2\/posts"}],"about":[{"href":"https:\/\/nandi.info\/index.php?rest_route=\/wp\/v2\/types\/post"}],"author":[{"embeddable":true,"href":"https:\/\/nandi.info\/index.php?rest_route=\/wp\/v2\/users\/1"}],"replies":[{"embeddable":true,"href":"https:\/\/nandi.info\/index.php?rest_route=%2Fwp%2Fv2%2Fcomments&post=20702"}],"version-history":[{"count":1,"href":"https:\/\/nandi.info\/index.php?rest_route=\/wp\/v2\/posts\/20702\/revisions"}],"predecessor-version":[{"id":20705,"href":"https:\/\/nandi.info\/index.php?rest_route=\/wp\/v2\/posts\/20702\/revisions\/20705"}],"wp:featuredmedia":[{"embeddable":true,"href":"https:\/\/nandi.info\/index.php?rest_route=\/wp\/v2\/media\/20704"}],"wp:attachment":[{"href":"https:\/\/nandi.info\/index.php?rest_route=%2Fwp%2Fv2%2Fmedia&parent=20702"}],"wp:term":[{"taxonomy":"category","embeddable":true,"href":"https:\/\/nandi.info\/index.php?rest_route=%2Fwp%2Fv2%2Fcategories&post=20702"},{"taxonomy":"post_tag","embeddable":true,"href":"https:\/\/nandi.info\/index.php?rest_route=%2Fwp%2Fv2%2Ftags&post=20702"}],"curies":[{"name":"wp","href":"https:\/\/api.w.org\/{rel}","templated":true}]}}