{"id":20692,"date":"2024-12-09T23:56:30","date_gmt":"2024-12-09T22:56:30","guid":{"rendered":"https:\/\/nandi.info\/?p=20692"},"modified":"2024-12-09T23:56:32","modified_gmt":"2024-12-09T22:56:32","slug":"pm-abdoulaye-maiga-lors-de-sa-rencontre-avec-la-classe-politique-nous-nallons-jamais-accepter-quil-yait-une-crise-pre-ou-post-electorale","status":"publish","type":"post","link":"https:\/\/nandi.info\/?p=20692","title":{"rendered":"PM Abdoulaye Ma\u00efga lors de sa rencontre avec la classe Politique\u00a0: \u00ab Nous n\u2019allons jamais accepter qu\u2019il y\u2019ait une crise pr\u00e9 ou post-\u00e9lectorale \u00bb\u00a0\u00a0"},"content":{"rendered":"\n<figure class=\"wp-block-image size-full\"><img fetchpriority=\"high\" decoding=\"async\" width=\"1024\" height=\"683\" src=\"https:\/\/nandi.info\/wp-content\/uploads\/2024\/02\/ABDOULAYE-MAIGAA7.jpg\" alt=\"\" class=\"wp-image-17456\" srcset=\"https:\/\/nandi.info\/wp-content\/uploads\/2024\/02\/ABDOULAYE-MAIGAA7.jpg 1024w, https:\/\/nandi.info\/wp-content\/uploads\/2024\/02\/ABDOULAYE-MAIGAA7-300x200.jpg 300w, https:\/\/nandi.info\/wp-content\/uploads\/2024\/02\/ABDOULAYE-MAIGAA7-768x512.jpg 768w\" sizes=\"(max-width: 1024px) 100vw, 1024px\" \/><\/figure>\n\n\n\n<p><strong><em>L\u2019objectif de cette rencontre du Cadre de Concertation national entre les Partis politiques et le Premier Ministre, Ministre de l\u2019Administration Territoriale et de la D\u00e9centralisation, le G\u00e9n\u00e9ral de Division Abdoulaye Ma\u00efga \u00e9tait de faire le point sur la r\u00e9vision annuelle des listes \u00e9lectorales ; les r\u00e9formes politiques et institutionnelles et la discussion sur d\u2019autres questions diverses. C\u2019\u00e9tait au Centre de Formation des Collectivit\u00e9s Territoriales le jeudi en d\u00e9but d\u2019apr\u00e8s-midi.<\/em><\/strong><\/p>\n\n\n\n<p class=\"has-drop-cap\">Ce cadre de concertation \u00e9tait interrompu depuis un temps \u00e0 cause de la suspension des activit\u00e9s politiques par le Gouvernement. Sans risque de se tromper on peut dire que les choses commencent \u00e0 aller entre la classe politique et les Autorit\u00e9s de la Transition. Le premier signe fort de cette \u00e9vidence est la reprise du cadre de concertation national entre les deux partenaires le jeudi 5 d\u00e9cembre dernier. Certes, il entrait dans la logique de la s\u00e9rie de prise de contact du nouveau Premier Ministre, le G\u00e9n\u00e9ral de Division Abdoulaye Ma\u00efga nomm\u00e9 le 20 Novembre dernier, avec toutes les couches de la nation, mais au regard de l\u2019engouement qu\u2019il a suscit\u00e9, l\u2019on peut dire que le pont semble r\u00e9tabli entre la Transition et les acteurs principaux de la vie politique de la nation.&nbsp;<\/p>\n\n\n\n<p>En effet, cette rencontre a r\u00e9uni en face du Chef du Gouvernement, la cr\u00e8me des responsables politiques au Mali. Elle a \u00e9t\u00e9 mise \u00e0 profit pour faire l\u2019\u00e9tat d\u2019avancement de la r\u00e9vision annuelle des listes \u00e9lectorales et les r\u00e9formes politiques et institutionnelles dont la mod\u00e9ration \u00e9tait assur\u00e9e par le Directeur G\u00e9n\u00e9ral de l\u2019Administration du Territoire, Abdoul Salam Diepkil\u00e9. S\u2019en suivront les \u00e9changes.<\/p>\n\n\n\n<p>Dans son discours d\u2019ouverture des travaux, le PM Ma\u00efga a d\u00e9clar\u00e9 que lors du premier Conseil des ministres apr\u00e8s la formation du gouvernement, le G\u00e9n\u00e9ral d\u2019Arm\u00e9e Assimi Go\u00efta, Pr\u00e9sident de la Transition lui a remis une lettre de cadrage. Qui comporte huit domaines cl\u00e9s : la d\u00e9fense et la s\u00e9curit\u00e9 ; la poursuite des r\u00e9formes, notamment le secteur de la Justice pour renforcer la lutte contre la corruption, la poursuite des r\u00e9formes politiques et institutionnelles&nbsp;; la satisfaction des besoins \u00e9l\u00e9mentaires des populations gr\u00e2ce \u00e0 une \u00e9conomie forte&nbsp;; l\u2019am\u00e9lioration de la couverture sanitaire et le d\u00e9veloppement d\u2019un syst\u00e8me de solidarit\u00e9 nationale. S\u2019y ajoutent&nbsp;: l\u2019am\u00e9lioration du syst\u00e8me \u00e9ducatif et l\u2019emploi, notamment des jeunes ; l\u2019apaisement du climat social ; le renforcement de la diplomatie pour d\u00e9fendre les int\u00e9r\u00eats nationaux, raffermir les relations de coop\u00e9ration avec les partenaires respectueux de notre souverainet\u00e9, protection des Maliens \u00e9tablis \u00e0 l\u2019ext\u00e9rieur, et la mise en \u0153uvre diligente de la feuille de route de la Conf\u00e9d\u00e9ration des Etats du Sahel (AES). Mais surtout, la cr\u00e9ation des conditions en vue d\u2019\u00e9lections transparentes et apais\u00e9es qui mettront un terme \u00e0 la Transition. Pour cela, que la r\u00e9alisation de ce dernier point requiert une concertation de tous les acteurs impliqu\u00e9s dans le processus \u00e9lectoral, d\u2019autant plus que le Chef de l\u2019Etat a fait de l\u2019inclusivit\u00e9 un principe d\u2019action dans la conduite des r\u00e9formes pendant la transition.<\/p>\n\n\n\n<p>Pendant les \u00e9changes, les invit\u00e9s n\u2019ont pas manqu\u00e9 de f\u00e9liciter le nouveau Premier Ministre pour la lib\u00e9ration de leurs 11 Camarades qui \u00e9taient en d\u00e9tention depuis plusieurs mois pour \u2018\u2019Opposition \u00e0 l\u2019exercice de l\u2019Autorit\u00e9 l\u00e9gitime\u2019\u2019.<\/p>\n\n\n\n<p>Concernant l\u2019organisation des \u00e9lections qui marquera la fin de la Transition, d\u2019ailleurs, lors des \u00e9changes, c\u2019est le sujet qui revenait en boucle, le PM Ma\u00efga a tenu \u00e0 pr\u00e9ciser qu\u2019ils ne vont jamais accepter qu\u2019il y ait une crise pr\u00e9 ou post-\u00e9lectorale dans la mesure o\u00f9 le Mali est dans une crise s\u00e9curitaire. Par cons\u00e9quent, qu\u2019il faut un temps pour r\u00e9gler toutes ces conditions afin que le scrutin soit le plus transparent, le plus apais\u00e9 et le plus inclusif. \u00ab&nbsp;Je l\u2019ai dit \u00e0 l\u2019AIGE, nous allons prendre toutes les dispositions pour aller vite\u2026 Mais nous n\u2019allons jamais confondre vitesse et pr\u00e9cipitation\u2026 C\u2019est la pr\u00e9cipitation qui risque de nous conduire \u00e0 une \u00e9ventuelle catastrophe\u2026&nbsp;\u00bb a-t-il averti. Comprenne qui pourra&nbsp;!&nbsp;<\/p>\n\n\n\n<p><strong>Mariam Sissoko&nbsp;&nbsp;&nbsp;<\/strong><\/p>\n","protected":false},"excerpt":{"rendered":"<p>L\u2019objectif de cette rencontre du Cadre de Concertation national entre les Partis politiques et le Premier Ministre, Ministre de l\u2019Administration Territoriale et de la D\u00e9centralisation, le G\u00e9n\u00e9ral de Division Abdoulaye&hellip;<\/p>\n","protected":false},"author":1,"featured_media":17456,"comment_status":"open","ping_status":"open","sticky":false,"template":"","format":"standard","meta":{"content-type":"","_lmt_disableupdate":"","_lmt_disable":"","_jetpack_memberships_contains_paid_content":false,"footnotes":"","jetpack_publicize_message":"","jetpack_publicize_feature_enabled":true,"jetpack_social_post_already_shared":true,"jetpack_social_options":{"image_generator_settings":{"template":"highway","default_image_id":0,"font":"","enabled":false},"version":2}},"categories":[67,23],"tags":[],"class_list":["post-20692","post","type-post","status-publish","format-standard","has-post-thumbnail","hentry","category-le-sursaut","category-politique"],"jetpack_publicize_connections":[],"featured_image_urls":{"full":["https:\/\/nandi.info\/wp-content\/uploads\/2024\/02\/ABDOULAYE-MAIGAA7.jpg",1024,683,false],"thumbnail":["https:\/\/nandi.info\/wp-content\/uploads\/2024\/02\/ABDOULAYE-MAIGAA7-150x150.jpg",150,150,true],"medium":["https:\/\/nandi.info\/wp-content\/uploads\/2024\/02\/ABDOULAYE-MAIGAA7-300x200.jpg",300,200,true],"medium_large":["https:\/\/nandi.info\/wp-content\/uploads\/2024\/02\/ABDOULAYE-MAIGAA7-768x512.jpg",768,512,true],"large":["https:\/\/nandi.info\/wp-content\/uploads\/2024\/02\/ABDOULAYE-MAIGAA7.jpg",1024,683,false],"1536x1536":["https:\/\/nandi.info\/wp-content\/uploads\/2024\/02\/ABDOULAYE-MAIGAA7.jpg",1024,683,false],"2048x2048":["https:\/\/nandi.info\/wp-content\/uploads\/2024\/02\/ABDOULAYE-MAIGAA7.jpg",1024,683,false],"penci-recipe-1200x1200":["https:\/\/nandi.info\/wp-content\/uploads\/2024\/02\/ABDOULAYE-MAIGAA7.jpg",1024,683,false],"penci-recipe-1200x900":["https:\/\/nandi.info\/wp-content\/uploads\/2024\/02\/ABDOULAYE-MAIGAA7.jpg",1024,683,false],"penci-recipe-1200x675":["https:\/\/nandi.info\/wp-content\/uploads\/2024\/02\/ABDOULAYE-MAIGAA7.jpg",1012,675,false],"penci-single-full":["https:\/\/nandi.info\/wp-content\/uploads\/2024\/02\/ABDOULAYE-MAIGAA7.jpg",1024,683,false],"penci-slider-full-thumb":["https:\/\/nandi.info\/wp-content\/uploads\/2024\/02\/ABDOULAYE-MAIGAA7.jpg",1024,683,false],"penci-full-thumb":["https:\/\/nandi.info\/wp-content\/uploads\/2024\/02\/ABDOULAYE-MAIGAA7.jpg",1024,683,false],"penci-slider-thumb":["https:\/\/nandi.info\/wp-content\/uploads\/2024\/02\/ABDOULAYE-MAIGAA7.jpg",994,663,false],"penci-magazine-slider":["https:\/\/nandi.info\/wp-content\/uploads\/2024\/02\/ABDOULAYE-MAIGAA7.jpg",774,516,false],"penci-thumb":["https:\/\/nandi.info\/wp-content\/uploads\/2024\/02\/ABDOULAYE-MAIGAA7.jpg",585,390,false],"penci-masonry-thumb":["https:\/\/nandi.info\/wp-content\/uploads\/2024\/02\/ABDOULAYE-MAIGAA7.jpg",585,390,false],"penci-thumb-square":["https:\/\/nandi.info\/wp-content\/uploads\/2024\/02\/ABDOULAYE-MAIGAA7.jpg",585,390,false],"penci-thumb-vertical":["https:\/\/nandi.info\/wp-content\/uploads\/2024\/02\/ABDOULAYE-MAIGAA7.jpg",480,320,false],"penci-thumb-small":["https:\/\/nandi.info\/wp-content\/uploads\/2024\/02\/ABDOULAYE-MAIGAA7.jpg",263,175,false]},"author_info":{"display_name":"Nandi","author_link":"https:\/\/nandi.info\/?author=1"},"category_info":"<a href=\"https:\/\/nandi.info\/?cat=67\" rel=\"category\">Le Sursaut<\/a> <a href=\"https:\/\/nandi.info\/?cat=23\" rel=\"category\">Politique<\/a>","tag_info":"Politique","comment_count":"0","jetpack_featured_media_url":"https:\/\/nandi.info\/wp-content\/uploads\/2024\/02\/ABDOULAYE-MAIGAA7.jpg","jetpack_sharing_enabled":true,"_links":{"self":[{"href":"https:\/\/nandi.info\/index.php?rest_route=\/wp\/v2\/posts\/20692","targetHints":{"allow":["GET"]}}],"collection":[{"href":"https:\/\/nandi.info\/index.php?rest_route=\/wp\/v2\/posts"}],"about":[{"href":"https:\/\/nandi.info\/index.php?rest_route=\/wp\/v2\/types\/post"}],"author":[{"embeddable":true,"href":"https:\/\/nandi.info\/index.php?rest_route=\/wp\/v2\/users\/1"}],"replies":[{"embeddable":true,"href":"https:\/\/nandi.info\/index.php?rest_route=%2Fwp%2Fv2%2Fcomments&post=20692"}],"version-history":[{"count":1,"href":"https:\/\/nandi.info\/index.php?rest_route=\/wp\/v2\/posts\/20692\/revisions"}],"predecessor-version":[{"id":20693,"href":"https:\/\/nandi.info\/index.php?rest_route=\/wp\/v2\/posts\/20692\/revisions\/20693"}],"wp:featuredmedia":[{"embeddable":true,"href":"https:\/\/nandi.info\/index.php?rest_route=\/wp\/v2\/media\/17456"}],"wp:attachment":[{"href":"https:\/\/nandi.info\/index.php?rest_route=%2Fwp%2Fv2%2Fmedia&parent=20692"}],"wp:term":[{"taxonomy":"category","embeddable":true,"href":"https:\/\/nandi.info\/index.php?rest_route=%2Fwp%2Fv2%2Fcategories&post=20692"},{"taxonomy":"post_tag","embeddable":true,"href":"https:\/\/nandi.info\/index.php?rest_route=%2Fwp%2Fv2%2Ftags&post=20692"}],"curies":[{"name":"wp","href":"https:\/\/api.w.org\/{rel}","templated":true}]}}