{"id":20610,"date":"2024-12-02T13:22:59","date_gmt":"2024-12-02T12:22:59","guid":{"rendered":"https:\/\/nandi.info\/?p=20610"},"modified":"2024-12-02T14:02:50","modified_gmt":"2024-12-02T13:02:50","slug":"le-1er-conseil-des-ministres-du-nouveau-gouvernement-du-general-abdoulaye-maiga-une-feuille-de-route-en-8-points-qui-a-vraiment-lair-du-deja-vu-et-entendu","status":"publish","type":"post","link":"https:\/\/nandi.info\/?p=20610","title":{"rendered":"Le 1er conseil des ministres du nouveau gouvernement du g\u00e9n\u00e9ral Abdoulaye Maiga : Une feuille de route en 8 points qui a vraiment l\u2019air du d\u00e9j\u00e0 vu et entendu !"},"content":{"rendered":"\n<figure class=\"wp-block-image size-full\"><img fetchpriority=\"high\" decoding=\"async\" width=\"450\" height=\"287\" src=\"https:\/\/nandi.info\/wp-content\/uploads\/2023\/12\/KOULOUBA-MALI-1.jpg\" alt=\"\" class=\"wp-image-16252\" srcset=\"https:\/\/nandi.info\/wp-content\/uploads\/2023\/12\/KOULOUBA-MALI-1.jpg 450w, https:\/\/nandi.info\/wp-content\/uploads\/2023\/12\/KOULOUBA-MALI-1-300x191.jpg 300w\" sizes=\"(max-width: 450px) 100vw, 450px\" \/><\/figure>\n\n\n\n<p><strong><em>A peine r\u00e9am\u00e9nag\u00e9, avec bien s\u00fbr quelques d\u00e9parts,&nbsp; le gouvernement du G\u00e9n\u00e9ral de Division Abdoulaye Maiga a tenu son tout premier conseil des ministres sous la haute pr\u00e9sidence du G\u00e9n\u00e9ral d\u2019Arm\u00e9e Assimi Goita, Pr\u00e9sident de la transition. Cette premi\u00e8re traditionnelle r\u00e9union hebdomadaire des ministres a \u00e9t\u00e9 non seulement l\u2019occasion d\u2019un premier contact entre le Pr\u00e9sident et ses ministres, mais aussi et surtout elle&nbsp; a permis au Pr\u00e9sident de la transition de proposer une feuille de route au gouvernement&nbsp; d\u00e9clin\u00e9e en huit points essentiels, \u00e0 savoir la D\u00e9fense et la s\u00e9curit\u00e9, les r\u00e9formes politiques et institutionnelles, la satisfaction des besoins fondamentaux de la population, l\u2019am\u00e9lioration de la couverture sanitaire du pays, l\u2019am\u00e9lioration du syst\u00e8me \u00e9ducatif, l\u2019apaisement du climat social, le renforcement de notre diplomatie et l\u2019organisation d\u2019\u00e9lections transparentes et apais\u00e9es. Apr\u00e8s avoir pris connaissance des huit priorit\u00e9s, quelques questions de compr\u00e9hension taraudent mon esprit, la premi\u00e8re est celle de savoir si les autorit\u00e9s sont conscientes du fait qu\u2019elles ne sont qu\u2019en transition et non en r\u00e9gime normal.&nbsp; La seconde est celle de savoir si elles mesurent la gravit\u00e9 de la situation socio\u00e9conomique voire s\u00e9curitaire, cons\u00e9cutives \u00e0 notre isolement et \u00e0 la p\u00e9riode exceptionnelle que le traverse. La troisi\u00e8me question est celle de savoir si elles sont&nbsp; dans des bonnes pr\u00e9dispositions \u00e0 mettre un terme de sit\u00f4t \u00e0 la transition en organisant des \u00e9lections transparentes et cr\u00e9dibles, car pour rappel,&nbsp; cette priorit\u00e9 n\u2019est que la derni\u00e8re des huit que renferme la feuille de route.<\/em><\/strong><\/p>\n\n\n\n<p class=\"has-drop-cap\">La transition malienne s\u2019achemine vers sa cinqui\u00e8me ann\u00e9e, l\u2019\u00e9quivalent d\u2019un mandat \u00e9lectif sous nos tropiques. Elle peine \u00e0 trouver des solutions idoines aux pr\u00e9occupations majeures de la population. Le peuple malien subit un supplice moral et physique et ne sait plus \u00e0 quel saint se vouer, malgr\u00e9 toutes les difficult\u00e9s les autorit\u00e9s de la transition persistent \u00e0 se maintenir et \u00e0 pr\u00e9server leurs pouvoirs. Rien qu\u2019\u00e0 en juger par le bilan de quatre ans, on en d\u00e9duirait que&nbsp; les attentes n\u2019ont pas&nbsp; \u00e9t\u00e9 combl\u00e9es pour ne pas dire qu\u2019elles ont \u00e9t\u00e9 largement d\u00e9\u00e7ues. Au lieu de tirer tous les enseignements de ce chaotique bilan de quatre ans de gestion de la transition afin de parer au plus press\u00e9 pour un retour \u00e0 la normale, les autorit\u00e9s sont plut\u00f4t obnubil\u00e9es par le pouvoir et n\u2019entendent le c\u00e9der d\u2019un iota. La feuille de route qui est celle propos\u00e9e au nouveau gouvernement est presqu\u2019un programme quinquennal d\u2019un gouvernement l\u00e9gitime, alors que nous sommes en transition, qui par d\u00e9finition est une courte p\u00e9riode au cours de laquelle certaines r\u00e9formes sont men\u00e9es afin de consolider les institutions et de rendre cr\u00e9dibles les d\u00e9cisions des gouvernants, avec comme finalit\u00e9 la tenue d\u2019\u00e9lections pour doter le pays d\u2019institutions l\u00e9gitimes et l\u00e9gales. Les transitions les plus efficaces et les plus r\u00e9ussies sont celles qui ont \u00e9t\u00e9 les plus inclusives, les plus courtes possibles et qui ont permis de d\u00e9gager un large consensus autour des grandes r\u00e9formes dont la finalit\u00e9 est l\u2019organisation des \u00e9lections cr\u00e9dibles et transparentes. Les autorit\u00e9s de la transition ne donnent pas cette assurance, elles s\u2019\u00e9loignent d\u2019ailleurs chaque jour de cet ultime objectif pour ne se pr\u00e9occuper que des priorit\u00e9s qui sont des missions d\u2019un Pr\u00e9sident \u00e9lu. Les huit points de la feuille de route sont tous prioritaires, mais leur r\u00e9alisation ne saurait \u00eatre faite \u00e0 court voir \u00e0 moyen terme&nbsp;; ils demandent plus de stabilit\u00e9, plus de s\u00e9curit\u00e9 pour relancer l\u2019\u00e9conomie et plus d\u2019ouverture vers l\u2019ext\u00e9rieur afin d\u2019attirer les investisseurs. Une transition ne saurait jouir d\u2019une telle confiance d\u2019o\u00f9 l\u2019appel pressant d\u2019une frange importante du peuple \u00e0 aller aux \u00e9lections pour sortir de cette catastrophique situation.<\/p>\n\n\n\n<p><strong><em>Quand la huiti\u00e8me priorit\u00e9, \u00e0 savoir l\u2019organisation d\u2019\u00e9lections&nbsp; devient logiquement la deuxi\u00e8me apr\u00e8s la D\u00e9fense et la s\u00e9curit\u00e9<\/em><\/strong><\/p>\n\n\n\n<p>Une transition&nbsp; qui se veut efficace doit s\u2019atteler \u00e0 ces quelques&nbsp; grandes priorit\u00e9s, \u00e0 savoir l\u2019am\u00e9lioration des conditions s\u00e9curitaires et sociales, la d\u00e9fense de l\u2019int\u00e9grit\u00e9 territoriale pour permettre aux populations de se mouvoir sur toute l\u2019\u00e9tendue du territoire et enfin la tenue des \u00e9lections \u00e0 la fois&nbsp; inclusives transparentes et cr\u00e9dibles et dont les r\u00e9sultats seront accept\u00e9s par tous les acteurs afin d\u2019\u00e9viter une crise post\u00e9lectorale aux cons\u00e9quences dramatiques. Toutes les autres priorit\u00e9s pourraient \u00eatre r\u00e9alis\u00e9es par un Pr\u00e9sident d\u00e9mocratiquement \u00e9lu. Le hic est que ces priorit\u00e9s ne sont pas nouvelles, elles sont l\u00e0 depuis quatre ans et aucune solution v\u00e9ritable n\u2019a \u00e9t\u00e9 trouv\u00e9e, la preuve&nbsp; est que la population broie du noir. Si dans les domaines de la s\u00e9curit\u00e9 et de la d\u00e9fense des gros efforts ont \u00e9t\u00e9 d\u00e9ploy\u00e9s, tout comme les r\u00e9formes politiques et institutionnelles. Ni la satisfaction des besoins fondamentaux de la population, ni la couverture sanitaire, encore moins la diplomation et l\u2019am\u00e9lioration du syst\u00e8me \u00e9ducatif n\u2019ont connu aucun progr\u00e8s, la situation dans ces diff\u00e9rents domaines va de mal en pis. Faute d\u2019investissements, de relance \u00e9conomique, et d\u2019ouverture vers des horizons prometteurs rien de consistant ne serait construit d\u2019o\u00f9 le cri d\u2019alarme pour une sortie rapide de la transition afin de&nbsp; renouer les relations diplomatiques avec l\u2019ensemble&nbsp; des Etats sans apriori ni discrimination afin d\u2019amorcer v\u00e9ritablement le d\u00e9veloppement soulager les pauvres populations.<\/p>\n\n\n\n<p><\/p>\n\n\n\n<p><strong>Youssouf Sissoko<\/strong><\/p>\n\n\n\n<p><\/p>\n","protected":false},"excerpt":{"rendered":"<p>A peine r\u00e9am\u00e9nag\u00e9, avec bien s\u00fbr quelques d\u00e9parts,&nbsp; le gouvernement du G\u00e9n\u00e9ral de Division Abdoulaye Maiga a tenu son tout premier conseil des ministres sous la haute pr\u00e9sidence du G\u00e9n\u00e9ral&hellip;<\/p>\n","protected":false},"author":1,"featured_media":16252,"comment_status":"open","ping_status":"open","sticky":false,"template":"","format":"standard","meta":{"content-type":"","_lmt_disableupdate":"","_lmt_disable":"","_jetpack_memberships_contains_paid_content":false,"footnotes":"","jetpack_publicize_message":"","jetpack_publicize_feature_enabled":true,"jetpack_social_post_already_shared":true,"jetpack_social_options":{"image_generator_settings":{"template":"highway","default_image_id":0,"font":"","enabled":false},"version":2}},"categories":[68,74,23],"tags":[],"class_list":["post-20610","post","type-post","status-publish","format-standard","has-post-thumbnail","hentry","category-lalternance","category-nation","category-politique"],"jetpack_publicize_connections":[],"featured_image_urls":{"full":["https:\/\/nandi.info\/wp-content\/uploads\/2023\/12\/KOULOUBA-MALI-1.jpg",450,287,false],"thumbnail":["https:\/\/nandi.info\/wp-content\/uploads\/2023\/12\/KOULOUBA-MALI-1-150x150.jpg",150,150,true],"medium":["https:\/\/nandi.info\/wp-content\/uploads\/2023\/12\/KOULOUBA-MALI-1-300x191.jpg",300,191,true],"medium_large":["https:\/\/nandi.info\/wp-content\/uploads\/2023\/12\/KOULOUBA-MALI-1.jpg",450,287,false],"large":["https:\/\/nandi.info\/wp-content\/uploads\/2023\/12\/KOULOUBA-MALI-1.jpg",450,287,false],"1536x1536":["https:\/\/nandi.info\/wp-content\/uploads\/2023\/12\/KOULOUBA-MALI-1.jpg",450,287,false],"2048x2048":["https:\/\/nandi.info\/wp-content\/uploads\/2023\/12\/KOULOUBA-MALI-1.jpg",450,287,false],"penci-recipe-1200x1200":["https:\/\/nandi.info\/wp-content\/uploads\/2023\/12\/KOULOUBA-MALI-1.jpg",450,287,false],"penci-recipe-1200x900":["https:\/\/nandi.info\/wp-content\/uploads\/2023\/12\/KOULOUBA-MALI-1.jpg",450,287,false],"penci-recipe-1200x675":["https:\/\/nandi.info\/wp-content\/uploads\/2023\/12\/KOULOUBA-MALI-1.jpg",450,287,false],"penci-single-full":["https:\/\/nandi.info\/wp-content\/uploads\/2023\/12\/KOULOUBA-MALI-1.jpg",450,287,false],"penci-slider-full-thumb":["https:\/\/nandi.info\/wp-content\/uploads\/2023\/12\/KOULOUBA-MALI-1.jpg",450,287,false],"penci-full-thumb":["https:\/\/nandi.info\/wp-content\/uploads\/2023\/12\/KOULOUBA-MALI-1.jpg",450,287,false],"penci-slider-thumb":["https:\/\/nandi.info\/wp-content\/uploads\/2023\/12\/KOULOUBA-MALI-1.jpg",450,287,false],"penci-magazine-slider":["https:\/\/nandi.info\/wp-content\/uploads\/2023\/12\/KOULOUBA-MALI-1.jpg",450,287,false],"penci-thumb":["https:\/\/nandi.info\/wp-content\/uploads\/2023\/12\/KOULOUBA-MALI-1.jpg",450,287,false],"penci-masonry-thumb":["https:\/\/nandi.info\/wp-content\/uploads\/2023\/12\/KOULOUBA-MALI-1.jpg",450,287,false],"penci-thumb-square":["https:\/\/nandi.info\/wp-content\/uploads\/2023\/12\/KOULOUBA-MALI-1.jpg",450,287,false],"penci-thumb-vertical":["https:\/\/nandi.info\/wp-content\/uploads\/2023\/12\/KOULOUBA-MALI-1.jpg",450,287,false],"penci-thumb-small":["https:\/\/nandi.info\/wp-content\/uploads\/2023\/12\/KOULOUBA-MALI-1.jpg",263,168,false]},"author_info":{"display_name":"Nandi","author_link":"https:\/\/nandi.info\/?author=1"},"category_info":"<a href=\"https:\/\/nandi.info\/?cat=68\" rel=\"category\">L'alternance<\/a> <a href=\"https:\/\/nandi.info\/?cat=74\" rel=\"category\">Nation<\/a> <a href=\"https:\/\/nandi.info\/?cat=23\" rel=\"category\">Politique<\/a>","tag_info":"Politique","comment_count":"0","jetpack_featured_media_url":"https:\/\/nandi.info\/wp-content\/uploads\/2023\/12\/KOULOUBA-MALI-1.jpg","jetpack_sharing_enabled":true,"_links":{"self":[{"href":"https:\/\/nandi.info\/index.php?rest_route=\/wp\/v2\/posts\/20610","targetHints":{"allow":["GET"]}}],"collection":[{"href":"https:\/\/nandi.info\/index.php?rest_route=\/wp\/v2\/posts"}],"about":[{"href":"https:\/\/nandi.info\/index.php?rest_route=\/wp\/v2\/types\/post"}],"author":[{"embeddable":true,"href":"https:\/\/nandi.info\/index.php?rest_route=\/wp\/v2\/users\/1"}],"replies":[{"embeddable":true,"href":"https:\/\/nandi.info\/index.php?rest_route=%2Fwp%2Fv2%2Fcomments&post=20610"}],"version-history":[{"count":2,"href":"https:\/\/nandi.info\/index.php?rest_route=\/wp\/v2\/posts\/20610\/revisions"}],"predecessor-version":[{"id":20621,"href":"https:\/\/nandi.info\/index.php?rest_route=\/wp\/v2\/posts\/20610\/revisions\/20621"}],"wp:featuredmedia":[{"embeddable":true,"href":"https:\/\/nandi.info\/index.php?rest_route=\/wp\/v2\/media\/16252"}],"wp:attachment":[{"href":"https:\/\/nandi.info\/index.php?rest_route=%2Fwp%2Fv2%2Fmedia&parent=20610"}],"wp:term":[{"taxonomy":"category","embeddable":true,"href":"https:\/\/nandi.info\/index.php?rest_route=%2Fwp%2Fv2%2Fcategories&post=20610"},{"taxonomy":"post_tag","embeddable":true,"href":"https:\/\/nandi.info\/index.php?rest_route=%2Fwp%2Fv2%2Ftags&post=20610"}],"curies":[{"name":"wp","href":"https:\/\/api.w.org\/{rel}","templated":true}]}}