{"id":20433,"date":"2024-11-10T00:13:55","date_gmt":"2024-11-09T23:13:55","guid":{"rendered":"https:\/\/nandi.info\/?p=20433"},"modified":"2024-11-10T00:13:59","modified_gmt":"2024-11-09T23:13:59","slug":"inondations-en-espagne-le-gouvernement-approuve-un-plan-durgence-de-106-milliards-deuros","status":"publish","type":"post","link":"https:\/\/nandi.info\/?p=20433","title":{"rendered":"Inondations en Espagne: Le gouvernement approuve un plan d\u2019urgence de 10,6 milliards d\u2019euros"},"content":{"rendered":"\n<figure class=\"wp-block-image size-large\"><img fetchpriority=\"high\" decoding=\"async\" width=\"1024\" height=\"576\" src=\"https:\/\/nandi.info\/wp-content\/uploads\/2024\/11\/Inondations-en-Espagn-1024x576.webp\" alt=\"\" class=\"wp-image-20436\" srcset=\"https:\/\/nandi.info\/wp-content\/uploads\/2024\/11\/Inondations-en-Espagn-1024x576.webp 1024w, https:\/\/nandi.info\/wp-content\/uploads\/2024\/11\/Inondations-en-Espagn-300x169.webp 300w, https:\/\/nandi.info\/wp-content\/uploads\/2024\/11\/Inondations-en-Espagn-768x432.webp 768w, https:\/\/nandi.info\/wp-content\/uploads\/2024\/11\/Inondations-en-Espagn-1170x658.webp 1170w, https:\/\/nandi.info\/wp-content\/uploads\/2024\/11\/Inondations-en-Espagn-585x329.webp 585w, https:\/\/nandi.info\/wp-content\/uploads\/2024\/11\/Inondations-en-Espagn.webp 1200w\" sizes=\"(max-width: 1024px) 100vw, 1024px\" \/><figcaption class=\"wp-element-caption\">Cr\u00e9dit DR<\/figcaption><\/figure>\n\n\n\n<p>L<strong><em>e gouvernement espagnol a approuv\u00e9 mardi un plan d\u2019urgence de 10,6 milliards d\u2019euros pour venir en aide aux habitants et entreprises affect\u00e9s par les inondations historiques et d\u00e9vastatrices qui ont ravag\u00e9 le sud-est du pays.<\/em><\/strong><\/p>\n\n\n\n<p class=\"has-drop-cap\"><em>L\u2019investissement total de toutes ces premi\u00e8res mesures \u201d va d\u00e9passer les \u201d 10,6 milliards d\u2019euros<strong>\u201c<\/strong><\/em>, a annonc\u00e9 le pr\u00e9sident du gouvernement espagnol lors d\u2019une conf\u00e9rence de presse, \u00e0 l\u2019issue d\u2019un Conseil des ministres.<\/p>\n\n\n\n<p>Ce premier plan d\u2019urgence comprend des aides directes ainsi que des all\u00e8gements fiscaux pour les entreprises et pour les particuliers, a pr\u00e9cis\u00e9 M. S\u00e1nchez, pr\u00e9cisant que ces aides b\u00e9n\u00e9ficieront \u00e0 65.000 travailleurs ind\u00e9pendants et \u00e0 environ 30.000 entreprises.<\/p>\n\n\n\n<p>Le chef du gouvernement a \u00e9galement annonc\u00e9 une ligne de cr\u00e9dits de cinq milliards d\u2019euros pour les PME, les travailleurs ind\u00e9pendants et les familles, sur un mod\u00e8le&nbsp;<strong><em>\u201ctr\u00e8s similaire \u00e0 ce qui avait \u00e9t\u00e9 fait pendant la pand\u00e9mie\u201d&nbsp;<\/em><\/strong>du Covid-19.<\/p>\n\n\n\n<p>L\u2019ex\u00e9cutif, qui a officiellement d\u00e9clar\u00e9 mardi l\u2019\u00e9tat de catastrophe naturelle dans les zones sinistr\u00e9es, s\u2019est par ailleurs engag\u00e9 \u00e0 prendre en charge \u201c100%\u201d des d\u00e9penses urgentes engag\u00e9es par les municipalit\u00e9s pour venir en aide \u00e0 leurs administr\u00e9s et d\u00e9blayer les rues.<\/p>\n\n\n\n<p>Au-del\u00e0 de ces mesures d\u2019urgence, M. S\u00e1nchez a assur\u00e9 que le gouvernement travaillait sur un plan \u00e0 long terme pour la r\u00e9gion, incluant un plan de reconstruction des zones touch\u00e9es, mais aussi un plan de transformation, jug\u00e9 \u201cn\u00e9cessaire\u201d pour adapter la r\u00e9gion \u00e0 l\u2019urgence climatique.<\/p>\n\n\n\n<p>Le bilan humain de ces inondations meurtri\u00e8res s\u2019\u00e9l\u00e8ve \u00e0 218 morts, alors que la recherche des personnes port\u00e9es disparues se poursuit toujours.<\/p>\n","protected":false},"excerpt":{"rendered":"<p>Le gouvernement espagnol a approuv\u00e9 mardi un plan d\u2019urgence de 10,6 milliards d\u2019euros pour venir en aide aux habitants et entreprises affect\u00e9s par les inondations historiques et d\u00e9vastatrices qui ont&hellip;<\/p>\n","protected":false},"author":1,"featured_media":20436,"comment_status":"open","ping_status":"open","sticky":false,"template":"","format":"standard","meta":{"content-type":"","_lmt_disableupdate":"","_lmt_disable":"","_jetpack_memberships_contains_paid_content":false,"footnotes":"","jetpack_publicize_message":"","jetpack_publicize_feature_enabled":true,"jetpack_social_post_already_shared":true,"jetpack_social_options":{"image_generator_settings":{"template":"highway","default_image_id":0,"font":"","enabled":false},"version":2}},"categories":[19,57],"tags":[],"class_list":["post-20433","post","type-post","status-publish","format-standard","has-post-thumbnail","hentry","category-aujourdhui-mali","category-international"],"jetpack_publicize_connections":[],"featured_image_urls":{"full":["https:\/\/nandi.info\/wp-content\/uploads\/2024\/11\/Inondations-en-Espagn.webp",1200,675,false],"thumbnail":["https:\/\/nandi.info\/wp-content\/uploads\/2024\/11\/Inondations-en-Espagn-150x150.webp",150,150,true],"medium":["https:\/\/nandi.info\/wp-content\/uploads\/2024\/11\/Inondations-en-Espagn-300x169.webp",300,169,true],"medium_large":["https:\/\/nandi.info\/wp-content\/uploads\/2024\/11\/Inondations-en-Espagn-768x432.webp",768,432,true],"large":["https:\/\/nandi.info\/wp-content\/uploads\/2024\/11\/Inondations-en-Espagn-1024x576.webp",1024,576,true],"1536x1536":["https:\/\/nandi.info\/wp-content\/uploads\/2024\/11\/Inondations-en-Espagn.webp",1200,675,false],"2048x2048":["https:\/\/nandi.info\/wp-content\/uploads\/2024\/11\/Inondations-en-Espagn.webp",1200,675,false],"penci-recipe-1200x1200":["https:\/\/nandi.info\/wp-content\/uploads\/2024\/11\/Inondations-en-Espagn.webp",1200,675,false],"penci-recipe-1200x900":["https:\/\/nandi.info\/wp-content\/uploads\/2024\/11\/Inondations-en-Espagn.webp",1200,675,false],"penci-recipe-1200x675":["https:\/\/nandi.info\/wp-content\/uploads\/2024\/11\/Inondations-en-Espagn.webp",1200,675,false],"penci-single-full":["https:\/\/nandi.info\/wp-content\/uploads\/2024\/11\/Inondations-en-Espagn.webp",1200,675,false],"penci-slider-full-thumb":["https:\/\/nandi.info\/wp-content\/uploads\/2024\/11\/Inondations-en-Espagn.webp",1200,675,false],"penci-full-thumb":["https:\/\/nandi.info\/wp-content\/uploads\/2024\/11\/Inondations-en-Espagn-1170x658.webp",1170,658,true],"penci-slider-thumb":["https:\/\/nandi.info\/wp-content\/uploads\/2024\/11\/Inondations-en-Espagn-1170x663.webp",1170,663,true],"penci-magazine-slider":["https:\/\/nandi.info\/wp-content\/uploads\/2024\/11\/Inondations-en-Espagn-780x516.webp",780,516,true],"penci-thumb":["https:\/\/nandi.info\/wp-content\/uploads\/2024\/11\/Inondations-en-Espagn-585x390.webp",585,390,true],"penci-masonry-thumb":["https:\/\/nandi.info\/wp-content\/uploads\/2024\/11\/Inondations-en-Espagn-585x329.webp",585,329,true],"penci-thumb-square":["https:\/\/nandi.info\/wp-content\/uploads\/2024\/11\/Inondations-en-Espagn-585x585.webp",585,585,true],"penci-thumb-vertical":["https:\/\/nandi.info\/wp-content\/uploads\/2024\/11\/Inondations-en-Espagn-480x650.webp",480,650,true],"penci-thumb-small":["https:\/\/nandi.info\/wp-content\/uploads\/2024\/11\/Inondations-en-Espagn-263x175.webp",263,175,true]},"author_info":{"display_name":"Nandi","author_link":"https:\/\/nandi.info\/?author=1"},"category_info":"<a href=\"https:\/\/nandi.info\/?cat=19\" rel=\"category\">Aujourd\u2019hui Mali<\/a> <a href=\"https:\/\/nandi.info\/?cat=57\" rel=\"category\">International<\/a>","tag_info":"International","comment_count":"0","jetpack_featured_media_url":"https:\/\/nandi.info\/wp-content\/uploads\/2024\/11\/Inondations-en-Espagn.webp","jetpack_sharing_enabled":true,"_links":{"self":[{"href":"https:\/\/nandi.info\/index.php?rest_route=\/wp\/v2\/posts\/20433","targetHints":{"allow":["GET"]}}],"collection":[{"href":"https:\/\/nandi.info\/index.php?rest_route=\/wp\/v2\/posts"}],"about":[{"href":"https:\/\/nandi.info\/index.php?rest_route=\/wp\/v2\/types\/post"}],"author":[{"embeddable":true,"href":"https:\/\/nandi.info\/index.php?rest_route=\/wp\/v2\/users\/1"}],"replies":[{"embeddable":true,"href":"https:\/\/nandi.info\/index.php?rest_route=%2Fwp%2Fv2%2Fcomments&post=20433"}],"version-history":[{"count":1,"href":"https:\/\/nandi.info\/index.php?rest_route=\/wp\/v2\/posts\/20433\/revisions"}],"predecessor-version":[{"id":20437,"href":"https:\/\/nandi.info\/index.php?rest_route=\/wp\/v2\/posts\/20433\/revisions\/20437"}],"wp:featuredmedia":[{"embeddable":true,"href":"https:\/\/nandi.info\/index.php?rest_route=\/wp\/v2\/media\/20436"}],"wp:attachment":[{"href":"https:\/\/nandi.info\/index.php?rest_route=%2Fwp%2Fv2%2Fmedia&parent=20433"}],"wp:term":[{"taxonomy":"category","embeddable":true,"href":"https:\/\/nandi.info\/index.php?rest_route=%2Fwp%2Fv2%2Fcategories&post=20433"},{"taxonomy":"post_tag","embeddable":true,"href":"https:\/\/nandi.info\/index.php?rest_route=%2Fwp%2Fv2%2Ftags&post=20433"}],"curies":[{"name":"wp","href":"https:\/\/api.w.org\/{rel}","templated":true}]}}