{"id":20397,"date":"2024-11-04T23:29:25","date_gmt":"2024-11-04T22:29:25","guid":{"rendered":"https:\/\/nandi.info\/?p=20397"},"modified":"2024-11-04T23:29:27","modified_gmt":"2024-11-04T22:29:27","slug":"remise-des-cartes-biometriques-une-initiative-pour-ameliorer-le-bien-etre-des-travailleurs-et-des-retraites-au-mali","status":"publish","type":"post","link":"https:\/\/nandi.info\/?p=20397","title":{"rendered":"Remise des cartes biom\u00e9triques : Une initiative pour am\u00e9liorer le bien-\u00eatre des travailleurs et des retrait\u00e9s au Mali"},"content":{"rendered":"\n<figure class=\"wp-block-image size-full\"><img fetchpriority=\"high\" decoding=\"async\" width=\"1000\" height=\"750\" src=\"https:\/\/nandi.info\/wp-content\/uploads\/2024\/11\/DEBUT-DE-LA-REMISE-DES-CARTES-BIOMETRIQUES-AUX-PENSIONNES-ET-AUX-SALARIES-inps.jpg\" alt=\"\" class=\"wp-image-20401\" srcset=\"https:\/\/nandi.info\/wp-content\/uploads\/2024\/11\/DEBUT-DE-LA-REMISE-DES-CARTES-BIOMETRIQUES-AUX-PENSIONNES-ET-AUX-SALARIES-inps.jpg 1000w, https:\/\/nandi.info\/wp-content\/uploads\/2024\/11\/DEBUT-DE-LA-REMISE-DES-CARTES-BIOMETRIQUES-AUX-PENSIONNES-ET-AUX-SALARIES-inps-300x225.jpg 300w, https:\/\/nandi.info\/wp-content\/uploads\/2024\/11\/DEBUT-DE-LA-REMISE-DES-CARTES-BIOMETRIQUES-AUX-PENSIONNES-ET-AUX-SALARIES-inps-768x576.jpg 768w, https:\/\/nandi.info\/wp-content\/uploads\/2024\/11\/DEBUT-DE-LA-REMISE-DES-CARTES-BIOMETRIQUES-AUX-PENSIONNES-ET-AUX-SALARIES-inps-585x439.jpg 585w\" sizes=\"(max-width: 1000px) 100vw, 1000px\" \/><\/figure>\n\n\n\n<h2 class=\"wp-block-heading has-text-align-center\"><strong>La distribution des cartes biom\u00e9triques marque une \u00e9tape importante dans la modernisation des services de l&rsquo;INPS<\/strong><\/h2>\n\n\n\n<p><strong>Ce lundi 4 novembre 2024, l&rsquo;Institut National de Pr\u00e9voyance Sociale (INPS) de S\u00e9gou a officiellement lanc\u00e9 la remise des cartes biom\u00e9triques aux pensionn\u00e9s et aux salari\u00e9s. Cette c\u00e9r\u00e9monie s&rsquo;est d\u00e9roul\u00e9e en pr\u00e9sence du directeur r\u00e9gional, Salif COULIBALY, qui a soulign\u00e9 l&rsquo;importance de cette initiative pour am\u00e9liorer l&rsquo;identification et la gestion des droits des b\u00e9n\u00e9ficiaires. Voir la photo des deux premiers b\u00e9n\u00e9ficiaires.<\/strong><\/p>\n\n\n\n<p class=\"has-drop-cap\">La remise des cartes biom\u00e9triques repr\u00e9sente une avanc\u00e9e significative dans le processus de modernisation des services offerts par l&rsquo;INPS. Ces cartes permettront non seulement de s\u00e9curiser les informations personnelles des pensionn\u00e9s et des travailleurs, mais aussi de faciliter l&rsquo;acc\u00e8s aux prestations sociales.<\/p>\n\n\n\n<p>M. &nbsp;COULIBALY a exprim\u00e9 sa satisfaction quant \u00e0 ce projet, qui vise \u00e0 renforcer la transparence et l&rsquo;efficacit\u00e9 dans le syst\u00e8me de pr\u00e9voyance sociale. Il a \u00e9galement rappel\u00e9 que cette initiative s&rsquo;inscrit dans un cadre plus large d&rsquo;am\u00e9lioration des conditions de vie des travailleurs et pensionn\u00e9s au Mali. Il convient de rappeler que la carte biom\u00e9trique pour les pensionn\u00e9s et les salari\u00e9s repr\u00e9sente une avanc\u00e9e majeure vers une gestion plus s\u00e9curis\u00e9e et efficace des droits sociaux.<\/p>\n\n\n\n<p>Par ailleurs, notons que l\u2019enregistrement biom\u00e9trique en cours dans les zones de San, Niono et Seribala.<\/p>\n\n\n\n<p>Service des Relations Publiques, INPS<\/p>\n\n\n\n<p><\/p>\n","protected":false},"excerpt":{"rendered":"<p>La distribution des cartes biom\u00e9triques marque une \u00e9tape importante dans la modernisation des services de l&rsquo;INPS Ce lundi 4 novembre 2024, l&rsquo;Institut National de Pr\u00e9voyance Sociale (INPS) de S\u00e9gou a&hellip;<\/p>\n","protected":false},"author":1,"featured_media":20401,"comment_status":"open","ping_status":"open","sticky":false,"template":"","format":"standard","meta":{"content-type":"","_lmt_disableupdate":"","_lmt_disable":"","_jetpack_memberships_contains_paid_content":false,"footnotes":"","jetpack_publicize_message":"","jetpack_publicize_feature_enabled":true,"jetpack_social_post_already_shared":true,"jetpack_social_options":{"image_generator_settings":{"template":"highway","default_image_id":0,"font":"","enabled":false},"version":2}},"categories":[43,21],"tags":[],"class_list":["post-20397","post","type-post","status-publish","format-standard","has-post-thumbnail","hentry","category-nandi-info","category-societe"],"jetpack_publicize_connections":[],"featured_image_urls":{"full":["https:\/\/nandi.info\/wp-content\/uploads\/2024\/11\/DEBUT-DE-LA-REMISE-DES-CARTES-BIOMETRIQUES-AUX-PENSIONNES-ET-AUX-SALARIES-inps.jpg",1000,750,false],"thumbnail":["https:\/\/nandi.info\/wp-content\/uploads\/2024\/11\/DEBUT-DE-LA-REMISE-DES-CARTES-BIOMETRIQUES-AUX-PENSIONNES-ET-AUX-SALARIES-inps-150x150.jpg",150,150,true],"medium":["https:\/\/nandi.info\/wp-content\/uploads\/2024\/11\/DEBUT-DE-LA-REMISE-DES-CARTES-BIOMETRIQUES-AUX-PENSIONNES-ET-AUX-SALARIES-inps-300x225.jpg",300,225,true],"medium_large":["https:\/\/nandi.info\/wp-content\/uploads\/2024\/11\/DEBUT-DE-LA-REMISE-DES-CARTES-BIOMETRIQUES-AUX-PENSIONNES-ET-AUX-SALARIES-inps-768x576.jpg",768,576,true],"large":["https:\/\/nandi.info\/wp-content\/uploads\/2024\/11\/DEBUT-DE-LA-REMISE-DES-CARTES-BIOMETRIQUES-AUX-PENSIONNES-ET-AUX-SALARIES-inps.jpg",1000,750,false],"1536x1536":["https:\/\/nandi.info\/wp-content\/uploads\/2024\/11\/DEBUT-DE-LA-REMISE-DES-CARTES-BIOMETRIQUES-AUX-PENSIONNES-ET-AUX-SALARIES-inps.jpg",1000,750,false],"2048x2048":["https:\/\/nandi.info\/wp-content\/uploads\/2024\/11\/DEBUT-DE-LA-REMISE-DES-CARTES-BIOMETRIQUES-AUX-PENSIONNES-ET-AUX-SALARIES-inps.jpg",1000,750,false],"penci-recipe-1200x1200":["https:\/\/nandi.info\/wp-content\/uploads\/2024\/11\/DEBUT-DE-LA-REMISE-DES-CARTES-BIOMETRIQUES-AUX-PENSIONNES-ET-AUX-SALARIES-inps.jpg",1000,750,false],"penci-recipe-1200x900":["https:\/\/nandi.info\/wp-content\/uploads\/2024\/11\/DEBUT-DE-LA-REMISE-DES-CARTES-BIOMETRIQUES-AUX-PENSIONNES-ET-AUX-SALARIES-inps.jpg",1000,750,false],"penci-recipe-1200x675":["https:\/\/nandi.info\/wp-content\/uploads\/2024\/11\/DEBUT-DE-LA-REMISE-DES-CARTES-BIOMETRIQUES-AUX-PENSIONNES-ET-AUX-SALARIES-inps-1000x675.jpg",1000,675,true],"penci-single-full":["https:\/\/nandi.info\/wp-content\/uploads\/2024\/11\/DEBUT-DE-LA-REMISE-DES-CARTES-BIOMETRIQUES-AUX-PENSIONNES-ET-AUX-SALARIES-inps.jpg",1000,750,false],"penci-slider-full-thumb":["https:\/\/nandi.info\/wp-content\/uploads\/2024\/11\/DEBUT-DE-LA-REMISE-DES-CARTES-BIOMETRIQUES-AUX-PENSIONNES-ET-AUX-SALARIES-inps.jpg",1000,750,false],"penci-full-thumb":["https:\/\/nandi.info\/wp-content\/uploads\/2024\/11\/DEBUT-DE-LA-REMISE-DES-CARTES-BIOMETRIQUES-AUX-PENSIONNES-ET-AUX-SALARIES-inps.jpg",1000,750,false],"penci-slider-thumb":["https:\/\/nandi.info\/wp-content\/uploads\/2024\/11\/DEBUT-DE-LA-REMISE-DES-CARTES-BIOMETRIQUES-AUX-PENSIONNES-ET-AUX-SALARIES-inps-1000x663.jpg",1000,663,true],"penci-magazine-slider":["https:\/\/nandi.info\/wp-content\/uploads\/2024\/11\/DEBUT-DE-LA-REMISE-DES-CARTES-BIOMETRIQUES-AUX-PENSIONNES-ET-AUX-SALARIES-inps-780x516.jpg",780,516,true],"penci-thumb":["https:\/\/nandi.info\/wp-content\/uploads\/2024\/11\/DEBUT-DE-LA-REMISE-DES-CARTES-BIOMETRIQUES-AUX-PENSIONNES-ET-AUX-SALARIES-inps-585x390.jpg",585,390,true],"penci-masonry-thumb":["https:\/\/nandi.info\/wp-content\/uploads\/2024\/11\/DEBUT-DE-LA-REMISE-DES-CARTES-BIOMETRIQUES-AUX-PENSIONNES-ET-AUX-SALARIES-inps-585x439.jpg",585,439,true],"penci-thumb-square":["https:\/\/nandi.info\/wp-content\/uploads\/2024\/11\/DEBUT-DE-LA-REMISE-DES-CARTES-BIOMETRIQUES-AUX-PENSIONNES-ET-AUX-SALARIES-inps-585x585.jpg",585,585,true],"penci-thumb-vertical":["https:\/\/nandi.info\/wp-content\/uploads\/2024\/11\/DEBUT-DE-LA-REMISE-DES-CARTES-BIOMETRIQUES-AUX-PENSIONNES-ET-AUX-SALARIES-inps-480x650.jpg",480,650,true],"penci-thumb-small":["https:\/\/nandi.info\/wp-content\/uploads\/2024\/11\/DEBUT-DE-LA-REMISE-DES-CARTES-BIOMETRIQUES-AUX-PENSIONNES-ET-AUX-SALARIES-inps-263x175.jpg",263,175,true]},"author_info":{"display_name":"Nandi","author_link":"https:\/\/nandi.info\/?author=1"},"category_info":"<a href=\"https:\/\/nandi.info\/?cat=43\" rel=\"category\">Nandi.info<\/a> <a href=\"https:\/\/nandi.info\/?cat=21\" rel=\"category\">Soci\u00e9t\u00e9<\/a>","tag_info":"Soci\u00e9t\u00e9","comment_count":"0","jetpack_featured_media_url":"https:\/\/nandi.info\/wp-content\/uploads\/2024\/11\/DEBUT-DE-LA-REMISE-DES-CARTES-BIOMETRIQUES-AUX-PENSIONNES-ET-AUX-SALARIES-inps.jpg","jetpack_sharing_enabled":true,"_links":{"self":[{"href":"https:\/\/nandi.info\/index.php?rest_route=\/wp\/v2\/posts\/20397","targetHints":{"allow":["GET"]}}],"collection":[{"href":"https:\/\/nandi.info\/index.php?rest_route=\/wp\/v2\/posts"}],"about":[{"href":"https:\/\/nandi.info\/index.php?rest_route=\/wp\/v2\/types\/post"}],"author":[{"embeddable":true,"href":"https:\/\/nandi.info\/index.php?rest_route=\/wp\/v2\/users\/1"}],"replies":[{"embeddable":true,"href":"https:\/\/nandi.info\/index.php?rest_route=%2Fwp%2Fv2%2Fcomments&post=20397"}],"version-history":[{"count":1,"href":"https:\/\/nandi.info\/index.php?rest_route=\/wp\/v2\/posts\/20397\/revisions"}],"predecessor-version":[{"id":20402,"href":"https:\/\/nandi.info\/index.php?rest_route=\/wp\/v2\/posts\/20397\/revisions\/20402"}],"wp:featuredmedia":[{"embeddable":true,"href":"https:\/\/nandi.info\/index.php?rest_route=\/wp\/v2\/media\/20401"}],"wp:attachment":[{"href":"https:\/\/nandi.info\/index.php?rest_route=%2Fwp%2Fv2%2Fmedia&parent=20397"}],"wp:term":[{"taxonomy":"category","embeddable":true,"href":"https:\/\/nandi.info\/index.php?rest_route=%2Fwp%2Fv2%2Fcategories&post=20397"},{"taxonomy":"post_tag","embeddable":true,"href":"https:\/\/nandi.info\/index.php?rest_route=%2Fwp%2Fv2%2Ftags&post=20397"}],"curies":[{"name":"wp","href":"https:\/\/api.w.org\/{rel}","templated":true}]}}