{"id":20226,"date":"2024-10-17T00:22:01","date_gmt":"2024-10-16T22:22:01","guid":{"rendered":"https:\/\/nandi.info\/?p=20226"},"modified":"2024-10-17T00:22:57","modified_gmt":"2024-10-16T22:22:57","slug":"communique-du-conseil-des-ministres-du-mercredi-16-octobre-2024","status":"publish","type":"post","link":"https:\/\/nandi.info\/?p=20226","title":{"rendered":"Communiqu\u00e9 du conseil des ministres du mercredi 16 octobre 2024"},"content":{"rendered":"\n<figure class=\"wp-block-image size-large\"><img fetchpriority=\"high\" decoding=\"async\" width=\"1024\" height=\"683\" src=\"https:\/\/nandi.info\/wp-content\/uploads\/2024\/10\/ASSIMI-1024x683.jpg\" alt=\"\" class=\"wp-image-20227\" srcset=\"https:\/\/nandi.info\/wp-content\/uploads\/2024\/10\/ASSIMI-1024x683.jpg 1024w, https:\/\/nandi.info\/wp-content\/uploads\/2024\/10\/ASSIMI-300x200.jpg 300w, https:\/\/nandi.info\/wp-content\/uploads\/2024\/10\/ASSIMI-768x512.jpg 768w, https:\/\/nandi.info\/wp-content\/uploads\/2024\/10\/ASSIMI-1536x1025.jpg 1536w, https:\/\/nandi.info\/wp-content\/uploads\/2024\/10\/ASSIMI-1920x1281.jpg 1920w, https:\/\/nandi.info\/wp-content\/uploads\/2024\/10\/ASSIMI-1170x780.jpg 1170w, https:\/\/nandi.info\/wp-content\/uploads\/2024\/10\/ASSIMI-585x390.jpg 585w, https:\/\/nandi.info\/wp-content\/uploads\/2024\/10\/ASSIMI-263x175.jpg 263w, https:\/\/nandi.info\/wp-content\/uploads\/2024\/10\/ASSIMI.jpg 2048w\" sizes=\"(max-width: 1024px) 100vw, 1024px\" \/><\/figure>\n\n\n\n<p>Le Conseil des Ministres s\u2019est r\u00e9uni en session ordinaire,\u00a0<strong>le mercredi 16 octobre 2024<\/strong>, dans sa salle de d\u00e9lib\u00e9rations au Palais de Koulouba, sous la pr\u00e9sidence du\u00a0<strong>Colonel Assimi GOITA<\/strong>,\u00a0<strong>Pr\u00e9sident de la Transition<\/strong>,\u00a0<strong>Chef de l\u2019Etat<\/strong>.<\/p>\n\n\n\n<p>Apr\u00e8s examen des points inscrits \u00e0 l\u2019ordre du jour, le Conseil a :<\/p>\n\n\n\n<ul class=\"wp-block-list\">\n<li>adopt\u00e9 des projets de texte ;<\/li>\n\n\n\n<li>proc\u00e9d\u00e9 \u00e0 des nominations ;<\/li>\n\n\n\n<li>et entendu des<\/li>\n<\/ul>\n\n\n\n<p><strong>AU CHAPITRE DES MESURES LEGISLATIVES ET REGLEMENTAIRES<\/strong><\/p>\n\n\n\n<ol class=\"wp-block-list\">\n<li>Sur le rapport du ministre de l\u2019Economie et des Finances, le Conseil des Ministres a adopt\u00e9 un&nbsp;<strong>projet de d\u00e9cret portant approbation du march\u00e9 relatif au contr\u00f4le et \u00e0 la surveillance des travaux d\u2019am\u00e9nagement en 2\u00d72 voies de la section Bamako-Koulouba-Kati de la RR9, de la bretelle d\u2019acc\u00e8s au Point G, de 7 km de voiries \u00e0 Kati et de la section Rond-Point GMS- SAME-Kati.<\/strong><\/li>\n<\/ol>\n\n\n\n<p>Le march\u00e9 relatif au contr\u00f4le et \u00e0 la surveillance des travaux d\u2019am\u00e9nagement en 2\u00d72 voies de la section Bamako-Koulouba-Kati de 11,481 km de la RR9, de la bretelle d\u2019acc\u00e8s au Point G de 1,7 km, de 7 km de voiries \u00e0 Kati et de la section Rond-Point GMS-SAME-Kati de 9,3 km est conclu entre le Gouvernement de la R\u00e9publique du Mali et le groupement GTAH\/GOPA pour un montant de 1 milliard 810 millions 887 mille francs CFA, toutes taxes comprises et un d\u00e9lai d\u2019ex\u00e9cution de 38 mois.<\/p>\n\n\n\n<p>La r\u00e9alisation desdits travaux conform\u00e9ment aux normes pr\u00e9conis\u00e9es contribuera \u00e0 am\u00e9liorer les conditions de transport des personnes et de leurs biens et \u00e0 fluidifier le trafic routier entre Bamako et Kati.<\/p>\n\n\n\n<ol start=\"2\" class=\"wp-block-list\">\n<li>Sur le rapport du ministre des Mines, le Conseil des Ministres a adopt\u00e9 :<\/li>\n<\/ol>\n\n\n\n<p><strong>a.&nbsp;&nbsp;&nbsp;&nbsp; un projet de d\u00e9cret portant attribution d\u2019un permis d\u2019exploitation de grande mine d\u2019or \u00e0 la soci\u00e9t\u00e9 LGC EXPLORATION MALI-SARL \u00e0 Korali-Sud, Cercle de Sadiola, R\u00e9gion de Kayes.<\/strong><\/p>\n\n\n\n<p>Le permis d\u2019exploitation de petite mine attribu\u00e9 \u00e0 la soci\u00e9t\u00e9 LGC EXPLORATION MALI-SARL par Arr\u00eat\u00e9 n\u00b02022-1013\/MMEE-SG du 15 avril 2022, a \u00e9t\u00e9 c\u00e9d\u00e9 \u00e0 la suite de n\u00e9gociations avec le groupe Allied Gold \u00e0 la SEMOS-SA.<\/p>\n\n\n\n<p>Au regard des modifications intervenues dans les param\u00e8tres \u00e9tablis par les \u00e9tudes de faisabilit\u00e9 et de l\u2019importance des ressources min\u00e9rales dans le p\u00e9rim\u00e8tre, l\u2019Etat du Mali, le groupe Allied Gold et SEMOS-SA ont convenu, \u00e0 travers un protocole d\u2019accord, d\u2019exploiter cette petite mine dans un sch\u00e9ma de grande mine. Cette exploitation se fera dans le cadre d\u2019un traitement par p\u00e9age conform\u00e9ment aux dispositions du Code minier de 2023.<\/p>\n\n\n\n<p>La nouvelle soci\u00e9t\u00e9 d\u2019exploitation, \u00e0 cr\u00e9er \u00e0 cet effet, sera d\u00e9tenue \u00e0 35% par l\u2019Etat du Mali dont 5% r\u00e9serv\u00e9s aux priv\u00e9s nationaux. Elle contribuera au financement du fonds de d\u00e9veloppement communautaire \u00e0 hauteur de 0,75% du chiffre d\u2019affaires trimestriel.<\/p>\n\n\n\n<p>Le projet de d\u00e9cret, adopt\u00e9, attribue le permis d\u2019exploitation de grande mine d\u2019or \u00e0 la soci\u00e9t\u00e9 LGC EXPLORATION MALI SARL \u00e0 Korali-Sud, Cercle de Sadiola, R\u00e9gion de Kayes pour une dur\u00e9e maximale de 05 ans.<\/p>\n\n\n\n<p>La mise en \u0153uvre du projet permettra de cr\u00e9er des emplois au niveau local, de contribuer au d\u00e9veloppement communautaire et de minimiser l\u2019impact environnemental gr\u00e2ce \u00e0 une empreinte op\u00e9rationnelle r\u00e9duite.<\/p>\n\n\n\n<p><strong>b.&nbsp;&nbsp;&nbsp;&nbsp; un projet de d\u00e9cret portant premier renouvellement du permis de recherche d\u2019or et des substances min\u00e9rales du groupe 2 attribu\u00e9 \u00e0 la soci\u00e9t\u00e9 BARIS TRAVAUX-SARL \u00e0 Bakolobi, Cercle de K\u00e9ni\u00e9ba, c\u00e9d\u00e9 \u00e0 la soci\u00e9t\u00e9 MALICAN EXPLORATION-SARL.<\/strong><\/p>\n\n\n\n<p>Le permis de recherche d\u2019or et des substances min\u00e9rales du groupe 2 attribu\u00e9 \u00e0 la soci\u00e9t\u00e9 BARIS TRAVAUX-SARL \u00e0 Bakolobi a \u00e9t\u00e9 c\u00e9d\u00e9 \u00e0 la soci\u00e9t\u00e9 MALICAN EXPLORATION SARL par Arr\u00eat\u00e9 n\u00b02022-0999\/MMEE-SG du 14 avril 2022.<\/p>\n\n\n\n<p>Apr\u00e8s la cession, les travaux entrepris par la soci\u00e9t\u00e9 ont permis de mettre en \u00e9vidence des zones prometteuses n\u00e9cessitant leur poursuite et l\u2019extension de la dur\u00e9e du permis de recherche.<\/p>\n\n\n\n<p>Le projet de d\u00e9cret, adopt\u00e9, renouvelle le permis de recherche c\u00e9d\u00e9 \u00e0 la soci\u00e9t\u00e9 MALICAN EXPLORATION-SARL pour une dur\u00e9e de 03 ans.<\/p>\n\n\n\n<p><strong>c.&nbsp;&nbsp;&nbsp;&nbsp;&nbsp; un projet de d\u00e9cret portant premier renouvellement du permis de recherche d\u2019or et des substances min\u00e9rales du groupe 2 attribu\u00e9 \u00e0 la soci\u00e9t\u00e9 B2GOLD MALI RESOURCES- SARL \u00e0 Menankoto-Sud, Cercle de K\u00e9ni\u00e9ba.<\/strong><\/p>\n\n\n\n<p>Par Arr\u00eat\u00e9 n\u00b02021-5932\/MMEE-SG du 31 d\u00e9cembre 2021, un permis de recherche d\u2019or et des substances min\u00e9rales du groupe 2 a \u00e9t\u00e9 attribu\u00e9 \u00e0 la soci\u00e9t\u00e9 B2GOLD MALI RESOURCES-SARL \u00e0 Menankoto-Sud dans le Cercle de K\u00e9ni\u00e9ba.<\/p>\n\n\n\n<p>Les travaux entrepris par la soci\u00e9t\u00e9 ont permis de mettre en \u00e9vidence, sur le p\u00e9rim\u00e8tre, des zones prometteuses n\u00e9cessitant leur poursuite et l\u2019extension de la dur\u00e9e du permis de recherche.<\/p>\n\n\n\n<p>Le projet de d\u00e9cret, adopt\u00e9, renouvelle le permis de recherche attribu\u00e9 \u00e0 la soci\u00e9t\u00e9 B2GOLD MALI RESOURCES-SARL pour une dur\u00e9e de 03 ans.<\/p>\n\n\n\n<p><strong>AU CHAPITRE DES MESURES INDIVIDUELLES<\/strong><\/p>\n\n\n\n<p>Le Conseil des Ministres a proc\u00e9d\u00e9 aux nominations suivantes :<\/p>\n\n\n\n<p><strong>AU TITRE DU MINISTERE DE LA DEFENSE ET DES ANCIENS COMBATTANTS<\/strong><\/p>\n\n\n\n<p><strong>\u2013&nbsp;&nbsp;&nbsp;&nbsp;&nbsp;&nbsp;&nbsp; au grade de G\u00e9n\u00e9ral d\u2019Arm\u00e9e \u00e0 titre exceptionnel :<\/strong><\/p>\n\n\n\n<p>Colonel Assimi GOITA de l\u2019Arm\u00e9e de Terre.<\/p>\n\n\n\n<p><strong>\u2013&nbsp;&nbsp;&nbsp;&nbsp;&nbsp;&nbsp;&nbsp; au grade de G\u00e9n\u00e9ral de Corps d\u2019Arm\u00e9e \u00e0 titre exceptionnel :<\/strong><\/p>\n\n\n\n<p>Colonel Malick DIAW de l\u2019Arm\u00e9e de Terre ;<\/p>\n\n\n\n<p>Colonel Sadio CAMARA de la Garde nationale du Mali ; Colonel-major Isma\u00ebl WAGUE de l\u2019Arm\u00e9e de l\u2019Air ; Colonel Modibo KONE de la Garde nationale du Mali.<\/p>\n\n\n\n<p><strong>\u2013&nbsp;&nbsp;&nbsp;&nbsp;&nbsp;&nbsp;&nbsp; Au grade de G\u00e9n\u00e9ral de Division \u00e0 titre exceptionnel :<\/strong><\/p>\n\n\n\n<p>Colonel Abdoulaye MAIGA de la Direction G\u00e9n\u00e9rale de la Gendarmerie nationale.<\/p>\n\n\n\n<p><strong>\u2013&nbsp;&nbsp;&nbsp;&nbsp;&nbsp;&nbsp;&nbsp; Au grade de G\u00e9n\u00e9ral de Division :<\/strong><\/p>\n\n\n\n<p>G\u00e9n\u00e9ral de Brigade Daoud Aly MOHAMMEDINE de l\u2019Arm\u00e9e de Terre ; G\u00e9n\u00e9ral de Brigade Abdrahamane BABY de l\u2019Arm\u00e9e de Terre ;<\/p>\n\n\n\n<p>G\u00e9n\u00e9ral de Brigade Abdoulaye CISSE de l\u2019Arm\u00e9e de Terre ;<\/p>\n\n\n\n<p>G\u00e9n\u00e9ral de Brigade Moussa Moriba TRAORE de la Direction des Transmissions, des T\u00e9l\u00e9communications et de l\u2019Informatique des Arm\u00e9es ;<\/p>\n\n\n\n<p>G\u00e9n\u00e9ral de Brigade Keba SANGARE de l\u2019Arm\u00e9e de Terre.<\/p>\n\n\n\n<p><strong>AU TITRE DU MINISTERE DE LA SECURITE ET DE LA PROTECTION CIVILE<\/strong><\/p>\n\n\n\n<p><strong>\u2013&nbsp;&nbsp;&nbsp;&nbsp;&nbsp;&nbsp;&nbsp; Charg\u00e9 de mission :<\/strong><\/p>\n\n\n\n<p>Monsieur Diarra DIAKITE, Journaliste-R\u00e9alisateur.<\/p>\n\n\n\n<p><strong>AU TITRE DU MINISTERE DE L\u2019EDUCATION NATIONALE<\/strong><\/p>\n\n\n\n<p><strong>\u2013&nbsp;&nbsp;&nbsp;&nbsp;&nbsp;&nbsp;&nbsp; Directeur de la Cellule de Planification et de Statistique du Secteur de l\u2019Education :<\/strong><\/p>\n\n\n\n<p>Souleymane ALIOU, Professeur de l\u2019Enseignement secondaire.<\/p>\n\n\n\n<p><strong>AU TITRE DU MINISTERE DE L\u2019URBANISME, DE L\u2019HABITAT, DES DOMAINES, DE L\u2019AMENAGEMENT DU TERRITOIRE ET DE LA POPULATION<\/strong><\/p>\n\n\n\n<ul class=\"wp-block-list\">\n<li><strong>Inspecteurs \u00e0 l\u2019Inspection des Domaines et des Affaires fonci\u00e8res : Madame Fanta Soumangourou KANTE<\/strong>, Administrateur civil ; Monsieur Kassoum DIAKITE, Professeur de l\u2019Enseignement<\/li>\n<\/ul>\n\n\n\n<p><strong>AU CHAPITRE DES COMMUNICATIONS<\/strong><\/p>\n\n\n\n<ol class=\"wp-block-list\">\n<li>Le ministre de la Justice et des Droits de l\u2019Homme, Garde des Sceaux a inform\u00e9 le Conseil des Ministres&nbsp;<strong>de la participation du Mali \u00e0 la rentr\u00e9e solennelle des Cours et Tribunaux du Burkina Faso.<\/strong><\/li>\n<\/ol>\n\n\n\n<p>La rentr\u00e9e solennelle des Cours et Tribunaux du Burkina Faso au titre de l\u2019ann\u00e9e judiciaire 2024- 2025 s\u2019est d\u00e9roul\u00e9e, le 1<sup>er<\/sup>&nbsp;octobre 2024, sous le th\u00e8me \u00ab le contr\u00f4le juridictionnel de l\u2019activit\u00e9 administrative \u00bb.<\/p>\n\n\n\n<p>En marge des travaux, les Gardes des sceaux du Burkina Faso, du Mali et du Niger ont eu une s\u00e9ance de travail autour du renforcement de la coop\u00e9ration juridique et judiciaire entre leurs pays respectifs et la contribution de la justice au renforcement de l\u2019ancrage juridique et institutionnel de la Conf\u00e9d\u00e9ration des Etats du Sahel.<\/p>\n\n\n\n<ol start=\"2\" class=\"wp-block-list\">\n<li>Le ministre des Affaires \u00e9trang\u00e8res et de la Coop\u00e9ration internationale a inform\u00e9 le Conseil des Ministres&nbsp;<strong>de la tenue de la 1<\/strong><strong>\u00e8re&nbsp;<\/strong><strong>Conf\u00e9rence minist\u00e9rielle du Forum de partenariat Russie- Afrique, \u00e0 Sotchi, F\u00e9d\u00e9ration de Russie, pr\u00e9vue les 09 et 10 novembre 2024.<\/strong><\/li>\n<\/ol>\n\n\n\n<p>Le ministre des Affaires \u00e9trang\u00e8res et de la Coop\u00e9ration internationale conduira la d\u00e9l\u00e9gation malienne \u00e0 cette importante rencontre qui vise le renforcement du partenariat entre la Russie et les pays africains dans de nombreux domaines d\u2019int\u00e9r\u00eat strat\u00e9gique, y compris la s\u00e9curit\u00e9 alimentaire, l\u2019\u00e9nergie et la lutte contre le terrorisme.<\/p>\n\n\n\n<p>Le Mali, dont le Chef d\u2019Etat assure la pr\u00e9sidence de la Conf\u00e9d\u00e9ration des Etats du Sahel, m\u00e8nera des actions en vue de la promotion de la vision et des objectifs de la Conf\u00e9d\u00e9ration AES.<\/p>\n\n\n\n<ol start=\"3\" class=\"wp-block-list\">\n<li>Le ministre des Maliens \u00e9tablis \u00e0 l\u2019Ext\u00e9rieur et de l\u2019Int\u00e9gration africaine a inform\u00e9 le Conseil des Ministres&nbsp;<strong>de la participation du Mali aux travaux de la Conf\u00e9rence intergouvernementale des Nations Unies, tenue du 07 au 12 octobre 2024 \u00e0 Addis-Abeba en Ethiopie.<\/strong><\/li>\n<\/ol>\n\n\n\n<p>La Conf\u00e9rence avait pour objectif d\u2019\u00e9valuer les efforts accomplis dans la mise en \u0153uvre du Pacte mondial pour les migrations s\u00fbres, ordonn\u00e9es et r\u00e9guli\u00e8res ; d\u2019identifier les opportunit\u00e9s et les d\u00e9fis ; de partager les bonnes pratiques en mati\u00e8re de gestion des migrations et de d\u00e9finir les perspectives au niveau africain.<\/p>\n\n\n\n<p>Au cours des travaux, le ministre a rappel\u00e9 les actions engag\u00e9es par le Mali dans la mise en \u0153uvre du Pacte mondial pour les migrations, notamment la ratification du Trait\u00e9 instituant la Zone de Libre- Echange continentale africaine, du Protocole relatif \u00e0 la libre circulation des personnes, la cr\u00e9ation et l\u2019op\u00e9rationnalisation du Centre Africain d\u2019Etudes et de Recherche sur la Migration.<\/p>\n\n\n\n<p>En outre, il a appel\u00e9 \u00e0 plus de solidarit\u00e9 entre les Etats africains au regard de l\u2019importance des flux migratoires au sein du continent et au traitement r\u00e9serv\u00e9 aux migrants dans certains pays africains.<\/p>\n\n\n\n<p>En marge des travaux, le ministre a rencontr\u00e9 le Commissaire de l\u2019Union africaine charg\u00e9 de la Sant\u00e9, des Affaires humanitaires et du D\u00e9veloppement social, ainsi que la communaut\u00e9 malienne vivant \u00e0 Addis-Abeba.<\/p>\n\n\n\n<ol start=\"4\" class=\"wp-block-list\">\n<li>Le ministre de l\u2019Industrie et du Commerce a inform\u00e9 le Conseil des Ministres&nbsp;<strong>de la participation du Mali \u00e0 la 6<\/strong><strong>\u00e8me&nbsp;<\/strong><strong>\u00e9dition de la Journ\u00e9e mondiale du Coton, \u00e0 Cotonou au Benin.<\/strong><\/li>\n<\/ol>\n\n\n\n<p>La Journ\u00e9e mondiale du Coton a \u00e9t\u00e9 consacr\u00e9e par la R\u00e9solution A\/RES\/75\/318, adopt\u00e9e par la 75<sup>\u00e8me<\/sup>&nbsp;Session de l\u2019Assembl\u00e9e g\u00e9n\u00e9rale des Nations Unies, le 30 ao\u00fbt 2021.<\/p>\n\n\n\n<p>L\u2019objectif de cette journ\u00e9e est d\u2019assurer la promotion et le d\u00e9veloppement de la fili\u00e8re coton dans les pays membres du C4 \u00e0 savoir le Benin, le Burkina Faso, le Mali et le Tchad + la C\u00f4te d\u2019Ivoire.<\/p>\n\n\n\n<p>Cette 6<sup>\u00e8me<\/sup>&nbsp;\u00e9dition a \u00e9t\u00e9 c\u00e9l\u00e9br\u00e9e le 07 octobre 2024 sous le th\u00e8me : \u00ab le coton pour le bien de tous \u00bb.<\/p>\n\n\n\n<p>Dans son intervention, le ministre a \u00e9voqu\u00e9 les raisons de l\u2019\u00e9chec des n\u00e9gociations sur le coton au sein de l\u2019Organisation Mondiale du Commerce et la n\u00e9cessit\u00e9 de changer de paradigme en accordant la primaut\u00e9 au d\u00e9veloppement endog\u00e8ne par la transformation du coton sur place dans nos pays.<\/p>\n\n\n\n<p>Le ministre a, par ailleurs, anim\u00e9 un panel de haut niveau sur le r\u00f4le des organisations internationales dans le soutien au d\u00e9veloppement du coton dans le monde, en particulier en Afrique.<\/p>\n\n\n\n<ol start=\"5\" class=\"wp-block-list\">\n<li>Le ministre de l\u2019Environnement, de l\u2019Assainissement et du D\u00e9veloppement durable a inform\u00e9 le Conseil des Ministres&nbsp;<strong>de l\u2019\u00e9tat d\u2019avancement de la mise en \u0153uvre du Projet de Restauration des Terres d\u00e9grad\u00e9es.<\/strong><\/li>\n<\/ol>\n\n\n\n<p>Le Projet de Restauration des Terres d\u00e9grad\u00e9es a \u00e9t\u00e9 initi\u00e9 par les Autorit\u00e9s de la Transition avec l\u2019appui technique et financier de la Banque Mondiale. Il vise \u00e0 accro\u00eetre l\u2019adoption de pratiques de restauration des terres d\u00e9grad\u00e9es intelligentes par rapport au climat et l\u2019acc\u00e8s aux opportunit\u00e9s de revenus au Mali.<\/p>\n\n\n\n<p>Le projet couvre essentiellement 87 communes dans les r\u00e9gions de Kayes, Kita, Nioro, Koulikoro, Nara, S\u00e9gou, Mopti et Douentza. Les b\u00e9n\u00e9ficiaires directs sont estim\u00e9s \u00e0 2,3 millions de personnes.<\/p>\n\n\n\n<p>De son entr\u00e9e en vigueur le 10 janvier 2024, le Projet a enregistr\u00e9 des avanc\u00e9es majeures, notamment :<\/p>\n\n\n\n<ul class=\"wp-block-list\">\n<li>la mise en place et l\u2019op\u00e9rationnalisation des structures de pilotage et de gestion du Projet ;<\/li>\n\n\n\n<li>la r\u00e9alisation des consultations publiques pour informer et sensibiliser l\u2019ensemble des parties prenantes ;<\/li>\n\n\n\n<li>la formation de 137 formateurs sur le guide d\u2019\u00e9laboration des Plans de D\u00e9veloppement \u00e9conomique, social et culturel ;<\/li>\n\n\n\n<li>la mise en place de 04 Unit\u00e9s d\u2019Appui r\u00e9gionales du Projet et d\u2019un syst\u00e8me de suivi-\u00e9valuation informatis\u00e9.<\/li>\n<\/ul>\n\n\n\n<ol start=\"6\" class=\"wp-block-list\">\n<li>Le ministre de l\u2019Elevage et de la P\u00eache a inform\u00e9 le Conseil des Ministres :<\/li>\n<\/ol>\n\n\n\n<p><strong>a.&nbsp;&nbsp;&nbsp;&nbsp; des conclusions de sa visite de travail au Royaume du Maroc sur le d\u00e9veloppement de l\u2019\u00e9levage \u00e9quin.<\/strong><\/p>\n\n\n\n<p>Le ministre de l\u2019Elevage et de la P\u00eache, accompagn\u00e9 d\u2019une forte d\u00e9l\u00e9gation, a effectu\u00e9 une visite de travail au Royaume du Maroc du 10 au 14 octobre 2024.<\/p>\n\n\n\n<p>L\u2019objectif de cette mission \u00e9tait de s\u2019inspirer de l\u2019exp\u00e9rience marocaine dans le domaine de l\u2019\u00e9levage \u00e9quin, particuli\u00e8rement la conduite d\u2019\u00e9levage de chevaux de course en vue de l\u2019\u00e9laboration et de la mise en \u0153uvre d\u2019une strat\u00e9gie de promotion de la production de chevaux d\u2019\u00e9lite au Mali.<\/p>\n\n\n\n<p><strong>b.&nbsp;&nbsp;&nbsp;&nbsp; de la tenue de la Consultation r\u00e9gionale pr\u00e9paratoire de la 3\u00e8me Conf\u00e9rence des Nations Unies sur les Oc\u00e9ans.<\/strong><\/p>\n\n\n\n<p>Le ministre de l\u2019Elevage et de la P\u00eache a pris part, le 09 octobre 2024, \u00e0 la consultation pr\u00e9paratoire africaine de la 3<sup>\u00e8me<\/sup>&nbsp;Conf\u00e9rence des Nations Unies sur les Oc\u00e9ans \u00e0 Tanger au Maroc.<\/p>\n\n\n\n<p>Cette Consultation r\u00e9gionale a permis de d\u00e9gager les priorit\u00e9s et les d\u00e9fis des pays africains membres des Nations Unies.<\/p>\n\n\n\n<p>En marge de la Consultation, s\u2019est tenue les 07 et 08 octobre la Conf\u00e9rence minist\u00e9rielle sur l\u2019initiative de la Ceinture Bleue en Afrique.<\/p>\n\n\n\n<p>La Conf\u00e9rence a recommand\u00e9, entre autres, la cr\u00e9ation d\u2019une plateforme r\u00e9gionale destin\u00e9e \u00e0 renforcer la gestion durable des oc\u00e9ans et \u00e0 d\u00e9velopper l\u2019Economie bleue en Afrique.<\/p>\n\n\n\n<p>Le ministre a r\u00e9affirm\u00e9 l\u2019int\u00e9r\u00eat du Mali pour l\u2019Economie bleue en Afrique ainsi que son engagement \u00e0 promouvoir une utilisation durable et une protection des ressources oc\u00e9aniques et \u00e0 soutenir le d\u00e9veloppement de l\u2019\u00e9conomie bleue comme moteur de croissance \u00e9conomique et de cr\u00e9ation d\u2019emplois.<\/p>\n\n\n\n<p>7. Le ministre de la Sant\u00e9 et du D\u00e9veloppement social a inform\u00e9 le Conseil des Ministres&nbsp;<strong>de la situation \u00e9pid\u00e9miologique du pays marqu\u00e9e, notamment :<\/strong><\/p>\n\n\n\n<p>a. par une stagnation du nombre de cas test\u00e9s positifs de la maladie \u00e0 Coronavirus par rapport \u00e0 la semaine pr\u00e9c\u00e9dente ;<\/p>\n\n\n\n<p>b. par une diminution du nombre de cas confirm\u00e9s de dengue compar\u00e9 \u00e0 celui de la semaine \u00e9coul\u00e9e.<\/p>\n\n\n\n<p>Le Pr\u00e9sident de la Transition, Chef de l\u2019Etat a, cependant, appel\u00e9 la population au respect strict des mesures de pr\u00e9vention et de lutte contre les maladies.<\/p>\n\n\n\n<p>Bamako, le 16 octobre 2024<\/p>\n\n\n\n<p>Le Secr\u00e9taire G\u00e9n\u00e9ral du Gouvernement,<\/p>\n\n\n\n<p><strong><u>Birama COULIBALY<\/u><\/strong><\/p>\n\n\n\n<p><\/p>\n\n\n\n<p><strong>Maliweb<\/strong><\/p>\n","protected":false},"excerpt":{"rendered":"<p>Le Conseil des Ministres s\u2019est r\u00e9uni en session ordinaire,\u00a0le mercredi 16 octobre 2024, dans sa salle de d\u00e9lib\u00e9rations au Palais de Koulouba, sous la pr\u00e9sidence du\u00a0Colonel Assimi GOITA,\u00a0Pr\u00e9sident de la&hellip;<\/p>\n","protected":false},"author":1,"featured_media":20227,"comment_status":"open","ping_status":"open","sticky":false,"template":"","format":"standard","meta":{"content-type":"","_lmt_disableupdate":"","_lmt_disable":"","_jetpack_memberships_contains_paid_content":false,"footnotes":"","jetpack_publicize_message":"","jetpack_publicize_feature_enabled":true,"jetpack_social_post_already_shared":true,"jetpack_social_options":{"image_generator_settings":{"template":"highway","default_image_id":0,"font":"","enabled":false},"version":2}},"categories":[28,43],"tags":[],"class_list":["post-20226","post","type-post","status-publish","format-standard","has-post-thumbnail","hentry","category-communique-du-conseil-des-ministres","category-nandi-info"],"jetpack_publicize_connections":[],"featured_image_urls":{"full":["https:\/\/nandi.info\/wp-content\/uploads\/2024\/10\/ASSIMI.jpg",2048,1366,false],"thumbnail":["https:\/\/nandi.info\/wp-content\/uploads\/2024\/10\/ASSIMI-150x150.jpg",150,150,true],"medium":["https:\/\/nandi.info\/wp-content\/uploads\/2024\/10\/ASSIMI-300x200.jpg",300,200,true],"medium_large":["https:\/\/nandi.info\/wp-content\/uploads\/2024\/10\/ASSIMI-768x512.jpg",768,512,true],"large":["https:\/\/nandi.info\/wp-content\/uploads\/2024\/10\/ASSIMI-1024x683.jpg",1024,683,true],"1536x1536":["https:\/\/nandi.info\/wp-content\/uploads\/2024\/10\/ASSIMI-1536x1025.jpg",1536,1025,true],"2048x2048":["https:\/\/nandi.info\/wp-content\/uploads\/2024\/10\/ASSIMI.jpg",2048,1366,false],"penci-recipe-1200x1200":["https:\/\/nandi.info\/wp-content\/uploads\/2024\/10\/ASSIMI-1200x1200.jpg",1200,1200,true],"penci-recipe-1200x900":["https:\/\/nandi.info\/wp-content\/uploads\/2024\/10\/ASSIMI-1200x900.jpg",1200,900,true],"penci-recipe-1200x675":["https:\/\/nandi.info\/wp-content\/uploads\/2024\/10\/ASSIMI-1200x675.jpg",1200,675,true],"penci-single-full":["https:\/\/nandi.info\/wp-content\/uploads\/2024\/10\/ASSIMI-1920x1281.jpg",1920,1281,true],"penci-slider-full-thumb":["https:\/\/nandi.info\/wp-content\/uploads\/2024\/10\/ASSIMI-1920x800.jpg",1920,800,true],"penci-full-thumb":["https:\/\/nandi.info\/wp-content\/uploads\/2024\/10\/ASSIMI-1170x780.jpg",1170,780,true],"penci-slider-thumb":["https:\/\/nandi.info\/wp-content\/uploads\/2024\/10\/ASSIMI-1170x663.jpg",1170,663,true],"penci-magazine-slider":["https:\/\/nandi.info\/wp-content\/uploads\/2024\/10\/ASSIMI-780x516.jpg",780,516,true],"penci-thumb":["https:\/\/nandi.info\/wp-content\/uploads\/2024\/10\/ASSIMI-585x390.jpg",585,390,true],"penci-masonry-thumb":["https:\/\/nandi.info\/wp-content\/uploads\/2024\/10\/ASSIMI-585x390.jpg",585,390,true],"penci-thumb-square":["https:\/\/nandi.info\/wp-content\/uploads\/2024\/10\/ASSIMI-585x585.jpg",585,585,true],"penci-thumb-vertical":["https:\/\/nandi.info\/wp-content\/uploads\/2024\/10\/ASSIMI-480x650.jpg",480,650,true],"penci-thumb-small":["https:\/\/nandi.info\/wp-content\/uploads\/2024\/10\/ASSIMI-263x175.jpg",263,175,true]},"author_info":{"display_name":"Nandi","author_link":"https:\/\/nandi.info\/?author=1"},"category_info":"<a href=\"https:\/\/nandi.info\/?cat=28\" rel=\"category\">Communique du conseil des ministres<\/a> <a href=\"https:\/\/nandi.info\/?cat=43\" rel=\"category\">Nandi.info<\/a>","tag_info":"Nandi.info","comment_count":"0","jetpack_featured_media_url":"https:\/\/nandi.info\/wp-content\/uploads\/2024\/10\/ASSIMI.jpg","jetpack_sharing_enabled":true,"_links":{"self":[{"href":"https:\/\/nandi.info\/index.php?rest_route=\/wp\/v2\/posts\/20226","targetHints":{"allow":["GET"]}}],"collection":[{"href":"https:\/\/nandi.info\/index.php?rest_route=\/wp\/v2\/posts"}],"about":[{"href":"https:\/\/nandi.info\/index.php?rest_route=\/wp\/v2\/types\/post"}],"author":[{"embeddable":true,"href":"https:\/\/nandi.info\/index.php?rest_route=\/wp\/v2\/users\/1"}],"replies":[{"embeddable":true,"href":"https:\/\/nandi.info\/index.php?rest_route=%2Fwp%2Fv2%2Fcomments&post=20226"}],"version-history":[{"count":2,"href":"https:\/\/nandi.info\/index.php?rest_route=\/wp\/v2\/posts\/20226\/revisions"}],"predecessor-version":[{"id":20229,"href":"https:\/\/nandi.info\/index.php?rest_route=\/wp\/v2\/posts\/20226\/revisions\/20229"}],"wp:featuredmedia":[{"embeddable":true,"href":"https:\/\/nandi.info\/index.php?rest_route=\/wp\/v2\/media\/20227"}],"wp:attachment":[{"href":"https:\/\/nandi.info\/index.php?rest_route=%2Fwp%2Fv2%2Fmedia&parent=20226"}],"wp:term":[{"taxonomy":"category","embeddable":true,"href":"https:\/\/nandi.info\/index.php?rest_route=%2Fwp%2Fv2%2Fcategories&post=20226"},{"taxonomy":"post_tag","embeddable":true,"href":"https:\/\/nandi.info\/index.php?rest_route=%2Fwp%2Fv2%2Ftags&post=20226"}],"curies":[{"name":"wp","href":"https:\/\/api.w.org\/{rel}","templated":true}]}}