{"id":20077,"date":"2024-10-08T23:57:48","date_gmt":"2024-10-08T21:57:48","guid":{"rendered":"https:\/\/nandi.info\/?p=20077"},"modified":"2024-10-08T23:57:50","modified_gmt":"2024-10-08T21:57:50","slug":"proces-dachat-de-lavion-presidentiel-et-des-equipements-militaires-deux-temoins-controleurs-financiers-confirment-le-secret-defense-du-cont","status":"publish","type":"post","link":"https:\/\/nandi.info\/?p=20077","title":{"rendered":"Proc\u00e8s d\u2019Achat de l\u2019avion pr\u00e9sidentiel et des \u00e9quipements militaires\u00a0: Deux t\u00e9moins contr\u00f4leurs financiers confirment \u2018\u2019le secret d\u00e9fense\u2019\u2019 du contrat"},"content":{"rendered":"\n<figure class=\"wp-block-image size-large\"><img fetchpriority=\"high\" decoding=\"async\" width=\"1024\" height=\"695\" src=\"https:\/\/nandi.info\/wp-content\/uploads\/2024\/10\/malijet_6703d01c35d5c_avion-president-1024x695.jpg\" alt=\"\" class=\"wp-image-20079\" srcset=\"https:\/\/nandi.info\/wp-content\/uploads\/2024\/10\/malijet_6703d01c35d5c_avion-president-1024x695.jpg 1024w, https:\/\/nandi.info\/wp-content\/uploads\/2024\/10\/malijet_6703d01c35d5c_avion-president-300x204.jpg 300w, https:\/\/nandi.info\/wp-content\/uploads\/2024\/10\/malijet_6703d01c35d5c_avion-president-768x521.jpg 768w, https:\/\/nandi.info\/wp-content\/uploads\/2024\/10\/malijet_6703d01c35d5c_avion-president-1536x1043.jpg 1536w, https:\/\/nandi.info\/wp-content\/uploads\/2024\/10\/malijet_6703d01c35d5c_avion-president-1170x794.jpg 1170w, https:\/\/nandi.info\/wp-content\/uploads\/2024\/10\/malijet_6703d01c35d5c_avion-president-585x397.jpg 585w, https:\/\/nandi.info\/wp-content\/uploads\/2024\/10\/malijet_6703d01c35d5c_avion-president.jpg 1600w\" sizes=\"(max-width: 1024px) 100vw, 1024px\" \/><\/figure>\n\n\n\n<p><strong><em>Ce sont Abou Berth\u00e9, contr\u00f4leur financier \u00e0 la retraite, de la Direction des Finances et du Mat\u00e9riel (DFM) du Minist\u00e8re de la D\u00e9fense et des Anciens Combattants et Seydou Dicko, agent de la D\u00e9l\u00e9gation du Contr\u00f4leur Financier au m\u00eame minist\u00e8re au moment des faits. Ils \u00e9taient \u00e0 la barre, le vendredi 4 octobre dernier. C\u2019\u00e9tait pour livrer leur t\u00e9moignage sur l\u2019achat des \u00e9quipements militaires pour le co\u00fbt de 69 milliards 183.396.474F CFA.<\/em><\/strong><\/p>\n\n\n\n<p class=\"has-drop-cap\">Le proc\u00e8s de l\u2019affaire dite \u2018\u2019Achat de l\u2019avion pr\u00e9sidentiel et des \u00e9quipements militaires\u2019\u2019 se poursuit depuis une dizaine de jours dans la salle d\u2019audience de la Cour d\u2019Appel de Bamako. Le vendredi dernier, deux contr\u00f4leurs financiers ont \u00e9t\u00e9 entendus sur ce dossier.<\/p>\n\n\n\n<p>Premier \u00e0 comparaitre \u00e0 la barre, en r\u00e9ponse aux interrogations, Abou Berth\u00e9 a affirm\u00e9 l\u2019effectivit\u00e9 de la r\u00e9ception de tous les \u00e9quipements militaires. Il a soulign\u00e9 de n\u2019avoir eu connaissance du dossier que dans le rapport d\u2019audit du Bureau du V\u00e9rificateur G\u00e9n\u00e9ral.<\/p>\n\n\n\n<p>Ainsi, pour le paiement, d\u2019ailleurs qui a suscit\u00e9 le d\u00e9bat, il a admis d\u2019avoir vis\u00e9 deux mandats de 22 milliards chacun sur l\u2019autorisation de son Minist\u00e8re. Selon lui, le 1er&nbsp; (mandat) a \u00e9t\u00e9&nbsp; ex\u00e9cut\u00e9 en fin 2014 et le second courant 2015. De ses explications, les documents n\u00e9cessaires, \u00e0 savoir les factures ont \u00e9t\u00e9 v\u00e9rifi\u00e9es en bonne et due forme par le contr\u00f4le financier. Aussi, concernant les contrats militaires, il a indiqu\u00e9 qu\u2019ils sont sous r\u00e9serve du \u2018\u2019secret d\u00e9fense\u2019\u2019 m\u00eame si les proc\u00e9dures de d\u00e9caissement sont les m\u00eames que les contrats civils.<\/p>\n\n\n\n<p>En ce qui concerne \u2018\u2019l\u2019achat de l\u2019avion pr\u00e9sidentiel\u2019\u2019, il a assur\u00e9 de n\u2019\u00eatre au courant de rien. \u00ab Je n\u2019ai vu aucune facture sur l\u2019achat de l\u2019avion pr\u00e9sidentiel. Je ne peux rien dire l\u00e0-dessus\u2019\u2019 a t\u00e9moign\u00e9 l\u2019ancien contr\u00f4leur financier au minist\u00e8re de la D\u00e9fense et des Anciens Combattants (MDAC).<\/p>\n\n\n\n<p>Quant au 2\u00e8me t\u00e9moin du jour, Seydou Dicko, il a signifi\u00e9 n\u2019\u2019\u00eatre inform\u00e9 du dossier qu\u2019au moment o\u00f9 il devait repr\u00e9senter le MDAC comme membre de la commission de r\u00e9ception. Selon lui, tous les \u00e9quipements ont \u00e9t\u00e9 r\u00e9ceptionn\u00e9s en quantit\u00e9 comme mentionn\u00e9 dans les contrats.<\/p>\n\n\n\n<p>Cependant, sur la question du parquet sur le co\u00fbt des mat\u00e9riels et sa qualit\u00e9, il a estim\u00e9 de ne pas \u00eatre en mesure d\u2019y r\u00e9pondre \u00e9tant donn\u00e9 que cela ne rel\u00e8ve pas de sa comp\u00e9tence. Par la suite, le minist\u00e8re public a demand\u00e9 aux membres de la Cour une suspension du proc\u00e8s jusqu\u2019au mardi 8 octobre prochain. Pour cause, il a affirm\u00e9 que ce temps va lui permettre de consulter une nouvelle pi\u00e8ce vers\u00e9e dans le dossier. Apr\u00e8s cette requ\u00eate, les avocats des accus\u00e9s se sont oppos\u00e9s \u00e0 cette demande. En arguant que le dossier a fait trois ans en instruction. Aussi, qu\u2019il a pass\u00e9 par la Chambre d\u2019Accusation. Apr\u00e8s les pics entre les deux parties (Parquet et d\u00e9fense) sur la demande, le Pr\u00e9sident de la Cour, a rejet\u00e9 la demande. En affirmant que l\u2019audience reprendra ce lundi 7 octobre 2024.<\/p>\n\n\n\n<p>Ce qui reste une \u00e9vidence, le Cour aura du pain sur la planche pour pouvoir condamner un vivant dans ce proc\u00e8s.<\/p>\n\n\n\n<p><strong>Mariam Sissoko<\/strong><\/p>\n","protected":false},"excerpt":{"rendered":"<p>Ce sont Abou Berth\u00e9, contr\u00f4leur financier \u00e0 la retraite, de la Direction des Finances et du Mat\u00e9riel (DFM) du Minist\u00e8re de la D\u00e9fense et des Anciens Combattants et Seydou Dicko,&hellip;<\/p>\n","protected":false},"author":1,"featured_media":20079,"comment_status":"open","ping_status":"open","sticky":false,"template":"","format":"standard","meta":{"content-type":"","_lmt_disableupdate":"","_lmt_disable":"","_jetpack_memberships_contains_paid_content":false,"footnotes":"","jetpack_publicize_message":"","jetpack_publicize_feature_enabled":true,"jetpack_social_post_already_shared":true,"jetpack_social_options":{"image_generator_settings":{"template":"highway","default_image_id":0,"font":"","enabled":false},"version":2}},"categories":[56,67,21],"tags":[],"class_list":["post-20077","post","type-post","status-publish","format-standard","has-post-thumbnail","hentry","category-justice","category-le-sursaut","category-societe"],"jetpack_publicize_connections":[],"featured_image_urls":{"full":["https:\/\/nandi.info\/wp-content\/uploads\/2024\/10\/malijet_6703d01c35d5c_avion-president.jpg",1600,1086,false],"thumbnail":["https:\/\/nandi.info\/wp-content\/uploads\/2024\/10\/malijet_6703d01c35d5c_avion-president-150x150.jpg",150,150,true],"medium":["https:\/\/nandi.info\/wp-content\/uploads\/2024\/10\/malijet_6703d01c35d5c_avion-president-300x204.jpg",300,204,true],"medium_large":["https:\/\/nandi.info\/wp-content\/uploads\/2024\/10\/malijet_6703d01c35d5c_avion-president-768x521.jpg",768,521,true],"large":["https:\/\/nandi.info\/wp-content\/uploads\/2024\/10\/malijet_6703d01c35d5c_avion-president-1024x695.jpg",1024,695,true],"1536x1536":["https:\/\/nandi.info\/wp-content\/uploads\/2024\/10\/malijet_6703d01c35d5c_avion-president-1536x1043.jpg",1536,1043,true],"2048x2048":["https:\/\/nandi.info\/wp-content\/uploads\/2024\/10\/malijet_6703d01c35d5c_avion-president.jpg",1600,1086,false],"penci-recipe-1200x1200":["https:\/\/nandi.info\/wp-content\/uploads\/2024\/10\/malijet_6703d01c35d5c_avion-president-1200x1086.jpg",1200,1086,true],"penci-recipe-1200x900":["https:\/\/nandi.info\/wp-content\/uploads\/2024\/10\/malijet_6703d01c35d5c_avion-president-1200x900.jpg",1200,900,true],"penci-recipe-1200x675":["https:\/\/nandi.info\/wp-content\/uploads\/2024\/10\/malijet_6703d01c35d5c_avion-president-1200x675.jpg",1200,675,true],"penci-single-full":["https:\/\/nandi.info\/wp-content\/uploads\/2024\/10\/malijet_6703d01c35d5c_avion-president.jpg",1600,1086,false],"penci-slider-full-thumb":["https:\/\/nandi.info\/wp-content\/uploads\/2024\/10\/malijet_6703d01c35d5c_avion-president-1600x800.jpg",1600,800,true],"penci-full-thumb":["https:\/\/nandi.info\/wp-content\/uploads\/2024\/10\/malijet_6703d01c35d5c_avion-president-1170x794.jpg",1170,794,true],"penci-slider-thumb":["https:\/\/nandi.info\/wp-content\/uploads\/2024\/10\/malijet_6703d01c35d5c_avion-president-1170x663.jpg",1170,663,true],"penci-magazine-slider":["https:\/\/nandi.info\/wp-content\/uploads\/2024\/10\/malijet_6703d01c35d5c_avion-president-780x516.jpg",780,516,true],"penci-thumb":["https:\/\/nandi.info\/wp-content\/uploads\/2024\/10\/malijet_6703d01c35d5c_avion-president-585x390.jpg",585,390,true],"penci-masonry-thumb":["https:\/\/nandi.info\/wp-content\/uploads\/2024\/10\/malijet_6703d01c35d5c_avion-president-585x397.jpg",585,397,true],"penci-thumb-square":["https:\/\/nandi.info\/wp-content\/uploads\/2024\/10\/malijet_6703d01c35d5c_avion-president-585x585.jpg",585,585,true],"penci-thumb-vertical":["https:\/\/nandi.info\/wp-content\/uploads\/2024\/10\/malijet_6703d01c35d5c_avion-president-480x650.jpg",480,650,true],"penci-thumb-small":["https:\/\/nandi.info\/wp-content\/uploads\/2024\/10\/malijet_6703d01c35d5c_avion-president-263x175.jpg",263,175,true]},"author_info":{"display_name":"Nandi","author_link":"https:\/\/nandi.info\/?author=1"},"category_info":"<a href=\"https:\/\/nandi.info\/?cat=56\" rel=\"category\">Justice<\/a> <a href=\"https:\/\/nandi.info\/?cat=67\" rel=\"category\">Le Sursaut<\/a> <a href=\"https:\/\/nandi.info\/?cat=21\" rel=\"category\">Soci\u00e9t\u00e9<\/a>","tag_info":"Soci\u00e9t\u00e9","comment_count":"0","jetpack_featured_media_url":"https:\/\/nandi.info\/wp-content\/uploads\/2024\/10\/malijet_6703d01c35d5c_avion-president.jpg","jetpack_sharing_enabled":true,"_links":{"self":[{"href":"https:\/\/nandi.info\/index.php?rest_route=\/wp\/v2\/posts\/20077","targetHints":{"allow":["GET"]}}],"collection":[{"href":"https:\/\/nandi.info\/index.php?rest_route=\/wp\/v2\/posts"}],"about":[{"href":"https:\/\/nandi.info\/index.php?rest_route=\/wp\/v2\/types\/post"}],"author":[{"embeddable":true,"href":"https:\/\/nandi.info\/index.php?rest_route=\/wp\/v2\/users\/1"}],"replies":[{"embeddable":true,"href":"https:\/\/nandi.info\/index.php?rest_route=%2Fwp%2Fv2%2Fcomments&post=20077"}],"version-history":[{"count":1,"href":"https:\/\/nandi.info\/index.php?rest_route=\/wp\/v2\/posts\/20077\/revisions"}],"predecessor-version":[{"id":20080,"href":"https:\/\/nandi.info\/index.php?rest_route=\/wp\/v2\/posts\/20077\/revisions\/20080"}],"wp:featuredmedia":[{"embeddable":true,"href":"https:\/\/nandi.info\/index.php?rest_route=\/wp\/v2\/media\/20079"}],"wp:attachment":[{"href":"https:\/\/nandi.info\/index.php?rest_route=%2Fwp%2Fv2%2Fmedia&parent=20077"}],"wp:term":[{"taxonomy":"category","embeddable":true,"href":"https:\/\/nandi.info\/index.php?rest_route=%2Fwp%2Fv2%2Fcategories&post=20077"},{"taxonomy":"post_tag","embeddable":true,"href":"https:\/\/nandi.info\/index.php?rest_route=%2Fwp%2Fv2%2Ftags&post=20077"}],"curies":[{"name":"wp","href":"https:\/\/api.w.org\/{rel}","templated":true}]}}