{"id":20031,"date":"2024-10-03T15:31:00","date_gmt":"2024-10-03T13:31:00","guid":{"rendered":"https:\/\/nandi.info\/?p=20031"},"modified":"2024-10-05T15:35:54","modified_gmt":"2024-10-05T13:35:54","slug":"retour-a-lordre-constitutionnel-la-classe-politique-condamnee-a-ronger-son-frein-encore-longtemps","status":"publish","type":"post","link":"https:\/\/nandi.info\/?p=20031","title":{"rendered":"Retour \u00e0 l\u2019ordre constitutionnel : La classe politique condamn\u00e9e \u00e0 ronger son frein encore longtemps ?"},"content":{"rendered":"\n<figure class=\"wp-block-image size-full\"><img fetchpriority=\"high\" decoding=\"async\" width=\"1024\" height=\"649\" src=\"https:\/\/nandi.info\/wp-content\/uploads\/2024\/10\/Le-president-de-la-Transition-Colonel-Assimi-Goita-sest-adresse-a-la-Nation-a-loccasion-du-22-septembre-2024.jpeg\" alt=\"\" class=\"wp-image-20032\" srcset=\"https:\/\/nandi.info\/wp-content\/uploads\/2024\/10\/Le-president-de-la-Transition-Colonel-Assimi-Goita-sest-adresse-a-la-Nation-a-loccasion-du-22-septembre-2024.jpeg 1024w, https:\/\/nandi.info\/wp-content\/uploads\/2024\/10\/Le-president-de-la-Transition-Colonel-Assimi-Goita-sest-adresse-a-la-Nation-a-loccasion-du-22-septembre-2024-300x190.jpeg 300w, https:\/\/nandi.info\/wp-content\/uploads\/2024\/10\/Le-president-de-la-Transition-Colonel-Assimi-Goita-sest-adresse-a-la-Nation-a-loccasion-du-22-septembre-2024-768x487.jpeg 768w, https:\/\/nandi.info\/wp-content\/uploads\/2024\/10\/Le-president-de-la-Transition-Colonel-Assimi-Goita-sest-adresse-a-la-Nation-a-loccasion-du-22-septembre-2024-585x371.jpeg 585w\" sizes=\"(max-width: 1024px) 100vw, 1024px\" \/><\/figure>\n\n\n\n<p><strong>Ils \u00e9taient sans doute nombreux \u00e0 attendre du Message \u00e0 la nation du Colonel Assimi Go\u00efta des indications claires sur le nouveau timing de la transition apr\u00e8s l\u2019\u00e9puisement d\u2019une premi\u00e8re \u00e9ch\u00e9ance qui avait \u00e9t\u00e9 fix\u00e9e au 26 mars 2024. Tout comme certains avaient esp\u00e9r\u00e9 pouvoir enfin conna\u00eetre le bilan officiel des attentats du 17 septembre 2024 contre l\u2019Ecole de la gendarmerie et la \u00abBase 101\u00bb de S\u00e9nou. Certes ces attaques ont \u00e9t\u00e9 \u00e9voqu\u00e9es et situ\u00e9es dans leur contexte. Mais, le chef de l\u2019Etat a pris soin de ne m\u00eame pas effleurer la politique politicienne dans son adresse \u00e0 la nation le 21 septembre 2024. Est-ce \u00e0 dire que le retour \u00e0 l\u2019ordre constitutionnel est renvoy\u00e9 aux calendes grecques&nbsp;?<\/strong><\/p>\n\n\n\n<p class=\"has-drop-cap\">A l\u2019occasion du 64e anniversaire de l\u2019accession du Mali \u00e0 la souverainet\u00e9, le pr\u00e9sident de la Transition a tenu un discours symbolique tourn\u00e9 vers l\u2019avenir. Dans un pays \u00ab<em>confront\u00e9 \u00e0 des d\u00e9fis s\u00e9curitaires majeurs<\/em>\u00bb, comme l\u2019a rappel\u00e9 un analyste politique, \u00ab<em>le message de souverainet\u00e9 et d\u2019unit\u00e9 nationale a r\u00e9sonn\u00e9 avec force<\/em>\u00bb. Reflet des aspirations \u00ab<em>d\u2019un Mali r\u00e9silient et d\u00e9termin\u00e9 \u00e0 reprendre son destin en main<\/em>\u00bb, l\u2019adresse \u00e0 la nation du Colonel Assimi Go\u00efta \u00e0 l\u2019occasion du 22 septembre 2024 a \u00e9t\u00e9 une exhortation a une \u00ab<em>une analyse profonde<\/em>\u00bb des implications politiques, \u00e9conomiques et sociales de la refondation en cours depuis la rectification de la Transition le 24 mai 2021.<\/p>\n\n\n\n<p>Mais, ce discours n\u2019a pas combl\u00e9 les attentes de ceux qui esp\u00e9raient en apprendre assez sur les deux attaques terroristes (contre l&rsquo;\u00c9cole de la gendarmerie \u00e0 Faladi\u00e9 et la Base 101 de S\u00e9nou) qui ont \u00e9branl\u00e9 notre capitale le 17 septembre 2024 ainsi que sur les dispositions dans lesquelles nos autorit\u00e9s se trouvent par rapport au nouveau chronogramme tant attendu de la Transition politique.<\/p>\n\n\n\n<p>Poursuite du renforcement op\u00e9rationnel des FAMa, r\u00e9formes de la justice et de l&rsquo;administration, recrutement aux Fonctions publiques (Etat et Collectivit\u00e9s territoriales), efforts pour am\u00e9liorer la vie de ses concitoyens, collecte des recettes fiscales, exon\u00e9rations&#8230; \u00e9ducation, construction des centres d\u2019intelligence artificielle et de robotique, recensement g\u00e9n\u00e9ral agricole, am\u00e9lioration de l\u2019accessibilit\u00e9 des services de sant\u00e9, inondations qui ont touch\u00e9 plusieurs localit\u00e9s du pays, actions de solidarit\u00e9 et de lutte contre l\u2019exclusion, Strat\u00e9gie nationale de l\u2019entrepreneuriat\u2026 Sans oublier la crise \u00e9nerg\u00e9tique qui persiste au risque de ruiner totalement le pays sur le plan \u00e9conomique. Un sujet pourtant \u00e0 peine effleur\u00e9 dans cette adresse \u00e0 la nation.<\/p>\n\n\n\n<p>Le pr\u00e9sident de la Transition a presque touch\u00e9 \u00e0 tout&nbsp;dans son adresse \u00e0 la nation \u00e0 la veille du 22 septembre 2024. A tout sauf \u00e0 l&rsquo;agenda politique de la Transition. Le chronogramme du retour \u00e0 l&rsquo;ordre constitutionnel ? Superbement zapp\u00e9 ! \u00ab<em>Visiblement, le retour \u00e0 l&rsquo;ordre constitutionnel est renvoy\u00e9 aux calendes grecques. Ce n&rsquo;est plus en tout cas une priorit\u00e9 du pr\u00e9sident de la Transition et de son gouvernement d\u00e9barrass\u00e9s de la pression de la C\u00e9d\u00e9ao et relativement de celle des Nations unies<\/em>\u00bb, d\u00e9plore un acteur politique.<\/p>\n\n\n\n<p><strong>En campagne&nbsp;pour se faire adouber des Maliens en vue de briguer officiellement la magistrature supr\u00eame ?<\/strong><\/p>\n\n\n\n<p>\u00ab<em>Depuis sa visite \u00e0 Kayes, en juillet 2023, les discours du pr\u00e9sident de la Transition ressemblent de plus en plus au projet de soci\u00e9t\u00e9 d\u2019un candidat \u00e0 la pr\u00e9sidentielle ou au plan de d\u00e9veloppement d&rsquo;un Chef d&rsquo;Etat \u00e9lu. Ils vont au-del\u00e0 des missions essentielles foire des pr\u00e9rogatives d&rsquo;un r\u00e9gime de Transition. La classe politique doit prendre son mal en patience parce que soit les \u00e9lections ne sont pas encore d&rsquo;actualit\u00e9 ou, si elles doivent \u00eatre organis\u00e9es dans relatif bref d\u00e9lai, il faut compter avec la candidature du pr\u00e9sident du Conseil national pour le salut du peuple <\/em>(CNSP)<em>. On comprend chacun ce \u00e0 quoi cette candidature va aboutir<\/em>\u00bb, analyse un autre leader politique.<\/p>\n\n\n\n<p>Pour certains observateurs, le refus de la justice d\u2019accorder la libert\u00e9 provisoire aux 11 leaders politiques emprisonn\u00e9s \u00e9tait un signe indiquant que les autorit\u00e9s actuelles ne sont pas encore dispos\u00e9es \u00e0 aborder la question du retour \u00e0 l\u2019ordre constitutionnel sous un angle consensuel. Selon les v\u0153ux du pr\u00e9sident de la Transition, la c\u00e9l\u00e9bration du 22 septembre 2024 doit marquer le point de d\u00e9part d\u2019un \u00ab<em>Mali d\u00e9finitivement affranchi et ma\u00eetre de son avenir<\/em>\u00bb.<\/p>\n\n\n\n<p>Un avenir qui est en train de s\u2019\u00e9crire sans que l\u2019on se pr\u00e9occupe du retour \u00e0 l\u2019ordre constitutionnel. Comme l\u2019a r\u00e9cemment rappel\u00e9 un activiste, \u00ab<em>nous ne sommes plus dans la Transition, mais dans la refondation<\/em>\u00bb. Lors de sa rencontre avec les Maliens \u00e9tablis en Chine, en marge du 9e Forum sur la coop\u00e9ration sino-africaine (FOCAC, 4-6 septembre 2024 \u00e0 Beijing, en Chine), le Chef de l\u2019Etat a averti que les r\u00e9formes li\u00e9es \u00e0 la refondation constituent une \u0153uvre de longue haleine. Intervenant \u00e0 la tribune des Nations unies samedi dernier (28 septembre 2024), le ministre de l\u2019Administration territoriale et de la D\u00e9centralisation a aussi rappel\u00e9 que (concernant le processus de Transition politique au Mali) que, \u00e0 l\u2019issue des Assises nationales de la refondation,&nbsp; \u00ab<em>le Peuple malien a fait le choix de mener des r\u00e9formes politiques avant d\u2019organiser les \u00e9lections en vue d\u2019ancrer profond\u00e9ment une gouvernance vertueuse<\/em>\u00bb. Autrement, ces r\u00e9formes vont donc prendre le temps qu\u2019il faut. Cinq ans ! Dix ans ! Peu importe. Pourvu que les Maliens continuent \u00e0 faire preuve de&#8230; r\u00e9silience !<\/p>\n\n\n\n<p><strong>Moussa Bolly<\/strong><\/p>\n\n\n\n<p><strong>Plus de 274 milliards CFA d\u2019exon\u00e9rations sans grand effet sur la hausse g\u00e9n\u00e9rale des prix<\/strong><\/p>\n\n\n\n<p><strong>Au 31 juillet 2024, selon le pr\u00e9sident de la Transition, les recouvrements effectu\u00e9s par les structures de recettes se sont \u00e9tablis \u00e0 1 291 milliards de francs CFA. Au m\u00eame moment, le Tr\u00e9sor a mobilis\u00e9 sur le march\u00e9 financier r\u00e9gional un montant total de 479 milliards de francs CFA afin de financer les d\u00e9ficits du budget d\u2019\u00c9tat. Une performance r\u00e9alis\u00e9e dans un contexte caract\u00e9ris\u00e9 par une augmentation des co\u00fbts du financement et une tension de l\u2019\u00e9quit\u00e9 dans l\u2019Union \u00e9conomique et mon\u00e9taire ouest africaine (UEMOA). Toutes choses qui, selon le chef de l\u2019Etat, t\u00e9moignent de \u00ab<em>la confiance des investisseurs en la signature du Mali<\/em>\u00bb.<\/strong><\/p>\n\n\n\n<p><strong>Il&nbsp; a aussi annonc\u00e9 que les ressources transf\u00e9r\u00e9es aux Collectivit\u00e9s territoriales s\u2019\u00e9l\u00e8vent \u00e0 440 milliards de francs CFA en 2024 contre environ 412 milliards de francs CFA en 2023, soit une hausse de 6,92 %. L\u2019Etat&nbsp; a aussi consenti des sacrifices pour assurer un approvisionnement correct du pays en produits de premi\u00e8re n\u00e9cessit\u00e9 \u00e0 un prix ma\u00eetris\u00e9, sur la p\u00e9riode du 1er septembre 2023 au 31 juillet 2024. Ainsi, des exon\u00e9rations des droits et taxes accord\u00e9es aux cordons douaniers se sont chiffr\u00e9es \u00e0 plus de 274 milliards de francs CFA, soit 34,72 % des recettes r\u00e9alis\u00e9es au cours de la p\u00e9riode concern\u00e9e. Malheureusement, pour les consommateurs, ce sacrifice ne se fait pas trop ressentir sur les prix des denr\u00e9es de premi\u00e8re n\u00e9cessit\u00e9 qui continuent de monter en fl\u00e8che.<\/strong><\/p>\n\n\n\n<p><strong>M.B<\/strong><\/p>\n\n\n\n<p><strong>Une farouche d\u00e9termination \u00e0 vaincre le terrorisme<\/strong><\/p>\n\n\n\n<p>\u00ab<em>La question s\u00e9curitaire demeure la pr\u00e9occupation prioritaire du peuple malien<\/em>\u00bb, a martel\u00e9 le pr\u00e9sident de transition malien, le Colonel Assimi Go\u00efta, dans un message \u00e0 la nation prononc\u00e9 le 21 septembre 2024, \u00e0 la veille du 64e anniversaire de l\u2019ind\u00e9pendance de notre pays. \u00ab<em>Les attaques terroristes survenues le mardi 17 septembre dernier nous rappellent une fois de plus l\u2019imp\u00e9rieuse n\u00e9cessit\u00e9 de demeurer vigilant et de maintenir une posture op\u00e9rationnelle exemplaire en toutes circonstances<\/em>\u00bb, a indiqu\u00e9 le chef de l\u2019Etat en s\u2019inclinant devant \u00ab<em>la m\u00e9moire des innocentes victimes l\u00e2chement assassin\u00e9es lors de cette agression barbare<\/em>\u00bb.<\/p>\n\n\n\n<p>\u00ab<em>Nous allons traquer ces groupes arm\u00e9s de jour comme de nuit jusqu\u2019\u00e0 ce que notre pays soit totalement d\u00e9barrass\u00e9 de cette menace\u00bb, a encore promis le Colonel Assimi Go\u00efta dans une interview accord\u00e9e \u00e0 la presse \u00e0 la fin du d\u00e9fil\u00e9 militaire du 22 septembre 2024. A cette occasion, il n\u2019a pas manqu\u00e9 de saluer l\u2019engagement des populations maliennes qui, \u00abmalgr\u00e9 les difficult\u00e9s<\/em>\u00bb, continuent de soutenir activement les Forces arm\u00e9es maliennes (FAMa) dans leur mission de protection du territoire.<\/p>\n\n\n\n<p>Le pr\u00e9sident de la Transition a aussi souhait\u00e9 l\u2019union sacr\u00e9e autour des Forces de d\u00e9fense et de s\u00e9curit\u00e9 (FDS) en soulignant que cette lutte ne pourra \u00eatre remport\u00e9e sans l\u2019appui constant des populations et des partenaires. \u00ab<em>Nous sommes ouverts \u00e0 tous nos partenaires dans un esprit de gagnant-gagnant et de respect mutuel<\/em>\u00bb, a-t-il \u00e9galement ajout\u00e9. A noter qu\u2019on n\u2019a pas toujours le bilan officiel des attaques qui ont vis\u00e9 l&rsquo;\u00c9cole de la gendarmerie et la \u00ab<em>Base 101<\/em>\u00bb de l\u2019Arm\u00e9e de l\u2019Air \u00e0 Bamako le 17 septembre 2024.<\/p>\n\n\n\n<p><strong>M.B<\/strong><\/p>\n\n\n\n<p><strong>La Conf\u00e9d\u00e9ration de l\u2019AES incarne la renaissance de l\u2019Afrique sur de nouvelles bases<\/strong><\/p>\n\n\n\n<p><strong>Cr\u00e9\u00e9e le 6 juillet 2024, la Conf\u00e9d\u00e9ration des Etats du Sahel ambitionne d\u2019\u00eatre \u00ab<em>un \u00e9l\u00e9ment cl\u00e9 de la reconfiguration g\u00e9opolitique de la r\u00e9gion voire au-del\u00e0<\/em>\u00bb, a assur\u00e9 le Colonel Assimi Go\u00efta dans son message \u00e0 la nation du 22 septembre 2024. Le Chef de l\u2019Etat s\u2019est dit \u00ab<em>honor\u00e9<\/em>\u00bb par ses pairs du Burkina Faso et du Niger pour assurer la pr\u00e9sidence inaugurale de la nouvelle et tr\u00e8s ambitieuse conf\u00e9d\u00e9ration. \u00ab<em>Cette marque d\u2019estime et de confiance nous engage \u00e0 renforcer nos efforts en vue de l\u2019atteinte de nos nobles id\u00e9aux panafricains de la conf\u00e9d\u00e9ration<\/em>\u00bb, a d\u00e9clar\u00e9 le Colonel Go\u00efta.<\/strong><\/p>\n\n\n\n<p><strong>\u00ab<em>La diplomatie malienne est rest\u00e9e active pour d\u00e9fendre les int\u00e9r\u00eats de notre pays<\/em>\u00bb, a aussi reconnu le pr\u00e9sident de la Transition dans son message \u00e0 la nation. \u00ab<em>Le renforcement de nos relations avec des partenaires strat\u00e9giques respectueux de nos choix a ouvert de nouvelles opportunit\u00e9s et favoris\u00e9 notre pr\u00e9sence sur la sc\u00e8ne internationale<\/em>\u00bb, a-t-il ajout\u00e9. Aujourd\u2019hui, a pr\u00e9cis\u00e9 le Colonel Assimi Go\u00efta, \u00ab<em>le Burkina Faso, le Mali et le Niger incarnent la renaissance d\u2019une Afrique qui se lib\u00e8re et invente son unit\u00e9 et son d\u00e9veloppement sur de nouvelles bases<\/em>\u00bb&nbsp;!<\/strong><\/p>\n\n\n\n<p><strong>M.B<\/strong><\/p>\n\n\n\n<p><\/p>\n","protected":false},"excerpt":{"rendered":"<p>Ils \u00e9taient sans doute nombreux \u00e0 attendre du Message \u00e0 la nation du Colonel Assimi Go\u00efta des indications claires sur le nouveau timing de la transition apr\u00e8s l\u2019\u00e9puisement d\u2019une premi\u00e8re&hellip;<\/p>\n","protected":false},"author":1,"featured_media":20032,"comment_status":"open","ping_status":"open","sticky":false,"template":"","format":"standard","meta":{"content-type":"","_lmt_disableupdate":"","_lmt_disable":"","_jetpack_memberships_contains_paid_content":false,"footnotes":"","jetpack_publicize_message":"","jetpack_publicize_feature_enabled":true,"jetpack_social_post_already_shared":true,"jetpack_social_options":{"image_generator_settings":{"template":"highway","default_image_id":0,"font":"","enabled":false},"version":2}},"categories":[53,74,23],"tags":[],"class_list":["post-20031","post","type-post","status-publish","format-standard","has-post-thumbnail","hentry","category-le-matin","category-nation","category-politique"],"jetpack_publicize_connections":[],"featured_image_urls":{"full":["https:\/\/nandi.info\/wp-content\/uploads\/2024\/10\/Le-president-de-la-Transition-Colonel-Assimi-Goita-sest-adresse-a-la-Nation-a-loccasion-du-22-septembre-2024.jpeg",1024,649,false],"thumbnail":["https:\/\/nandi.info\/wp-content\/uploads\/2024\/10\/Le-president-de-la-Transition-Colonel-Assimi-Goita-sest-adresse-a-la-Nation-a-loccasion-du-22-septembre-2024-150x150.jpeg",150,150,true],"medium":["https:\/\/nandi.info\/wp-content\/uploads\/2024\/10\/Le-president-de-la-Transition-Colonel-Assimi-Goita-sest-adresse-a-la-Nation-a-loccasion-du-22-septembre-2024-300x190.jpeg",300,190,true],"medium_large":["https:\/\/nandi.info\/wp-content\/uploads\/2024\/10\/Le-president-de-la-Transition-Colonel-Assimi-Goita-sest-adresse-a-la-Nation-a-loccasion-du-22-septembre-2024-768x487.jpeg",768,487,true],"large":["https:\/\/nandi.info\/wp-content\/uploads\/2024\/10\/Le-president-de-la-Transition-Colonel-Assimi-Goita-sest-adresse-a-la-Nation-a-loccasion-du-22-septembre-2024.jpeg",1024,649,false],"1536x1536":["https:\/\/nandi.info\/wp-content\/uploads\/2024\/10\/Le-president-de-la-Transition-Colonel-Assimi-Goita-sest-adresse-a-la-Nation-a-loccasion-du-22-septembre-2024.jpeg",1024,649,false],"2048x2048":["https:\/\/nandi.info\/wp-content\/uploads\/2024\/10\/Le-president-de-la-Transition-Colonel-Assimi-Goita-sest-adresse-a-la-Nation-a-loccasion-du-22-septembre-2024.jpeg",1024,649,false],"penci-recipe-1200x1200":["https:\/\/nandi.info\/wp-content\/uploads\/2024\/10\/Le-president-de-la-Transition-Colonel-Assimi-Goita-sest-adresse-a-la-Nation-a-loccasion-du-22-septembre-2024.jpeg",1024,649,false],"penci-recipe-1200x900":["https:\/\/nandi.info\/wp-content\/uploads\/2024\/10\/Le-president-de-la-Transition-Colonel-Assimi-Goita-sest-adresse-a-la-Nation-a-loccasion-du-22-septembre-2024.jpeg",1024,649,false],"penci-recipe-1200x675":["https:\/\/nandi.info\/wp-content\/uploads\/2024\/10\/Le-president-de-la-Transition-Colonel-Assimi-Goita-sest-adresse-a-la-Nation-a-loccasion-du-22-septembre-2024.jpeg",1024,649,false],"penci-single-full":["https:\/\/nandi.info\/wp-content\/uploads\/2024\/10\/Le-president-de-la-Transition-Colonel-Assimi-Goita-sest-adresse-a-la-Nation-a-loccasion-du-22-septembre-2024.jpeg",1024,649,false],"penci-slider-full-thumb":["https:\/\/nandi.info\/wp-content\/uploads\/2024\/10\/Le-president-de-la-Transition-Colonel-Assimi-Goita-sest-adresse-a-la-Nation-a-loccasion-du-22-septembre-2024.jpeg",1024,649,false],"penci-full-thumb":["https:\/\/nandi.info\/wp-content\/uploads\/2024\/10\/Le-president-de-la-Transition-Colonel-Assimi-Goita-sest-adresse-a-la-Nation-a-loccasion-du-22-septembre-2024.jpeg",1024,649,false],"penci-slider-thumb":["https:\/\/nandi.info\/wp-content\/uploads\/2024\/10\/Le-president-de-la-Transition-Colonel-Assimi-Goita-sest-adresse-a-la-Nation-a-loccasion-du-22-septembre-2024.jpeg",1024,649,false],"penci-magazine-slider":["https:\/\/nandi.info\/wp-content\/uploads\/2024\/10\/Le-president-de-la-Transition-Colonel-Assimi-Goita-sest-adresse-a-la-Nation-a-loccasion-du-22-septembre-2024-780x516.jpeg",780,516,true],"penci-thumb":["https:\/\/nandi.info\/wp-content\/uploads\/2024\/10\/Le-president-de-la-Transition-Colonel-Assimi-Goita-sest-adresse-a-la-Nation-a-loccasion-du-22-septembre-2024-585x390.jpeg",585,390,true],"penci-masonry-thumb":["https:\/\/nandi.info\/wp-content\/uploads\/2024\/10\/Le-president-de-la-Transition-Colonel-Assimi-Goita-sest-adresse-a-la-Nation-a-loccasion-du-22-septembre-2024-585x371.jpeg",585,371,true],"penci-thumb-square":["https:\/\/nandi.info\/wp-content\/uploads\/2024\/10\/Le-president-de-la-Transition-Colonel-Assimi-Goita-sest-adresse-a-la-Nation-a-loccasion-du-22-septembre-2024-585x585.jpeg",585,585,true],"penci-thumb-vertical":["https:\/\/nandi.info\/wp-content\/uploads\/2024\/10\/Le-president-de-la-Transition-Colonel-Assimi-Goita-sest-adresse-a-la-Nation-a-loccasion-du-22-septembre-2024-480x649.jpeg",480,649,true],"penci-thumb-small":["https:\/\/nandi.info\/wp-content\/uploads\/2024\/10\/Le-president-de-la-Transition-Colonel-Assimi-Goita-sest-adresse-a-la-Nation-a-loccasion-du-22-septembre-2024-263x175.jpeg",263,175,true]},"author_info":{"display_name":"Nandi","author_link":"https:\/\/nandi.info\/?author=1"},"category_info":"<a href=\"https:\/\/nandi.info\/?cat=53\" rel=\"category\">Le Matin<\/a> <a href=\"https:\/\/nandi.info\/?cat=74\" rel=\"category\">Nation<\/a> <a href=\"https:\/\/nandi.info\/?cat=23\" rel=\"category\">Politique<\/a>","tag_info":"Politique","comment_count":"0","jetpack_featured_media_url":"https:\/\/nandi.info\/wp-content\/uploads\/2024\/10\/Le-president-de-la-Transition-Colonel-Assimi-Goita-sest-adresse-a-la-Nation-a-loccasion-du-22-septembre-2024.jpeg","jetpack_sharing_enabled":true,"_links":{"self":[{"href":"https:\/\/nandi.info\/index.php?rest_route=\/wp\/v2\/posts\/20031","targetHints":{"allow":["GET"]}}],"collection":[{"href":"https:\/\/nandi.info\/index.php?rest_route=\/wp\/v2\/posts"}],"about":[{"href":"https:\/\/nandi.info\/index.php?rest_route=\/wp\/v2\/types\/post"}],"author":[{"embeddable":true,"href":"https:\/\/nandi.info\/index.php?rest_route=\/wp\/v2\/users\/1"}],"replies":[{"embeddable":true,"href":"https:\/\/nandi.info\/index.php?rest_route=%2Fwp%2Fv2%2Fcomments&post=20031"}],"version-history":[{"count":1,"href":"https:\/\/nandi.info\/index.php?rest_route=\/wp\/v2\/posts\/20031\/revisions"}],"predecessor-version":[{"id":20033,"href":"https:\/\/nandi.info\/index.php?rest_route=\/wp\/v2\/posts\/20031\/revisions\/20033"}],"wp:featuredmedia":[{"embeddable":true,"href":"https:\/\/nandi.info\/index.php?rest_route=\/wp\/v2\/media\/20032"}],"wp:attachment":[{"href":"https:\/\/nandi.info\/index.php?rest_route=%2Fwp%2Fv2%2Fmedia&parent=20031"}],"wp:term":[{"taxonomy":"category","embeddable":true,"href":"https:\/\/nandi.info\/index.php?rest_route=%2Fwp%2Fv2%2Fcategories&post=20031"},{"taxonomy":"post_tag","embeddable":true,"href":"https:\/\/nandi.info\/index.php?rest_route=%2Fwp%2Fv2%2Ftags&post=20031"}],"curies":[{"name":"wp","href":"https:\/\/api.w.org\/{rel}","templated":true}]}}