{"id":20026,"date":"2024-10-04T15:29:00","date_gmt":"2024-10-04T13:29:00","guid":{"rendered":"https:\/\/nandi.info\/?p=20026"},"modified":"2024-10-05T15:30:37","modified_gmt":"2024-10-05T13:30:37","slug":"le-colonel-adoulaye-maiga-a-la-tribune-de-lonu-le-mali-se-releve-des-coups-tordus-dune-association-incestueuse-et-opportuniste-de-groupes-terroristes-et-de-groupes-armes","status":"publish","type":"post","link":"https:\/\/nandi.info\/?p=20026","title":{"rendered":"Le Colonel Adoulaye Ma\u00efga \u00e0 la tribune de l\u2019ONU : Le Mali se rel\u00e8ve des coups tordus d\u2019une association incestueuse et opportuniste de groupes terroristes et de groupes arm\u00e9s !"},"content":{"rendered":"\n<figure class=\"wp-block-image size-large\"><img fetchpriority=\"high\" decoding=\"async\" width=\"1024\" height=\"576\" src=\"https:\/\/nandi.info\/wp-content\/uploads\/2024\/10\/Le-Ministre-dEtat-Abdoulaye-Maiga-a-la-Tribune-des-Nations-unies-le-28-septembre-2024-pour-faire-entendre-la-voix-du-Mali_46-1024x576.jpeg\" alt=\"\" class=\"wp-image-20027\" srcset=\"https:\/\/nandi.info\/wp-content\/uploads\/2024\/10\/Le-Ministre-dEtat-Abdoulaye-Maiga-a-la-Tribune-des-Nations-unies-le-28-septembre-2024-pour-faire-entendre-la-voix-du-Mali_46-1024x576.jpeg 1024w, https:\/\/nandi.info\/wp-content\/uploads\/2024\/10\/Le-Ministre-dEtat-Abdoulaye-Maiga-a-la-Tribune-des-Nations-unies-le-28-septembre-2024-pour-faire-entendre-la-voix-du-Mali_46-300x169.jpeg 300w, https:\/\/nandi.info\/wp-content\/uploads\/2024\/10\/Le-Ministre-dEtat-Abdoulaye-Maiga-a-la-Tribune-des-Nations-unies-le-28-septembre-2024-pour-faire-entendre-la-voix-du-Mali_46-768x432.jpeg 768w, https:\/\/nandi.info\/wp-content\/uploads\/2024\/10\/Le-Ministre-dEtat-Abdoulaye-Maiga-a-la-Tribune-des-Nations-unies-le-28-septembre-2024-pour-faire-entendre-la-voix-du-Mali_46-1536x864.jpeg 1536w, https:\/\/nandi.info\/wp-content\/uploads\/2024\/10\/Le-Ministre-dEtat-Abdoulaye-Maiga-a-la-Tribune-des-Nations-unies-le-28-septembre-2024-pour-faire-entendre-la-voix-du-Mali_46-1200x675.jpeg 1200w, https:\/\/nandi.info\/wp-content\/uploads\/2024\/10\/Le-Ministre-dEtat-Abdoulaye-Maiga-a-la-Tribune-des-Nations-unies-le-28-septembre-2024-pour-faire-entendre-la-voix-du-Mali_46-1920x1080.jpeg 1920w, https:\/\/nandi.info\/wp-content\/uploads\/2024\/10\/Le-Ministre-dEtat-Abdoulaye-Maiga-a-la-Tribune-des-Nations-unies-le-28-septembre-2024-pour-faire-entendre-la-voix-du-Mali_46-1170x658.jpeg 1170w, https:\/\/nandi.info\/wp-content\/uploads\/2024\/10\/Le-Ministre-dEtat-Abdoulaye-Maiga-a-la-Tribune-des-Nations-unies-le-28-septembre-2024-pour-faire-entendre-la-voix-du-Mali_46-585x329.jpeg 585w, https:\/\/nandi.info\/wp-content\/uploads\/2024\/10\/Le-Ministre-dEtat-Abdoulaye-Maiga-a-la-Tribune-des-Nations-unies-le-28-septembre-2024-pour-faire-entendre-la-voix-du-Mali_46.jpeg 2048w\" sizes=\"(max-width: 1024px) 100vw, 1024px\" \/><\/figure>\n\n\n\n<p><strong>Repr\u00e9sentant le pr\u00e9sident de la transition \u00e0 la tribune des Nations unies, \u00e0 l\u2019occasion du d\u00e9bat g\u00e9n\u00e9ral de la 79e session de l\u2019Assembl\u00e9e g\u00e9n\u00e9rale des Nations unies, le Colonel Abdoulaye Ma\u00efga (ministre d\u2019Etat, ministre de l\u2019Administration territoriale et de la D\u00e9centralisation, Porte-parole du gouvernement) a pris la parole le 28 septembre 2024 \u00e0 New York. Une intervention dans laquelle il a fait la gen\u00e8se de la crise malienne&nbsp;; mis en relier des efforts consentis pour s\u2019\u00e9manciper de certains partenaires controvers\u00e9s, la mont\u00e9e en puissance des Forces de d\u00e9fense et de s\u00e9curit\u00e9 (FDS), le soutien de certains pays comme l\u2019Ukraine aux Groupes arm\u00e9s terroristes (GAT), les r\u00e9formes entreprises dans le cadre de la refondation de l\u2019Etat, la nouvelle vision panafricaniste du Mali concr\u00e9tis\u00e9e par la cr\u00e9ation de Conf\u00e9d\u00e9ration des Etats du Sahel (AES)\u2026 il n\u2019a pas non plus manqu\u00e9 l\u2019opportunit\u00e9 <\/strong><strong>de d\u00e9noncer les \u00abing\u00e9rences\u00bb de certains pays comme l\u2019Alg\u00e9rie et l\u2019Ukraine en faveur des GAT dans le nord de notre pays.<\/strong><\/p>\n\n\n\n<p class=\"has-drop-cap\"><strong>Aujourd\u2019hui, quoi que certains disent, le Mali s\u2019achemine lentement, mais s\u00fbrement vers le bout du tunnel&nbsp;!<\/strong><strong><\/strong><\/p>\n\n\n\n<p>\u00ab<em>Ne laisser personne de c\u00f4t\u00e9 : Agir ensemble pour la promotion de la paix, du d\u00e9veloppement durable et de la dignit\u00e9 humaine pour les g\u00e9n\u00e9rations pr\u00e9sentes et futures<\/em>\u00bb&nbsp;! Tel est le th\u00e8me des travaux de la 79eassembl\u00e9e g\u00e9n\u00e9rale des Nations unies \u00e0 New York \u00e0 la tribune de laquelle le Colonel Abdoulaye Ma\u00efga a pris la parole samedi dernier (28 f\u00e9vrier) au nom du pr\u00e9sident de la Transition, Colonel Assimi Go\u00efta. Le ministre d\u2019Etat, ministre de l\u2019Administration territoriale et de D\u00e9centralisation (porte-parole du gouvernement) a salu\u00e9 \u00ab<em>la pertinence de ce th\u00e8me qui est d\u2019une actualit\u00e9 br\u00fblante, tant il est vrai que les tensions et les guerres en cours continuent, h\u00e9las, de menacer la paix et la s\u00e9curit\u00e9 internationales, le d\u00e9veloppement et les droits fondamentaux des populations<\/em>\u00bb.<\/p>\n\n\n\n<p>Pour le Colonel Abdoulaye Ma\u00efga, c\u2019est le point de vue \u00ab<em>d\u2019un pays qui a connu, depuis 2012, une crise multidimensionnelle complexe, ayant entra\u00een\u00e9 la perte de plus de la moiti\u00e9 de son territoire et de nombreuses victimes innocentes, suite \u00e0 une association \u00e0 la fois incestueuse et opportuniste de groupes terroristes et de groupes arm\u00e9s<\/em>\u00bb. En, faisant la gen\u00e8se de cette crise multidimensionnelle, le ministre d\u2019Etat a rappel\u00e9 que notre drame remonte \u00e0 l\u2019all\u00e9geance \u00e0 Al-Qaida du Groupe salafiste pour la pr\u00e9dication et le combat (GSPC) d\u2019Alg\u00e9rie, le 11 septembre 2006. Une r\u00e9alit\u00e9 exacerb\u00e9e par \u00ab<em>l\u2019intervention militaire hasardeuse<\/em>\u00bb de l\u2019OTAN en Libye, en 2011. \u00ab<em>La d\u00e9stabilisation de ce pays fr\u00e8re a aggrav\u00e9 les facteurs d\u2019ins\u00e9curit\u00e9 dans nos pays, \u00e0 savoir le terrorisme, les trafics en tout genre, le blanchiment de capitaux, les conflits communautaires manipul\u00e9s par les terroristes et leurs sponsors \u00e9tatiques \u00e9trangers et les actions violentes d\u2019individus isol\u00e9s<\/em>\u00bb, a d\u00e9plor\u00e9 le repr\u00e9sentant du pr\u00e9sident de la Transition \u00e0 la tribune de l\u2019ONU.<\/p>\n\n\n\n<p>\u00ab<em>Apr\u00e8s avoir v\u00e9cu une ins\u00e9curit\u00e9 impos\u00e9e par l\u2019\u00e9tat de nature, le constat concernant le Mali est effarant : Violent\u00e9, humili\u00e9, pill\u00e9 et torpill\u00e9, abandonn\u00e9 en plein vol, poignard\u00e9 dans le dos\u2026 Les expressions ne sont pas limitatives pour d\u00e9crire la souffrance subie par le peuple et nos Forces de d\u00e9fense et de s\u00e9curit\u00e9<\/em>\u00bb, a poursuivi le Colonel Ma\u00efga. Heureusement que la peur est en train de changer de camp. \u00ab<em>Aujourd\u2019hui, les Groupes arm\u00e9s terroristes (GAT) ont \u00e9t\u00e9 s\u00e9rieusement affaiblis, les FDS sont d\u00e9ploy\u00e9es sur l\u2019ensemble du territoire national. En outre, les actions offensives de nos forces se poursuivent pour d\u00e9manteler les r\u00e9seaux terroristes r\u00e9siduels<\/em>\u00bb, a soulign\u00e9 le porte-parole du gouvernement.<\/p>\n\n\n\n<p>Mais, en d\u00e9pit des revers qu\u2019ils ne cessent de subir, ces \u00ab<em>groupes criminels gardent encore une certaine capacit\u00e9 de nuisance, dans leurs tentatives d\u00e9sesp\u00e9r\u00e9es de porter atteinte \u00e0 notre int\u00e9grit\u00e9 territoriale et de terroriser nos populations avec le soutien de sponsors \u00e9tatiques \u00e9trangers<\/em>\u00bb, a d\u00e9plor\u00e9 le Colonel A. Ma\u00efga. Il n\u2019a pas manqu\u00e9 de d\u00e9noncer les \u00ab<em>sponsors \u00e9tatiques \u00e9trangers<\/em>\u00bb comme les autorit\u00e9s ukrainiennes qui ont \u00ab<em>viol\u00e9 ouvertement et de mani\u00e8re in\u00e9dite, la Charte des Nations unies ainsi que leurs conventions et r\u00e9solutions pertinentes relatives \u00e0 la pr\u00e9vention et \u00e0 la lutte contre le terrorisme<\/em>\u00bb en revendiquant la participation active de leur pays \u00e0 la \u00ab<em>l\u00e2che attaque terroriste<\/em>\u00bb ayant vis\u00e9 une patrouille des FDS du 24 au 26 juillet 2024 \u00e0 Tinzawaten (r\u00e9gion de Kidal).<\/p>\n\n\n\n<p>Malgr\u00e9 une incontestable mont\u00e9e en puissance de nos FAMa sur les lignes de front, le gouvernement reste conscient que \u00ab<em>la r\u00e9ponse uniquement s\u00e9curitaire a ses limites<\/em>\u00bb. C\u2019est la raison pour laquelle, a pr\u00e9cis\u00e9 le ministre d\u2019Etat Ma\u00efga, en appui \u00e0 l\u2019action militaire, notre pays s\u2019est dot\u00e9 d\u2019une strat\u00e9gie globale et int\u00e9gr\u00e9e ayant pour objectif la restauration de l\u2019autorit\u00e9 de l\u2019Etat sur l\u2019ensemble du territoire national. Elle comprend des mesures politiques, administratives, de d\u00e9veloppement \u00e9conomique et social, y compris le dialogue avec des groupes arm\u00e9s et la fourniture des services sociaux de base \u00e0 nos populations.<\/p>\n\n\n\n<p>Pour exorciser le mal, disons cette trag\u00e9die impos\u00e9e \u00e0 notre pays pour s\u2019approprier ses immenses richesses mini\u00e8res, les autorit\u00e9s de la transition ont \u00e9galement pris plusieurs initiatives comme le Programme national d\u2019\u00e9ducation aux valeurs (PNEV). Officiellement lanc\u00e9 le 23 avril 2024, celui-ci vise \u00e0 assurer \u00ab<em>un retour aux sources, sans lesquelles, il serait difficile d\u2019envisager un avenir radieux pour notre pays dans sa qu\u00eate l\u00e9gitime de souverainet\u00e9\u00bb. Pour le ministre Abdoulaye Ma\u00efga, \u00abl\u2019invitation \u00e0 redevenir nous-m\u00eames, ne saurait faire l\u2019\u00e9conomie de la question de savoir qui nous sommes&nbsp;; de savoir qui nous sommes<\/em>\u00bb. Et de poursuivre que, en privil\u00e9giant d\u2019\u00eatre nous-m\u00eames, \u00ab<em>les Maliens cr\u00e9ent une 3e voie : Ne pas devenir des pr\u00e9dateurs, des barbares sans foi ni loi, \u00e0 la recherche des bovins d\u2019autrui, ne pas devenir les \u00e9ternelles victimes impuissantes face \u00e0 la pr\u00e9dation<\/em>\u00bb.<\/p>\n\n\n\n<p>Sans compter que cette \u00abvoie m\u00e9diane\u00bb consiste aussi \u00e0 \u00ab<em>r\u00e9aliser notre d\u00e9veloppement en empruntant un chemin plus vertueux : Veiller au respect de notre souverainet\u00e9 tout en respectant celle des autres ; refuser l\u2019h\u00e9t\u00e9ronomie tout en refusant de nous ing\u00e9rer dans les affaires int\u00e9rieures des autres ; \u00eatre ouvert \u00e0 tous les partenariats sur une base gagnant-gagnant<\/em>\u00bb. Evoquant le processus de Transition, et fort naturellement du retour \u00e0 l\u2019ordre constitutionnel, le ministre de l\u2019Administration territoriale et de la D\u00e9centralisation a rappel\u00e9 que, \u00e0 l\u2019issue des Assises nationales de la refondation (ANR), \u00ab<em>le peuple malien a fait le choix de mener des r\u00e9formes politiques avant d\u2019organiser les \u00e9lections, en vue d\u2019ancrer profond\u00e9ment une gouvernance vertueuse<\/em>\u00bb.<\/p>\n\n\n\n<p>Pour le moment la mise en oeuvre des recommandations des ANR (517 recommandations ont \u00e9t\u00e9 formul\u00e9es lors de ces assises qui ont lieu du 27 au 30 d\u00e9cembre 2021) a permis la mise en place de l\u2019Autorit\u00e9 ind\u00e9pendante de gestion des \u00e9lections (AIGE) ; l\u2019adoption d\u2019une nouvelle Constitution promulgu\u00e9e 22 juillet 2023 suite \u00e0 un r\u00e9f\u00e9rendum \u00ab<em>bien organis\u00e9<\/em>\u00bb ; le parach\u00e8vement de la r\u00e9organisation territoriale et administrative ; le renforcement de la lutte contre la corruption et la transparence de l\u2019action publique ; la relecture du code minier plus \u00e9quitable et favorisant le contenu local\u2026<\/p>\n\n\n\n<p>La 79e session de l\u2019Assembl\u00e9e g\u00e9n\u00e9rale, a rappel\u00e9 le Colonel Ma\u00efga, se tient au moment o\u00f9 \u00ab<em>la paix et la s\u00e9curit\u00e9 internationales n\u2019ont jamais \u00e9t\u00e9 autant menac\u00e9es depuis les deux grandes guerres, y compris par le terrorisme international et l\u2019extr\u00e9misme violent<\/em>\u00bb. Dans un tel contexte, a-t-il soulign\u00e9, il sera \u00ab<em>difficile d\u2019atteindre les Objectifs de d\u00e9veloppement durable \u00e0 l\u2019horizon 2030 en termes d\u2019\u00e9ducation, de sant\u00e9, d\u2019acc\u00e8s \u00e0 l\u2019eau potable, d\u2019\u00e9nergie et de justice<\/em>\u00bb. D\u2019o\u00f9 la l\u2019urgente n\u00e9cessit\u00e9 d\u2019une \u00ab<em>\u00e9valuation objective, avec des recommandations r\u00e9alistes de notre syst\u00e8me collectif<\/em>\u00bb afin d\u2019inverser la tendance avec des perspectives plus r\u00e9jouissantes&nbsp;!<\/p>\n\n\n\n<p><strong>Moussa Bolly<\/strong><\/p>\n\n\n\n<p><strong>Le double-jeu d\u2019Alger d\u00e9nonc\u00e9 \u00e0 la tribune des Nations unies<\/strong><\/p>\n\n\n\n<p>Intervenant \u00e0 la Tribune des Nations unies samedi dernier (28 septembre 2024), \u00e0 l\u2019occasion de la 79e Assembl\u00e9e g\u00e9n\u00e9rale, le Colonel Abdoulaye Ma\u00efga a saisi \u00ab<em>l\u2019opportunit\u00e9 pour saluer et reconna\u00eetre la sagesse<\/em>\u00bb du pr\u00e9sident Abdelmadjid Tebboune de la R\u00e9publique alg\u00e9rienne d\u00e9mocratique et populaire. Le 29 ao\u00fbt 2024, a-t-il rappel\u00e9, lors d\u2019une tourn\u00e9e dans le sud alg\u00e9rien, ce dernier a d\u00e9clar\u00e9 que \u00ab<em>la Libye, le Niger et le Mali sont des nations fraternelles<\/em>\u00bb qu\u2019il soutient et qu\u2019il ne peut desservir.<\/p>\n\n\n\n<p>\u00ab<em>Le peuple malien n\u2019a pas \u00e9t\u00e9 surpris par ces propos qui indiquent, \u00e9loquemment votre panafricanisme, \u00e0 l\u2019instar de vos c\u00e9l\u00e8bres pr\u00e9d\u00e9cesseurs, dont feu le pr\u00e9sident Abdelaziz Bouteflika <\/em>(mort le 17 septembre 2021)<em>, affectueusement appel\u00e9 ABDELKADER MALI suite \u00e0 son \u00e9tablissement \u00e0 Gao et l\u2019engagement des autorit\u00e9s maliennes, \u00e0 travers les actions suivantes : offrir le territoire malien comme base arri\u00e8re aux Moudjahiddines, ouvrant ainsi un front sud ; participer aux affrontements arm\u00e9s contre le colonisateur fran\u00e7ais, en d\u00e9ployant des combattants maliens aux c\u00f4t\u00e9s des Moudjahiddines sur le territoire alg\u00e9rien, pour d\u00e9fendre la libert\u00e9 et la dignit\u00e9 des alg\u00e9riens ; d\u00e9fendre la cause alg\u00e9rienne dans toutes les instances diplomatiques, jusqu\u2019au recouvrement de leur ind\u00e9pendance<\/em>\u00bb, a rappel\u00e9 le ministre de l\u2019Administration territoriale et de la D\u00e9centralisation.<\/p>\n\n\n\n<p>Cependant, il n\u2019a pas manqu\u00e9 d&rsquo;attirer l\u2019attention du chef de l\u2019Etat alg\u00e9rien sur \u00ab<em>les propos incongrus<\/em>\u00bb de 2 de ses collaborateurs allant \u00e0 \u00ab<em>contresens<\/em>\u00bb de son souhait de \u00ab<em>promouvoir des relations harmonieuses<\/em>\u00bb avec ses voisins, dont le Mali. Ainsi, le 31 juillet 2024, le ministre alg\u00e9rien des Affaires \u00e9trang\u00e8res d\u00e9clarait que la crise malienne n\u2019avait pas besoin d\u2019une \u00ab<em>solution militaire\u2026 C\u2019est un conflit entre fr\u00e8res. La solution ne peut \u00eatre que politique<\/em>\u00bb. Au sujet de l\u2019Accord pour la paix et la r\u00e9conciliation au Mali (APR, issu du processus d\u2019Alger), le chef de la diplomatie alg\u00e9rienne avait affirm\u00e9 qu\u2019il avait \u00e9t\u00e9 b\u00e9n\u00e9fique \u00e0 notre pays car il a \u00ab<em>pr\u00e9serv\u00e9 la souverainet\u00e9 et l\u2019int\u00e9grit\u00e9 territoriale<\/em>\u00bb du Mali&#8230;<\/p>\n\n\n\n<p>En outre, le 26 ao\u00fbt 2024, le Repr\u00e9sentant permanent de l\u2019Alg\u00e9rie aupr\u00e8s des Nations unies, a d\u00e9clar\u00e9 : \u00ab<em>\u2026ce matin j\u2019ai appris par les m\u00e9dias qu\u2019un drone a effectu\u00e9 une frappe dans le nord du Mali tuant une vingtaine de civils. Ceux qui appuient sur la manette de ce drone, n\u2019ont de compte \u00e0 rendre \u00e0 personne sur ces frappes\u2026<\/em>\u00bb. De l\u2019analyse des propos du premier, \u00ab<em>nous constatons une grave ing\u00e9rence dans les affaires int\u00e9rieures du Mali. En effet, la nature de la solution d\u00e9ploy\u00e9e par les autorit\u00e9s maliennes ne<\/em> <em>concerne que les Maliens. Depuis la fin de l\u2019APR, le 25 janvier 2024, les Maliens n\u2019expriment qu\u2019un seul v\u0153u le concernant : que son \u00e2me repose en paix !<\/em>\u00bb, a r\u00e9agi le Colonel Abdoulaye Ma\u00efga.<\/p>\n\n\n\n<p>\u00ab<em>Monsieur le Ministre des Affaires \u00e9trang\u00e8res, l\u2019Accord est bel et bien mort. Vos incantations ne serviront pas \u00e0 le ressusciter<\/em>\u00bb, a-t-il persist\u00e9. \u00ab<em>Vous me donnez l\u2019occasion, d\u2019une part, de vous r\u00e9it\u00e9rer que nul ne peut aimer le Mali, plus que les&nbsp;Maliens. Et, d\u2019autre part, vous rappeler que le Mali et son peuple ne seront pas des spectateurs face aux assauts et l\u2019adversit\u00e9 : pour chaque mot employ\u00e9 de travers, nous r\u00e9agirons par r\u00e9ciprocit\u00e9&nbsp;; pour chaque balle tir\u00e9e contre nous, nous r\u00e9agirons par r\u00e9ciprocit\u00e9\u2026<\/em>\u00bb, a-t-il promis.<\/p>\n\n\n\n<p>Quant au Repr\u00e9sentant permanent alg\u00e9rien, a soulign\u00e9 le ministre Ma\u00efga,&nbsp;\u00ab<em>en plus d\u2019offrir le g\u00eete et le couvert, certainement avec de succulents plats de chakchouka et de chorba, \u00e0 des terroristes et des ren\u00e9gats en d\u00e9bandade, son r\u00f4le d\u2019estafette d\u00e9sorient\u00e9e ne contribue gu\u00e8re \u00e0 la promotion des relations de bon voisinage<\/em>\u00bb. De ses propos, d\u2019une mani\u00e8re g\u00e9n\u00e9rale il ressort des \u00ab<em>accusations graves et infond\u00e9es<\/em>\u00bb. En affirmant par exemple que \u00ab<em>les op\u00e9rateurs de drones n\u2019ont de compte \u00e0 rendre \u00e0 personne<\/em>\u00bb, repr\u00e9sentant permanent alg\u00e9rien \u00ab<em>alimente une campagne de d\u00e9sinformation contre le Mali, tout en soutenant l\u2019id\u00e9e que les vaillantes Forces de d\u00e9fense et de s\u00e9curit\u00e9 maliennes seraient incapables de piloter des drones<\/em>\u00bb, a d\u00e9plor\u00e9 le ministre Abdoulaye Ma\u00efga \u00e0 la tribune de &nbsp;l\u2019ONU.<\/p>\n\n\n\n<p>\u00ab<em>Aujourd\u2019hui, nous sommes troubl\u00e9s que le Repr\u00e9sentant permanent alg\u00e9rien ait rejoint la tendance manipulatrice des droits de l\u2019Homme pour s\u2019attaquer \u00e0 l\u2019Arm\u00e9e malienne\u2026 Le Mali exige de ces 2 \u00e9nergum\u00e8nes diplomatiques qu\u2019ils cessent d\u2019entrer dans l\u2019histoire \u00e0 reculons. Manifestement, ils ignorent tout, \u00e0 la fois, de l\u2019histoire entre les peuples fr\u00e8res du Mali et de l\u2019Alg\u00e9rie, et la contribution exceptionnelle du Mali \u00e0 la guerre de lib\u00e9ration alg\u00e9rienne, et certainement de la g\u00e9ographie car ils consid\u00e8rent, \u00e0 tort, le Mali comme une wilaya, c\u2019est-\u00e0-dire une province alg\u00e9rienne<\/em>\u00bb, a conclu le Colonel Abdoulaye Ma\u00efga remettant les choses dans leur contexte politique, historique, g\u00e9ographique et\u2026 diplomatique&nbsp;!<\/p>\n\n\n\n<p><strong>Moussa Bolly<\/strong><\/p>\n\n\n\n<p><\/p>\n","protected":false},"excerpt":{"rendered":"<p>Repr\u00e9sentant le pr\u00e9sident de la transition \u00e0 la tribune des Nations unies, \u00e0 l\u2019occasion du d\u00e9bat g\u00e9n\u00e9ral de la 79e session de l\u2019Assembl\u00e9e g\u00e9n\u00e9rale des Nations unies, le Colonel Abdoulaye&hellip;<\/p>\n","protected":false},"author":1,"featured_media":20027,"comment_status":"open","ping_status":"open","sticky":false,"template":"","format":"standard","meta":{"content-type":"","_lmt_disableupdate":"","_lmt_disable":"","_jetpack_memberships_contains_paid_content":false,"footnotes":"","jetpack_publicize_message":"","jetpack_publicize_feature_enabled":true,"jetpack_social_post_already_shared":true,"jetpack_social_options":{"image_generator_settings":{"template":"highway","default_image_id":0,"font":"","enabled":false},"version":2}},"categories":[53,59,23],"tags":[],"class_list":["post-20026","post","type-post","status-publish","format-standard","has-post-thumbnail","hentry","category-le-matin","category-nations-unies","category-politique"],"jetpack_publicize_connections":[],"featured_image_urls":{"full":["https:\/\/nandi.info\/wp-content\/uploads\/2024\/10\/Le-Ministre-dEtat-Abdoulaye-Maiga-a-la-Tribune-des-Nations-unies-le-28-septembre-2024-pour-faire-entendre-la-voix-du-Mali_46.jpeg",2048,1152,false],"thumbnail":["https:\/\/nandi.info\/wp-content\/uploads\/2024\/10\/Le-Ministre-dEtat-Abdoulaye-Maiga-a-la-Tribune-des-Nations-unies-le-28-septembre-2024-pour-faire-entendre-la-voix-du-Mali_46-150x150.jpeg",150,150,true],"medium":["https:\/\/nandi.info\/wp-content\/uploads\/2024\/10\/Le-Ministre-dEtat-Abdoulaye-Maiga-a-la-Tribune-des-Nations-unies-le-28-septembre-2024-pour-faire-entendre-la-voix-du-Mali_46-300x169.jpeg",300,169,true],"medium_large":["https:\/\/nandi.info\/wp-content\/uploads\/2024\/10\/Le-Ministre-dEtat-Abdoulaye-Maiga-a-la-Tribune-des-Nations-unies-le-28-septembre-2024-pour-faire-entendre-la-voix-du-Mali_46-768x432.jpeg",768,432,true],"large":["https:\/\/nandi.info\/wp-content\/uploads\/2024\/10\/Le-Ministre-dEtat-Abdoulaye-Maiga-a-la-Tribune-des-Nations-unies-le-28-septembre-2024-pour-faire-entendre-la-voix-du-Mali_46-1024x576.jpeg",1024,576,true],"1536x1536":["https:\/\/nandi.info\/wp-content\/uploads\/2024\/10\/Le-Ministre-dEtat-Abdoulaye-Maiga-a-la-Tribune-des-Nations-unies-le-28-septembre-2024-pour-faire-entendre-la-voix-du-Mali_46-1536x864.jpeg",1536,864,true],"2048x2048":["https:\/\/nandi.info\/wp-content\/uploads\/2024\/10\/Le-Ministre-dEtat-Abdoulaye-Maiga-a-la-Tribune-des-Nations-unies-le-28-septembre-2024-pour-faire-entendre-la-voix-du-Mali_46.jpeg",2048,1152,false],"penci-recipe-1200x1200":["https:\/\/nandi.info\/wp-content\/uploads\/2024\/10\/Le-Ministre-dEtat-Abdoulaye-Maiga-a-la-Tribune-des-Nations-unies-le-28-septembre-2024-pour-faire-entendre-la-voix-du-Mali_46-1200x1152.jpeg",1200,1152,true],"penci-recipe-1200x900":["https:\/\/nandi.info\/wp-content\/uploads\/2024\/10\/Le-Ministre-dEtat-Abdoulaye-Maiga-a-la-Tribune-des-Nations-unies-le-28-septembre-2024-pour-faire-entendre-la-voix-du-Mali_46-1200x900.jpeg",1200,900,true],"penci-recipe-1200x675":["https:\/\/nandi.info\/wp-content\/uploads\/2024\/10\/Le-Ministre-dEtat-Abdoulaye-Maiga-a-la-Tribune-des-Nations-unies-le-28-septembre-2024-pour-faire-entendre-la-voix-du-Mali_46-1200x675.jpeg",1200,675,true],"penci-single-full":["https:\/\/nandi.info\/wp-content\/uploads\/2024\/10\/Le-Ministre-dEtat-Abdoulaye-Maiga-a-la-Tribune-des-Nations-unies-le-28-septembre-2024-pour-faire-entendre-la-voix-du-Mali_46-1920x1080.jpeg",1920,1080,true],"penci-slider-full-thumb":["https:\/\/nandi.info\/wp-content\/uploads\/2024\/10\/Le-Ministre-dEtat-Abdoulaye-Maiga-a-la-Tribune-des-Nations-unies-le-28-septembre-2024-pour-faire-entendre-la-voix-du-Mali_46-1920x800.jpeg",1920,800,true],"penci-full-thumb":["https:\/\/nandi.info\/wp-content\/uploads\/2024\/10\/Le-Ministre-dEtat-Abdoulaye-Maiga-a-la-Tribune-des-Nations-unies-le-28-septembre-2024-pour-faire-entendre-la-voix-du-Mali_46-1170x658.jpeg",1170,658,true],"penci-slider-thumb":["https:\/\/nandi.info\/wp-content\/uploads\/2024\/10\/Le-Ministre-dEtat-Abdoulaye-Maiga-a-la-Tribune-des-Nations-unies-le-28-septembre-2024-pour-faire-entendre-la-voix-du-Mali_46-1170x663.jpeg",1170,663,true],"penci-magazine-slider":["https:\/\/nandi.info\/wp-content\/uploads\/2024\/10\/Le-Ministre-dEtat-Abdoulaye-Maiga-a-la-Tribune-des-Nations-unies-le-28-septembre-2024-pour-faire-entendre-la-voix-du-Mali_46-780x516.jpeg",780,516,true],"penci-thumb":["https:\/\/nandi.info\/wp-content\/uploads\/2024\/10\/Le-Ministre-dEtat-Abdoulaye-Maiga-a-la-Tribune-des-Nations-unies-le-28-septembre-2024-pour-faire-entendre-la-voix-du-Mali_46-585x390.jpeg",585,390,true],"penci-masonry-thumb":["https:\/\/nandi.info\/wp-content\/uploads\/2024\/10\/Le-Ministre-dEtat-Abdoulaye-Maiga-a-la-Tribune-des-Nations-unies-le-28-septembre-2024-pour-faire-entendre-la-voix-du-Mali_46-585x329.jpeg",585,329,true],"penci-thumb-square":["https:\/\/nandi.info\/wp-content\/uploads\/2024\/10\/Le-Ministre-dEtat-Abdoulaye-Maiga-a-la-Tribune-des-Nations-unies-le-28-septembre-2024-pour-faire-entendre-la-voix-du-Mali_46-585x585.jpeg",585,585,true],"penci-thumb-vertical":["https:\/\/nandi.info\/wp-content\/uploads\/2024\/10\/Le-Ministre-dEtat-Abdoulaye-Maiga-a-la-Tribune-des-Nations-unies-le-28-septembre-2024-pour-faire-entendre-la-voix-du-Mali_46-480x650.jpeg",480,650,true],"penci-thumb-small":["https:\/\/nandi.info\/wp-content\/uploads\/2024\/10\/Le-Ministre-dEtat-Abdoulaye-Maiga-a-la-Tribune-des-Nations-unies-le-28-septembre-2024-pour-faire-entendre-la-voix-du-Mali_46-263x175.jpeg",263,175,true]},"author_info":{"display_name":"Nandi","author_link":"https:\/\/nandi.info\/?author=1"},"category_info":"<a href=\"https:\/\/nandi.info\/?cat=53\" rel=\"category\">Le Matin<\/a> <a href=\"https:\/\/nandi.info\/?cat=59\" rel=\"category\">Nations Unies<\/a> <a href=\"https:\/\/nandi.info\/?cat=23\" rel=\"category\">Politique<\/a>","tag_info":"Politique","comment_count":"0","jetpack_featured_media_url":"https:\/\/nandi.info\/wp-content\/uploads\/2024\/10\/Le-Ministre-dEtat-Abdoulaye-Maiga-a-la-Tribune-des-Nations-unies-le-28-septembre-2024-pour-faire-entendre-la-voix-du-Mali_46.jpeg","jetpack_sharing_enabled":true,"_links":{"self":[{"href":"https:\/\/nandi.info\/index.php?rest_route=\/wp\/v2\/posts\/20026","targetHints":{"allow":["GET"]}}],"collection":[{"href":"https:\/\/nandi.info\/index.php?rest_route=\/wp\/v2\/posts"}],"about":[{"href":"https:\/\/nandi.info\/index.php?rest_route=\/wp\/v2\/types\/post"}],"author":[{"embeddable":true,"href":"https:\/\/nandi.info\/index.php?rest_route=\/wp\/v2\/users\/1"}],"replies":[{"embeddable":true,"href":"https:\/\/nandi.info\/index.php?rest_route=%2Fwp%2Fv2%2Fcomments&post=20026"}],"version-history":[{"count":2,"href":"https:\/\/nandi.info\/index.php?rest_route=\/wp\/v2\/posts\/20026\/revisions"}],"predecessor-version":[{"id":20029,"href":"https:\/\/nandi.info\/index.php?rest_route=\/wp\/v2\/posts\/20026\/revisions\/20029"}],"wp:featuredmedia":[{"embeddable":true,"href":"https:\/\/nandi.info\/index.php?rest_route=\/wp\/v2\/media\/20027"}],"wp:attachment":[{"href":"https:\/\/nandi.info\/index.php?rest_route=%2Fwp%2Fv2%2Fmedia&parent=20026"}],"wp:term":[{"taxonomy":"category","embeddable":true,"href":"https:\/\/nandi.info\/index.php?rest_route=%2Fwp%2Fv2%2Fcategories&post=20026"},{"taxonomy":"post_tag","embeddable":true,"href":"https:\/\/nandi.info\/index.php?rest_route=%2Fwp%2Fv2%2Ftags&post=20026"}],"curies":[{"name":"wp","href":"https:\/\/api.w.org\/{rel}","templated":true}]}}