{"id":19978,"date":"2024-09-30T14:07:00","date_gmt":"2024-09-30T12:07:00","guid":{"rendered":"https:\/\/nandi.info\/?p=19978"},"modified":"2024-10-02T14:23:34","modified_gmt":"2024-10-02T12:23:34","slug":"synthese-debat-de-la-semaine-sur-le-groupe-whatsapp-alternance-theme-64eme-bougie-de-lindependance-du-mali","status":"publish","type":"post","link":"https:\/\/nandi.info\/?p=19978","title":{"rendered":"Synth\u00e8se d\u00e9bat de la semaine sur le groupe whatsapp Alternance, th\u00e8me : 64\u00e8me bougie de l\u2019ind\u00e9pendance du Mali"},"content":{"rendered":"\n<figure class=\"wp-block-image size-full\"><img fetchpriority=\"high\" decoding=\"async\" width=\"310\" height=\"330\" src=\"https:\/\/nandi.info\/wp-content\/uploads\/2024\/10\/independance-monument.jpg\" alt=\"\" class=\"wp-image-19981\" srcset=\"https:\/\/nandi.info\/wp-content\/uploads\/2024\/10\/independance-monument.jpg 310w, https:\/\/nandi.info\/wp-content\/uploads\/2024\/10\/independance-monument-282x300.jpg 282w\" sizes=\"(max-width: 310px) 100vw, 310px\" \/><figcaption class=\"wp-element-caption\">Cr\u00e9dit DR<\/figcaption><\/figure>\n\n\n\n<h2 class=\"wp-block-heading has-text-align-center\">L\u2019ind\u00e9pendance et la souverainet\u00e9 voulues par les p\u00e8res fondateurs sont-elles une r\u00e9alit\u00e9 ? Quelle part de responsabilit\u00e9 des civils et militaires ?<\/h2>\n\n\n\n<p><strong>1\/ Le contexte :<\/strong><\/p>\n\n\n\n<p>La jeune R\u00e9publique du Mali est n\u00e9e dans la douleur et l\u2019adversit\u00e9 : dislocation de la F\u00e9d\u00e9ration du Mali, rupture avec l\u2019ancienne puissance coloniale et choix du partenariat avec l\u2019URSS et le bloc de l\u2019est, mais sur le plan int\u00e9rieur cette Ind\u00e9pendance a \u00e9t\u00e9 accueillie et c\u00e9l\u00e9br\u00e9e avec une extraordinaire ferveur populaire.<\/p>\n\n\n\n<p>Le recouvrement total de la Souverainet\u00e9 Nationale guidait&nbsp; le programme des dirigeants et \u00e9tait accept\u00e9 avec enthousiasme par les citoyens.<\/p>\n\n\n\n<p>Les bases en furent jet\u00e9es par :<\/p>\n\n\n\n<p>\u2013 l\u2019affirmation de la Souverainet\u00e9 politique et diplomatique par l\u2019option de la politique de non alignement, de coexistence pacifique et de non-ing\u00e9rence dans les affaires int\u00e9rieures.<\/p>\n\n\n\n<p>\u2013 la recherche de la Souverainet\u00e9 \u00e9conomique et alimentaire par la r\u00e9alisation d\u2019am\u00e9nagements hydroagricoles, d\u2019infrastructures&nbsp; et l\u2019implantation d\u2019unit\u00e9s de transformation des produits locaux.<\/p>\n\n\n\n<p>\u2013 la Reprise en main du syst\u00e8me \u00e9ducatif par une grande r\u00e9forme etc\u2026..etc\u2026.<\/p>\n\n\n\n<p>Sur le plan des libert\u00e9s politiques et individuelles l\u2019option socialiste du parti unique ne fut pas un exemple de tol\u00e9rance et de nombreuses bavures souvent dramatiques en ont r\u00e9sult\u00e9 .Ce chantier fut arr\u00eat\u00e9 net un 19 novembre 1968 par un coup d\u2019Etat militaire (le premier de la s\u00e9rie).<\/p>\n\n\n\n<p>Un r\u00e9gime militaire s\u2019installe pour 23 longues ann\u00e9es ponctu\u00e9es par des purges sanglantes entre militaires et contre des civils, puis&nbsp; l\u2019instauration par la suite du syst\u00e8me de parti unique constitutionnel sous la houlette du g\u00e9n\u00e9ral Pr\u00e9sident auteur du coup d\u2019Etat.<\/p>\n\n\n\n<p>C\u2019est&nbsp; en 1991 que ce r\u00e9gime fut d\u00e9stabilis\u00e9 et \u00e9branl\u00e9 par une r\u00e9volution populaire et d\u00e9mocratique et finalement<\/p>\n\n\n\n<p>Renvers\u00e9 par groupe d\u2019officiers ralli\u00e9 aux civils du mouvement d\u00e9mocratique le 26 mars 1991 apr\u00e8s la mort de centaines de martyrs.<\/p>\n\n\n\n<p>La D\u00e9mocratie,&nbsp; l\u2019Etat de droit et les libert\u00e9s individuelles sont instaur\u00e9s par une nouvelle Constitution, la 3\u00e8me R\u00e9publique est proclam\u00e9e et consacr\u00e9e par l\u2019\u00e9lection au suffrage universel de son premier Pr\u00e9sident en avril 1992.<\/p>\n\n\n\n<p>Cette jeune D\u00e9mocratie en construction encore imparfaite et perfectible a v\u00e9cu 20 ans avant de subir un nouvel assaut de l\u2019arm\u00e9e en mars 2012 \u00e0 quelques mois de la 3\u00e8me alternance politique. Apr\u00e8s une courte p\u00e9riode de transition militaire et sous la pression de la communaut\u00e9 internationale notamment de la CEDEAO, les militaires putschistes c\u00e8dent le pouvoir \u00e0 une transition civile qui organise l\u2019\u00e9lection pr\u00e9sidentielle en juillet<\/p>\n\n\n\n<p>Le Pr\u00e9sident \u00e9lu est r\u00e9\u00e9lu en 2018 pour un second mandat mais n\u2019ira pas jusqu\u2019au bout, il est renvers\u00e9 lui aussi comme son pr\u00e9d\u00e9cesseur par l\u2019arm\u00e9e en ao\u00fbt 2020 apr\u00e8s une ann\u00e9e chaotique d\u2019instabilit\u00e9 et de manifestations populaires de revendications.<\/p>\n\n\n\n<p>Quelques mois apr\u00e8s un coup d\u2019Etat dans le coup d\u2019Etat men\u00e9 par le vice-pr\u00e9sident de la transition en cours renverse le Pr\u00e9sident de la transition en mai 2021.<\/p>\n\n\n\n<p>Pour garder et user du pouvoir selon leur seule volont\u00e9 ces nouveaux putschistes qui semblaient \u00e0 l\u2019aff\u00fbt, apr\u00e8s avoir donn\u00e9 des gages \u00e0 la communaut\u00e9 internationale d\u00e9cident de rompre avec la CEDEAO, la France et ses alli\u00e9s, la mission de stabilisation de l\u2019ONU, et se lib\u00e8rent ainsi de tous leurs engagements de retour \u00e0 la l\u00e9galit\u00e9 constitutionnelle&nbsp; et de respect des droits et libert\u00e9s. Une nouvelle Constitution au go\u00fbt des militaires est \u00e9labor\u00e9e et vot\u00e9e dans la foul\u00e9e en 2023, le retour \u00e0 l\u2019ordre constitutionnel est report\u00e9 aux calendes grecques et soumis au bon vouloir des&nbsp; militaires qui contr\u00f4lent&nbsp; d\u00e9sormais tous les rouages du pouvoir.<\/p>\n\n\n\n<p><strong>2\/ Qu\u2019en est-il de l\u2019Ind\u00e9pendance et de la Souverainet\u00e9 ?<\/strong><\/p>\n\n\n\n<p>Il est ind\u00e9niable qu\u2019apr\u00e8s l\u2019Ind\u00e9pendance, la qu\u00eate de la Souverainet\u00e9 Nationale \u00e9tait une ambition et un projet sinc\u00e8re des P\u00e8res Fondateurs qui en ont jet\u00e9 les bases pendant les 8 ann\u00e9es de leur r\u00e9gime. Le souvenir de cette ferveur et de ce sentiment de r\u00e9elle ind\u00e9pendance est encore vivace dans la m\u00e9moire collective. Avec l\u2019irruption de l\u2019arm\u00e9e sur la sc\u00e8ne Politique, l\u2019instauration d\u2019un r\u00e9gime militaire a \u00e9clips\u00e9 ce r\u00eave.<\/p>\n\n\n\n<p>Pour certains, sur 64 ans de vie, le Mali a eu 8 ans d\u2019ind\u00e9pendance au vrai sens du terme avec les P\u00e8res Fondateurs :<\/p>\n\n\n\n<p>\u2013 Ind\u00e9pendance territoriale<\/p>\n\n\n\n<p>\u2013 Ind\u00e9pendance militaire<\/p>\n\n\n\n<p>\u2013 Ind\u00e9pendance mon\u00e9taire<\/p>\n\n\n\n<p>\u2013 Ind\u00e9pendance diplomatique<\/p>\n\n\n\n<p>En 1968, les militaires sont venus mettre fin \u00e0 la Souverainet\u00e9 retrouv\u00e9e.<\/p>\n\n\n\n<p>Apr\u00e8s 23 ans de destruction des acquis des P\u00e8res Fondateurs par les militaires, les d\u00e9mocrates sont venus reconstruire et redonner au Mali ses lettres de noblesse.<\/p>\n\n\n\n<p>Si le Mali peine \u00e0 se d\u00e9velopper c\u2019est \u00e0 cause des putschistes et sur les 64 ans, les politiques ont exerc\u00e9 le pouvoir pendant 26 ans et les militaires 38 ans.<\/p>\n\n\n\n<p>Depuis 2020, le Mali a perdu sa Souverainet\u00e9 \u00e9conomique, diplomatique<\/p>\n\n\n\n<p>En devenant la caisse de r\u00e9sonance de la Russie, sa Souverainet\u00e9 \u00e9nerg\u00e9tique etc\u2026<\/p>\n\n\n\n<p>Pour certains encore que valent&nbsp; une Ind\u00e9pendance sans sens d\u00e9mocratique ?<\/p>\n\n\n\n<p>Une croissance folklorique sans prosp\u00e9rit\u00e9 publique ?<\/p>\n\n\n\n<p>Une transition bancale vers une issue fatale ?<\/p>\n\n\n\n<p>Une unit\u00e9 toujours maquill\u00e9e sur fond de clanisme souill\u00e9 ?<\/p>\n\n\n\n<p>64 ans apr\u00e8s, combien d\u2019\u00e9coles,&nbsp; de routes,&nbsp; de ponts, d\u2019usines construites ?<\/p>\n\n\n\n<p>Combien d\u2019enseignants, d\u2019ouvriers bien form\u00e9s ?<\/p>\n\n\n\n<p>64 ans apr\u00e8s, encore \u00e0 engloutir les ressources dans l\u2019armement, quand le moral est sap\u00e9 par la violation des serments !<\/p>\n\n\n\n<p>La solution n\u2019est plus dans l\u2019armement, mais dans la bonne gouvernance, elle demeure le seul&nbsp; serment ! C\u00e9l\u00e9brons l\u2019Ind\u00e9pendance, le Travail et la Discipline !<\/p>\n\n\n\n<p>C\u00e9l\u00e9brons l\u2019Ind\u00e9pendance, la Conscience et la Pers\u00e9v\u00e9rance,<\/p>\n\n\n\n<p>Pour le Mali !<\/p>\n\n\n\n<p>Pour d\u2019autres, nous n\u2019avons jamais fonctionn\u00e9 comme une Nation stable qui a trac\u00e9 sa voie et s\u2019y maintient en d\u00e9pit des al\u00e9as. Nous sommes dans une remise en cause constante de nos choix, de notre chemin, m\u00eame si l\u2019aspiration demeure la m\u00eame : l\u2019\u00e9mancipation.<\/p>\n\n\n\n<p>Nous marchons de mani\u00e8re cyclique toujours habit\u00e9s par la nostalgie de la 1ere R\u00e9publique avec ses bienfaits et ses exc\u00e8s.<\/p>\n\n\n\n<p>Malheureusement, malgr\u00e9 nos proclamations, des r\u00e9alit\u00e9s exog\u00e8nes qui nous \u00e9chappent, nous d\u00e9tournent de nos aspirations : cours des mati\u00e8res premi\u00e8res, importations excessives des \u00e9quipements et biens de consommation, programmes d\u2019ajustement structurels, assistance budg\u00e9taire, aide publique au d\u00e9veloppement, assistance humanitaire d\u2019urgence etc\u2026Tout cela fausse notre \u00e9lan vers l\u2019Ind\u00e9pendance.<\/p>\n\n\n\n<p>Des facteurs endog\u00e8nes comme l\u2019instabilit\u00e9 juridique, l\u2019injustice, le manque de productivit\u00e9, la non diversification et l\u2019absence de modernisation de notre \u00e9conomie, le d\u00e9ficit en ressources humaines comp\u00e9tentes, la corruption, le d\u00e9ficit de la gouvernance, les changements climatiques faussent \u00e9galement nos attentes.<\/p>\n\n\n\n<p>Pour d\u2019autres aussi, depuis 64 ans, nous nous \u00e9loignons chaque jour un peu plus du besoin d\u2019affirmation nationale qui pr\u00e9valait aux Ind\u00e9pendances. Le processus d\u2019\u00e9dification de la Nation, durant autant d\u2019ann\u00e9es n\u2019a pas su r\u00e9sister aux d\u00e9fis de<\/p>\n\n\n\n<p>L\u2019unit\u00e9 et de la coh\u00e9sion sans lesquelles l\u2019appropriation des symboles de la Nation ne serait pas partag\u00e9 dans la coh\u00e9sion et la symbiose souhait\u00e9es.<\/p>\n\n\n\n<p>En effet le sentiment d\u2019appartenance \u00e0 la m\u00eame entit\u00e9 est biais\u00e9 \u00e0 la fois par les vell\u00e9it\u00e9s autonomistes que par les disparit\u00e9s et fractures sociales qui favorisent plus les diff\u00e9rences que les affinit\u00e9s \u00e0 un point tel que les Maliens en ont progressivement perdu tout espoir de prosp\u00e9rer collectivement. Par ailleurs l\u2019Ind\u00e9pendance proprement dite en plus de n\u2019exister en r\u00e9alit\u00e9 que&nbsp; par son symbole para\u00eet si relative dans cet environnement&nbsp; globalis\u00e9 qu\u2019elle s\u2019est davantage id\u00e9alis\u00e9e et que son immat\u00e9rialit\u00e9 en fait un banal filon pour trafiquants d\u2019illusions et d\u2019\u00e9motions !<\/p>\n\n\n\n<p>Pendant qu\u2019on sert du concept pour cultiver la symbiose identitaire sous d\u2019autres cieux, il est mis \u00e0 profit sous les n\u00f4tres pour justifier nos insucc\u00e8s et carences par une sorte de r\u00e9flexe r\u00e9trotopique contreproductif.<\/p>\n\n\n\n<p>C\u2019est au d\u00e9tour d\u2019une telle habilet\u00e9 que la vraie Souverainet\u00e9 qui appartient au Peuple selon toutes les lois fondamentales maliennes , est actuellement travestie et d\u00e9tourn\u00e9e au profit d\u2019une Souverainet\u00e9 spectrale voire fantomatique qui ne profite qu\u2019au confort d\u2019une \u00e9lite dirigeante de fait .<\/p>\n\n\n\n<p>D\u2019o\u00f9 la question suivante : peut-on parler d\u2019Ind\u00e9pendance lorsque l\u2019affirmation et la substance de celle -ci ne correspond pas \u00e0 la somme des libres expressions de chaque sujet de l\u2019Etat ?<\/p>\n\n\n\n<p>La r\u00e9ponse \u00e0 cette question ne saurait se d\u00e9rober de la main- basse qui \u00e9touffe la volont\u00e9 du Peuple depuis quatre ann\u00e9es que dure l\u2019incursion de l\u2019arm\u00e9e dans l\u2019ar\u00e8ne<\/p>\n\n\n\n<p>Politique. Pour d\u2019autres enfin, la v\u00e9ritable jauge de la Souverainet\u00e9 et de l\u2019Ind\u00e9pendance d\u2019un Pays c\u2019est sa capacit\u00e9 \u00e0 se nourrir seul, \u00e0 se soigner seul et \u00e0 se d\u00e9fendre seul sans l\u2019aide de quiconque !<\/p>\n\n\n\n<p>Ces conditions sont les seules qui imposent le respect et la consid\u00e9ration des autres nations.<\/p>\n\n\n\n<p><strong>3\/ Que faire pour r\u00e9aliser ces v\u0153ux des P\u00e8res Fondateurs ?<\/strong><\/p>\n\n\n\n<p>Comme il a d\u00e9j\u00e0 \u00e9t\u00e9 dit plus haut, par un intervenant il est \u00e9vident que si la Souverainet\u00e9 appartient au Peuple comme stipul\u00e9 dans toutes les Constitutions du Mali, il convient pour les autorit\u00e9s militaires actuelles, de commencer par redonner&nbsp; au Peuple sa Souverainet\u00e9 en quittant la sc\u00e8ne politique, retourner dans les casernes et se consacrer exclusivement \u00e0 la d\u00e9fense de l\u2019int\u00e9grit\u00e9 et de la s\u00e9curit\u00e9 du territoire de toute urgence<\/p>\n\n\n\n<p>Le Peuple ayant r\u00e9cup\u00e9r\u00e9 sa Souverainet\u00e9 devra ensuite par des \u00e9lections libres, transparentes et inclusives choisir ses dirigeants qui proposeront et organiseront la mise en place d\u2019institutions solides et ind\u00e9pendantes notamment un pouvoir ex\u00e9cutif, un pouvoir l\u00e9gislatif et un pouvoir judiciaire ind\u00e9pendants les uns des autres&nbsp; ainsi que&nbsp; tous les contrepouvoirs indispensables \u00e0 une vraie D\u00e9mocratie.<\/p>\n\n\n\n<p>Les contre exemples multiples de la D\u00e9mocratie qui ont \u00e9maill\u00e9 ces ann\u00e9es d\u2019instabilit\u00e9 et de turbulences, doivent nous servir de le\u00e7ons&nbsp; dans le choix des dirigeants et dans les m\u00e9thodes de gouvernance et de contr\u00f4le de cette gouvernance dans le futur.<\/p>\n\n\n\n<p>Sur le plan diplomatique, la politique de<\/p>\n\n\n\n<p>non alignement, de non-ing\u00e9rence dans les affaires int\u00e9rieures et l\u2019amiti\u00e9 entre les Peuples qui a surv\u00e9cu \u00e0 tous les changements de r\u00e9gime doit \u00eatre de nouveau notre doctrine diplomatique<\/p>\n\n\n\n<p><strong>Synth\u00e8se de Malick Tour\u00e9<\/strong><\/p>\n\n\n\n<p><\/p>\n","protected":false},"excerpt":{"rendered":"<p>L\u2019ind\u00e9pendance et la souverainet\u00e9 voulues par les p\u00e8res fondateurs sont-elles une r\u00e9alit\u00e9 ? Quelle part de responsabilit\u00e9 des civils et militaires ? 1\/ Le contexte : La jeune R\u00e9publique du&hellip;<\/p>\n","protected":false},"author":1,"featured_media":19981,"comment_status":"open","ping_status":"open","sticky":false,"template":"","format":"standard","meta":{"content-type":"","_lmt_disableupdate":"","_lmt_disable":"","_jetpack_memberships_contains_paid_content":false,"footnotes":"","jetpack_publicize_message":"","jetpack_publicize_feature_enabled":true,"jetpack_social_post_already_shared":true,"jetpack_social_options":{"image_generator_settings":{"template":"highway","default_image_id":0,"font":"","enabled":false},"version":2}},"categories":[68,74],"tags":[],"class_list":["post-19978","post","type-post","status-publish","format-standard","has-post-thumbnail","hentry","category-lalternance","category-nation"],"jetpack_publicize_connections":[],"featured_image_urls":{"full":["https:\/\/nandi.info\/wp-content\/uploads\/2024\/10\/independance-monument.jpg",310,330,false],"thumbnail":["https:\/\/nandi.info\/wp-content\/uploads\/2024\/10\/independance-monument-150x150.jpg",150,150,true],"medium":["https:\/\/nandi.info\/wp-content\/uploads\/2024\/10\/independance-monument-282x300.jpg",282,300,true],"medium_large":["https:\/\/nandi.info\/wp-content\/uploads\/2024\/10\/independance-monument.jpg",310,330,false],"large":["https:\/\/nandi.info\/wp-content\/uploads\/2024\/10\/independance-monument.jpg",310,330,false],"1536x1536":["https:\/\/nandi.info\/wp-content\/uploads\/2024\/10\/independance-monument.jpg",310,330,false],"2048x2048":["https:\/\/nandi.info\/wp-content\/uploads\/2024\/10\/independance-monument.jpg",310,330,false],"penci-recipe-1200x1200":["https:\/\/nandi.info\/wp-content\/uploads\/2024\/10\/independance-monument.jpg",310,330,false],"penci-recipe-1200x900":["https:\/\/nandi.info\/wp-content\/uploads\/2024\/10\/independance-monument.jpg",310,330,false],"penci-recipe-1200x675":["https:\/\/nandi.info\/wp-content\/uploads\/2024\/10\/independance-monument.jpg",310,330,false],"penci-single-full":["https:\/\/nandi.info\/wp-content\/uploads\/2024\/10\/independance-monument.jpg",310,330,false],"penci-slider-full-thumb":["https:\/\/nandi.info\/wp-content\/uploads\/2024\/10\/independance-monument.jpg",310,330,false],"penci-full-thumb":["https:\/\/nandi.info\/wp-content\/uploads\/2024\/10\/independance-monument.jpg",310,330,false],"penci-slider-thumb":["https:\/\/nandi.info\/wp-content\/uploads\/2024\/10\/independance-monument.jpg",310,330,false],"penci-magazine-slider":["https:\/\/nandi.info\/wp-content\/uploads\/2024\/10\/independance-monument.jpg",310,330,false],"penci-thumb":["https:\/\/nandi.info\/wp-content\/uploads\/2024\/10\/independance-monument.jpg",310,330,false],"penci-masonry-thumb":["https:\/\/nandi.info\/wp-content\/uploads\/2024\/10\/independance-monument.jpg",310,330,false],"penci-thumb-square":["https:\/\/nandi.info\/wp-content\/uploads\/2024\/10\/independance-monument.jpg",310,330,false],"penci-thumb-vertical":["https:\/\/nandi.info\/wp-content\/uploads\/2024\/10\/independance-monument.jpg",310,330,false],"penci-thumb-small":["https:\/\/nandi.info\/wp-content\/uploads\/2024\/10\/independance-monument-263x175.jpg",263,175,true]},"author_info":{"display_name":"Nandi","author_link":"https:\/\/nandi.info\/?author=1"},"category_info":"<a href=\"https:\/\/nandi.info\/?cat=68\" rel=\"category\">L'alternance<\/a> <a href=\"https:\/\/nandi.info\/?cat=74\" rel=\"category\">Nation<\/a>","tag_info":"Nation","comment_count":"0","jetpack_featured_media_url":"https:\/\/nandi.info\/wp-content\/uploads\/2024\/10\/independance-monument.jpg","jetpack_sharing_enabled":true,"_links":{"self":[{"href":"https:\/\/nandi.info\/index.php?rest_route=\/wp\/v2\/posts\/19978","targetHints":{"allow":["GET"]}}],"collection":[{"href":"https:\/\/nandi.info\/index.php?rest_route=\/wp\/v2\/posts"}],"about":[{"href":"https:\/\/nandi.info\/index.php?rest_route=\/wp\/v2\/types\/post"}],"author":[{"embeddable":true,"href":"https:\/\/nandi.info\/index.php?rest_route=\/wp\/v2\/users\/1"}],"replies":[{"embeddable":true,"href":"https:\/\/nandi.info\/index.php?rest_route=%2Fwp%2Fv2%2Fcomments&post=19978"}],"version-history":[{"count":3,"href":"https:\/\/nandi.info\/index.php?rest_route=\/wp\/v2\/posts\/19978\/revisions"}],"predecessor-version":[{"id":19983,"href":"https:\/\/nandi.info\/index.php?rest_route=\/wp\/v2\/posts\/19978\/revisions\/19983"}],"wp:featuredmedia":[{"embeddable":true,"href":"https:\/\/nandi.info\/index.php?rest_route=\/wp\/v2\/media\/19981"}],"wp:attachment":[{"href":"https:\/\/nandi.info\/index.php?rest_route=%2Fwp%2Fv2%2Fmedia&parent=19978"}],"wp:term":[{"taxonomy":"category","embeddable":true,"href":"https:\/\/nandi.info\/index.php?rest_route=%2Fwp%2Fv2%2Fcategories&post=19978"},{"taxonomy":"post_tag","embeddable":true,"href":"https:\/\/nandi.info\/index.php?rest_route=%2Fwp%2Fv2%2Ftags&post=19978"}],"curies":[{"name":"wp","href":"https:\/\/api.w.org\/{rel}","templated":true}]}}