{"id":19940,"date":"2024-09-30T10:20:00","date_gmt":"2024-09-30T08:20:00","guid":{"rendered":"https:\/\/nandi.info\/?p=19940"},"modified":"2024-09-29T23:55:55","modified_gmt":"2024-09-29T21:55:55","slug":"lappel-des-radios-communautaires-du-sahel-nous-sommes-desormais-tous-les-porte-parole-et-veillerons-a-ce-quil-soit-entendu-declare-le-president-de-lurtel","status":"publish","type":"post","link":"https:\/\/nandi.info\/?p=19940","title":{"rendered":"L\u2019Appel des Radios Communautaires du Sahel : Nous sommes d\u00e9sormais tous les porte-parole et veillerons \u00e0 ce qu&rsquo;il soit entendu, d\u00e9clare le pr\u00e9sident de l&rsquo;URTEL"},"content":{"rendered":"\n<figure class=\"wp-block-image size-large\"><img fetchpriority=\"high\" decoding=\"async\" width=\"1024\" height=\"768\" src=\"https:\/\/nandi.info\/wp-content\/uploads\/2024\/09\/RSF-URTEL-1024x768.jpg\" alt=\"\" class=\"wp-image-19949\" srcset=\"https:\/\/nandi.info\/wp-content\/uploads\/2024\/09\/RSF-URTEL-1024x768.jpg 1024w, https:\/\/nandi.info\/wp-content\/uploads\/2024\/09\/RSF-URTEL-300x225.jpg 300w, https:\/\/nandi.info\/wp-content\/uploads\/2024\/09\/RSF-URTEL-768x576.jpg 768w, https:\/\/nandi.info\/wp-content\/uploads\/2024\/09\/RSF-URTEL-585x439.jpg 585w, https:\/\/nandi.info\/wp-content\/uploads\/2024\/09\/RSF-URTEL.jpg 1080w\" sizes=\"(max-width: 1024px) 100vw, 1024px\" \/><\/figure>\n\n\n\n<p class=\"has-drop-cap\">L&rsquo;Union des Radiodiffusions et T\u00e9l\u00e9visions Libres du Mali (URTEL), en collaboration avec Reporters Sans Fronti\u00e8res (RSF) du Sahel, a organis\u00e9 un atelier de formation de deux jours, du 23 au 24 septembre 2024, \u00e0 la Maison de la Presse, portant sur la s\u00e9curit\u00e9 des journalistes. Cet atelier, qui a r\u00e9uni une vingtaine de participants venus de Bamako, Koulikoro, S\u00e9gou, Mopti, Douentza et Gao, visait \u00e0 renforcer les comp\u00e9tences des professionnels des m\u00e9dias pour mieux g\u00e9rer les situations de crise.<\/p>\n\n\n\n<p>Aujourd&rsquo;hui, il est tr\u00e8s difficile pour chacun de se faire conna\u00eetre sur l&rsquo;ensemble du territoire national, en particulier dans la r\u00e9gion du Sahel. Ainsi, cette initiative symbolise le d\u00e9but de notre engagement et la prise de conscience n\u00e9cessaire pour d\u00e9fendre ce m\u00e9tier noble, et revendiquer nos droits l\u00e9gitimes, notamment la libert\u00e9 de mouvement. Nous aspirons \u00e0 pouvoir exercer notre profession de mani\u00e8re ad\u00e9quate, afin de continuer \u00e0 servir les milliers d&rsquo;auditeurs et de t\u00e9l\u00e9spectateurs qui nous suivent, non seulement dans le Sahel, mais \u00e9galement \u00e0 travers le monde entier. C&rsquo;est dans ce contexte que l&rsquo;ensemble des radios communautaires du Sahel se sont unies et ont joint leurs forces pour lancer cet appel. D\u00e9sormais, nous sommes tous les porte-parole de cet appel, et il sera relay\u00e9 l\u00e0 o\u00f9 il le faut, pour r\u00e9tablir les droits de chacun. Cela contribuera au bien-\u00eatre de toute la presse malienne, car aucun d\u00e9veloppement n&rsquo;est possible sans s\u00e9curit\u00e9, et rien ne peut \u00eatre accompli sans celle-ci, a soulign\u00e9 le pr\u00e9sident de l&rsquo;URTEL.<\/p>\n\n\n\n<p>Quant au Responsable du bureau subsaharien de Reporters Sans Fronti\u00e8res, Sadibou Merong, affirme que les priorit\u00e9s, adress\u00e9es aux autorit\u00e9s politiques de la r\u00e9gion, en particulier celles qui gouvernent les pays concern\u00e9s, portent sur la protection des journalistes locaux et de proximit\u00e9. Aujourd&rsquo;hui, que ce soit le cam\u00e9raman en face de moi, le monteur ou l&rsquo;animateur des radios communautaires, tous sont concern\u00e9s de la m\u00eame mani\u00e8re. Il est donc essentiel d&rsquo;insister sur ce point. Nous avons mobilis\u00e9 547 radios, avec l&rsquo;appui de l&rsquo;URTEL et travaill\u00e9 avec 137 radios situ\u00e9es dans des zones d&rsquo;ins\u00e9curit\u00e9. En tant que journalistes, nous exer\u00e7ons un m\u00e9tier d&rsquo;int\u00e9r\u00eat public, qui comporte des risques. Nous demandons ainsi aux autorit\u00e9s d&rsquo;intervenir chaque fois que des journalistes se retrouvent en situation difficile. Notre mission est d&rsquo;informer tout en respectant les principes fondamentaux de notre profession.<\/p>\n\n\n\n<p>Lors de ces deux jours de formation, le formateur Mahamadou Talata Ma\u00efga a mis l&rsquo;accent sur plusieurs points cl\u00e9s.<\/p>\n\n\n\n<p>Il a expliqu\u00e9 que la violence culturelle englobe les formes de culture qui l\u00e9gitiment ou glorifient la violence, telles que les discours de haine, la justification religieuse des conflits ou l&rsquo;exaltation de h\u00e9ros de guerre \u00e0 travers des mythes et l\u00e9gendes. L&rsquo;intol\u00e9rance religieuse envers les croyances et coutumes d&rsquo;autrui, ainsi que la discrimination fond\u00e9e sur le sexe, qui soutient des pratiques nuisibles aux femmes, sont \u00e9galement des exemples de violence culturelle.<\/p>\n\n\n\n<p>Ensuite, il a soulign\u00e9 que le bon journalisme canalise la communication. En effet, les m\u00e9dias de masse repr\u00e9sentent souvent les principaux canaux de communication entre les parties prenantes d&rsquo;un conflit. Si certains protagonistes peuvent utiliser les m\u00e9dias pour diffuser des messages intimidants, ils servent aussi d&rsquo;interm\u00e9diaires privil\u00e9gi\u00e9s pour engager le dialogue.<\/p>\n\n\n\n<p>Enfin, il a insist\u00e9 sur l&rsquo;importance pour chaque camp de comprendre les difficult\u00e9s de l&rsquo;autre afin de progresser vers une r\u00e9conciliation. Un journalisme qui explore en profondeur les d\u00e9fis sp\u00e9cifiques de chaque partie, qu&rsquo;ils soient politiques ou li\u00e9s \u00e0 des int\u00e9r\u00eats majeurs, peut informer l&rsquo;autre camp et l&rsquo;encourager \u00e0 \u00e9viter des solutions simplistes et imm\u00e9diates.<\/p>\n\n\n\n<p>L&rsquo;atelier s&rsquo;est conclu par la lecture du communiqu\u00e9 des Radios Communautaires du Sahel, prononc\u00e9e par Ousmane Tour\u00e9, directeur de la radio Naata de Gao&nbsp;:<\/p>\n\n\n\n<p class=\"has-text-align-center\" style=\"font-size:16px\"><strong>L&rsquo;APPEL DES RADIOS COMMUNAUTAIRES DU SAHEL<\/strong><\/p>\n\n\n\n<p><strong>Nous, signataires de l\u2019Appel pour la protection et le soutien aux radios communautaires du Sahel\u2026.<\/strong><\/p>\n\n\n\n<ul class=\"wp-block-list\">\n<li>&nbsp;Consid\u00e9rant les risques croissants auxquels sont expos\u00e9s les journalistes des radios communautaires au Sahel,<\/li>\n\n\n\n<li>&nbsp;Consid\u00e9rant leur r\u00f4le pr\u00e9pond\u00e9rant de rempart contre la d\u00e9sinformation, notamment dans certaines zones devenues inaccessibles pour de nombreux m\u00e9dias.<\/li>\n\n\n\n<li>Consid\u00e9rant la popularit\u00e9 et le r\u00f4le jou\u00e9 depuis des d\u00e9cennies par les radios communautaires dans la promotion du droit \u00e0 l&rsquo;information,<\/li>\n\n\n\n<li>Consid\u00e9rant la n\u00e9cessit\u00e9 de ce journalisme de proximit\u00e9 informant en langues locales et nationales,<\/li>\n\n\n\n<li>Consid\u00e9rant la diversit\u00e9 des expressions culturelles repr\u00e9sent\u00e9es au sein des programmes des radios communautaires,<\/li>\n\n\n\n<li>Consid\u00e9rant le mod\u00e8le \u00e9conomique peu viable des radios communautaires.<\/li>\n<\/ul>\n\n\n\n<p><strong>Nous radios communautaires appelons les autorit\u00e9s politiques des pays du Sahel<\/strong><\/p>\n\n\n\n<ul class=\"wp-block-list\">\n<li>A lutter contre 1&rsquo;impunit\u00e9 des crimes commis contre les journalistes des radios communautaires en ouvrant syst\u00e9matiquement des enqu\u00eates pour que ces assassinats ne restent pas impunis.<\/li>\n\n\n\n<li>A briser le silence sur le sort des journalistes de radios communautaires enlev\u00e9s par les bandes arm\u00e9es et agir pour obtenir leur lib\u00e9ration ;<\/li>\n\n\n\n<li>A contribuer \u00e0 la reconstruction des locaux de radios communautaires d\u00e9truits par des attaques et \u00e0 les soutenir dans la reconstitution de leurs mat\u00e9riels professionnels&nbsp;;<\/li>\n<\/ul>\n\n\n\n<ul class=\"wp-block-list\">\n<li>A former les \u00e9quipes des radios communautaires \u00e0 la s\u00e9curit\u00e9 physique ;<\/li>\n<\/ul>\n\n\n\n<ul class=\"wp-block-list\">\n<li>A reconna\u00eetre l&rsquo;importance des radios communautaires dans les l\u00e9gislations sur les m\u00e9dias comme acteurs primordiales du droit \u00e0 1&rsquo;information au Sahel&nbsp;;<\/li>\n<\/ul>\n\n\n\n<ul class=\"wp-block-list\">\n<li>A accompagner les radios communautaires dans leur travail de tous les jours.<\/li>\n<\/ul>\n\n\n\n<p><strong>&nbsp;Fait \u00e0 Bamako, le 24 Septembre 2024<\/strong><\/p>\n\n\n\n<p><\/p>\n\n\n\n<p><strong>Samba L Ciss\u00e9<\/strong><\/p>\n\n\n\n<p><\/p>\n","protected":false},"excerpt":{"rendered":"<p>L&rsquo;Union des Radiodiffusions et T\u00e9l\u00e9visions Libres du Mali (URTEL), en collaboration avec Reporters Sans Fronti\u00e8res (RSF) du Sahel, a organis\u00e9 un atelier de formation de deux jours, du 23 au&hellip;<\/p>\n","protected":false},"author":1,"featured_media":19947,"comment_status":"open","ping_status":"open","sticky":false,"template":"","format":"standard","meta":{"content-type":"","_lmt_disableupdate":"","_lmt_disable":"","_jetpack_memberships_contains_paid_content":false,"footnotes":"","jetpack_publicize_message":"","jetpack_publicize_feature_enabled":true,"jetpack_social_post_already_shared":true,"jetpack_social_options":{"image_generator_settings":{"template":"highway","default_image_id":0,"font":"","enabled":false},"version":2}},"categories":[43,26,21],"tags":[],"class_list":["post-19940","post","type-post","status-publish","format-standard","has-post-thumbnail","hentry","category-nandi-info","category-presse-journalisme","category-societe"],"jetpack_publicize_connections":[],"featured_image_urls":{"full":["https:\/\/nandi.info\/wp-content\/uploads\/2024\/09\/Boucou-urtel.jpg",720,653,false],"thumbnail":["https:\/\/nandi.info\/wp-content\/uploads\/2024\/09\/Boucou-urtel-150x150.jpg",150,150,true],"medium":["https:\/\/nandi.info\/wp-content\/uploads\/2024\/09\/Boucou-urtel-300x272.jpg",300,272,true],"medium_large":["https:\/\/nandi.info\/wp-content\/uploads\/2024\/09\/Boucou-urtel.jpg",720,653,false],"large":["https:\/\/nandi.info\/wp-content\/uploads\/2024\/09\/Boucou-urtel.jpg",720,653,false],"1536x1536":["https:\/\/nandi.info\/wp-content\/uploads\/2024\/09\/Boucou-urtel.jpg",720,653,false],"2048x2048":["https:\/\/nandi.info\/wp-content\/uploads\/2024\/09\/Boucou-urtel.jpg",720,653,false],"penci-recipe-1200x1200":["https:\/\/nandi.info\/wp-content\/uploads\/2024\/09\/Boucou-urtel.jpg",720,653,false],"penci-recipe-1200x900":["https:\/\/nandi.info\/wp-content\/uploads\/2024\/09\/Boucou-urtel.jpg",720,653,false],"penci-recipe-1200x675":["https:\/\/nandi.info\/wp-content\/uploads\/2024\/09\/Boucou-urtel.jpg",720,653,false],"penci-single-full":["https:\/\/nandi.info\/wp-content\/uploads\/2024\/09\/Boucou-urtel.jpg",720,653,false],"penci-slider-full-thumb":["https:\/\/nandi.info\/wp-content\/uploads\/2024\/09\/Boucou-urtel.jpg",720,653,false],"penci-full-thumb":["https:\/\/nandi.info\/wp-content\/uploads\/2024\/09\/Boucou-urtel.jpg",720,653,false],"penci-slider-thumb":["https:\/\/nandi.info\/wp-content\/uploads\/2024\/09\/Boucou-urtel.jpg",720,653,false],"penci-magazine-slider":["https:\/\/nandi.info\/wp-content\/uploads\/2024\/09\/Boucou-urtel-720x516.jpg",720,516,true],"penci-thumb":["https:\/\/nandi.info\/wp-content\/uploads\/2024\/09\/Boucou-urtel-585x390.jpg",585,390,true],"penci-masonry-thumb":["https:\/\/nandi.info\/wp-content\/uploads\/2024\/09\/Boucou-urtel-585x531.jpg",585,531,true],"penci-thumb-square":["https:\/\/nandi.info\/wp-content\/uploads\/2024\/09\/Boucou-urtel-585x585.jpg",585,585,true],"penci-thumb-vertical":["https:\/\/nandi.info\/wp-content\/uploads\/2024\/09\/Boucou-urtel-480x650.jpg",480,650,true],"penci-thumb-small":["https:\/\/nandi.info\/wp-content\/uploads\/2024\/09\/Boucou-urtel-263x175.jpg",263,175,true]},"author_info":{"display_name":"Nandi","author_link":"https:\/\/nandi.info\/?author=1"},"category_info":"<a href=\"https:\/\/nandi.info\/?cat=43\" rel=\"category\">Nandi.info<\/a> <a href=\"https:\/\/nandi.info\/?cat=26\" rel=\"category\">Presse\/Journalisme<\/a> <a href=\"https:\/\/nandi.info\/?cat=21\" rel=\"category\">Soci\u00e9t\u00e9<\/a>","tag_info":"Soci\u00e9t\u00e9","comment_count":"0","jetpack_featured_media_url":"https:\/\/nandi.info\/wp-content\/uploads\/2024\/09\/Boucou-urtel.jpg","jetpack_sharing_enabled":true,"_links":{"self":[{"href":"https:\/\/nandi.info\/index.php?rest_route=\/wp\/v2\/posts\/19940","targetHints":{"allow":["GET"]}}],"collection":[{"href":"https:\/\/nandi.info\/index.php?rest_route=\/wp\/v2\/posts"}],"about":[{"href":"https:\/\/nandi.info\/index.php?rest_route=\/wp\/v2\/types\/post"}],"author":[{"embeddable":true,"href":"https:\/\/nandi.info\/index.php?rest_route=\/wp\/v2\/users\/1"}],"replies":[{"embeddable":true,"href":"https:\/\/nandi.info\/index.php?rest_route=%2Fwp%2Fv2%2Fcomments&post=19940"}],"version-history":[{"count":2,"href":"https:\/\/nandi.info\/index.php?rest_route=\/wp\/v2\/posts\/19940\/revisions"}],"predecessor-version":[{"id":19952,"href":"https:\/\/nandi.info\/index.php?rest_route=\/wp\/v2\/posts\/19940\/revisions\/19952"}],"wp:featuredmedia":[{"embeddable":true,"href":"https:\/\/nandi.info\/index.php?rest_route=\/wp\/v2\/media\/19947"}],"wp:attachment":[{"href":"https:\/\/nandi.info\/index.php?rest_route=%2Fwp%2Fv2%2Fmedia&parent=19940"}],"wp:term":[{"taxonomy":"category","embeddable":true,"href":"https:\/\/nandi.info\/index.php?rest_route=%2Fwp%2Fv2%2Fcategories&post=19940"},{"taxonomy":"post_tag","embeddable":true,"href":"https:\/\/nandi.info\/index.php?rest_route=%2Fwp%2Fv2%2Ftags&post=19940"}],"curies":[{"name":"wp","href":"https:\/\/api.w.org\/{rel}","templated":true}]}}